{"id":6085,"date":"2023-01-10T08:00:00","date_gmt":"2023-01-10T06:00:00","guid":{"rendered":"guid"},"modified":"2023-01-10T08:00:00","modified_gmt":"2023-01-10T06:00:00","slug":"fdp-schraenkt-buergerrechte-ein-gesetz-beschleunigt-klimakrise","status":"publish","type":"post","link":"https:\/\/www.doppelklicker.de\/blog\/fdp-schraenkt-buergerrechte-ein-gesetz-beschleunigt-klimakrise\/","title":{"rendered":"FDP-Vorsto\u00df: Schw\u00e4chung des Rechtsschutzes in Umweltbelangen"},"content":{"rendered":"<p>Im Fokus des heute im Kabinett beschlossenen Gesetzes zur Beschleunigung von verwaltungsgerichtlichen Verfahren im Infrastrukturbereich steht die Reduzierung der Bearbeitungszeiten. Kritiker werfen jedoch die Frage auf, ob dies auf Kosten des Rechtsschutzes f\u00fcr B\u00fcrger in Umweltangelegenheiten geht. Sie argumentieren, dass durch die beschleunigten Verfahren die M\u00f6glichkeit eingeschr\u00e4nkt wird, Fehler der Verwaltung aufzudecken und zu beheben, insbesondere bei gro\u00dfen Bauvorhaben, bei denen irreversible Ma\u00dfnahmen wie die Rodung von W\u00e4ldern vollzogen werden k\u00f6nnten.<br \/>\n<!--more--><\/p>\n<div id=\"ez-toc-container\" class=\"ez-toc-v2_0_16 counter-hierarchy\">\n<div class=\"ez-toc-title-container\">\n<p class=\"ez-toc-title\">Inhaltsverzeichnis: Das erwartet Sie in diesem Artikel<\/p>\n<span class=\"ez-toc-title-toggle\"><a class=\"ez-toc-pull-right ez-toc-btn ez-toc-btn-xs ez-toc-btn-default ez-toc-toggle\" style=\"display: none;\"><i class=\"ez-toc-glyphicon ez-toc-icon-toggle\"><\/i><\/a><\/span><\/div>\n<nav><ul class=\"ez-toc-list ez-toc-list-level-1\"><li class=\"ez-toc-page-1 ez-toc-heading-level-2\"><a class=\"ez-toc-link ez-toc-heading-1\" href=\"https:\/\/www.doppelklicker.de\/blog\/fdp-schraenkt-buergerrechte-ein-gesetz-beschleunigt-klimakrise\/#koalitionsvertrag-gebrochen-kritik-an-fdp-vorstoss\" title=\"Koalitionsvertrag gebrochen: Kritik an FDP-Vorsto\u00df\">Koalitionsvertrag gebrochen: Kritik an FDP-Vorsto\u00df<\/a><\/li><li class=\"ez-toc-page-1 ez-toc-heading-level-2\"><a class=\"ez-toc-link ez-toc-heading-2\" href=\"https:\/\/www.doppelklicker.de\/blog\/fdp-schraenkt-buergerrechte-ein-gesetz-beschleunigt-klimakrise\/#planungsbeschleunigung-darf-fehler-nicht-uebersehen\" title=\"Planungsbeschleunigung darf Fehler nicht \u00fcbersehen\">Planungsbeschleunigung darf Fehler nicht \u00fcbersehen<\/a><\/li><li class=\"ez-toc-page-1 ez-toc-heading-level-2\"><a class=\"ez-toc-link ez-toc-heading-3\" href=\"https:\/\/www.doppelklicker.de\/blog\/fdp-schraenkt-buergerrechte-ein-gesetz-beschleunigt-klimakrise\/#notwendige-schritte-fuer-schnellere-und-umweltgerechte-verfahren\" title=\"Notwendige Schritte f\u00fcr schnellere und umweltgerechte Verfahren\">Notwendige Schritte f\u00fcr schnellere und umweltgerechte Verfahren<\/a><\/li><li class=\"ez-toc-page-1 ez-toc-heading-level-2\"><a class=\"ez-toc-link ez-toc-heading-4\" href=\"https:\/\/www.doppelklicker.de\/blog\/fdp-schraenkt-buergerrechte-ein-gesetz-beschleunigt-klimakrise\/#beschleunigung-von-verwaltungsverfahren-im-infrastrukturbereich\" title=\"Beschleunigung von Verwaltungsverfahren im Infrastrukturbereich\">Beschleunigung von Verwaltungsverfahren im Infrastrukturbereich<\/a><\/li><li class=\"ez-toc-page-1 ez-toc-heading-level-2\"><a class=\"ez-toc-link ez-toc-heading-5\" href=\"https:\/\/www.doppelklicker.de\/blog\/fdp-schraenkt-buergerrechte-ein-gesetz-beschleunigt-klimakrise\/#effiziente-verfahren-ohne-einschraenkung-des-rechtsschutzes\" title=\"Effiziente Verfahren ohne Einschr\u00e4nkung des Rechtsschutzes\">Effiziente Verfahren ohne Einschr\u00e4nkung des Rechtsschutzes<\/a><\/li><\/ul><\/nav><\/div>\n<h2><span class=\"ez-toc-section\" id=\"koalitionsvertrag-gebrochen-kritik-an-fdp-vorstoss\"><\/span>Koalitionsvertrag gebrochen: Kritik an FDP-Vorsto\u00df<span class=\"ez-toc-section-end\"><\/span><\/h2>\n<p>Das heute beschlossene Gesetz zur Beschleunigung von verwaltungsgerichtlichen Verfahren im Infrastrukturbereich sorgt f\u00fcr Diskussionen, da es von einigen als Einschr\u00e4nkung des Rechtsschutzes f\u00fcr B\u00fcrger in Umweltbelangen betrachtet wird. Besonders die FDP steht dabei im Fokus der Kritik, da sie mit ihrem Vorsto\u00df angeblich eine Schw\u00e4chung der B\u00fcrgerrechte fordert, was nicht mit europ\u00e4ischen und internationalen Standards konform ist und den Koalitionsvertrag bricht.<\/p>\n<h2><span class=\"ez-toc-section\" id=\"planungsbeschleunigung-darf-fehler-nicht-uebersehen\"><\/span>Planungsbeschleunigung darf Fehler nicht \u00fcbersehen<span class=\"ez-toc-section-end\"><\/span><\/h2>\n<p>Trotz der dringenden Notwendigkeit, den Verlust der Biodiversit\u00e4t einzud\u00e4mmen und die Erderhitzung zu begrenzen, plant die FDP unter dem Vorwand einer beschleunigten Energiewende den Ausbau fossiler Kraftwerke, M\u00fcllverbrennungsanlagen, Braunkohletagebaue, Flugh\u00e4fen und Stra\u00dfen zu beschleunigen. Diese Ma\u00dfnahmen k\u00f6nnten zu weiteren Umweltsch\u00e4den f\u00fchren und die langfristigen Auswirkungen des Klimawandels verst\u00e4rken.<\/p>\n<p>Die Kritiker weisen darauf hin, dass das heute im Kabinett beschlossene Gesetz den Rechtsschutz der B\u00fcrger in Umweltbelangen beschneidet. Sie betonen, dass dies die M\u00f6glichkeit einschr\u00e4nkt, Fehler der Verwaltung aufzudecken und zu korrigieren, ohne dabei Schaden f\u00fcr die Umwelt zu verursachen. Sie bef\u00fcrchten, dass bei gro\u00dfen Bauvorhaben wie der Rodung von W\u00e4ldern in Zukunft noch leichter Ma\u00dfnahmen durchgef\u00fchrt werden k\u00f6nnen, die nicht mehr r\u00fcckg\u00e4ngig gemacht werden k\u00f6nnen. Die Kritiker sehen darin eine Schw\u00e4chung der B\u00fcrgerrechte und einen Versto\u00df gegen europ\u00e4ische und internationale Standards.<\/p>\n<h2><span class=\"ez-toc-section\" id=\"notwendige-schritte-fuer-schnellere-und-umweltgerechte-verfahren\"><\/span>Notwendige Schritte f\u00fcr schnellere und umweltgerechte Verfahren<span class=\"ez-toc-section-end\"><\/span><\/h2>\n<p>Um Verfahren im Infrastrukturbereich zu beschleunigen und gleichzeitig umweltgerecht zu gestalten, ist eine ganzheitliche Herangehensweise erforderlich. Neben einer ausreichenden Personalausstattung in den Beh\u00f6rden ist es wichtig, Gutachter einheitlich anzusprechen und den Zugang zu Planungsunterlagen zu erm\u00f6glichen. Eine fr\u00fchzeitige und relevante Beteiligung der \u00d6ffentlichkeit kann dazu beitragen, die Entscheidungsprozesse zu verbessern und eine effiziente Umsetzung von Projekten zu gew\u00e4hrleisten. Eine alleinige Konzentration auf Klagerechte w\u00fcrde jedoch zu kurz greifen und nicht die gew\u00fcnschten Effizienzsteigerungen bringen.<\/p>\n<h2><span class=\"ez-toc-section\" id=\"beschleunigung-von-verwaltungsverfahren-im-infrastrukturbereich\"><\/span>Beschleunigung von Verwaltungsverfahren im Infrastrukturbereich<span class=\"ez-toc-section-end\"><\/span><\/h2>\n<p>Das heute beschlossene Gesetz zur Beschleunigung von verwaltungsgerichtlichen Verfahren im Infrastrukturbereich soll dazu beitragen, unn\u00f6tige Verz\u00f6gerungen bei wichtigen Infrastrukturprojekten zu vermeiden. Durch eine schnellere Bearbeitung und Entscheidungsfindung k\u00f6nnen die Planungs- und Bauzeiten deutlich verk\u00fcrzt werden, was sowohl den Auftraggebern als auch den beteiligten Unternehmen zugutekommt. Gleichzeitig wird durch das Gesetz Rechtssicherheit gew\u00e4hrleistet, da Streitf\u00e4lle schneller gekl\u00e4rt werden k\u00f6nnen.<\/p>\n<h2><span class=\"ez-toc-section\" id=\"effiziente-verfahren-ohne-einschraenkung-des-rechtsschutzes\"><\/span>Effiziente Verfahren ohne Einschr\u00e4nkung des Rechtsschutzes<span class=\"ez-toc-section-end\"><\/span><\/h2>\n<p>Die Beschleunigung von verwaltungsgerichtlichen Verfahren im Infrastrukturbereich ist ein kontroverses Thema, das sowohl positive als auch negative Auswirkungen haben kann. Einerseits kann eine effizientere Bearbeitung dazu beitragen, dass wichtige Infrastrukturprojekte schneller umgesetzt werden k\u00f6nnen, was zu wirtschaftlicher Entwicklung und Wohlstand f\u00fchren kann. Andererseits darf der Umweltschutz nicht vernachl\u00e4ssigt werden. Es ist wichtig, dass bei der Beschleunigung der Verfahren auch ausreichend Raum f\u00fcr eine sorgf\u00e4ltige Pr\u00fcfung der Umweltauswirkungen und eine angemessene Beteiligung der \u00d6ffentlichkeit bleibt.<\/p>\n<p>Die Beschleunigung und Verbesserung der verwaltungsgerichtlichen Verfahren im Infrastrukturbereich erfordert einen ganzheitlichen Ansatz. Es reicht nicht aus, sich nur auf die Klagerechte zu konzentrieren. Es m\u00fcssen auch andere Ma\u00dfnahmen ergriffen werden, um eine effiziente Infrastrukturentwicklung zu gew\u00e4hrleisten. Eine ausgewogene L\u00f6sung, die den Schutz der B\u00fcrgerrechte und die Notwendigkeit einer beschleunigten Verfahrensdurchf\u00fchrung ber\u00fccksichtigt, ist von entscheidender Bedeutung.<\/p>\n","protected":false},"excerpt":{"rendered":"<p>Im Fokus des heute im Kabinett beschlossenen Gesetzes zur Beschleunigung von verwaltungsgerichtlichen Verfahren im Infrastrukturbereich steht die Reduzierung der Bearbeitungszeiten. Kritiker werfen jedoch die Frage auf, ob dies auf Kosten des Rechtsschutzes f\u00fcr B\u00fcrger in Umweltangelegenheiten geht. Sie argumentieren, dass durch die beschleunigten Verfahren die M\u00f6glichkeit eingeschr\u00e4nkt wird, Fehler der Verwaltung aufzudecken und zu beheben,<\/p>\n<div class=\"read-more\"><a href=\"https:\/\/www.doppelklicker.de\/blog\/fdp-schraenkt-buergerrechte-ein-gesetz-beschleunigt-klimakrise\/\" title=\"Jetzt alles lesen\">Jetzt alles lesen<\/a><\/div>\n","protected":false},"author":8,"featured_media":6087,"comment_status":"open","ping_status":"open","sticky":false,"template":"","format":"standard","meta":[],"categories":[3305],"tags":[],"yoast_head":"<!-- This site is optimized with the Yoast SEO plugin v18.2 - https:\/\/yoast.com\/wordpress\/plugins\/seo\/ -->\n<meta name=\"robots\" content=\"index, follow, max-snippet:-1, max-image-preview:large, max-video-preview:-1\" \/>\n<link rel=\"canonical\" href=\"https:\/\/www.doppelklicker.de\/blog\/fdp-schraenkt-buergerrechte-ein-gesetz-beschleunigt-klimakrise\/\" \/>\n<meta property=\"og:locale\" content=\"de_DE\" \/>\n<meta property=\"og:type\" content=\"article\" \/>\n<meta property=\"og:title\" content=\"FDP-Vorsto\u00df: Schw\u00e4chung des Rechtsschutzes in Umweltbelangen\" \/>\n<meta property=\"og:description\" content=\"Im Fokus des heute im Kabinett beschlossenen Gesetzes zur Beschleunigung von verwaltungsgerichtlichen Verfahren im Infrastrukturbereich steht die Reduzierung der Bearbeitungszeiten. Kritiker werfen jedoch die Frage auf, ob dies auf Kosten des Rechtsschutzes f\u00fcr B\u00fcrger in Umweltangelegenheiten geht. Sie argumentieren, dass durch die beschleunigten Verfahren die M\u00f6glichkeit eingeschr\u00e4nkt wird, Fehler der Verwaltung aufzudecken und zu beheben,Jetzt alles lesen\" \/>\n<meta property=\"og:url\" content=\"https:\/\/www.doppelklicker.de\/blog\/fdp-schraenkt-buergerrechte-ein-gesetz-beschleunigt-klimakrise\/\" \/>\n<meta property=\"og:site_name\" content=\"Aus Mainz.\" \/>\n<meta property=\"article:published_time\" content=\"2023-01-10T06:00:00+00:00\" \/>\n<meta property=\"og:image\" content=\"https:\/\/www.doppelklicker.de\/blog\/wp-content\/uploads\/2023\/10\/kritik-beschleunigten-verfahren-im-infrastrukturbereich-9977.jpg\" \/>\n\t<meta property=\"og:image:width\" content=\"1280\" \/>\n\t<meta property=\"og:image:height\" content=\"615\" \/>\n\t<meta property=\"og:image:type\" content=\"image\/jpeg\" \/>\n<meta name=\"twitter:card\" content=\"summary_large_image\" \/>\n<meta name=\"twitter:label1\" content=\"Verfasst von\" \/>\n\t<meta name=\"twitter:data1\" content=\"Iris Martin\" \/>\n\t<meta name=\"twitter:label2\" content=\"Gesch\u00e4tzte Lesezeit\" \/>\n\t<meta name=\"twitter:data2\" content=\"3 Minuten\" \/>\n<script type=\"application\/ld+json\" class=\"yoast-schema-graph\">{\"@context\":\"https:\/\/schema.org\",\"@graph\":[{\"@type\":\"WebSite\",\"@id\":\"https:\/\/www.doppelklicker.de\/blog\/#website\",\"url\":\"https:\/\/www.doppelklicker.de\/blog\/\",\"name\":\"Aus Mainz.\",\"description\":\"F\u00fcr die Welt.\",\"potentialAction\":[{\"@type\":\"SearchAction\",\"target\":{\"@type\":\"EntryPoint\",\"urlTemplate\":\"https:\/\/www.doppelklicker.de\/blog\/?s={search_term_string}\"},\"query-input\":\"required name=search_term_string\"}],\"inLanguage\":\"de-DE\"},{\"@type\":\"ImageObject\",\"@id\":\"https:\/\/www.doppelklicker.de\/blog\/fdp-schraenkt-buergerrechte-ein-gesetz-beschleunigt-klimakrise\/#primaryimage\",\"inLanguage\":\"de-DE\",\"url\":\"https:\/\/www.doppelklicker.de\/blog\/wp-content\/uploads\/2023\/10\/kritik-beschleunigten-verfahren-im-infrastrukturbereich-9977.jpg\",\"contentUrl\":\"https:\/\/www.doppelklicker.de\/blog\/wp-content\/uploads\/2023\/10\/kritik-beschleunigten-verfahren-im-infrastrukturbereich-9977.jpg\",\"width\":1280,\"height\":615,\"caption\":\"FDP-Vorsto\u00df: Schw\u00e4chung des Rechtsschutzes in Umweltbelangen (Foto: BUND - Simone Neumann)\"},{\"@type\":\"WebPage\",\"@id\":\"https:\/\/www.doppelklicker.de\/blog\/fdp-schraenkt-buergerrechte-ein-gesetz-beschleunigt-klimakrise\/#webpage\",\"url\":\"https:\/\/www.doppelklicker.de\/blog\/fdp-schraenkt-buergerrechte-ein-gesetz-beschleunigt-klimakrise\/\",\"name\":\"FDP-Vorsto\u00df: Schw\u00e4chung des Rechtsschutzes in Umweltbelangen\",\"isPartOf\":{\"@id\":\"https:\/\/www.doppelklicker.de\/blog\/#website\"},\"primaryImageOfPage\":{\"@id\":\"https:\/\/www.doppelklicker.de\/blog\/fdp-schraenkt-buergerrechte-ein-gesetz-beschleunigt-klimakrise\/#primaryimage\"},\"datePublished\":\"2023-01-10T06:00:00+00:00\",\"dateModified\":\"2023-01-10T06:00:00+00:00\",\"author\":{\"@id\":\"https:\/\/www.doppelklicker.de\/blog\/#\/schema\/person\/08dcac172bdb025e8ff433488184668a\"},\"breadcrumb\":{\"@id\":\"https:\/\/www.doppelklicker.de\/blog\/fdp-schraenkt-buergerrechte-ein-gesetz-beschleunigt-klimakrise\/#breadcrumb\"},\"inLanguage\":\"de-DE\",\"potentialAction\":[{\"@type\":\"ReadAction\",\"target\":[\"https:\/\/www.doppelklicker.de\/blog\/fdp-schraenkt-buergerrechte-ein-gesetz-beschleunigt-klimakrise\/\"]}]},{\"@type\":\"BreadcrumbList\",\"@id\":\"https:\/\/www.doppelklicker.de\/blog\/fdp-schraenkt-buergerrechte-ein-gesetz-beschleunigt-klimakrise\/#breadcrumb\",\"itemListElement\":[{\"@type\":\"ListItem\",\"position\":1,\"name\":\"Startseite\",\"item\":\"https:\/\/www.doppelklicker.de\/blog\/\"},{\"@type\":\"ListItem\",\"position\":2,\"name\":\"FDP-Vorsto\u00df: Schw\u00e4chung des Rechtsschutzes in Umweltbelangen\"}]},{\"@type\":\"Person\",\"@id\":\"https:\/\/www.doppelklicker.de\/blog\/#\/schema\/person\/08dcac172bdb025e8ff433488184668a\",\"name\":\"Iris Martin\",\"image\":{\"@type\":\"ImageObject\",\"@id\":\"https:\/\/www.doppelklicker.de\/blog\/#personlogo\",\"inLanguage\":\"de-DE\",\"url\":\"https:\/\/secure.gravatar.com\/avatar\/82fdaa093be0b9686b531f99fcb54d15?s=96&d=wp_user_avatar&r=g\",\"contentUrl\":\"https:\/\/secure.gravatar.com\/avatar\/82fdaa093be0b9686b531f99fcb54d15?s=96&d=wp_user_avatar&r=g\",\"caption\":\"Iris Martin\"},\"url\":\"https:\/\/www.doppelklicker.de\/blog\/author\/iris-martin\/\"}]}<\/script>\n<!-- \/ Yoast SEO plugin. -->","yoast_head_json":{"robots":{"index":"index","follow":"follow","max-snippet":"max-snippet:-1","max-image-preview":"max-image-preview:large","max-video-preview":"max-video-preview:-1"},"canonical":"https:\/\/www.doppelklicker.de\/blog\/fdp-schraenkt-buergerrechte-ein-gesetz-beschleunigt-klimakrise\/","og_locale":"de_DE","og_type":"article","og_title":"FDP-Vorsto\u00df: Schw\u00e4chung des Rechtsschutzes in Umweltbelangen","og_description":"Im Fokus des heute im Kabinett beschlossenen Gesetzes zur Beschleunigung von verwaltungsgerichtlichen Verfahren im Infrastrukturbereich steht die Reduzierung der Bearbeitungszeiten. Kritiker werfen jedoch die Frage auf, ob dies auf Kosten des Rechtsschutzes f\u00fcr B\u00fcrger in Umweltangelegenheiten geht. Sie argumentieren, dass durch die beschleunigten Verfahren die M\u00f6glichkeit eingeschr\u00e4nkt wird, Fehler der Verwaltung aufzudecken und zu beheben,Jetzt alles lesen","og_url":"https:\/\/www.doppelklicker.de\/blog\/fdp-schraenkt-buergerrechte-ein-gesetz-beschleunigt-klimakrise\/","og_site_name":"Aus Mainz.","article_published_time":"2023-01-10T06:00:00+00:00","og_image":[{"width":1280,"height":615,"url":"https:\/\/www.doppelklicker.de\/blog\/wp-content\/uploads\/2023\/10\/kritik-beschleunigten-verfahren-im-infrastrukturbereich-9977.jpg","type":"image\/jpeg"}],"twitter_card":"summary_large_image","twitter_misc":{"Verfasst von":"Iris Martin","Gesch\u00e4tzte Lesezeit":"3 Minuten"},"schema":{"@context":"https:\/\/schema.org","@graph":[{"@type":"WebSite","@id":"https:\/\/www.doppelklicker.de\/blog\/#website","url":"https:\/\/www.doppelklicker.de\/blog\/","name":"Aus Mainz.","description":"F\u00fcr die Welt.","potentialAction":[{"@type":"SearchAction","target":{"@type":"EntryPoint","urlTemplate":"https:\/\/www.doppelklicker.de\/blog\/?s={search_term_string}"},"query-input":"required name=search_term_string"}],"inLanguage":"de-DE"},{"@type":"ImageObject","@id":"https:\/\/www.doppelklicker.de\/blog\/fdp-schraenkt-buergerrechte-ein-gesetz-beschleunigt-klimakrise\/#primaryimage","inLanguage":"de-DE","url":"https:\/\/www.doppelklicker.de\/blog\/wp-content\/uploads\/2023\/10\/kritik-beschleunigten-verfahren-im-infrastrukturbereich-9977.jpg","contentUrl":"https:\/\/www.doppelklicker.de\/blog\/wp-content\/uploads\/2023\/10\/kritik-beschleunigten-verfahren-im-infrastrukturbereich-9977.jpg","width":1280,"height":615,"caption":"FDP-Vorsto\u00df: Schw\u00e4chung des Rechtsschutzes in Umweltbelangen (Foto: BUND - Simone Neumann)"},{"@type":"WebPage","@id":"https:\/\/www.doppelklicker.de\/blog\/fdp-schraenkt-buergerrechte-ein-gesetz-beschleunigt-klimakrise\/#webpage","url":"https:\/\/www.doppelklicker.de\/blog\/fdp-schraenkt-buergerrechte-ein-gesetz-beschleunigt-klimakrise\/","name":"FDP-Vorsto\u00df: Schw\u00e4chung des Rechtsschutzes in Umweltbelangen","isPartOf":{"@id":"https:\/\/www.doppelklicker.de\/blog\/#website"},"primaryImageOfPage":{"@id":"https:\/\/www.doppelklicker.de\/blog\/fdp-schraenkt-buergerrechte-ein-gesetz-beschleunigt-klimakrise\/#primaryimage"},"datePublished":"2023-01-10T06:00:00+00:00","dateModified":"2023-01-10T06:00:00+00:00","author":{"@id":"https:\/\/www.doppelklicker.de\/blog\/#\/schema\/person\/08dcac172bdb025e8ff433488184668a"},"breadcrumb":{"@id":"https:\/\/www.doppelklicker.de\/blog\/fdp-schraenkt-buergerrechte-ein-gesetz-beschleunigt-klimakrise\/#breadcrumb"},"inLanguage":"de-DE","potentialAction":[{"@type":"ReadAction","target":["https:\/\/www.doppelklicker.de\/blog\/fdp-schraenkt-buergerrechte-ein-gesetz-beschleunigt-klimakrise\/"]}]},{"@type":"BreadcrumbList","@id":"https:\/\/www.doppelklicker.de\/blog\/fdp-schraenkt-buergerrechte-ein-gesetz-beschleunigt-klimakrise\/#breadcrumb","itemListElement":[{"@type":"ListItem","position":1,"name":"Startseite","item":"https:\/\/www.doppelklicker.de\/blog\/"},{"@type":"ListItem","position":2,"name":"FDP-Vorsto\u00df: Schw\u00e4chung des Rechtsschutzes in Umweltbelangen"}]},{"@type":"Person","@id":"https:\/\/www.doppelklicker.de\/blog\/#\/schema\/person\/08dcac172bdb025e8ff433488184668a","name":"Iris Martin","image":{"@type":"ImageObject","@id":"https:\/\/www.doppelklicker.de\/blog\/#personlogo","inLanguage":"de-DE","url":"https:\/\/secure.gravatar.com\/avatar\/82fdaa093be0b9686b531f99fcb54d15?s=96&d=wp_user_avatar&r=g","contentUrl":"https:\/\/secure.gravatar.com\/avatar\/82fdaa093be0b9686b531f99fcb54d15?s=96&d=wp_user_avatar&r=g","caption":"Iris Martin"},"url":"https:\/\/www.doppelklicker.de\/blog\/author\/iris-martin\/"}]}},"_links":{"self":[{"href":"https:\/\/www.doppelklicker.de\/blog\/wp-json\/wp\/v2\/posts\/6085"}],"collection":[{"href":"https:\/\/www.doppelklicker.de\/blog\/wp-json\/wp\/v2\/posts"}],"about":[{"href":"https:\/\/www.doppelklicker.de\/blog\/wp-json\/wp\/v2\/types\/post"}],"author":[{"embeddable":true,"href":"https:\/\/www.doppelklicker.de\/blog\/wp-json\/wp\/v2\/users\/8"}],"replies":[{"embeddable":true,"href":"https:\/\/www.doppelklicker.de\/blog\/wp-json\/wp\/v2\/comments?post=6085"}],"version-history":[{"count":0,"href":"https:\/\/www.doppelklicker.de\/blog\/wp-json\/wp\/v2\/posts\/6085\/revisions"}],"wp:featuredmedia":[{"embeddable":true,"href":"https:\/\/www.doppelklicker.de\/blog\/wp-json\/wp\/v2\/media\/6087"}],"wp:attachment":[{"href":"https:\/\/www.doppelklicker.de\/blog\/wp-json\/wp\/v2\/media?parent=6085"}],"wp:term":[{"taxonomy":"category","embeddable":true,"href":"https:\/\/www.doppelklicker.de\/blog\/wp-json\/wp\/v2\/categories?post=6085"},{"taxonomy":"post_tag","embeddable":true,"href":"https:\/\/www.doppelklicker.de\/blog\/wp-json\/wp\/v2\/tags?post=6085"}],"curies":[{"name":"wp","href":"https:\/\/api.w.org\/{rel}","templated":true}]}}