{"id":6091,"date":"2023-10-09T09:00:00","date_gmt":"2023-10-09T07:00:00","guid":{"rendered":"guid"},"modified":"2023-10-09T09:00:00","modified_gmt":"2023-10-09T07:00:00","slug":"bundesfinanzminister-turm-sahne-bonbons-oldenburger-kramermarkt","status":"publish","type":"post","link":"https:\/\/www.doppelklicker.de\/blog\/bundesfinanzminister-turm-sahne-bonbons-oldenburger-kramermarkt\/","title":{"rendered":"Christian Lindner als Gr\u00fcnkohlk\u00f6nig beim Kramermarktsumzug"},"content":{"rendered":"<p>Jedes Jahr str\u00f6men tausende Besucher in die nordwestliche Stadt, um den Oldenburger Kramermarkt zu erleben. Neben den zahlreichen Fahrgesch\u00e4ften und Buden ist eine besondere Leckerei besonders beliebt: die Turm-Sahne-Bonbons. Die kleinen s\u00fc\u00dfen K\u00f6stlichkeiten wurden vom Bundesfinanzminister Christian Lindner pers\u00f6nlich w\u00e4hrend des Festumzugs gro\u00dfz\u00fcgig an die Besucher verteilt.<br \/>\n<!--more--><\/p>\n<h2>Christian Lindner als Oldenburger Gr\u00fcnkohlk\u00f6nig beim Festumzug<\/h2>\n<p>Der amtierende Gr\u00fcnkohlk\u00f6nig von Oldenburg, Christian Lindner, folgte seiner Verpflichtung als Kohlmajest\u00e4t und besuchte den ber\u00fchmten Kramermarkt. Mit seinem Besuch w\u00fcrdigte er die lange Tradition und Bedeutung der Veranstaltung f\u00fcr die Stadt. Sein Versprechen in seiner Antrittsrede wurde somit eingel\u00f6st und zeigte seine Wertsch\u00e4tzung f\u00fcr das kulturelle Erbe Oldenburgs.<\/p>\n<p>Als amtierender Oldenburger Gr\u00fcnkohlk\u00f6nig begleitete Bundesfinanzminister Christian Lindner den traditionellen Kramermarktsumzug in der &#8222;Oldenburg-Kutsche&#8220;. An seiner Seite sa\u00df Oberb\u00fcrgermeister J\u00fcrgen Krogmann. Gemeinsam f\u00fchrten sie den Festumzug auf einer rund zwei Kilometer langen Strecke an. Dabei verteilte Lindner gro\u00dfz\u00fcgig die beliebten Turm-Sahne-Bonbons an die begeisterten Zuschauer, was f\u00fcr eine fr\u00f6hliche Stimmung sorgte und die Vorfreude auf das Volksfest steigerte.<\/p>\n<h2>Spektakul\u00e4re Attraktionen f\u00fcr Besucher auf dem Kramermarkt<\/h2>\n<p>Der Kramermarkt in Oldenburg hat eine lange Geschichte und ist sowohl das gr\u00f6\u00dfte Volksfest im Nordwesten Deutschlands als auch eines der \u00e4ltesten seiner Art. Seit 1608 findet das Fest nun schon zum 416. Mal statt und bietet den Besuchern ein beeindruckendes Spektakel. Der Umzug mit rund 100 Festwagen und Fu\u00dfgruppen ist dabei ein besonderes Highlight. Doch auch auf dem Festgel\u00e4nde gibt es zahlreiche Fahrgesch\u00e4fte und Buden, die f\u00fcr Abwechslung und Spa\u00df f\u00fcr die ganze Familie sorgen.<\/p>\n<p>Der Oldenburger Kramermarkt lockt mit einer Vielzahl an Fahrgesch\u00e4ften f\u00fcr Gro\u00df und Klein. Mit insgesamt 250 Attraktionen ist f\u00fcr jeden Geschmack etwas dabei. Besonders beeindruckend ist das 60 Meter hohe Riesenrad, das das Volksfest \u00fcberragt und einen spektakul\u00e4ren Blick \u00fcber das Gel\u00e4nde erm\u00f6glicht. Eine Neuheit in diesem Jahr ist die Riesenschaukel &#8222;Excalibur&#8220;, die mutige Besucher auf eine aufregende Fahrt in 50 Metern H\u00f6he mitnimmt.<\/p>\n<h2>Christian Lindner wird zum Gr\u00fcnkohlk\u00f6nig und verteilt Bonbons<\/h2>\n<p>Die Turm-Sahne-Bonbons sind eine Spezialit\u00e4t aus Oldenburg und zeichnen sich durch ihren unverwechselbaren Geschmack aus. Hergestellt nach einem geheimen Rezept, sind sie eine s\u00fc\u00dfe Versuchung f\u00fcr Jung und Alt. Die Bonbons werden traditionell auf dem Oldenburger Kramermarkt verteilt und erfreuen sich gro\u00dfer Beliebtheit. Die handwerkliche Herstellung gew\u00e4hrleistet eine hohe Qualit\u00e4t und den einzigartigen Genuss. Entdecken Sie den k\u00f6stlichen Geschmack der Turm-Sahne-Bonbons!<\/p>\n<p>Beim traditionellen Kramermarktsumzug durch die Oldenburger Innenstadt verteilte Christian Lindner, Bundesfinanzminister und Gr\u00fcnkohlk\u00f6nig von Oldenburg, reichlich Turm-Sahne-Bonbons. Mit dieser gro\u00dfz\u00fcgigen Geste sorgte er daf\u00fcr, dass alle Besucher des Festumzugs etwas S\u00fc\u00dfes abbekamen. Lindner machte dabei einen humorvollen Seitenhieb auf Robert Habeck, der als Finanzminister aufpassen muss, dass ihm die Bonbons nicht ausgehen &#8211; eine Situation, die f\u00fcr einen Finanzminister sicherlich ungew\u00f6hnlich w\u00e4re.<\/p>\n<p>Die Turm-Sahne-Bonbons auf dem Oldenburger Kramermarkt sind eine s\u00fc\u00dfe Verlockung f\u00fcr die Besucher, die bei ihnen gro\u00dfe Begeisterung hervorrufen. Dank der gro\u00dfz\u00fcgigen Verteilung durch Christian Lindner konnten sich die Zuschauer \u00fcber einen reichlichen Vorrat an Bonbons freuen und ihre Naschgel\u00fcste stillen.<\/p>\n<p>Der Kramermarkt in Oldenburg bietet eine breite Palette an Attraktionen, die alle Sinne ansprechen. Neben den aufregenden Fahrgesch\u00e4ften und den vielf\u00e4ltigen Buden, ist der imposante Umzug ein H\u00f6hepunkt des Festes. Hier k\u00f6nnen Besucher jeden Alters etwas nach ihrem Geschmack finden und genie\u00dfen.<\/p>\n","protected":false},"excerpt":{"rendered":"<p>Jedes Jahr str\u00f6men tausende Besucher in die nordwestliche Stadt, um den Oldenburger Kramermarkt zu erleben. Neben den zahlreichen Fahrgesch\u00e4ften und Buden ist eine besondere Leckerei besonders beliebt: die Turm-Sahne-Bonbons. Die kleinen s\u00fc\u00dfen K\u00f6stlichkeiten wurden vom Bundesfinanzminister Christian Lindner pers\u00f6nlich w\u00e4hrend des Festumzugs gro\u00dfz\u00fcgig an die Besucher verteilt.<\/p>\n","protected":false},"author":8,"featured_media":6092,"comment_status":"open","ping_status":"open","sticky":false,"template":"","format":"standard","meta":[],"categories":[3305],"tags":[],"yoast_head":"<!-- This site is optimized with the Yoast SEO plugin v18.2 - https:\/\/yoast.com\/wordpress\/plugins\/seo\/ -->\n<meta name=\"robots\" content=\"index, follow, max-snippet:-1, max-image-preview:large, max-video-preview:-1\" \/>\n<meta property=\"og:locale\" content=\"de_DE\" \/>\n<meta property=\"og:type\" content=\"article\" \/>\n<meta property=\"og:title\" content=\"Christian Lindner als Gr\u00fcnkohlk\u00f6nig beim Kramermarktsumzug\" \/>\n<meta property=\"og:description\" content=\"Jedes Jahr str\u00f6men tausende Besucher in die nordwestliche Stadt, um den Oldenburger Kramermarkt zu erleben. Neben den zahlreichen Fahrgesch\u00e4ften und Buden ist eine besondere Leckerei besonders beliebt: die Turm-Sahne-Bonbons. Die kleinen s\u00fc\u00dfen K\u00f6stlichkeiten wurden vom Bundesfinanzminister Christian Lindner pers\u00f6nlich w\u00e4hrend des Festumzugs gro\u00dfz\u00fcgig an die Besucher verteilt.\" \/>\n<meta property=\"og:url\" content=\"https:\/\/www.doppelklicker.de\/blog\/?p=6091\" \/>\n<meta property=\"og:site_name\" content=\"Aus Mainz.\" \/>\n<meta property=\"article:published_time\" content=\"2023-10-09T07:00:00+00:00\" \/>\n<meta property=\"og:image\" content=\"https:\/\/www.doppelklicker.de\/blog\/wp-content\/uploads\/2023\/10\/bundesfinanzminister-lindner-verteilt-suessigkeiten-beim-10102.jpg\" \/>\n\t<meta property=\"og:image:width\" content=\"1280\" \/>\n\t<meta property=\"og:image:height\" content=\"615\" \/>\n\t<meta property=\"og:image:type\" content=\"image\/jpeg\" \/>\n<meta name=\"twitter:card\" content=\"summary_large_image\" \/>\n<meta name=\"twitter:label1\" content=\"Verfasst von\" \/>\n\t<meta name=\"twitter:data1\" content=\"Iris Martin\" \/>\n\t<meta name=\"twitter:label2\" content=\"Gesch\u00e4tzte Lesezeit\" \/>\n\t<meta name=\"twitter:data2\" content=\"3 Minuten\" \/>\n<script type=\"application\/ld+json\" class=\"yoast-schema-graph\">{\"@context\":\"https:\/\/schema.org\",\"@graph\":[{\"@type\":\"WebSite\",\"@id\":\"https:\/\/www.doppelklicker.de\/blog\/#website\",\"url\":\"https:\/\/www.doppelklicker.de\/blog\/\",\"name\":\"Aus Mainz.\",\"description\":\"F\u00fcr die Welt.\",\"potentialAction\":[{\"@type\":\"SearchAction\",\"target\":{\"@type\":\"EntryPoint\",\"urlTemplate\":\"https:\/\/www.doppelklicker.de\/blog\/?s={search_term_string}\"},\"query-input\":\"required name=search_term_string\"}],\"inLanguage\":\"de-DE\"},{\"@type\":\"ImageObject\",\"@id\":\"https:\/\/www.doppelklicker.de\/blog\/?p=6091#primaryimage\",\"inLanguage\":\"de-DE\",\"url\":\"https:\/\/www.doppelklicker.de\/blog\/wp-content\/uploads\/2023\/10\/bundesfinanzminister-lindner-verteilt-suessigkeiten-beim-10102.jpg\",\"contentUrl\":\"https:\/\/www.doppelklicker.de\/blog\/wp-content\/uploads\/2023\/10\/bundesfinanzminister-lindner-verteilt-suessigkeiten-beim-10102.jpg\",\"width\":1280,\"height\":615,\"caption\":\"Christian Lindner als Gr\u00fcnkohlk\u00f6nig beim Kramermarktsumzug (Foto: AdobeStock 469162240 xamtiw)\"},{\"@type\":\"WebPage\",\"@id\":\"https:\/\/www.doppelklicker.de\/blog\/?p=6091#webpage\",\"url\":\"https:\/\/www.doppelklicker.de\/blog\/?p=6091\",\"name\":\"Christian Lindner als Gr\u00fcnkohlk\u00f6nig beim Kramermarktsumzug\",\"isPartOf\":{\"@id\":\"https:\/\/www.doppelklicker.de\/blog\/#website\"},\"primaryImageOfPage\":{\"@id\":\"https:\/\/www.doppelklicker.de\/blog\/?p=6091#primaryimage\"},\"datePublished\":\"2023-10-09T07:00:00+00:00\",\"dateModified\":\"2023-10-09T07:00:00+00:00\",\"author\":{\"@id\":\"https:\/\/www.doppelklicker.de\/blog\/#\/schema\/person\/08dcac172bdb025e8ff433488184668a\"},\"breadcrumb\":{\"@id\":\"https:\/\/www.doppelklicker.de\/blog\/?p=6091#breadcrumb\"},\"inLanguage\":\"de-DE\",\"potentialAction\":[{\"@type\":\"ReadAction\",\"target\":[\"https:\/\/www.doppelklicker.de\/blog\/?p=6091\"]}]},{\"@type\":\"BreadcrumbList\",\"@id\":\"https:\/\/www.doppelklicker.de\/blog\/?p=6091#breadcrumb\",\"itemListElement\":[{\"@type\":\"ListItem\",\"position\":1,\"name\":\"Startseite\",\"item\":\"https:\/\/www.doppelklicker.de\/blog\/\"},{\"@type\":\"ListItem\",\"position\":2,\"name\":\"Christian Lindner als Gr\u00fcnkohlk\u00f6nig beim Kramermarktsumzug\"}]},{\"@type\":\"Person\",\"@id\":\"https:\/\/www.doppelklicker.de\/blog\/#\/schema\/person\/08dcac172bdb025e8ff433488184668a\",\"name\":\"Iris Martin\",\"image\":{\"@type\":\"ImageObject\",\"@id\":\"https:\/\/www.doppelklicker.de\/blog\/#personlogo\",\"inLanguage\":\"de-DE\",\"url\":\"https:\/\/secure.gravatar.com\/avatar\/82fdaa093be0b9686b531f99fcb54d15?s=96&d=wp_user_avatar&r=g\",\"contentUrl\":\"https:\/\/secure.gravatar.com\/avatar\/82fdaa093be0b9686b531f99fcb54d15?s=96&d=wp_user_avatar&r=g\",\"caption\":\"Iris Martin\"},\"url\":\"https:\/\/www.doppelklicker.de\/blog\/author\/iris-martin\/\"}]}<\/script>\n<!-- \/ Yoast SEO plugin. -->","yoast_head_json":{"robots":{"index":"index","follow":"follow","max-snippet":"max-snippet:-1","max-image-preview":"max-image-preview:large","max-video-preview":"max-video-preview:-1"},"og_locale":"de_DE","og_type":"article","og_title":"Christian Lindner als Gr\u00fcnkohlk\u00f6nig beim Kramermarktsumzug","og_description":"Jedes Jahr str\u00f6men tausende Besucher in die nordwestliche Stadt, um den Oldenburger Kramermarkt zu erleben. Neben den zahlreichen Fahrgesch\u00e4ften und Buden ist eine besondere Leckerei besonders beliebt: die Turm-Sahne-Bonbons. Die kleinen s\u00fc\u00dfen K\u00f6stlichkeiten wurden vom Bundesfinanzminister Christian Lindner pers\u00f6nlich w\u00e4hrend des Festumzugs gro\u00dfz\u00fcgig an die Besucher verteilt.","og_url":"https:\/\/www.doppelklicker.de\/blog\/?p=6091","og_site_name":"Aus Mainz.","article_published_time":"2023-10-09T07:00:00+00:00","og_image":[{"width":1280,"height":615,"url":"https:\/\/www.doppelklicker.de\/blog\/wp-content\/uploads\/2023\/10\/bundesfinanzminister-lindner-verteilt-suessigkeiten-beim-10102.jpg","type":"image\/jpeg"}],"twitter_card":"summary_large_image","twitter_misc":{"Verfasst von":"Iris Martin","Gesch\u00e4tzte Lesezeit":"3 Minuten"},"schema":{"@context":"https:\/\/schema.org","@graph":[{"@type":"WebSite","@id":"https:\/\/www.doppelklicker.de\/blog\/#website","url":"https:\/\/www.doppelklicker.de\/blog\/","name":"Aus Mainz.","description":"F\u00fcr die Welt.","potentialAction":[{"@type":"SearchAction","target":{"@type":"EntryPoint","urlTemplate":"https:\/\/www.doppelklicker.de\/blog\/?s={search_term_string}"},"query-input":"required name=search_term_string"}],"inLanguage":"de-DE"},{"@type":"ImageObject","@id":"https:\/\/www.doppelklicker.de\/blog\/?p=6091#primaryimage","inLanguage":"de-DE","url":"https:\/\/www.doppelklicker.de\/blog\/wp-content\/uploads\/2023\/10\/bundesfinanzminister-lindner-verteilt-suessigkeiten-beim-10102.jpg","contentUrl":"https:\/\/www.doppelklicker.de\/blog\/wp-content\/uploads\/2023\/10\/bundesfinanzminister-lindner-verteilt-suessigkeiten-beim-10102.jpg","width":1280,"height":615,"caption":"Christian Lindner als Gr\u00fcnkohlk\u00f6nig beim Kramermarktsumzug (Foto: AdobeStock 469162240 xamtiw)"},{"@type":"WebPage","@id":"https:\/\/www.doppelklicker.de\/blog\/?p=6091#webpage","url":"https:\/\/www.doppelklicker.de\/blog\/?p=6091","name":"Christian Lindner als Gr\u00fcnkohlk\u00f6nig beim Kramermarktsumzug","isPartOf":{"@id":"https:\/\/www.doppelklicker.de\/blog\/#website"},"primaryImageOfPage":{"@id":"https:\/\/www.doppelklicker.de\/blog\/?p=6091#primaryimage"},"datePublished":"2023-10-09T07:00:00+00:00","dateModified":"2023-10-09T07:00:00+00:00","author":{"@id":"https:\/\/www.doppelklicker.de\/blog\/#\/schema\/person\/08dcac172bdb025e8ff433488184668a"},"breadcrumb":{"@id":"https:\/\/www.doppelklicker.de\/blog\/?p=6091#breadcrumb"},"inLanguage":"de-DE","potentialAction":[{"@type":"ReadAction","target":["https:\/\/www.doppelklicker.de\/blog\/?p=6091"]}]},{"@type":"BreadcrumbList","@id":"https:\/\/www.doppelklicker.de\/blog\/?p=6091#breadcrumb","itemListElement":[{"@type":"ListItem","position":1,"name":"Startseite","item":"https:\/\/www.doppelklicker.de\/blog\/"},{"@type":"ListItem","position":2,"name":"Christian Lindner als Gr\u00fcnkohlk\u00f6nig beim Kramermarktsumzug"}]},{"@type":"Person","@id":"https:\/\/www.doppelklicker.de\/blog\/#\/schema\/person\/08dcac172bdb025e8ff433488184668a","name":"Iris Martin","image":{"@type":"ImageObject","@id":"https:\/\/www.doppelklicker.de\/blog\/#personlogo","inLanguage":"de-DE","url":"https:\/\/secure.gravatar.com\/avatar\/82fdaa093be0b9686b531f99fcb54d15?s=96&d=wp_user_avatar&r=g","contentUrl":"https:\/\/secure.gravatar.com\/avatar\/82fdaa093be0b9686b531f99fcb54d15?s=96&d=wp_user_avatar&r=g","caption":"Iris Martin"},"url":"https:\/\/www.doppelklicker.de\/blog\/author\/iris-martin\/"}]}},"_links":{"self":[{"href":"https:\/\/www.doppelklicker.de\/blog\/wp-json\/wp\/v2\/posts\/6091"}],"collection":[{"href":"https:\/\/www.doppelklicker.de\/blog\/wp-json\/wp\/v2\/posts"}],"about":[{"href":"https:\/\/www.doppelklicker.de\/blog\/wp-json\/wp\/v2\/types\/post"}],"author":[{"embeddable":true,"href":"https:\/\/www.doppelklicker.de\/blog\/wp-json\/wp\/v2\/users\/8"}],"replies":[{"embeddable":true,"href":"https:\/\/www.doppelklicker.de\/blog\/wp-json\/wp\/v2\/comments?post=6091"}],"version-history":[{"count":0,"href":"https:\/\/www.doppelklicker.de\/blog\/wp-json\/wp\/v2\/posts\/6091\/revisions"}],"wp:featuredmedia":[{"embeddable":true,"href":"https:\/\/www.doppelklicker.de\/blog\/wp-json\/wp\/v2\/media\/6092"}],"wp:attachment":[{"href":"https:\/\/www.doppelklicker.de\/blog\/wp-json\/wp\/v2\/media?parent=6091"}],"wp:term":[{"taxonomy":"category","embeddable":true,"href":"https:\/\/www.doppelklicker.de\/blog\/wp-json\/wp\/v2\/categories?post=6091"},{"taxonomy":"post_tag","embeddable":true,"href":"https:\/\/www.doppelklicker.de\/blog\/wp-json\/wp\/v2\/tags?post=6091"}],"curies":[{"name":"wp","href":"https:\/\/api.w.org\/{rel}","templated":true}]}}