{"id":6093,"date":"2023-10-06T08:00:00","date_gmt":"2023-10-06T06:00:00","guid":{"rendered":"guid"},"modified":"2023-10-06T08:00:00","modified_gmt":"2023-10-06T06:00:00","slug":"future-con-23-karrieremesse-schwarz-gruppe","status":"publish","type":"post","link":"https:\/\/www.doppelklicker.de\/blog\/future-con-23-karrieremesse-schwarz-gruppe\/","title":{"rendered":"future_con.23: Einladung f\u00fcr Studenten und Young Professionals"},"content":{"rendered":"<p>Am 19. Oktober 2023 findet die future_con.23 statt, eine Karrieremesse, die von den Unternehmen der Schwarz Gruppe organisiert wird. Studenten, Absolventen und Young Professionals haben die M\u00f6glichkeit, entweder digital oder vor Ort an der Veranstaltung teilzunehmen und Einblicke in die Karrierem\u00f6glichkeiten der Schwarz Gruppe zu erhalten.<br \/>\n<!--more--><\/p>\n<h2>future_con.23: Einblick in die Welt von Lidl, Kaufland und Schwarz Dienstleistungen<\/h2>\n<p>Die Live-Stage der future_con.23 bietet den Teilnehmern ein vielf\u00e4ltiges Programm, das von Vertretern verschiedener Fachbereiche von Lidl, Kaufland und den Schwarz Dienstleistungen gestaltet wird. Neben spannenden Vortr\u00e4gen zu den Themen Digitalisierung und Nachhaltigkeit gibt es auch eine Networking-Area, Informationsst\u00e4nde und hilfreiche Karrieretipps. Die future_con.23 erm\u00f6glicht es den Teilnehmern somit, sich umfassend \u00fcber die Karrierem\u00f6glichkeiten und die innovativen Projekte der Schwarz Gruppe zu informieren.<\/p>\n<p>Falls es nicht m\u00f6glich ist, pers\u00f6nlich an der future_con.23 teilzunehmen, besteht die Option, den digitalen 360-Grad-Campus zu besuchen. Hier k\u00f6nnen die Teilnehmer die Messe virtuell erleben und haben die Wahl, einen der begrenzten Einzelgespr\u00e4chstermine entweder vor Ort oder digital zu buchen. Dadurch k\u00f6nnen sie unabh\u00e4ngig von ihrem Standort von den zahlreichen Vorteilen der Karrieremesse profitieren.<\/p>\n<p>Ein weiteres Highlight der future_con.23 sind die Meet&#038;Eat-Tickets, die unter allen Anmeldungen verlost werden. Nachdem die Teilnehmer ihr Einverst\u00e4ndnis zur Gewinnspielteilnahme gegeben haben, haben sie die M\u00f6glichkeit, eines der begehrten zehn Tickets zu gewinnen. Die gl\u00fccklichen Gewinner werden am Vorabend der Veranstaltung zu einem exklusiven Abendessen mit den F\u00fchrungskr\u00e4ften der Schwarz Gruppe eingeladen. Die Unternehmen \u00fcbernehmen dabei die Kosten f\u00fcr Anreise und \u00dcbernachtung aus ganz Deutschland.<\/p>\n<p>Die future_con.23 erm\u00f6glicht es den Teilnehmern, nicht nur wertvolle Einblicke in die Unternehmen der Schwarz Gruppe zu erhalten, sondern auch pers\u00f6nliche Begegnungen mit den F\u00fchrungskr\u00e4ften zu erleben. Diese Karrieremesse ist von gro\u00dfer Bedeutung f\u00fcr Studenten, Absolventen und Young Professionals, da sie die M\u00f6glichkeit bietet, ihr berufliches Netzwerk zu erweitern und wichtige Kontakte f\u00fcr den Einstieg in das Berufsleben zu kn\u00fcpfen. Das vielf\u00e4ltige Programm und die hybriden Formate machen die future_con.23 zu einer unverzichtbaren Veranstaltung.<\/p>\n<p>Die future_con.23 ist eine Karrieremesse, die von den Unternehmen der Schwarz Gruppe veranstaltet wird. Sie richtet sich an Studenten, Absolventen und Young Professionals und bietet ihnen die M\u00f6glichkeit, Einblicke in die Welt der Unternehmen zu erhalten und wertvolle Informationen f\u00fcr ihren Berufseinstieg zu sammeln. Das Programm umfasst spannende Vortr\u00e4ge zu verschiedenen Themen, darunter Digitalisierung und Nachhaltigkeit, sowie eine Networking-Area, Informationsst\u00e4nde und hilfreiche Karrieretipps.<\/p>\n<p>Die future_con.23 ist eine Veranstaltung, die Studenten, Absolventen und Young Professionals nicht verpassen sollten. Sie haben die M\u00f6glichkeit, entweder digital oder pers\u00f6nlich vor Ort teilzunehmen und somit von \u00fcberall aus an der Veranstaltung teilzunehmen. Mit den Meet&#038;Eat-Tickets haben sie die Chance, die F\u00fchrungskr\u00e4fte der Schwarz Gruppe pers\u00f6nlich kennenzulernen und sich in entspannter Atmosph\u00e4re \u00fcber Karrierem\u00f6glichkeiten auszutauschen. Diese Veranstaltung bietet eine einzigartige Gelegenheit, die eigenen Karrierechancen zu verbessern.<\/p>\n","protected":false},"excerpt":{"rendered":"<p>Am 19. Oktober 2023 findet die future_con.23 statt, eine Karrieremesse, die von den Unternehmen der Schwarz Gruppe organisiert wird. Studenten, Absolventen und Young Professionals haben die M\u00f6glichkeit, entweder digital oder vor Ort an der Veranstaltung teilzunehmen und Einblicke in die Karrierem\u00f6glichkeiten der Schwarz Gruppe zu erhalten.<\/p>\n","protected":false},"author":8,"featured_media":6094,"comment_status":"open","ping_status":"open","sticky":false,"template":"","format":"standard","meta":[],"categories":[3305],"tags":[],"yoast_head":"<!-- This site is optimized with the Yoast SEO plugin v18.2 - https:\/\/yoast.com\/wordpress\/plugins\/seo\/ -->\n<meta name=\"robots\" content=\"index, follow, max-snippet:-1, max-image-preview:large, max-video-preview:-1\" \/>\n<link rel=\"canonical\" href=\"https:\/\/www.doppelklicker.de\/blog\/future-con-23-karrieremesse-schwarz-gruppe\/\" \/>\n<meta property=\"og:locale\" content=\"de_DE\" \/>\n<meta property=\"og:type\" content=\"article\" \/>\n<meta property=\"og:title\" content=\"future_con.23: Einladung f\u00fcr Studenten und Young Professionals\" \/>\n<meta property=\"og:description\" content=\"Am 19. Oktober 2023 findet die future_con.23 statt, eine Karrieremesse, die von den Unternehmen der Schwarz Gruppe organisiert wird. Studenten, Absolventen und Young Professionals haben die M\u00f6glichkeit, entweder digital oder vor Ort an der Veranstaltung teilzunehmen und Einblicke in die Karrierem\u00f6glichkeiten der Schwarz Gruppe zu erhalten.\" \/>\n<meta property=\"og:url\" content=\"https:\/\/www.doppelklicker.de\/blog\/future-con-23-karrieremesse-schwarz-gruppe\/\" \/>\n<meta property=\"og:site_name\" content=\"Aus Mainz.\" \/>\n<meta property=\"article:published_time\" content=\"2023-10-06T06:00:00+00:00\" \/>\n<meta property=\"og:image\" content=\"https:\/\/www.doppelklicker.de\/blog\/wp-content\/uploads\/2023\/10\/einblicke-welt-schwarz-gruppe-future-con-23-10120.jpg\" \/>\n\t<meta property=\"og:image:width\" content=\"1280\" \/>\n\t<meta property=\"og:image:height\" content=\"615\" \/>\n\t<meta property=\"og:image:type\" content=\"image\/jpeg\" \/>\n<meta name=\"twitter:card\" content=\"summary_large_image\" \/>\n<meta name=\"twitter:label1\" content=\"Verfasst von\" \/>\n\t<meta name=\"twitter:data1\" content=\"Iris Martin\" \/>\n\t<meta name=\"twitter:label2\" content=\"Gesch\u00e4tzte Lesezeit\" \/>\n\t<meta name=\"twitter:data2\" content=\"2 Minuten\" \/>\n<script type=\"application\/ld+json\" class=\"yoast-schema-graph\">{\"@context\":\"https:\/\/schema.org\",\"@graph\":[{\"@type\":\"WebSite\",\"@id\":\"https:\/\/www.doppelklicker.de\/blog\/#website\",\"url\":\"https:\/\/www.doppelklicker.de\/blog\/\",\"name\":\"Aus Mainz.\",\"description\":\"F\u00fcr die Welt.\",\"potentialAction\":[{\"@type\":\"SearchAction\",\"target\":{\"@type\":\"EntryPoint\",\"urlTemplate\":\"https:\/\/www.doppelklicker.de\/blog\/?s={search_term_string}\"},\"query-input\":\"required name=search_term_string\"}],\"inLanguage\":\"de-DE\"},{\"@type\":\"ImageObject\",\"@id\":\"https:\/\/www.doppelklicker.de\/blog\/future-con-23-karrieremesse-schwarz-gruppe\/#primaryimage\",\"inLanguage\":\"de-DE\",\"url\":\"https:\/\/www.doppelklicker.de\/blog\/wp-content\/uploads\/2023\/10\/einblicke-welt-schwarz-gruppe-future-con-23-10120.jpg\",\"contentUrl\":\"https:\/\/www.doppelklicker.de\/blog\/wp-content\/uploads\/2023\/10\/einblicke-welt-schwarz-gruppe-future-con-23-10120.jpg\",\"width\":1280,\"height\":615,\"caption\":\"future_con.23: Einladung f\u00fcr Studenten und Young Professionals (Foto: Schwarz)\"},{\"@type\":\"WebPage\",\"@id\":\"https:\/\/www.doppelklicker.de\/blog\/future-con-23-karrieremesse-schwarz-gruppe\/#webpage\",\"url\":\"https:\/\/www.doppelklicker.de\/blog\/future-con-23-karrieremesse-schwarz-gruppe\/\",\"name\":\"future_con.23: Einladung f\u00fcr Studenten und Young Professionals\",\"isPartOf\":{\"@id\":\"https:\/\/www.doppelklicker.de\/blog\/#website\"},\"primaryImageOfPage\":{\"@id\":\"https:\/\/www.doppelklicker.de\/blog\/future-con-23-karrieremesse-schwarz-gruppe\/#primaryimage\"},\"datePublished\":\"2023-10-06T06:00:00+00:00\",\"dateModified\":\"2023-10-06T06:00:00+00:00\",\"author\":{\"@id\":\"https:\/\/www.doppelklicker.de\/blog\/#\/schema\/person\/08dcac172bdb025e8ff433488184668a\"},\"breadcrumb\":{\"@id\":\"https:\/\/www.doppelklicker.de\/blog\/future-con-23-karrieremesse-schwarz-gruppe\/#breadcrumb\"},\"inLanguage\":\"de-DE\",\"potentialAction\":[{\"@type\":\"ReadAction\",\"target\":[\"https:\/\/www.doppelklicker.de\/blog\/future-con-23-karrieremesse-schwarz-gruppe\/\"]}]},{\"@type\":\"BreadcrumbList\",\"@id\":\"https:\/\/www.doppelklicker.de\/blog\/future-con-23-karrieremesse-schwarz-gruppe\/#breadcrumb\",\"itemListElement\":[{\"@type\":\"ListItem\",\"position\":1,\"name\":\"Startseite\",\"item\":\"https:\/\/www.doppelklicker.de\/blog\/\"},{\"@type\":\"ListItem\",\"position\":2,\"name\":\"future_con.23: Einladung f\u00fcr Studenten und Young Professionals\"}]},{\"@type\":\"Person\",\"@id\":\"https:\/\/www.doppelklicker.de\/blog\/#\/schema\/person\/08dcac172bdb025e8ff433488184668a\",\"name\":\"Iris Martin\",\"image\":{\"@type\":\"ImageObject\",\"@id\":\"https:\/\/www.doppelklicker.de\/blog\/#personlogo\",\"inLanguage\":\"de-DE\",\"url\":\"https:\/\/secure.gravatar.com\/avatar\/82fdaa093be0b9686b531f99fcb54d15?s=96&d=wp_user_avatar&r=g\",\"contentUrl\":\"https:\/\/secure.gravatar.com\/avatar\/82fdaa093be0b9686b531f99fcb54d15?s=96&d=wp_user_avatar&r=g\",\"caption\":\"Iris Martin\"},\"url\":\"https:\/\/www.doppelklicker.de\/blog\/author\/iris-martin\/\"}]}<\/script>\n<!-- \/ Yoast SEO plugin. -->","yoast_head_json":{"robots":{"index":"index","follow":"follow","max-snippet":"max-snippet:-1","max-image-preview":"max-image-preview:large","max-video-preview":"max-video-preview:-1"},"canonical":"https:\/\/www.doppelklicker.de\/blog\/future-con-23-karrieremesse-schwarz-gruppe\/","og_locale":"de_DE","og_type":"article","og_title":"future_con.23: Einladung f\u00fcr Studenten und Young Professionals","og_description":"Am 19. Oktober 2023 findet die future_con.23 statt, eine Karrieremesse, die von den Unternehmen der Schwarz Gruppe organisiert wird. Studenten, Absolventen und Young Professionals haben die M\u00f6glichkeit, entweder digital oder vor Ort an der Veranstaltung teilzunehmen und Einblicke in die Karrierem\u00f6glichkeiten der Schwarz Gruppe zu erhalten.","og_url":"https:\/\/www.doppelklicker.de\/blog\/future-con-23-karrieremesse-schwarz-gruppe\/","og_site_name":"Aus Mainz.","article_published_time":"2023-10-06T06:00:00+00:00","og_image":[{"width":1280,"height":615,"url":"https:\/\/www.doppelklicker.de\/blog\/wp-content\/uploads\/2023\/10\/einblicke-welt-schwarz-gruppe-future-con-23-10120.jpg","type":"image\/jpeg"}],"twitter_card":"summary_large_image","twitter_misc":{"Verfasst von":"Iris Martin","Gesch\u00e4tzte Lesezeit":"2 Minuten"},"schema":{"@context":"https:\/\/schema.org","@graph":[{"@type":"WebSite","@id":"https:\/\/www.doppelklicker.de\/blog\/#website","url":"https:\/\/www.doppelklicker.de\/blog\/","name":"Aus Mainz.","description":"F\u00fcr die Welt.","potentialAction":[{"@type":"SearchAction","target":{"@type":"EntryPoint","urlTemplate":"https:\/\/www.doppelklicker.de\/blog\/?s={search_term_string}"},"query-input":"required name=search_term_string"}],"inLanguage":"de-DE"},{"@type":"ImageObject","@id":"https:\/\/www.doppelklicker.de\/blog\/future-con-23-karrieremesse-schwarz-gruppe\/#primaryimage","inLanguage":"de-DE","url":"https:\/\/www.doppelklicker.de\/blog\/wp-content\/uploads\/2023\/10\/einblicke-welt-schwarz-gruppe-future-con-23-10120.jpg","contentUrl":"https:\/\/www.doppelklicker.de\/blog\/wp-content\/uploads\/2023\/10\/einblicke-welt-schwarz-gruppe-future-con-23-10120.jpg","width":1280,"height":615,"caption":"future_con.23: Einladung f\u00fcr Studenten und Young Professionals (Foto: Schwarz)"},{"@type":"WebPage","@id":"https:\/\/www.doppelklicker.de\/blog\/future-con-23-karrieremesse-schwarz-gruppe\/#webpage","url":"https:\/\/www.doppelklicker.de\/blog\/future-con-23-karrieremesse-schwarz-gruppe\/","name":"future_con.23: Einladung f\u00fcr Studenten und Young Professionals","isPartOf":{"@id":"https:\/\/www.doppelklicker.de\/blog\/#website"},"primaryImageOfPage":{"@id":"https:\/\/www.doppelklicker.de\/blog\/future-con-23-karrieremesse-schwarz-gruppe\/#primaryimage"},"datePublished":"2023-10-06T06:00:00+00:00","dateModified":"2023-10-06T06:00:00+00:00","author":{"@id":"https:\/\/www.doppelklicker.de\/blog\/#\/schema\/person\/08dcac172bdb025e8ff433488184668a"},"breadcrumb":{"@id":"https:\/\/www.doppelklicker.de\/blog\/future-con-23-karrieremesse-schwarz-gruppe\/#breadcrumb"},"inLanguage":"de-DE","potentialAction":[{"@type":"ReadAction","target":["https:\/\/www.doppelklicker.de\/blog\/future-con-23-karrieremesse-schwarz-gruppe\/"]}]},{"@type":"BreadcrumbList","@id":"https:\/\/www.doppelklicker.de\/blog\/future-con-23-karrieremesse-schwarz-gruppe\/#breadcrumb","itemListElement":[{"@type":"ListItem","position":1,"name":"Startseite","item":"https:\/\/www.doppelklicker.de\/blog\/"},{"@type":"ListItem","position":2,"name":"future_con.23: Einladung f\u00fcr Studenten und Young Professionals"}]},{"@type":"Person","@id":"https:\/\/www.doppelklicker.de\/blog\/#\/schema\/person\/08dcac172bdb025e8ff433488184668a","name":"Iris Martin","image":{"@type":"ImageObject","@id":"https:\/\/www.doppelklicker.de\/blog\/#personlogo","inLanguage":"de-DE","url":"https:\/\/secure.gravatar.com\/avatar\/82fdaa093be0b9686b531f99fcb54d15?s=96&d=wp_user_avatar&r=g","contentUrl":"https:\/\/secure.gravatar.com\/avatar\/82fdaa093be0b9686b531f99fcb54d15?s=96&d=wp_user_avatar&r=g","caption":"Iris Martin"},"url":"https:\/\/www.doppelklicker.de\/blog\/author\/iris-martin\/"}]}},"_links":{"self":[{"href":"https:\/\/www.doppelklicker.de\/blog\/wp-json\/wp\/v2\/posts\/6093"}],"collection":[{"href":"https:\/\/www.doppelklicker.de\/blog\/wp-json\/wp\/v2\/posts"}],"about":[{"href":"https:\/\/www.doppelklicker.de\/blog\/wp-json\/wp\/v2\/types\/post"}],"author":[{"embeddable":true,"href":"https:\/\/www.doppelklicker.de\/blog\/wp-json\/wp\/v2\/users\/8"}],"replies":[{"embeddable":true,"href":"https:\/\/www.doppelklicker.de\/blog\/wp-json\/wp\/v2\/comments?post=6093"}],"version-history":[{"count":0,"href":"https:\/\/www.doppelklicker.de\/blog\/wp-json\/wp\/v2\/posts\/6093\/revisions"}],"wp:featuredmedia":[{"embeddable":true,"href":"https:\/\/www.doppelklicker.de\/blog\/wp-json\/wp\/v2\/media\/6094"}],"wp:attachment":[{"href":"https:\/\/www.doppelklicker.de\/blog\/wp-json\/wp\/v2\/media?parent=6093"}],"wp:term":[{"taxonomy":"category","embeddable":true,"href":"https:\/\/www.doppelklicker.de\/blog\/wp-json\/wp\/v2\/categories?post=6093"},{"taxonomy":"post_tag","embeddable":true,"href":"https:\/\/www.doppelklicker.de\/blog\/wp-json\/wp\/v2\/tags?post=6093"}],"curies":[{"name":"wp","href":"https:\/\/api.w.org\/{rel}","templated":true}]}}