{"id":6095,"date":"2023-10-04T09:00:00","date_gmt":"2023-10-04T07:00:00","guid":{"rendered":"guid"},"modified":"2023-10-04T09:00:00","modified_gmt":"2023-10-04T07:00:00","slug":"weniger-plastik-eigenmarkenverpackungen-schwarz-gruppe","status":"publish","type":"post","link":"https:\/\/www.doppelklicker.de\/blog\/weniger-plastik-eigenmarkenverpackungen-schwarz-gruppe\/","title":{"rendered":"Lidl und Kaufland senken Plastikeinsatz deutlich"},"content":{"rendered":"<p>Die Unternehmen der Schwarz Gruppe, zu denen Lidl und Kaufland geh\u00f6ren, sind entschlossen, ihren Beitrag zur Reduzierung von Plastikabf\u00e4llen zu leisten. Dank ihrer l\u00e4nder\u00fcbergreifenden Zusammenarbeit und der Implementierung verschiedener Ma\u00dfnahmen machen sie gro\u00dfe Fortschritte bei der Umsetzung ihrer gemeinsamen Plastikstrategie REset Plastic. Das urspr\u00fcngliche Ziel, bis 2025 den Plastikeinsatz um 20 Prozent zu reduzieren, wurde bereits \u00fcbertroffen. Nun haben sie ihre Ziele noch ehrgeiziger formuliert: Bis 2025 sollen sparten\u00fcbergreifend 30 Prozent und bis 2027 sogar 35 Prozent weniger Plastik in den Eigenmarkenverpackungen von Lidl und Kaufland verwendet werden.<br \/>\n<!--more--><\/p>\n<div id=\"ez-toc-container\" class=\"ez-toc-v2_0_16 counter-hierarchy\">\n<div class=\"ez-toc-title-container\">\n<p class=\"ez-toc-title\">Inhaltsverzeichnis: Das erwartet Sie in diesem Artikel<\/p>\n<span class=\"ez-toc-title-toggle\"><a class=\"ez-toc-pull-right ez-toc-btn ez-toc-btn-xs ez-toc-btn-default ez-toc-toggle\" style=\"display: none;\"><i class=\"ez-toc-glyphicon ez-toc-icon-toggle\"><\/i><\/a><\/span><\/div>\n<nav><ul class=\"ez-toc-list ez-toc-list-level-1\"><li class=\"ez-toc-page-1 ez-toc-heading-level-2\"><a class=\"ez-toc-link ez-toc-heading-1\" href=\"https:\/\/www.doppelklicker.de\/blog\/weniger-plastik-eigenmarkenverpackungen-schwarz-gruppe\/#lidl-und-kaufland-senken-plastikverbrauch-deutlich\" title=\"Lidl und Kaufland senken Plastikverbrauch deutlich\">Lidl und Kaufland senken Plastikverbrauch deutlich<\/a><\/li><li class=\"ez-toc-page-1 ez-toc-heading-level-2\"><a class=\"ez-toc-link ez-toc-heading-2\" href=\"https:\/\/www.doppelklicker.de\/blog\/weniger-plastik-eigenmarkenverpackungen-schwarz-gruppe\/#lidl-und-kaufland-setzen-auf-recyceltes-plastik\" title=\"Lidl und Kaufland setzen auf recyceltes Plastik\">Lidl und Kaufland setzen auf recyceltes Plastik<\/a><\/li><li class=\"ez-toc-page-1 ez-toc-heading-level-2\"><a class=\"ez-toc-link ez-toc-heading-3\" href=\"https:\/\/www.doppelklicker.de\/blog\/weniger-plastik-eigenmarkenverpackungen-schwarz-gruppe\/#maximierung-der-recyclingfaehigkeit-von-eigenmarkenverpackungen-erreicht\" title=\"Maximierung der Recyclingf\u00e4higkeit von Eigenmarkenverpackungen erreicht\">Maximierung der Recyclingf\u00e4higkeit von Eigenmarkenverpackungen erreicht<\/a><\/li><li class=\"ez-toc-page-1 ez-toc-heading-level-2\"><a class=\"ez-toc-link ez-toc-heading-4\" href=\"https:\/\/www.doppelklicker.de\/blog\/weniger-plastik-eigenmarkenverpackungen-schwarz-gruppe\/#erfolgreiche-fortschritte-durch-umfangreiche-massnahmen-erreicht\" title=\"Erfolgreiche Fortschritte durch umfangreiche Ma\u00dfnahmen erreicht\">Erfolgreiche Fortschritte durch umfangreiche Ma\u00dfnahmen erreicht<\/a><\/li><li class=\"ez-toc-page-1 ez-toc-heading-level-2\"><a class=\"ez-toc-link ez-toc-heading-5\" href=\"https:\/\/www.doppelklicker.de\/blog\/weniger-plastik-eigenmarkenverpackungen-schwarz-gruppe\/#vorreiterrolle-in-der-kreislaufwirtschaft-dank-umfangreicher-massnahmen\" title=\"Vorreiterrolle in der Kreislaufwirtschaft dank umfangreicher Ma\u00dfnahmen\">Vorreiterrolle in der Kreislaufwirtschaft dank umfangreicher Ma\u00dfnahmen<\/a><\/li><\/ul><\/nav><\/div>\n<h2><span class=\"ez-toc-section\" id=\"lidl-und-kaufland-senken-plastikverbrauch-deutlich\"><\/span>Lidl und Kaufland senken Plastikverbrauch deutlich<span class=\"ez-toc-section-end\"><\/span><\/h2>\n<p>Die Zahlen des Gesch\u00e4ftsjahres 2022 verdeutlichen die beeindruckenden Fortschritte von Lidl und Kaufland bei der Reduzierung des Plastikeinsatzes in ihren Eigenmarkenverpackungen. Insgesamt konnte dieser in allen 32 L\u00e4ndern, in denen sie t\u00e4tig sind, um 28 Prozent gesenkt werden. Kaufland in Deutschland erreichte bereits eine Reduktion von 31 Prozent, w\u00e4hrend Lidl in Deutschland 29 Prozent Plastik einsparen konnte.<\/p>\n<h2><span class=\"ez-toc-section\" id=\"lidl-und-kaufland-setzen-auf-recyceltes-plastik\"><\/span>Lidl und Kaufland setzen auf recyceltes Plastik<span class=\"ez-toc-section-end\"><\/span><\/h2>\n<p>Die Schwarz Gruppe legt in ihrer Plastikstrategie gro\u00dfen Wert auf die Verwendung von recyceltem Plastik. Derzeit betr\u00e4gt der Anteil von Rezyklaten in den Eigenmarkenverpackungen von Lidl und Kaufland durchschnittlich 17 Prozent. In Deutschland setzen Lidl bereits 27 Prozent und Kaufland sogar 34 Prozent recyceltes Plastik ein. Mit dieser Ma\u00dfnahme tragen die Unternehmen aktiv zur Schonung der Ressourcen bei und leisten einen wichtigen Beitrag zur Verringerung von Plastikabf\u00e4llen.<\/p>\n<h2><span class=\"ez-toc-section\" id=\"maximierung-der-recyclingfaehigkeit-von-eigenmarkenverpackungen-erreicht\"><\/span>Maximierung der Recyclingf\u00e4higkeit von Eigenmarkenverpackungen erreicht<span class=\"ez-toc-section-end\"><\/span><\/h2>\n<p>Die Schwarz Gruppe hat gro\u00dfe Fortschritte bei der Maximierung der Recyclingf\u00e4higkeit ihrer Eigenmarkenverpackungen erzielt. L\u00e4nder\u00fcbergreifend erf\u00fcllen bereits 53 Prozent der Verpackungen die h\u00f6chsten Recyclinganforderungen, w\u00e4hrend es bei Kaufland in Deutschland derzeit 51 Prozent und bei Lidl sogar 56 Prozent sind. Durch diese Ma\u00dfnahme wird sichergestellt, dass die Verpackungen nach ihrer Verwendung dem Recyclingkreislauf zugef\u00fchrt werden k\u00f6nnen.<\/p>\n<h2><span class=\"ez-toc-section\" id=\"erfolgreiche-fortschritte-durch-umfangreiche-massnahmen-erreicht\"><\/span>Erfolgreiche Fortschritte durch umfangreiche Ma\u00dfnahmen erreicht<span class=\"ez-toc-section-end\"><\/span><\/h2>\n<p>Auch in den Verpackungen von Wasch-, Putz- und Reinigungsmitteln wird der Einsatz von Rezyklaten erh\u00f6ht, beispielsweise im &#8222;Formil&#8220; Color Waschmittel und im &#8222;K-Classic&#8220; WC-Reiniger.<\/p>\n<p>Die Verpackungen werden mit Blick auf das Recycling entwickelt. Die Schwarz Gruppe verwendet vermehrt Mono-Materialien, die eine hohe Recycelbarkeit aufweisen. Dadurch wird sichergestellt, dass die Verpackungen problemlos in den Recyclingprozess integriert werden k\u00f6nnen.<\/p>\n<p>Durch den Einsatz innovativer Wasch- und Sortierprozesse k\u00f6nnen Wertstoffe aus dem gelben Sack oder der gelben Tonne so aufbereitet werden, dass sie in Verpackungen wie der H\u00e4hnchenfleischverpackung der Lidl-Eigenmarke &#8222;Metzgerfrisch&#8220; verwendet werden k\u00f6nnen. Die Zusammenarbeit mit PreZero, dem Umweltdienstleister der Schwarz Gruppe, tr\u00e4gt ma\u00dfgeblich zur Steigerung des Rezyklateinsatzes bei.<\/p>\n<p>Durch eine gezielte Anpassung des Designs tragen die Unternehmen der Schwarz Gruppe zur Verpackungsoptimierung bei. Dabei wird das Verpackungsmaterial reduziert und auf den Einsatz von Verschlussclips verzichtet. Zus\u00e4tzlich wird das Gewicht der Verpackungen insgesamt verringert, um einen nachhaltigen Beitrag zur Abfallreduzierung zu leisten.<\/p>\n<h2><span class=\"ez-toc-section\" id=\"vorreiterrolle-in-der-kreislaufwirtschaft-dank-umfangreicher-massnahmen\"><\/span>Vorreiterrolle in der Kreislaufwirtschaft dank umfangreicher Ma\u00dfnahmen<span class=\"ez-toc-section-end\"><\/span><\/h2>\n<p>Die Unternehmen der Schwarz Gruppe, zu denen Lidl und Kaufland geh\u00f6ren, haben in ihrer gemeinsamen Plastikstrategie REset Plastic gro\u00dfe Fortschritte bei der Reduzierung des Plastikeinsatzes in ihren Eigenmarkenverpackungen erzielt. Das urspr\u00fcngliche Ziel von 20 Prozent weniger Plastik bis 2025 haben sie bereits \u00fcbertroffen und setzen nun noch h\u00f6here Ziele. Bis 2025 streben sie an, sparten\u00fcbergreifend 30 Prozent und bis 2027 sogar 35 Prozent weniger Plastik in den Eigenmarkenverpackungen von Lidl und Kaufland zu verwenden.<\/p>\n<p>Durch Designoptimierung, innovative Rezyklatnutzung und Verpackungsoptimierung haben die Unternehmen der Schwarz Gruppe bereits gro\u00dfe Fortschritte erzielt. Ihre Plastikstrategie REset Plastic positioniert sie als Pioniere in der Kreislaufwirtschaft und tr\u00e4gt ma\u00dfgeblich zum Umweltschutz und zur nachhaltigen Nutzung von Ressourcen bei.<\/p>\n","protected":false},"excerpt":{"rendered":"<p>Die Unternehmen der Schwarz Gruppe, zu denen Lidl und Kaufland geh\u00f6ren, sind entschlossen, ihren Beitrag zur Reduzierung von Plastikabf\u00e4llen zu leisten. Dank ihrer l\u00e4nder\u00fcbergreifenden Zusammenarbeit und der Implementierung verschiedener Ma\u00dfnahmen machen sie gro\u00dfe Fortschritte bei der Umsetzung ihrer gemeinsamen Plastikstrategie REset Plastic. Das urspr\u00fcngliche Ziel, bis 2025 den Plastikeinsatz um 20 Prozent zu reduzieren, wurde<\/p>\n<div class=\"read-more\"><a href=\"https:\/\/www.doppelklicker.de\/blog\/weniger-plastik-eigenmarkenverpackungen-schwarz-gruppe\/\" title=\"Jetzt alles lesen\">Jetzt alles lesen<\/a><\/div>\n","protected":false},"author":8,"featured_media":6096,"comment_status":"open","ping_status":"open","sticky":false,"template":"","format":"standard","meta":[],"categories":[3305],"tags":[],"yoast_head":"<!-- This site is optimized with the Yoast SEO plugin v18.2 - https:\/\/yoast.com\/wordpress\/plugins\/seo\/ -->\n<meta name=\"robots\" content=\"index, follow, max-snippet:-1, max-image-preview:large, max-video-preview:-1\" \/>\n<link rel=\"canonical\" href=\"https:\/\/www.doppelklicker.de\/blog\/weniger-plastik-eigenmarkenverpackungen-schwarz-gruppe\/\" \/>\n<meta property=\"og:locale\" content=\"de_DE\" \/>\n<meta property=\"og:type\" content=\"article\" \/>\n<meta property=\"og:title\" content=\"Lidl und Kaufland senken Plastikeinsatz deutlich\" \/>\n<meta property=\"og:description\" content=\"Die Unternehmen der Schwarz Gruppe, zu denen Lidl und Kaufland geh\u00f6ren, sind entschlossen, ihren Beitrag zur Reduzierung von Plastikabf\u00e4llen zu leisten. Dank ihrer l\u00e4nder\u00fcbergreifenden Zusammenarbeit und der Implementierung verschiedener Ma\u00dfnahmen machen sie gro\u00dfe Fortschritte bei der Umsetzung ihrer gemeinsamen Plastikstrategie REset Plastic. Das urspr\u00fcngliche Ziel, bis 2025 den Plastikeinsatz um 20 Prozent zu reduzieren, wurdeJetzt alles lesen\" \/>\n<meta property=\"og:url\" content=\"https:\/\/www.doppelklicker.de\/blog\/weniger-plastik-eigenmarkenverpackungen-schwarz-gruppe\/\" \/>\n<meta property=\"og:site_name\" content=\"Aus Mainz.\" \/>\n<meta property=\"article:published_time\" content=\"2023-10-04T07:00:00+00:00\" \/>\n<meta property=\"og:image\" content=\"https:\/\/www.doppelklicker.de\/blog\/wp-content\/uploads\/2023\/10\/schwarz-gruppe-setzt-ambitionierte-ziele-10128.jpg\" \/>\n\t<meta property=\"og:image:width\" content=\"1280\" \/>\n\t<meta property=\"og:image:height\" content=\"615\" \/>\n\t<meta property=\"og:image:type\" content=\"image\/jpeg\" \/>\n<meta name=\"twitter:card\" content=\"summary_large_image\" \/>\n<meta name=\"twitter:label1\" content=\"Verfasst von\" \/>\n\t<meta name=\"twitter:data1\" content=\"Iris Martin\" \/>\n\t<meta name=\"twitter:label2\" content=\"Gesch\u00e4tzte Lesezeit\" \/>\n\t<meta name=\"twitter:data2\" content=\"3 Minuten\" \/>\n<script type=\"application\/ld+json\" class=\"yoast-schema-graph\">{\"@context\":\"https:\/\/schema.org\",\"@graph\":[{\"@type\":\"WebSite\",\"@id\":\"https:\/\/www.doppelklicker.de\/blog\/#website\",\"url\":\"https:\/\/www.doppelklicker.de\/blog\/\",\"name\":\"Aus Mainz.\",\"description\":\"F\u00fcr die Welt.\",\"potentialAction\":[{\"@type\":\"SearchAction\",\"target\":{\"@type\":\"EntryPoint\",\"urlTemplate\":\"https:\/\/www.doppelklicker.de\/blog\/?s={search_term_string}\"},\"query-input\":\"required name=search_term_string\"}],\"inLanguage\":\"de-DE\"},{\"@type\":\"ImageObject\",\"@id\":\"https:\/\/www.doppelklicker.de\/blog\/weniger-plastik-eigenmarkenverpackungen-schwarz-gruppe\/#primaryimage\",\"inLanguage\":\"de-DE\",\"url\":\"https:\/\/www.doppelklicker.de\/blog\/wp-content\/uploads\/2023\/10\/schwarz-gruppe-setzt-ambitionierte-ziele-10128.jpg\",\"contentUrl\":\"https:\/\/www.doppelklicker.de\/blog\/wp-content\/uploads\/2023\/10\/schwarz-gruppe-setzt-ambitionierte-ziele-10128.jpg\",\"width\":1280,\"height\":615,\"caption\":\"Lidl und Kaufland senken Plastikeinsatz deutlich (Foto: AdobeStock - Marlon 266066425)\"},{\"@type\":\"WebPage\",\"@id\":\"https:\/\/www.doppelklicker.de\/blog\/weniger-plastik-eigenmarkenverpackungen-schwarz-gruppe\/#webpage\",\"url\":\"https:\/\/www.doppelklicker.de\/blog\/weniger-plastik-eigenmarkenverpackungen-schwarz-gruppe\/\",\"name\":\"Lidl und Kaufland senken Plastikeinsatz deutlich\",\"isPartOf\":{\"@id\":\"https:\/\/www.doppelklicker.de\/blog\/#website\"},\"primaryImageOfPage\":{\"@id\":\"https:\/\/www.doppelklicker.de\/blog\/weniger-plastik-eigenmarkenverpackungen-schwarz-gruppe\/#primaryimage\"},\"datePublished\":\"2023-10-04T07:00:00+00:00\",\"dateModified\":\"2023-10-04T07:00:00+00:00\",\"author\":{\"@id\":\"https:\/\/www.doppelklicker.de\/blog\/#\/schema\/person\/08dcac172bdb025e8ff433488184668a\"},\"breadcrumb\":{\"@id\":\"https:\/\/www.doppelklicker.de\/blog\/weniger-plastik-eigenmarkenverpackungen-schwarz-gruppe\/#breadcrumb\"},\"inLanguage\":\"de-DE\",\"potentialAction\":[{\"@type\":\"ReadAction\",\"target\":[\"https:\/\/www.doppelklicker.de\/blog\/weniger-plastik-eigenmarkenverpackungen-schwarz-gruppe\/\"]}]},{\"@type\":\"BreadcrumbList\",\"@id\":\"https:\/\/www.doppelklicker.de\/blog\/weniger-plastik-eigenmarkenverpackungen-schwarz-gruppe\/#breadcrumb\",\"itemListElement\":[{\"@type\":\"ListItem\",\"position\":1,\"name\":\"Startseite\",\"item\":\"https:\/\/www.doppelklicker.de\/blog\/\"},{\"@type\":\"ListItem\",\"position\":2,\"name\":\"Lidl und Kaufland senken Plastikeinsatz deutlich\"}]},{\"@type\":\"Person\",\"@id\":\"https:\/\/www.doppelklicker.de\/blog\/#\/schema\/person\/08dcac172bdb025e8ff433488184668a\",\"name\":\"Iris Martin\",\"image\":{\"@type\":\"ImageObject\",\"@id\":\"https:\/\/www.doppelklicker.de\/blog\/#personlogo\",\"inLanguage\":\"de-DE\",\"url\":\"https:\/\/secure.gravatar.com\/avatar\/82fdaa093be0b9686b531f99fcb54d15?s=96&d=wp_user_avatar&r=g\",\"contentUrl\":\"https:\/\/secure.gravatar.com\/avatar\/82fdaa093be0b9686b531f99fcb54d15?s=96&d=wp_user_avatar&r=g\",\"caption\":\"Iris Martin\"},\"url\":\"https:\/\/www.doppelklicker.de\/blog\/author\/iris-martin\/\"}]}<\/script>\n<!-- \/ Yoast SEO plugin. -->","yoast_head_json":{"robots":{"index":"index","follow":"follow","max-snippet":"max-snippet:-1","max-image-preview":"max-image-preview:large","max-video-preview":"max-video-preview:-1"},"canonical":"https:\/\/www.doppelklicker.de\/blog\/weniger-plastik-eigenmarkenverpackungen-schwarz-gruppe\/","og_locale":"de_DE","og_type":"article","og_title":"Lidl und Kaufland senken Plastikeinsatz deutlich","og_description":"Die Unternehmen der Schwarz Gruppe, zu denen Lidl und Kaufland geh\u00f6ren, sind entschlossen, ihren Beitrag zur Reduzierung von Plastikabf\u00e4llen zu leisten. Dank ihrer l\u00e4nder\u00fcbergreifenden Zusammenarbeit und der Implementierung verschiedener Ma\u00dfnahmen machen sie gro\u00dfe Fortschritte bei der Umsetzung ihrer gemeinsamen Plastikstrategie REset Plastic. Das urspr\u00fcngliche Ziel, bis 2025 den Plastikeinsatz um 20 Prozent zu reduzieren, wurdeJetzt alles lesen","og_url":"https:\/\/www.doppelklicker.de\/blog\/weniger-plastik-eigenmarkenverpackungen-schwarz-gruppe\/","og_site_name":"Aus Mainz.","article_published_time":"2023-10-04T07:00:00+00:00","og_image":[{"width":1280,"height":615,"url":"https:\/\/www.doppelklicker.de\/blog\/wp-content\/uploads\/2023\/10\/schwarz-gruppe-setzt-ambitionierte-ziele-10128.jpg","type":"image\/jpeg"}],"twitter_card":"summary_large_image","twitter_misc":{"Verfasst von":"Iris Martin","Gesch\u00e4tzte Lesezeit":"3 Minuten"},"schema":{"@context":"https:\/\/schema.org","@graph":[{"@type":"WebSite","@id":"https:\/\/www.doppelklicker.de\/blog\/#website","url":"https:\/\/www.doppelklicker.de\/blog\/","name":"Aus Mainz.","description":"F\u00fcr die Welt.","potentialAction":[{"@type":"SearchAction","target":{"@type":"EntryPoint","urlTemplate":"https:\/\/www.doppelklicker.de\/blog\/?s={search_term_string}"},"query-input":"required name=search_term_string"}],"inLanguage":"de-DE"},{"@type":"ImageObject","@id":"https:\/\/www.doppelklicker.de\/blog\/weniger-plastik-eigenmarkenverpackungen-schwarz-gruppe\/#primaryimage","inLanguage":"de-DE","url":"https:\/\/www.doppelklicker.de\/blog\/wp-content\/uploads\/2023\/10\/schwarz-gruppe-setzt-ambitionierte-ziele-10128.jpg","contentUrl":"https:\/\/www.doppelklicker.de\/blog\/wp-content\/uploads\/2023\/10\/schwarz-gruppe-setzt-ambitionierte-ziele-10128.jpg","width":1280,"height":615,"caption":"Lidl und Kaufland senken Plastikeinsatz deutlich (Foto: AdobeStock - Marlon 266066425)"},{"@type":"WebPage","@id":"https:\/\/www.doppelklicker.de\/blog\/weniger-plastik-eigenmarkenverpackungen-schwarz-gruppe\/#webpage","url":"https:\/\/www.doppelklicker.de\/blog\/weniger-plastik-eigenmarkenverpackungen-schwarz-gruppe\/","name":"Lidl und Kaufland senken Plastikeinsatz deutlich","isPartOf":{"@id":"https:\/\/www.doppelklicker.de\/blog\/#website"},"primaryImageOfPage":{"@id":"https:\/\/www.doppelklicker.de\/blog\/weniger-plastik-eigenmarkenverpackungen-schwarz-gruppe\/#primaryimage"},"datePublished":"2023-10-04T07:00:00+00:00","dateModified":"2023-10-04T07:00:00+00:00","author":{"@id":"https:\/\/www.doppelklicker.de\/blog\/#\/schema\/person\/08dcac172bdb025e8ff433488184668a"},"breadcrumb":{"@id":"https:\/\/www.doppelklicker.de\/blog\/weniger-plastik-eigenmarkenverpackungen-schwarz-gruppe\/#breadcrumb"},"inLanguage":"de-DE","potentialAction":[{"@type":"ReadAction","target":["https:\/\/www.doppelklicker.de\/blog\/weniger-plastik-eigenmarkenverpackungen-schwarz-gruppe\/"]}]},{"@type":"BreadcrumbList","@id":"https:\/\/www.doppelklicker.de\/blog\/weniger-plastik-eigenmarkenverpackungen-schwarz-gruppe\/#breadcrumb","itemListElement":[{"@type":"ListItem","position":1,"name":"Startseite","item":"https:\/\/www.doppelklicker.de\/blog\/"},{"@type":"ListItem","position":2,"name":"Lidl und Kaufland senken Plastikeinsatz deutlich"}]},{"@type":"Person","@id":"https:\/\/www.doppelklicker.de\/blog\/#\/schema\/person\/08dcac172bdb025e8ff433488184668a","name":"Iris Martin","image":{"@type":"ImageObject","@id":"https:\/\/www.doppelklicker.de\/blog\/#personlogo","inLanguage":"de-DE","url":"https:\/\/secure.gravatar.com\/avatar\/82fdaa093be0b9686b531f99fcb54d15?s=96&d=wp_user_avatar&r=g","contentUrl":"https:\/\/secure.gravatar.com\/avatar\/82fdaa093be0b9686b531f99fcb54d15?s=96&d=wp_user_avatar&r=g","caption":"Iris Martin"},"url":"https:\/\/www.doppelklicker.de\/blog\/author\/iris-martin\/"}]}},"_links":{"self":[{"href":"https:\/\/www.doppelklicker.de\/blog\/wp-json\/wp\/v2\/posts\/6095"}],"collection":[{"href":"https:\/\/www.doppelklicker.de\/blog\/wp-json\/wp\/v2\/posts"}],"about":[{"href":"https:\/\/www.doppelklicker.de\/blog\/wp-json\/wp\/v2\/types\/post"}],"author":[{"embeddable":true,"href":"https:\/\/www.doppelklicker.de\/blog\/wp-json\/wp\/v2\/users\/8"}],"replies":[{"embeddable":true,"href":"https:\/\/www.doppelklicker.de\/blog\/wp-json\/wp\/v2\/comments?post=6095"}],"version-history":[{"count":0,"href":"https:\/\/www.doppelklicker.de\/blog\/wp-json\/wp\/v2\/posts\/6095\/revisions"}],"wp:featuredmedia":[{"embeddable":true,"href":"https:\/\/www.doppelklicker.de\/blog\/wp-json\/wp\/v2\/media\/6096"}],"wp:attachment":[{"href":"https:\/\/www.doppelklicker.de\/blog\/wp-json\/wp\/v2\/media?parent=6095"}],"wp:term":[{"taxonomy":"category","embeddable":true,"href":"https:\/\/www.doppelklicker.de\/blog\/wp-json\/wp\/v2\/categories?post=6095"},{"taxonomy":"post_tag","embeddable":true,"href":"https:\/\/www.doppelklicker.de\/blog\/wp-json\/wp\/v2\/tags?post=6095"}],"curies":[{"name":"wp","href":"https:\/\/api.w.org\/{rel}","templated":true}]}}