{"id":6132,"date":"2023-10-17T08:00:00","date_gmt":"2023-10-17T06:00:00","guid":{"rendered":"guid"},"modified":"2023-10-17T08:00:00","modified_gmt":"2023-10-17T06:00:00","slug":"tiktok-eu-ermahnung","status":"publish","type":"post","link":"https:\/\/www.doppelklicker.de\/blog\/tiktok-eu-ermahnung\/","title":{"rendered":"TikTok drohen Geldbu\u00dfen wegen Verbreitung von Desinformationen"},"content":{"rendered":"<p>Nachdem die Hamas Israel angegriffen hatte, hat der EU-Kommissar f\u00fcr Binnenmarkt und Dienstleistungen, Thierry Breton, TikTok wegen der Verbreitung von Desinformationen zur Rede gestellt. Damit schlie\u00dft sich das beliebte Kurzvideo-Netzwerk anderen Plattformen an, die von Breton bereits kritisiert wurden, darunter Twitter und Facebook.<br \/>\n<!--more--><\/p>\n<h2>TikTok-CEO erh\u00e4lt 24-Stunden-Frist zur Bek\u00e4mpfung illegaler Inhalte<\/h2>\n<p>Gem\u00e4\u00df Berichten hat Thierry Breton, der EU-Kommissar f\u00fcr Binnenmarkt und Dienstleistungen, den CEO von TikTok angewiesen, innerhalb von 24 Stunden verst\u00e4rkte Ma\u00dfnahmen zu ergreifen, um illegale und sch\u00e4dliche Inhalte von der Plattform zu entfernen. TikTok muss den gesetzlichen Bestimmungen entsprechen und Desinformationen effektiv bek\u00e4mpfen. Andernfalls sieht das Unternehmen empfindliche Geldbu\u00dfen vor. TikTok reiht sich damit in die Liste der Plattformen ein, die von Breton wegen ihrer unzureichenden Aktivit\u00e4ten im Gaza-Konflikt ermahnt wurden.<\/p>\n<h2>Meldepflicht f\u00fcr strafrechtlich relevante Inhalte noch illusorisch<\/h2>\n<p>Auch in Deutschland wird der Kampf gegen Hass und Hetze im Internet immer wichtiger. Obwohl eine nationale Meldepflicht f\u00fcr strafrechtlich relevante Inhalte auf gro\u00dfen Plattformen wie Google, Meta, TikTok und Twitter zun\u00e4chst als unrealistisch betrachtet wurde, setzt die deutsche Politik weiterhin auf eine umfassende Strategie zur Bek\u00e4mpfung dieses Problems.<\/p>\n<p>Das in Deutschland bereits geltende Netzwerkdurchsetzungsgesetz, das in Zukunft gr\u00f6\u00dftenteils aufgehoben werden soll, demonstriert den festen Standpunkt der deutschen Justiz gegen Hass im Netz. Das Bundesamt f\u00fcr Justiz f\u00fchrt Bu\u00dfgeldverfahren gegen Plattformen wie Telegram und X weiter, um ein klares Zeichen zu setzen und die Verantwortlichen zur Verantwortung zu ziehen.<\/p>\n<h2>Verantwortung der Plattformen: Aktiver Kampf gegen Desinformationen<\/h2>\n<p>Das deutsche Justizministerium hebt hervor, wie wichtig ein ganzheitlicher Ansatz im Kampf gegen Hass im Internet ist. Es gen\u00fcgt nicht, nur einzelne Plattformen zu ermahnen oder mit Geldstrafen zu belegen. Stattdessen m\u00fcssen alle gro\u00dfen Plattformen ihre Verantwortung erkennen und aktiv gegen Desinformationen und Hassbotschaften vorgehen.<\/p>\n<p>Die derzeitige Kritik an TikTok und anderen Plattformen zeigt, dass der Kampf gegen Desinformationen und Hass im Internet weiterhin von hoher Bedeutung ist. Die Forderung nach verst\u00e4rkten Ma\u00dfnahmen seitens der EU-Kommissare und der deutschen Justiz ist ein wichtiger Schritt in Richtung einer L\u00f6sung dieses Problems. Nur durch ein gemeinsames und konsequentes Vorgehen k\u00f6nnen wir eine sichere und vertrauensw\u00fcrdige Online-Umgebung schaffen.<\/p>\n","protected":false},"excerpt":{"rendered":"<p>Nachdem die Hamas Israel angegriffen hatte, hat der EU-Kommissar f\u00fcr Binnenmarkt und Dienstleistungen, Thierry Breton, TikTok wegen der Verbreitung von Desinformationen zur Rede gestellt. Damit schlie\u00dft sich das beliebte Kurzvideo-Netzwerk anderen Plattformen an, die von Breton bereits kritisiert wurden, darunter Twitter und Facebook.<\/p>\n","protected":false},"author":8,"featured_media":6135,"comment_status":"open","ping_status":"open","sticky":false,"template":"","format":"standard","meta":[],"categories":[3305],"tags":[],"yoast_head":"<!-- This site is optimized with the Yoast SEO plugin v18.2 - https:\/\/yoast.com\/wordpress\/plugins\/seo\/ -->\n<meta name=\"robots\" content=\"index, follow, max-snippet:-1, max-image-preview:large, max-video-preview:-1\" \/>\n<link rel=\"canonical\" href=\"https:\/\/www.doppelklicker.de\/blog\/tiktok-eu-ermahnung\/\" \/>\n<meta property=\"og:locale\" content=\"de_DE\" \/>\n<meta property=\"og:type\" content=\"article\" \/>\n<meta property=\"og:title\" content=\"TikTok drohen Geldbu\u00dfen wegen Verbreitung von Desinformationen\" \/>\n<meta property=\"og:description\" content=\"Nachdem die Hamas Israel angegriffen hatte, hat der EU-Kommissar f\u00fcr Binnenmarkt und Dienstleistungen, Thierry Breton, TikTok wegen der Verbreitung von Desinformationen zur Rede gestellt. Damit schlie\u00dft sich das beliebte Kurzvideo-Netzwerk anderen Plattformen an, die von Breton bereits kritisiert wurden, darunter Twitter und Facebook.\" \/>\n<meta property=\"og:url\" content=\"https:\/\/www.doppelklicker.de\/blog\/tiktok-eu-ermahnung\/\" \/>\n<meta property=\"og:site_name\" content=\"Aus Mainz.\" \/>\n<meta property=\"article:published_time\" content=\"2023-10-17T06:00:00+00:00\" \/>\n<meta property=\"og:image\" content=\"https:\/\/www.doppelklicker.de\/blog\/wp-content\/uploads\/2023\/10\/eu-kommissar-fordert-tiktok-zur-bekaempfung-von-desinformationen-10921.jpg\" \/>\n\t<meta property=\"og:image:width\" content=\"1280\" \/>\n\t<meta property=\"og:image:height\" content=\"615\" \/>\n\t<meta property=\"og:image:type\" content=\"image\/jpeg\" \/>\n<meta name=\"twitter:card\" content=\"summary_large_image\" \/>\n<meta name=\"twitter:label1\" content=\"Verfasst von\" \/>\n\t<meta name=\"twitter:data1\" content=\"Iris Martin\" \/>\n\t<meta name=\"twitter:label2\" content=\"Gesch\u00e4tzte Lesezeit\" \/>\n\t<meta name=\"twitter:data2\" content=\"2 Minuten\" \/>\n<script type=\"application\/ld+json\" class=\"yoast-schema-graph\">{\"@context\":\"https:\/\/schema.org\",\"@graph\":[{\"@type\":\"WebSite\",\"@id\":\"https:\/\/www.doppelklicker.de\/blog\/#website\",\"url\":\"https:\/\/www.doppelklicker.de\/blog\/\",\"name\":\"Aus Mainz.\",\"description\":\"F\u00fcr die Welt.\",\"potentialAction\":[{\"@type\":\"SearchAction\",\"target\":{\"@type\":\"EntryPoint\",\"urlTemplate\":\"https:\/\/www.doppelklicker.de\/blog\/?s={search_term_string}\"},\"query-input\":\"required name=search_term_string\"}],\"inLanguage\":\"de-DE\"},{\"@type\":\"ImageObject\",\"@id\":\"https:\/\/www.doppelklicker.de\/blog\/tiktok-eu-ermahnung\/#primaryimage\",\"inLanguage\":\"de-DE\",\"url\":\"https:\/\/www.doppelklicker.de\/blog\/wp-content\/uploads\/2023\/10\/eu-kommissar-fordert-tiktok-zur-bekaempfung-von-desinformationen-10921.jpg\",\"contentUrl\":\"https:\/\/www.doppelklicker.de\/blog\/wp-content\/uploads\/2023\/10\/eu-kommissar-fordert-tiktok-zur-bekaempfung-von-desinformationen-10921.jpg\",\"width\":1280,\"height\":615,\"caption\":\"TikTok drohen Geldbu\u00dfen wegen Verbreitung von Desinformationen (Foto: AdobeStock - Kaspars Grinvalds 487403475)\"},{\"@type\":\"WebPage\",\"@id\":\"https:\/\/www.doppelklicker.de\/blog\/tiktok-eu-ermahnung\/#webpage\",\"url\":\"https:\/\/www.doppelklicker.de\/blog\/tiktok-eu-ermahnung\/\",\"name\":\"TikTok drohen Geldbu\u00dfen wegen Verbreitung von Desinformationen\",\"isPartOf\":{\"@id\":\"https:\/\/www.doppelklicker.de\/blog\/#website\"},\"primaryImageOfPage\":{\"@id\":\"https:\/\/www.doppelklicker.de\/blog\/tiktok-eu-ermahnung\/#primaryimage\"},\"datePublished\":\"2023-10-17T06:00:00+00:00\",\"dateModified\":\"2023-10-17T06:00:00+00:00\",\"author\":{\"@id\":\"https:\/\/www.doppelklicker.de\/blog\/#\/schema\/person\/08dcac172bdb025e8ff433488184668a\"},\"breadcrumb\":{\"@id\":\"https:\/\/www.doppelklicker.de\/blog\/tiktok-eu-ermahnung\/#breadcrumb\"},\"inLanguage\":\"de-DE\",\"potentialAction\":[{\"@type\":\"ReadAction\",\"target\":[\"https:\/\/www.doppelklicker.de\/blog\/tiktok-eu-ermahnung\/\"]}]},{\"@type\":\"BreadcrumbList\",\"@id\":\"https:\/\/www.doppelklicker.de\/blog\/tiktok-eu-ermahnung\/#breadcrumb\",\"itemListElement\":[{\"@type\":\"ListItem\",\"position\":1,\"name\":\"Startseite\",\"item\":\"https:\/\/www.doppelklicker.de\/blog\/\"},{\"@type\":\"ListItem\",\"position\":2,\"name\":\"TikTok drohen Geldbu\u00dfen wegen Verbreitung von Desinformationen\"}]},{\"@type\":\"Person\",\"@id\":\"https:\/\/www.doppelklicker.de\/blog\/#\/schema\/person\/08dcac172bdb025e8ff433488184668a\",\"name\":\"Iris Martin\",\"image\":{\"@type\":\"ImageObject\",\"@id\":\"https:\/\/www.doppelklicker.de\/blog\/#personlogo\",\"inLanguage\":\"de-DE\",\"url\":\"https:\/\/secure.gravatar.com\/avatar\/82fdaa093be0b9686b531f99fcb54d15?s=96&d=wp_user_avatar&r=g\",\"contentUrl\":\"https:\/\/secure.gravatar.com\/avatar\/82fdaa093be0b9686b531f99fcb54d15?s=96&d=wp_user_avatar&r=g\",\"caption\":\"Iris Martin\"},\"url\":\"https:\/\/www.doppelklicker.de\/blog\/author\/iris-martin\/\"}]}<\/script>\n<!-- \/ Yoast SEO plugin. -->","yoast_head_json":{"robots":{"index":"index","follow":"follow","max-snippet":"max-snippet:-1","max-image-preview":"max-image-preview:large","max-video-preview":"max-video-preview:-1"},"canonical":"https:\/\/www.doppelklicker.de\/blog\/tiktok-eu-ermahnung\/","og_locale":"de_DE","og_type":"article","og_title":"TikTok drohen Geldbu\u00dfen wegen Verbreitung von Desinformationen","og_description":"Nachdem die Hamas Israel angegriffen hatte, hat der EU-Kommissar f\u00fcr Binnenmarkt und Dienstleistungen, Thierry Breton, TikTok wegen der Verbreitung von Desinformationen zur Rede gestellt. Damit schlie\u00dft sich das beliebte Kurzvideo-Netzwerk anderen Plattformen an, die von Breton bereits kritisiert wurden, darunter Twitter und Facebook.","og_url":"https:\/\/www.doppelklicker.de\/blog\/tiktok-eu-ermahnung\/","og_site_name":"Aus Mainz.","article_published_time":"2023-10-17T06:00:00+00:00","og_image":[{"width":1280,"height":615,"url":"https:\/\/www.doppelklicker.de\/blog\/wp-content\/uploads\/2023\/10\/eu-kommissar-fordert-tiktok-zur-bekaempfung-von-desinformationen-10921.jpg","type":"image\/jpeg"}],"twitter_card":"summary_large_image","twitter_misc":{"Verfasst von":"Iris Martin","Gesch\u00e4tzte Lesezeit":"2 Minuten"},"schema":{"@context":"https:\/\/schema.org","@graph":[{"@type":"WebSite","@id":"https:\/\/www.doppelklicker.de\/blog\/#website","url":"https:\/\/www.doppelklicker.de\/blog\/","name":"Aus Mainz.","description":"F\u00fcr die Welt.","potentialAction":[{"@type":"SearchAction","target":{"@type":"EntryPoint","urlTemplate":"https:\/\/www.doppelklicker.de\/blog\/?s={search_term_string}"},"query-input":"required name=search_term_string"}],"inLanguage":"de-DE"},{"@type":"ImageObject","@id":"https:\/\/www.doppelklicker.de\/blog\/tiktok-eu-ermahnung\/#primaryimage","inLanguage":"de-DE","url":"https:\/\/www.doppelklicker.de\/blog\/wp-content\/uploads\/2023\/10\/eu-kommissar-fordert-tiktok-zur-bekaempfung-von-desinformationen-10921.jpg","contentUrl":"https:\/\/www.doppelklicker.de\/blog\/wp-content\/uploads\/2023\/10\/eu-kommissar-fordert-tiktok-zur-bekaempfung-von-desinformationen-10921.jpg","width":1280,"height":615,"caption":"TikTok drohen Geldbu\u00dfen wegen Verbreitung von Desinformationen (Foto: AdobeStock - Kaspars Grinvalds 487403475)"},{"@type":"WebPage","@id":"https:\/\/www.doppelklicker.de\/blog\/tiktok-eu-ermahnung\/#webpage","url":"https:\/\/www.doppelklicker.de\/blog\/tiktok-eu-ermahnung\/","name":"TikTok drohen Geldbu\u00dfen wegen Verbreitung von Desinformationen","isPartOf":{"@id":"https:\/\/www.doppelklicker.de\/blog\/#website"},"primaryImageOfPage":{"@id":"https:\/\/www.doppelklicker.de\/blog\/tiktok-eu-ermahnung\/#primaryimage"},"datePublished":"2023-10-17T06:00:00+00:00","dateModified":"2023-10-17T06:00:00+00:00","author":{"@id":"https:\/\/www.doppelklicker.de\/blog\/#\/schema\/person\/08dcac172bdb025e8ff433488184668a"},"breadcrumb":{"@id":"https:\/\/www.doppelklicker.de\/blog\/tiktok-eu-ermahnung\/#breadcrumb"},"inLanguage":"de-DE","potentialAction":[{"@type":"ReadAction","target":["https:\/\/www.doppelklicker.de\/blog\/tiktok-eu-ermahnung\/"]}]},{"@type":"BreadcrumbList","@id":"https:\/\/www.doppelklicker.de\/blog\/tiktok-eu-ermahnung\/#breadcrumb","itemListElement":[{"@type":"ListItem","position":1,"name":"Startseite","item":"https:\/\/www.doppelklicker.de\/blog\/"},{"@type":"ListItem","position":2,"name":"TikTok drohen Geldbu\u00dfen wegen Verbreitung von Desinformationen"}]},{"@type":"Person","@id":"https:\/\/www.doppelklicker.de\/blog\/#\/schema\/person\/08dcac172bdb025e8ff433488184668a","name":"Iris Martin","image":{"@type":"ImageObject","@id":"https:\/\/www.doppelklicker.de\/blog\/#personlogo","inLanguage":"de-DE","url":"https:\/\/secure.gravatar.com\/avatar\/82fdaa093be0b9686b531f99fcb54d15?s=96&d=wp_user_avatar&r=g","contentUrl":"https:\/\/secure.gravatar.com\/avatar\/82fdaa093be0b9686b531f99fcb54d15?s=96&d=wp_user_avatar&r=g","caption":"Iris Martin"},"url":"https:\/\/www.doppelklicker.de\/blog\/author\/iris-martin\/"}]}},"_links":{"self":[{"href":"https:\/\/www.doppelklicker.de\/blog\/wp-json\/wp\/v2\/posts\/6132"}],"collection":[{"href":"https:\/\/www.doppelklicker.de\/blog\/wp-json\/wp\/v2\/posts"}],"about":[{"href":"https:\/\/www.doppelklicker.de\/blog\/wp-json\/wp\/v2\/types\/post"}],"author":[{"embeddable":true,"href":"https:\/\/www.doppelklicker.de\/blog\/wp-json\/wp\/v2\/users\/8"}],"replies":[{"embeddable":true,"href":"https:\/\/www.doppelklicker.de\/blog\/wp-json\/wp\/v2\/comments?post=6132"}],"version-history":[{"count":0,"href":"https:\/\/www.doppelklicker.de\/blog\/wp-json\/wp\/v2\/posts\/6132\/revisions"}],"wp:featuredmedia":[{"embeddable":true,"href":"https:\/\/www.doppelklicker.de\/blog\/wp-json\/wp\/v2\/media\/6135"}],"wp:attachment":[{"href":"https:\/\/www.doppelklicker.de\/blog\/wp-json\/wp\/v2\/media?parent=6132"}],"wp:term":[{"taxonomy":"category","embeddable":true,"href":"https:\/\/www.doppelklicker.de\/blog\/wp-json\/wp\/v2\/categories?post=6132"},{"taxonomy":"post_tag","embeddable":true,"href":"https:\/\/www.doppelklicker.de\/blog\/wp-json\/wp\/v2\/tags?post=6132"}],"curies":[{"name":"wp","href":"https:\/\/api.w.org\/{rel}","templated":true}]}}