{"id":6193,"date":"2023-10-23T11:00:00","date_gmt":"2023-10-23T09:00:00","guid":{"rendered":"guid"},"modified":"2023-10-23T11:00:00","modified_gmt":"2023-10-23T09:00:00","slug":"dtm-saison-2023-ren-rast-sheldon-van-der-linde","status":"publish","type":"post","link":"https:\/\/www.doppelklicker.de\/blog\/dtm-saison-2023-ren-rast-sheldon-van-der-linde\/","title":{"rendered":"Rene Rast und Sheldon van der Linde in der Fahrerwertung vorne"},"content":{"rendered":"<p>Das Sonntagsrennen der DTM-Saison 2023 auf dem Hockenheimring war ein spannendes Spektakel vor einer beeindruckenden Kulisse von 88.000 Zuschauern. Rene Rast und Sheldon van der Linde gl\u00e4nzten mit einer starken Leistung und durften sich am Ende \u00fcber einen Platz auf dem Podium freuen.<br \/>\n<!--more--><\/p>\n<h2>Sheldon van der Linde beendet letztes Rennen mit viertem Platz<\/h2>\n<p>Sheldon van der Linde beendete sein vorerst letztes DTM-Rennen mit der Startnummer 1 auf einem respektablen vierten Platz. Obwohl es nicht der gew\u00fcnschte Podiumsplatz war, zeigte er dennoch eine solide Leistung und beendete das Rennen erfolgreich.<\/p>\n<p>Die DTM-Saison 2023 war f\u00fcr das Schubert Motorsport-Team eine erfolgreiche Zeit, in der sie zwei Siege und insgesamt acht Podiumspl\u00e4tze erreichen konnten. Sheldon van der Linde belegte mit 151 Punkten einen starken vierten Platz in der Fahrerwertung, gefolgt von Rene Rast auf dem f\u00fcnften Platz mit 140 Punkten. Es ist besonders bemerkenswert, dass Rast in seiner ersten Saison als BMW M Werksfahrer direkt auf sich aufmerksam machen konnte. Aufgrund einer Terminkollision verpasste er leider das Rennwochenende in Zandvoort. In der Teamwertung erreichte Schubert Motorsport den vierten Platz, w\u00e4hrend Marco Wittmann seine elfte DTM-Saison auf dem elften Platz in der Gesamtwertung abschloss.<\/p>\n<p>Die Rennwochenenden auf dem Norisring und dem Red Bull Ring waren f\u00fcr BMW M Motorsport die H\u00f6hepunkte der Saison. Sheldon van der Linde konnte beim Stadtrennen in N\u00fcrnberg seinen einzigen Saisonsieg feiern und im zweiten Rennen den dritten Platz erreichen. Rene Rast zeigte starke Leistungen auf dem Norisring und erzielte in beiden L\u00e4ufen den zweiten Platz, was seine ersten Podiumspl\u00e4tze als BMW M Werksfahrer bedeuteten.<\/p>\n<p>Beim Rennen in Spielberg konnte Rene Rast seinen ersten Sieg im BMW M4 GT3 feiern, w\u00e4hrend Sheldon van der Linde am Sonntag einen Doppelsieg f\u00fcr das Schubert Motorsport Team erzielte.<\/p>\n<p>Das DTM-Saisonfinale in Hockenheim war f\u00fcr BMW M Motorsport ein vers\u00f6hnlicher Abschluss. Rene Rast und Sheldon van der Linde erreichten die Pl\u00e4tze drei und vier und zeigten damit eine gute Leistung. Trotzdem ist Andreas Roos, Leiter von BMW M Motorsport, insgesamt nicht zufrieden mit der Performance des Teams in dieser Saison. Er gratuliert jedoch Thomas Preining, Manthey EMA Racing und Porsche Motorsport zu ihren verdienten Titelgewinnen.<\/p>\n<p>Nach dem Rennen \u00e4u\u00dfert sich Rene Rast zufrieden \u00fcber seinen \u00fcberraschenden Podiumsplatz. Es ist eine gro\u00dfe \u00dcberraschung f\u00fcr ihn, von Startplatz 23 aus auf den dritten Platz vorzufahren, was normalerweise in der DTM als unm\u00f6glich gilt. Rast hatte jedoch das Gl\u00fcck, zur richtigen Zeit am richtigen Ort zu sein, und konnte bereits in den ersten Runden zehn Pl\u00e4tze gutmachen. Trotz der anf\u00e4nglichen Schwierigkeiten mit einem neuen Fahrzeug und einem neuen Team verlief das Rennen insgesamt sehr erfolgreich.<\/p>\n<p>Sheldon van der Linde \u00e4u\u00dferte sich zum Rennen und zur Saison mit gemischten Gef\u00fchlen. Obwohl das Team gute Arbeit geleistet hat, ist er der Meinung, dass sie nicht immer ihr volles Potenzial ausgesch\u00f6pft haben. Er gratulierte Thomas Preining zum Titelgewinn.<\/p>\n<p>Marco Wittmann \u00e4u\u00dferte sich entt\u00e4uscht \u00fcber seine Leistung in der abgelaufenen DTM-Saison. Er betrachtet sie als seine schw\u00e4chste in seiner elfj\u00e4hrigen Karriere und ist erleichtert, dass sie nun vorbei ist. Wittmann bedauert, dass er und das Team nicht in der Lage waren, ihre eigenen Erwartungen zu erf\u00fcllen. F\u00fcr ihn pers\u00f6nlich ist dies \u00e4u\u00dferst frustrierend, da er hohe Anspr\u00fcche an sich selbst stellt.<\/p>\n<p>Insgesamt war die DTM-Saison 2023 eine Achterbahnfahrt mit H\u00f6hen und Tiefen. Trotzdem konnten Rene Rast und Sheldon van der Linde mit ihren Podiumsplatzierungen am Saisonende \u00fcberzeugen. Die BMW M Motorsport Teams werden die Winterpause nutzen, um sich auf die kommende Saison vorzubereiten und ihre Leistungen weiter zu perfektionieren.<\/p>\n","protected":false},"excerpt":{"rendered":"<p>Das Sonntagsrennen der DTM-Saison 2023 auf dem Hockenheimring war ein spannendes Spektakel vor einer beeindruckenden Kulisse von 88.000 Zuschauern. Rene Rast und Sheldon van der Linde gl\u00e4nzten mit einer starken Leistung und durften sich am Ende \u00fcber einen Platz auf dem Podium freuen.<\/p>\n","protected":false},"author":8,"featured_media":6197,"comment_status":"open","ping_status":"open","sticky":false,"template":"","format":"standard","meta":[],"categories":[3305],"tags":[],"yoast_head":"<!-- This site is optimized with the Yoast SEO plugin v18.2 - https:\/\/yoast.com\/wordpress\/plugins\/seo\/ -->\n<meta name=\"robots\" content=\"index, follow, max-snippet:-1, max-image-preview:large, max-video-preview:-1\" \/>\n<link rel=\"canonical\" href=\"https:\/\/www.doppelklicker.de\/blog\/dtm-saison-2023-ren-rast-sheldon-van-der-linde\/\" \/>\n<meta property=\"og:locale\" content=\"de_DE\" \/>\n<meta property=\"og:type\" content=\"article\" \/>\n<meta property=\"og:title\" content=\"Rene Rast und Sheldon van der Linde in der Fahrerwertung vorne\" \/>\n<meta property=\"og:description\" content=\"Das Sonntagsrennen der DTM-Saison 2023 auf dem Hockenheimring war ein spannendes Spektakel vor einer beeindruckenden Kulisse von 88.000 Zuschauern. Rene Rast und Sheldon van der Linde gl\u00e4nzten mit einer starken Leistung und durften sich am Ende \u00fcber einen Platz auf dem Podium freuen.\" \/>\n<meta property=\"og:url\" content=\"https:\/\/www.doppelklicker.de\/blog\/dtm-saison-2023-ren-rast-sheldon-van-der-linde\/\" \/>\n<meta property=\"og:site_name\" content=\"Aus Mainz.\" \/>\n<meta property=\"article:published_time\" content=\"2023-10-23T09:00:00+00:00\" \/>\n<meta name=\"twitter:card\" content=\"summary_large_image\" \/>\n<meta name=\"twitter:label1\" content=\"Verfasst von\" \/>\n\t<meta name=\"twitter:data1\" content=\"Iris Martin\" \/>\n\t<meta name=\"twitter:label2\" content=\"Gesch\u00e4tzte Lesezeit\" \/>\n\t<meta name=\"twitter:data2\" content=\"3 Minuten\" \/>\n<script type=\"application\/ld+json\" class=\"yoast-schema-graph\">{\"@context\":\"https:\/\/schema.org\",\"@graph\":[{\"@type\":\"WebSite\",\"@id\":\"https:\/\/www.doppelklicker.de\/blog\/#website\",\"url\":\"https:\/\/www.doppelklicker.de\/blog\/\",\"name\":\"Aus Mainz.\",\"description\":\"F\u00fcr die Welt.\",\"potentialAction\":[{\"@type\":\"SearchAction\",\"target\":{\"@type\":\"EntryPoint\",\"urlTemplate\":\"https:\/\/www.doppelklicker.de\/blog\/?s={search_term_string}\"},\"query-input\":\"required name=search_term_string\"}],\"inLanguage\":\"de-DE\"},{\"@type\":\"ImageObject\",\"@id\":\"https:\/\/www.doppelklicker.de\/blog\/dtm-saison-2023-ren-rast-sheldon-van-der-linde\/#primaryimage\",\"inLanguage\":\"de-DE\",\"url\":\"https:\/\/www.doppelklicker.de\/blog\/wp-content\/uploads\/2023\/10\/rene-rast-und-sheldon-van-linde-beenden-dtm-saison-11424.jpg\",\"contentUrl\":\"https:\/\/www.doppelklicker.de\/blog\/wp-content\/uploads\/2023\/10\/rene-rast-und-sheldon-van-linde-beenden-dtm-saison-11424.jpg\",\"width\":1280,\"height\":615,\"caption\":\"Rene Rast und Sheldon van der Linde in der Fahrerwertung vorne (Foto: BMW Group)\"},{\"@type\":\"WebPage\",\"@id\":\"https:\/\/www.doppelklicker.de\/blog\/dtm-saison-2023-ren-rast-sheldon-van-der-linde\/#webpage\",\"url\":\"https:\/\/www.doppelklicker.de\/blog\/dtm-saison-2023-ren-rast-sheldon-van-der-linde\/\",\"name\":\"Rene Rast und Sheldon van der Linde in der Fahrerwertung vorne\",\"isPartOf\":{\"@id\":\"https:\/\/www.doppelklicker.de\/blog\/#website\"},\"primaryImageOfPage\":{\"@id\":\"https:\/\/www.doppelklicker.de\/blog\/dtm-saison-2023-ren-rast-sheldon-van-der-linde\/#primaryimage\"},\"datePublished\":\"2023-10-23T09:00:00+00:00\",\"dateModified\":\"2023-10-23T09:00:00+00:00\",\"author\":{\"@id\":\"https:\/\/www.doppelklicker.de\/blog\/#\/schema\/person\/08dcac172bdb025e8ff433488184668a\"},\"breadcrumb\":{\"@id\":\"https:\/\/www.doppelklicker.de\/blog\/dtm-saison-2023-ren-rast-sheldon-van-der-linde\/#breadcrumb\"},\"inLanguage\":\"de-DE\",\"potentialAction\":[{\"@type\":\"ReadAction\",\"target\":[\"https:\/\/www.doppelklicker.de\/blog\/dtm-saison-2023-ren-rast-sheldon-van-der-linde\/\"]}]},{\"@type\":\"BreadcrumbList\",\"@id\":\"https:\/\/www.doppelklicker.de\/blog\/dtm-saison-2023-ren-rast-sheldon-van-der-linde\/#breadcrumb\",\"itemListElement\":[{\"@type\":\"ListItem\",\"position\":1,\"name\":\"Startseite\",\"item\":\"https:\/\/www.doppelklicker.de\/blog\/\"},{\"@type\":\"ListItem\",\"position\":2,\"name\":\"Rene Rast und Sheldon van der Linde in der Fahrerwertung vorne\"}]},{\"@type\":\"Person\",\"@id\":\"https:\/\/www.doppelklicker.de\/blog\/#\/schema\/person\/08dcac172bdb025e8ff433488184668a\",\"name\":\"Iris Martin\",\"image\":{\"@type\":\"ImageObject\",\"@id\":\"https:\/\/www.doppelklicker.de\/blog\/#personlogo\",\"inLanguage\":\"de-DE\",\"url\":\"https:\/\/secure.gravatar.com\/avatar\/82fdaa093be0b9686b531f99fcb54d15?s=96&d=wp_user_avatar&r=g\",\"contentUrl\":\"https:\/\/secure.gravatar.com\/avatar\/82fdaa093be0b9686b531f99fcb54d15?s=96&d=wp_user_avatar&r=g\",\"caption\":\"Iris Martin\"},\"url\":\"https:\/\/www.doppelklicker.de\/blog\/author\/iris-martin\/\"}]}<\/script>\n<!-- \/ Yoast SEO plugin. -->","yoast_head_json":{"robots":{"index":"index","follow":"follow","max-snippet":"max-snippet:-1","max-image-preview":"max-image-preview:large","max-video-preview":"max-video-preview:-1"},"canonical":"https:\/\/www.doppelklicker.de\/blog\/dtm-saison-2023-ren-rast-sheldon-van-der-linde\/","og_locale":"de_DE","og_type":"article","og_title":"Rene Rast und Sheldon van der Linde in der Fahrerwertung vorne","og_description":"Das Sonntagsrennen der DTM-Saison 2023 auf dem Hockenheimring war ein spannendes Spektakel vor einer beeindruckenden Kulisse von 88.000 Zuschauern. Rene Rast und Sheldon van der Linde gl\u00e4nzten mit einer starken Leistung und durften sich am Ende \u00fcber einen Platz auf dem Podium freuen.","og_url":"https:\/\/www.doppelklicker.de\/blog\/dtm-saison-2023-ren-rast-sheldon-van-der-linde\/","og_site_name":"Aus Mainz.","article_published_time":"2023-10-23T09:00:00+00:00","twitter_card":"summary_large_image","twitter_misc":{"Verfasst von":"Iris Martin","Gesch\u00e4tzte Lesezeit":"3 Minuten"},"schema":{"@context":"https:\/\/schema.org","@graph":[{"@type":"WebSite","@id":"https:\/\/www.doppelklicker.de\/blog\/#website","url":"https:\/\/www.doppelklicker.de\/blog\/","name":"Aus Mainz.","description":"F\u00fcr die Welt.","potentialAction":[{"@type":"SearchAction","target":{"@type":"EntryPoint","urlTemplate":"https:\/\/www.doppelklicker.de\/blog\/?s={search_term_string}"},"query-input":"required name=search_term_string"}],"inLanguage":"de-DE"},{"@type":"ImageObject","@id":"https:\/\/www.doppelklicker.de\/blog\/dtm-saison-2023-ren-rast-sheldon-van-der-linde\/#primaryimage","inLanguage":"de-DE","url":"https:\/\/www.doppelklicker.de\/blog\/wp-content\/uploads\/2023\/10\/rene-rast-und-sheldon-van-linde-beenden-dtm-saison-11424.jpg","contentUrl":"https:\/\/www.doppelklicker.de\/blog\/wp-content\/uploads\/2023\/10\/rene-rast-und-sheldon-van-linde-beenden-dtm-saison-11424.jpg","width":1280,"height":615,"caption":"Rene Rast und Sheldon van der Linde in der Fahrerwertung vorne (Foto: BMW Group)"},{"@type":"WebPage","@id":"https:\/\/www.doppelklicker.de\/blog\/dtm-saison-2023-ren-rast-sheldon-van-der-linde\/#webpage","url":"https:\/\/www.doppelklicker.de\/blog\/dtm-saison-2023-ren-rast-sheldon-van-der-linde\/","name":"Rene Rast und Sheldon van der Linde in der Fahrerwertung vorne","isPartOf":{"@id":"https:\/\/www.doppelklicker.de\/blog\/#website"},"primaryImageOfPage":{"@id":"https:\/\/www.doppelklicker.de\/blog\/dtm-saison-2023-ren-rast-sheldon-van-der-linde\/#primaryimage"},"datePublished":"2023-10-23T09:00:00+00:00","dateModified":"2023-10-23T09:00:00+00:00","author":{"@id":"https:\/\/www.doppelklicker.de\/blog\/#\/schema\/person\/08dcac172bdb025e8ff433488184668a"},"breadcrumb":{"@id":"https:\/\/www.doppelklicker.de\/blog\/dtm-saison-2023-ren-rast-sheldon-van-der-linde\/#breadcrumb"},"inLanguage":"de-DE","potentialAction":[{"@type":"ReadAction","target":["https:\/\/www.doppelklicker.de\/blog\/dtm-saison-2023-ren-rast-sheldon-van-der-linde\/"]}]},{"@type":"BreadcrumbList","@id":"https:\/\/www.doppelklicker.de\/blog\/dtm-saison-2023-ren-rast-sheldon-van-der-linde\/#breadcrumb","itemListElement":[{"@type":"ListItem","position":1,"name":"Startseite","item":"https:\/\/www.doppelklicker.de\/blog\/"},{"@type":"ListItem","position":2,"name":"Rene Rast und Sheldon van der Linde in der Fahrerwertung vorne"}]},{"@type":"Person","@id":"https:\/\/www.doppelklicker.de\/blog\/#\/schema\/person\/08dcac172bdb025e8ff433488184668a","name":"Iris Martin","image":{"@type":"ImageObject","@id":"https:\/\/www.doppelklicker.de\/blog\/#personlogo","inLanguage":"de-DE","url":"https:\/\/secure.gravatar.com\/avatar\/82fdaa093be0b9686b531f99fcb54d15?s=96&d=wp_user_avatar&r=g","contentUrl":"https:\/\/secure.gravatar.com\/avatar\/82fdaa093be0b9686b531f99fcb54d15?s=96&d=wp_user_avatar&r=g","caption":"Iris Martin"},"url":"https:\/\/www.doppelklicker.de\/blog\/author\/iris-martin\/"}]}},"_links":{"self":[{"href":"https:\/\/www.doppelklicker.de\/blog\/wp-json\/wp\/v2\/posts\/6193"}],"collection":[{"href":"https:\/\/www.doppelklicker.de\/blog\/wp-json\/wp\/v2\/posts"}],"about":[{"href":"https:\/\/www.doppelklicker.de\/blog\/wp-json\/wp\/v2\/types\/post"}],"author":[{"embeddable":true,"href":"https:\/\/www.doppelklicker.de\/blog\/wp-json\/wp\/v2\/users\/8"}],"replies":[{"embeddable":true,"href":"https:\/\/www.doppelklicker.de\/blog\/wp-json\/wp\/v2\/comments?post=6193"}],"version-history":[{"count":0,"href":"https:\/\/www.doppelklicker.de\/blog\/wp-json\/wp\/v2\/posts\/6193\/revisions"}],"wp:featuredmedia":[{"embeddable":true,"href":"https:\/\/www.doppelklicker.de\/blog\/wp-json\/wp\/v2\/media\/6197"}],"wp:attachment":[{"href":"https:\/\/www.doppelklicker.de\/blog\/wp-json\/wp\/v2\/media?parent=6193"}],"wp:term":[{"taxonomy":"category","embeddable":true,"href":"https:\/\/www.doppelklicker.de\/blog\/wp-json\/wp\/v2\/categories?post=6193"},{"taxonomy":"post_tag","embeddable":true,"href":"https:\/\/www.doppelklicker.de\/blog\/wp-json\/wp\/v2\/tags?post=6193"}],"curies":[{"name":"wp","href":"https:\/\/api.w.org\/{rel}","templated":true}]}}