{"id":6194,"date":"2023-10-30T09:00:00","date_gmt":"2023-10-30T07:00:00","guid":{"rendered":"guid"},"modified":"2023-10-30T09:00:00","modified_gmt":"2023-10-30T07:00:00","slug":"fia-gt-world-cup-in-macau-chn","status":"publish","type":"post","link":"https:\/\/www.doppelklicker.de\/blog\/fia-gt-world-cup-in-macau-chn\/","title":{"rendered":"Comeback in Macau: BMW M Motorsport mit voller Energie zur\u00fcck"},"content":{"rendered":"<p>Nach einer vierj\u00e4hrigen Pause kehrt BMW M Motorsport mit voller Energie zum FIA GT World Cup in Macau zur\u00fcck. Die beiden Teams BMW M Team WRT und ROWE Racing werden am 18.\/19. November mit je einem BMW M4 GT3 auf dem legend\u00e4ren &#8222;Guia Circuit&#8220; antreten und sich der ultimativen Herausforderung stellen.<br \/>\n<!--more--><\/p>\n<div id=\"ez-toc-container\" class=\"ez-toc-v2_0_16 counter-hierarchy\">\n<div class=\"ez-toc-title-container\">\n<p class=\"ez-toc-title\">Inhaltsverzeichnis: Das erwartet Sie in diesem Artikel<\/p>\n<span class=\"ez-toc-title-toggle\"><a class=\"ez-toc-pull-right ez-toc-btn ez-toc-btn-xs ez-toc-btn-default ez-toc-toggle\" style=\"display: none;\"><i class=\"ez-toc-glyphicon ez-toc-icon-toggle\"><\/i><\/a><\/span><\/div>\n<nav><ul class=\"ez-toc-list ez-toc-list-level-1\"><li class=\"ez-toc-page-1 ez-toc-heading-level-2\"><a class=\"ez-toc-link ez-toc-heading-1\" href=\"https:\/\/www.doppelklicker.de\/blog\/fia-gt-world-cup-in-macau-chn\/#macau-experte-farfus-kehrt-zum-fia-gt-world-cup-zurueck\" title=\"Macau-Experte Farfus kehrt zum FIA GT World Cup zur\u00fcck\">Macau-Experte Farfus kehrt zum FIA GT World Cup zur\u00fcck<\/a><\/li><li class=\"ez-toc-page-1 ez-toc-heading-level-2\"><a class=\"ez-toc-link ez-toc-heading-2\" href=\"https:\/\/www.doppelklicker.de\/blog\/fia-gt-world-cup-in-macau-chn\/#bmw-m-team-wrt-gewinnt-fia-gt-world-cup-2016-in-macau\" title=\"BMW M Team WRT gewinnt FIA GT World Cup 2016 in Macau\">BMW M Team WRT gewinnt FIA GT World Cup 2016 in Macau<\/a><\/li><li class=\"ez-toc-page-1 ez-toc-heading-level-2\"><a class=\"ez-toc-link ez-toc-heading-3\" href=\"https:\/\/www.doppelklicker.de\/blog\/fia-gt-world-cup-in-macau-chn\/#bmw-m4-gt3-zeigt-siegfaehigkeit-auf-allen-streckentypen\" title=\"BMW M4 GT3 zeigt Siegf\u00e4higkeit auf allen Streckentypen\">BMW M4 GT3 zeigt Siegf\u00e4higkeit auf allen Streckentypen<\/a><\/li><li class=\"ez-toc-page-1 ez-toc-heading-level-2\"><a class=\"ez-toc-link ez-toc-heading-4\" href=\"https:\/\/www.doppelklicker.de\/blog\/fia-gt-world-cup-in-macau-chn\/#bmw-m-team-wrt-und-rowe-racing-starten-in-macau\" title=\"BMW M Team WRT und ROWE Racing starten in Macau\">BMW M Team WRT und ROWE Racing starten in Macau<\/a><\/li><\/ul><\/nav><\/div>\n<h2><span class=\"ez-toc-section\" id=\"macau-experte-farfus-kehrt-zum-fia-gt-world-cup-zurueck\"><\/span>Macau-Experte Farfus kehrt zum FIA GT World Cup zur\u00fcck<span class=\"ez-toc-section-end\"><\/span><\/h2>\n<p>Augusto Farfus, ein echter Experte f\u00fcr den Macau Circuit, wird f\u00fcr ROWE Racing antreten und sein K\u00f6nnen auf dem Guia Circuit unter Beweis stellen. Als BMW M Werksfahrer hat er bereits 2018 das Rennen in Macau gewonnen und kennt die Strecke daher wie seine Westentasche. Sheldon van der Linde hingegen wird sein Macau-Deb\u00fct im Fahrzeug des BMW M Teams WRT feiern, das in Zusammenarbeit mit Premium Technology Partner Shell gestaltet wurde. Ein spannendes Rennen erwartet uns, bei dem zwei talentierte Fahrer aufeinandertreffen.<\/p>\n<h2><span class=\"ez-toc-section\" id=\"bmw-m-team-wrt-gewinnt-fia-gt-world-cup-2016-in-macau\"><\/span>BMW M Team WRT gewinnt FIA GT World Cup 2016 in Macau<span class=\"ez-toc-section-end\"><\/span><\/h2>\n<p>Beim letzten Auftritt in Macau vor der Pandemie im Jahr 2019 belegte Farfus in beiden Rennen den vierten Platz.<\/p>\n<h2><span class=\"ez-toc-section\" id=\"bmw-m4-gt3-zeigt-siegfaehigkeit-auf-allen-streckentypen\"><\/span>BMW M4 GT3 zeigt Siegf\u00e4higkeit auf allen Streckentypen<span class=\"ez-toc-section-end\"><\/span><\/h2>\n<p>Er ist zuversichtlich, dass die Tipps von Farfus, die Unterst\u00fctzung des Teams und das Talent von van der Linde dazu f\u00fchren werden, dass er sich schnell an die Strecke anpassen kann.<\/p>\n<p>Augusto Farfus, Fahrer des BMW M4 GT3 von ROWE Racing, \u00e4u\u00dfert seine Zuversicht und hebt die Bedeutung von Macau f\u00fcr ihn pers\u00f6nlich hervor. Er f\u00fchlt sich geehrt, erneut BMW M Motorsport repr\u00e4sentieren zu d\u00fcrfen, und ist \u00fcberzeugt, dass das Team mit dem BMW M4 GT3 eine starke Kombination hat.<\/p>\n<p>Sheldon van der Linde, Fahrer des BMW M4 GT3 vom BMW M Team WRT, ist \u00fcberw\u00e4ltigt von der M\u00f6glichkeit, in Macau an den Start zu gehen, die ihm von BMW M Motorsport und Shell erm\u00f6glicht wurde. Seit seiner Kindheit hat er die Rennen in Macau verfolgt und ist nun stolz, selbst Teil dieses spektakul\u00e4ren Events zu sein. Er wird die wertvollen Tipps seines erfahrenen Teamkollegen und Freundes Augusto Farfus nutzen, um sich schnell an die Strecke anzupassen.<\/p>\n<h2><span class=\"ez-toc-section\" id=\"bmw-m-team-wrt-und-rowe-racing-starten-in-macau\"><\/span>BMW M Team WRT und ROWE Racing starten in Macau<span class=\"ez-toc-section-end\"><\/span><\/h2>\n<p>Nach einer vierj\u00e4hrigen Abstinenz kehrt BMW M Motorsport im Jahr 2023 mit voller Energie zum FIA GT World Cup in Macau zur\u00fcck. Die Teams BMW M Team WRT und ROWE Racing haben in der Vergangenheit ihre F\u00e4higkeiten als erstklassige GT-Teams bewiesen. Mit Fahrern wie Augusto Farfus und Sheldon van der Linde, die eine starke Verbindung zu Macau haben, wird das Rennen zweifellos ein fesselndes Ereignis der GT-Rennsportgeschichte werden.<\/p>\n","protected":false},"excerpt":{"rendered":"<p>Nach einer vierj\u00e4hrigen Pause kehrt BMW M Motorsport mit voller Energie zum FIA GT World Cup in Macau zur\u00fcck. Die beiden Teams BMW M Team WRT und ROWE Racing werden am 18.\/19. November mit je einem BMW M4 GT3 auf dem legend\u00e4ren &#8222;Guia Circuit&#8220; antreten und sich der ultimativen Herausforderung stellen.<\/p>\n","protected":false},"author":8,"featured_media":6196,"comment_status":"open","ping_status":"open","sticky":false,"template":"","format":"standard","meta":[],"categories":[3305],"tags":[],"yoast_head":"<!-- This site is optimized with the Yoast SEO plugin v18.2 - https:\/\/yoast.com\/wordpress\/plugins\/seo\/ -->\n<meta name=\"robots\" content=\"index, follow, max-snippet:-1, max-image-preview:large, max-video-preview:-1\" \/>\n<link rel=\"canonical\" href=\"https:\/\/www.doppelklicker.de\/blog\/fia-gt-world-cup-in-macau-chn\/\" \/>\n<meta property=\"og:locale\" content=\"de_DE\" \/>\n<meta property=\"og:type\" content=\"article\" \/>\n<meta property=\"og:title\" content=\"Comeback in Macau: BMW M Motorsport mit voller Energie zur\u00fcck\" \/>\n<meta property=\"og:description\" content=\"Nach einer vierj\u00e4hrigen Pause kehrt BMW M Motorsport mit voller Energie zum FIA GT World Cup in Macau zur\u00fcck. Die beiden Teams BMW M Team WRT und ROWE Racing werden am 18.\/19. November mit je einem BMW M4 GT3 auf dem legend\u00e4ren &#8222;Guia Circuit&#8220; antreten und sich der ultimativen Herausforderung stellen.\" \/>\n<meta property=\"og:url\" content=\"https:\/\/www.doppelklicker.de\/blog\/fia-gt-world-cup-in-macau-chn\/\" \/>\n<meta property=\"og:site_name\" content=\"Aus Mainz.\" \/>\n<meta property=\"article:published_time\" content=\"2023-10-30T07:00:00+00:00\" \/>\n<meta property=\"og:image\" content=\"https:\/\/www.doppelklicker.de\/blog\/wp-content\/uploads\/2023\/10\/bmw-m-motorsport-kehrt-zurueck-comeback-beim-fia-gt-world-cup-11420.jpg\" \/>\n\t<meta property=\"og:image:width\" content=\"1280\" \/>\n\t<meta property=\"og:image:height\" content=\"615\" \/>\n\t<meta property=\"og:image:type\" content=\"image\/jpeg\" \/>\n<meta name=\"twitter:card\" content=\"summary_large_image\" \/>\n<meta name=\"twitter:label1\" content=\"Verfasst von\" \/>\n\t<meta name=\"twitter:data1\" content=\"Iris Martin\" \/>\n\t<meta name=\"twitter:label2\" content=\"Gesch\u00e4tzte Lesezeit\" \/>\n\t<meta name=\"twitter:data2\" content=\"2 Minuten\" \/>\n<script type=\"application\/ld+json\" class=\"yoast-schema-graph\">{\"@context\":\"https:\/\/schema.org\",\"@graph\":[{\"@type\":\"WebSite\",\"@id\":\"https:\/\/www.doppelklicker.de\/blog\/#website\",\"url\":\"https:\/\/www.doppelklicker.de\/blog\/\",\"name\":\"Aus Mainz.\",\"description\":\"F\u00fcr die Welt.\",\"potentialAction\":[{\"@type\":\"SearchAction\",\"target\":{\"@type\":\"EntryPoint\",\"urlTemplate\":\"https:\/\/www.doppelklicker.de\/blog\/?s={search_term_string}\"},\"query-input\":\"required name=search_term_string\"}],\"inLanguage\":\"de-DE\"},{\"@type\":\"ImageObject\",\"@id\":\"https:\/\/www.doppelklicker.de\/blog\/fia-gt-world-cup-in-macau-chn\/#primaryimage\",\"inLanguage\":\"de-DE\",\"url\":\"https:\/\/www.doppelklicker.de\/blog\/wp-content\/uploads\/2023\/10\/bmw-m-motorsport-kehrt-zurueck-comeback-beim-fia-gt-world-cup-11420.jpg\",\"contentUrl\":\"https:\/\/www.doppelklicker.de\/blog\/wp-content\/uploads\/2023\/10\/bmw-m-motorsport-kehrt-zurueck-comeback-beim-fia-gt-world-cup-11420.jpg\",\"width\":1280,\"height\":615,\"caption\":\"Comeback in Macau: BMW M Motorsport mit voller Energie zur\u00fcck (Foto: BMW Group)\"},{\"@type\":\"WebPage\",\"@id\":\"https:\/\/www.doppelklicker.de\/blog\/fia-gt-world-cup-in-macau-chn\/#webpage\",\"url\":\"https:\/\/www.doppelklicker.de\/blog\/fia-gt-world-cup-in-macau-chn\/\",\"name\":\"Comeback in Macau: BMW M Motorsport mit voller Energie zur\u00fcck\",\"isPartOf\":{\"@id\":\"https:\/\/www.doppelklicker.de\/blog\/#website\"},\"primaryImageOfPage\":{\"@id\":\"https:\/\/www.doppelklicker.de\/blog\/fia-gt-world-cup-in-macau-chn\/#primaryimage\"},\"datePublished\":\"2023-10-30T07:00:00+00:00\",\"dateModified\":\"2023-10-30T07:00:00+00:00\",\"author\":{\"@id\":\"https:\/\/www.doppelklicker.de\/blog\/#\/schema\/person\/08dcac172bdb025e8ff433488184668a\"},\"breadcrumb\":{\"@id\":\"https:\/\/www.doppelklicker.de\/blog\/fia-gt-world-cup-in-macau-chn\/#breadcrumb\"},\"inLanguage\":\"de-DE\",\"potentialAction\":[{\"@type\":\"ReadAction\",\"target\":[\"https:\/\/www.doppelklicker.de\/blog\/fia-gt-world-cup-in-macau-chn\/\"]}]},{\"@type\":\"BreadcrumbList\",\"@id\":\"https:\/\/www.doppelklicker.de\/blog\/fia-gt-world-cup-in-macau-chn\/#breadcrumb\",\"itemListElement\":[{\"@type\":\"ListItem\",\"position\":1,\"name\":\"Startseite\",\"item\":\"https:\/\/www.doppelklicker.de\/blog\/\"},{\"@type\":\"ListItem\",\"position\":2,\"name\":\"Comeback in Macau: BMW M Motorsport mit voller Energie zur\u00fcck\"}]},{\"@type\":\"Person\",\"@id\":\"https:\/\/www.doppelklicker.de\/blog\/#\/schema\/person\/08dcac172bdb025e8ff433488184668a\",\"name\":\"Iris Martin\",\"image\":{\"@type\":\"ImageObject\",\"@id\":\"https:\/\/www.doppelklicker.de\/blog\/#personlogo\",\"inLanguage\":\"de-DE\",\"url\":\"https:\/\/secure.gravatar.com\/avatar\/82fdaa093be0b9686b531f99fcb54d15?s=96&d=wp_user_avatar&r=g\",\"contentUrl\":\"https:\/\/secure.gravatar.com\/avatar\/82fdaa093be0b9686b531f99fcb54d15?s=96&d=wp_user_avatar&r=g\",\"caption\":\"Iris Martin\"},\"url\":\"https:\/\/www.doppelklicker.de\/blog\/author\/iris-martin\/\"}]}<\/script>\n<!-- \/ Yoast SEO plugin. -->","yoast_head_json":{"robots":{"index":"index","follow":"follow","max-snippet":"max-snippet:-1","max-image-preview":"max-image-preview:large","max-video-preview":"max-video-preview:-1"},"canonical":"https:\/\/www.doppelklicker.de\/blog\/fia-gt-world-cup-in-macau-chn\/","og_locale":"de_DE","og_type":"article","og_title":"Comeback in Macau: BMW M Motorsport mit voller Energie zur\u00fcck","og_description":"Nach einer vierj\u00e4hrigen Pause kehrt BMW M Motorsport mit voller Energie zum FIA GT World Cup in Macau zur\u00fcck. Die beiden Teams BMW M Team WRT und ROWE Racing werden am 18.\/19. November mit je einem BMW M4 GT3 auf dem legend\u00e4ren &#8222;Guia Circuit&#8220; antreten und sich der ultimativen Herausforderung stellen.","og_url":"https:\/\/www.doppelklicker.de\/blog\/fia-gt-world-cup-in-macau-chn\/","og_site_name":"Aus Mainz.","article_published_time":"2023-10-30T07:00:00+00:00","og_image":[{"width":1280,"height":615,"url":"https:\/\/www.doppelklicker.de\/blog\/wp-content\/uploads\/2023\/10\/bmw-m-motorsport-kehrt-zurueck-comeback-beim-fia-gt-world-cup-11420.jpg","type":"image\/jpeg"}],"twitter_card":"summary_large_image","twitter_misc":{"Verfasst von":"Iris Martin","Gesch\u00e4tzte Lesezeit":"2 Minuten"},"schema":{"@context":"https:\/\/schema.org","@graph":[{"@type":"WebSite","@id":"https:\/\/www.doppelklicker.de\/blog\/#website","url":"https:\/\/www.doppelklicker.de\/blog\/","name":"Aus Mainz.","description":"F\u00fcr die Welt.","potentialAction":[{"@type":"SearchAction","target":{"@type":"EntryPoint","urlTemplate":"https:\/\/www.doppelklicker.de\/blog\/?s={search_term_string}"},"query-input":"required name=search_term_string"}],"inLanguage":"de-DE"},{"@type":"ImageObject","@id":"https:\/\/www.doppelklicker.de\/blog\/fia-gt-world-cup-in-macau-chn\/#primaryimage","inLanguage":"de-DE","url":"https:\/\/www.doppelklicker.de\/blog\/wp-content\/uploads\/2023\/10\/bmw-m-motorsport-kehrt-zurueck-comeback-beim-fia-gt-world-cup-11420.jpg","contentUrl":"https:\/\/www.doppelklicker.de\/blog\/wp-content\/uploads\/2023\/10\/bmw-m-motorsport-kehrt-zurueck-comeback-beim-fia-gt-world-cup-11420.jpg","width":1280,"height":615,"caption":"Comeback in Macau: BMW M Motorsport mit voller Energie zur\u00fcck (Foto: BMW Group)"},{"@type":"WebPage","@id":"https:\/\/www.doppelklicker.de\/blog\/fia-gt-world-cup-in-macau-chn\/#webpage","url":"https:\/\/www.doppelklicker.de\/blog\/fia-gt-world-cup-in-macau-chn\/","name":"Comeback in Macau: BMW M Motorsport mit voller Energie zur\u00fcck","isPartOf":{"@id":"https:\/\/www.doppelklicker.de\/blog\/#website"},"primaryImageOfPage":{"@id":"https:\/\/www.doppelklicker.de\/blog\/fia-gt-world-cup-in-macau-chn\/#primaryimage"},"datePublished":"2023-10-30T07:00:00+00:00","dateModified":"2023-10-30T07:00:00+00:00","author":{"@id":"https:\/\/www.doppelklicker.de\/blog\/#\/schema\/person\/08dcac172bdb025e8ff433488184668a"},"breadcrumb":{"@id":"https:\/\/www.doppelklicker.de\/blog\/fia-gt-world-cup-in-macau-chn\/#breadcrumb"},"inLanguage":"de-DE","potentialAction":[{"@type":"ReadAction","target":["https:\/\/www.doppelklicker.de\/blog\/fia-gt-world-cup-in-macau-chn\/"]}]},{"@type":"BreadcrumbList","@id":"https:\/\/www.doppelklicker.de\/blog\/fia-gt-world-cup-in-macau-chn\/#breadcrumb","itemListElement":[{"@type":"ListItem","position":1,"name":"Startseite","item":"https:\/\/www.doppelklicker.de\/blog\/"},{"@type":"ListItem","position":2,"name":"Comeback in Macau: BMW M Motorsport mit voller Energie zur\u00fcck"}]},{"@type":"Person","@id":"https:\/\/www.doppelklicker.de\/blog\/#\/schema\/person\/08dcac172bdb025e8ff433488184668a","name":"Iris Martin","image":{"@type":"ImageObject","@id":"https:\/\/www.doppelklicker.de\/blog\/#personlogo","inLanguage":"de-DE","url":"https:\/\/secure.gravatar.com\/avatar\/82fdaa093be0b9686b531f99fcb54d15?s=96&d=wp_user_avatar&r=g","contentUrl":"https:\/\/secure.gravatar.com\/avatar\/82fdaa093be0b9686b531f99fcb54d15?s=96&d=wp_user_avatar&r=g","caption":"Iris Martin"},"url":"https:\/\/www.doppelklicker.de\/blog\/author\/iris-martin\/"}]}},"_links":{"self":[{"href":"https:\/\/www.doppelklicker.de\/blog\/wp-json\/wp\/v2\/posts\/6194"}],"collection":[{"href":"https:\/\/www.doppelklicker.de\/blog\/wp-json\/wp\/v2\/posts"}],"about":[{"href":"https:\/\/www.doppelklicker.de\/blog\/wp-json\/wp\/v2\/types\/post"}],"author":[{"embeddable":true,"href":"https:\/\/www.doppelklicker.de\/blog\/wp-json\/wp\/v2\/users\/8"}],"replies":[{"embeddable":true,"href":"https:\/\/www.doppelklicker.de\/blog\/wp-json\/wp\/v2\/comments?post=6194"}],"version-history":[{"count":0,"href":"https:\/\/www.doppelklicker.de\/blog\/wp-json\/wp\/v2\/posts\/6194\/revisions"}],"wp:featuredmedia":[{"embeddable":true,"href":"https:\/\/www.doppelklicker.de\/blog\/wp-json\/wp\/v2\/media\/6196"}],"wp:attachment":[{"href":"https:\/\/www.doppelklicker.de\/blog\/wp-json\/wp\/v2\/media?parent=6194"}],"wp:term":[{"taxonomy":"category","embeddable":true,"href":"https:\/\/www.doppelklicker.de\/blog\/wp-json\/wp\/v2\/categories?post=6194"},{"taxonomy":"post_tag","embeddable":true,"href":"https:\/\/www.doppelklicker.de\/blog\/wp-json\/wp\/v2\/tags?post=6194"}],"curies":[{"name":"wp","href":"https:\/\/api.w.org\/{rel}","templated":true}]}}