{"id":6237,"date":"2023-11-03T08:00:00","date_gmt":"2023-11-03T06:00:00","guid":{"rendered":"guid"},"modified":"2023-11-03T08:00:00","modified_gmt":"2023-11-03T06:00:00","slug":"adrien-fourmaux-alexandre-coria-rc2-sieg-ford-fiesta-rally2","status":"publish","type":"post","link":"https:\/\/www.doppelklicker.de\/blog\/adrien-fourmaux-alexandre-coria-rc2-sieg-ford-fiesta-rally2\/","title":{"rendered":"Podestergebnis f\u00fcr Ott T\u00e4nak und Martin J\u00e4rveoja mit Ford Puma Hybrid Rally1"},"content":{"rendered":"<p>Beim vorletzten WM-Lauf der aktuellen Saison in Passau konnte M-Sport Ford mit dem \u00fcberarbeiteten Ford Fiesta Rally2 einen erfolgreichen Einstand feiern. Adrien Fourmaux und Alexandre Coria zeigten eine starke Leistung und sicherten sich den ersten RC2-Sieg. Trotz eines Reifenschadens auf der dritten Wertungspr\u00fcfung k\u00e4mpfte sich Fourmaux mit einer beeindruckenden Aufholjagd zur\u00fcck an die Spitze und behauptete dort seine F\u00fchrung bis zum Ziel.<br \/>\n<!--more--><\/p>\n<div id=\"ez-toc-container\" class=\"ez-toc-v2_0_16 counter-hierarchy\">\n<div class=\"ez-toc-title-container\">\n<p class=\"ez-toc-title\">Inhaltsverzeichnis: Das erwartet Sie in diesem Artikel<\/p>\n<span class=\"ez-toc-title-toggle\"><a class=\"ez-toc-pull-right ez-toc-btn ez-toc-btn-xs ez-toc-btn-default ez-toc-toggle\" style=\"display: none;\"><i class=\"ez-toc-glyphicon ez-toc-icon-toggle\"><\/i><\/a><\/span><\/div>\n<nav><ul class=\"ez-toc-list ez-toc-list-level-1\"><li class=\"ez-toc-page-1 ez-toc-heading-level-2\"><a class=\"ez-toc-link ez-toc-heading-1\" href=\"https:\/\/www.doppelklicker.de\/blog\/adrien-fourmaux-alexandre-coria-rc2-sieg-ford-fiesta-rally2\/#fourmaux-ueberwindet-reifenschaden-und-gewinnt-mit-ford-fiesta-rally2\" title=\"Fourmaux \u00fcberwindet Reifenschaden und gewinnt mit Ford Fiesta Rally2\">Fourmaux \u00fcberwindet Reifenschaden und gewinnt mit Ford Fiesta Rally2<\/a><\/li><li class=\"ez-toc-page-1 ez-toc-heading-level-2\"><a class=\"ez-toc-link ez-toc-heading-2\" href=\"https:\/\/www.doppelklicker.de\/blog\/adrien-fourmaux-alexandre-coria-rc2-sieg-ford-fiesta-rally2\/#taenak-und-jaerveoja-erreichen-dritten-platz-mit-ford-puma-hybrid-rally1\" title=\"T\u00e4nak und J\u00e4rveoja erreichen dritten Platz mit Ford Puma Hybrid Rally1\">T\u00e4nak und J\u00e4rveoja erreichen dritten Platz mit Ford Puma Hybrid Rally1<\/a><\/li><li class=\"ez-toc-page-1 ez-toc-heading-level-2\"><a class=\"ez-toc-link ez-toc-heading-3\" href=\"https:\/\/www.doppelklicker.de\/blog\/adrien-fourmaux-alexandre-coria-rc2-sieg-ford-fiesta-rally2\/#erfolgreiches-debuet-munster-und-louka-glaenzen-mit-beeindruckender-leistung\" title=\"Erfolgreiches Deb\u00fct: Munster und Louka gl\u00e4nzen mit beeindruckender Leistung\">Erfolgreiches Deb\u00fct: Munster und Louka gl\u00e4nzen mit beeindruckender Leistung<\/a><\/li><li class=\"ez-toc-page-1 ez-toc-heading-level-2\"><a class=\"ez-toc-link ez-toc-heading-4\" href=\"https:\/\/www.doppelklicker.de\/blog\/adrien-fourmaux-alexandre-coria-rc2-sieg-ford-fiesta-rally2\/#weiterentwickelter-ford-fiesta-rally2-fuehrt-zum-sieg-fuer-m-sport-ford\" title=\"Weiterentwickelter Ford Fiesta Rally2 f\u00fchrt zum Sieg f\u00fcr M-Sport Ford\">Weiterentwickelter Ford Fiesta Rally2 f\u00fchrt zum Sieg f\u00fcr M-Sport Ford<\/a><\/li><\/ul><\/nav><\/div>\n<h2><span class=\"ez-toc-section\" id=\"fourmaux-ueberwindet-reifenschaden-und-gewinnt-mit-ford-fiesta-rally2\"><\/span>Fourmaux \u00fcberwindet Reifenschaden und gewinnt mit Ford Fiesta Rally2<span class=\"ez-toc-section-end\"><\/span><\/h2>\n<p>Beim vorletzten WM-Lauf in Passau \u00fcberzeugte das M-Sport Ford Team mit dem \u00fcberarbeiteten Ford Fiesta Rally2. Adrien Fourmaux und Alexandre Coria zeigten eine starke Leistung und setzten sich in der RC2-Kategorie durch. Trotz eines Reifenschadens und einem Zeitverlust von \u00fcber einer Minute k\u00e4mpfte sich Fourmaux mit einer beeindruckenden Aufholjagd zur\u00fcck an die Spitze. Am Samstag gelangen ihnen weitere Pr\u00fcfungssiege, sodass sie vor der \u00dcbernachtungspause die F\u00fchrung \u00fcbernahmen und am Sonntag ihren Vorsprung weiter ausbauten.<\/p>\n<h2><span class=\"ez-toc-section\" id=\"taenak-und-jaerveoja-erreichen-dritten-platz-mit-ford-puma-hybrid-rally1\"><\/span>T\u00e4nak und J\u00e4rveoja erreichen dritten Platz mit Ford Puma Hybrid Rally1<span class=\"ez-toc-section-end\"><\/span><\/h2>\n<p>Bei der Rallye in Passau konnte das Fahrer-Duo Ott T\u00e4nak und Martin J\u00e4rveoja mit dem Ford Puma Hybrid Rally1 ein solides Ergebnis erzielen. Nach ihrem Sieg in Chile belegten sie den dritten Platz und konnten erneut ihre F\u00e4higkeiten unter Beweis stellen. Obwohl T\u00e4nak nicht restlos zufrieden mit dem Fahrzeug war, gelang es ihnen, geschickt allen Schwierigkeiten aus dem Weg zu gehen und das Rennen erfolgreich zu beenden. Ihr Fokus liegt nun auf dem WM-Finale in Japan, wo sie ihre Leistung weiter verbessern m\u00f6chten.<\/p>\n<h2><span class=\"ez-toc-section\" id=\"erfolgreiches-debuet-munster-und-louka-glaenzen-mit-beeindruckender-leistung\"><\/span>Erfolgreiches Deb\u00fct: Munster und Louka gl\u00e4nzen mit beeindruckender Leistung<span class=\"ez-toc-section-end\"><\/span><\/h2>\n<p>Gregoire Munster und sein Beifahrer Louis Louka beeindruckten bei ihrer Premiere auf Asphaltpr\u00fcfungen mit dem Ford Puma Hybrid Rally1. Trotz mangelnder Erfahrung auf diesem Terrain zeigten sie eine beeindruckende Leistung und erreichten den siebten Gesamtrang. Mit ihren schnellen Wertungspr\u00fcfungszeiten imponierten sie nicht nur den Zuschauern, sondern auch den Experten im Service-Park.<\/p>\n<h2><span class=\"ez-toc-section\" id=\"weiterentwickelter-ford-fiesta-rally2-fuehrt-zum-sieg-fuer-m-sport-ford\"><\/span>Weiterentwickelter Ford Fiesta Rally2 f\u00fchrt zum Sieg f\u00fcr M-Sport Ford<span class=\"ez-toc-section-end\"><\/span><\/h2>\n<p>Beim ersten Auftritt der neuen Rallye Zentraleuropa konnte M-Sport Ford \u00fcberzeugen. Adrien Fourmaux und Alexandre Coria zeigten eine starke Leistung und sicherten sich den Sieg in der RC2-Kategorie. Die kontinuierliche Weiterentwicklung des Ford Fiesta Rally2 sowie das perfekte Zusammenspiel von Fahrer, Beifahrer, Mechanikern und Ingenieuren waren ma\u00dfgeblich f\u00fcr dieses herausragende Ergebnis verantwortlich.<\/p>\n<p>Trotz gewisser Unzufriedenheit mit dem Fahrzeug schafften es Ott T\u00e4nak und Martin J\u00e4rveoja erneut auf das Podium. Ihre F\u00e4higkeit, schwierige Situationen zu bew\u00e4ltigen und solide Leistungen zu zeigen, trug zum Erfolg bei. Gregoire Munster \u00fcberraschte mit seinem Talent und erzielte ein beeindruckendes Ergebnis. Obwohl Pierre-Louis Loubet und Benjamin Veillas einen Fehler machten, war die Gesamtleistung von M-Sport Ford in dieser Saison stark. Das Team hofft auf eine weitere erfolgreiche Zusammenarbeit in der kommenden Saison.<\/p>\n","protected":false},"excerpt":{"rendered":"<p>Beim vorletzten WM-Lauf der aktuellen Saison in Passau konnte M-Sport Ford mit dem \u00fcberarbeiteten Ford Fiesta Rally2 einen erfolgreichen Einstand feiern. Adrien Fourmaux und Alexandre Coria zeigten eine starke Leistung und sicherten sich den ersten RC2-Sieg. Trotz eines Reifenschadens auf der dritten Wertungspr\u00fcfung k\u00e4mpfte sich Fourmaux mit einer beeindruckenden Aufholjagd zur\u00fcck an die Spitze und<\/p>\n<div class=\"read-more\"><a href=\"https:\/\/www.doppelklicker.de\/blog\/adrien-fourmaux-alexandre-coria-rc2-sieg-ford-fiesta-rally2\/\" title=\"Jetzt alles lesen\">Jetzt alles lesen<\/a><\/div>\n","protected":false},"author":8,"featured_media":6238,"comment_status":"open","ping_status":"open","sticky":false,"template":"","format":"standard","meta":[],"categories":[3305],"tags":[],"yoast_head":"<!-- This site is optimized with the Yoast SEO plugin v18.2 - https:\/\/yoast.com\/wordpress\/plugins\/seo\/ -->\n<meta name=\"robots\" content=\"index, follow, max-snippet:-1, max-image-preview:large, max-video-preview:-1\" \/>\n<link rel=\"canonical\" href=\"https:\/\/www.doppelklicker.de\/blog\/adrien-fourmaux-alexandre-coria-rc2-sieg-ford-fiesta-rally2\/\" \/>\n<meta property=\"og:locale\" content=\"de_DE\" \/>\n<meta property=\"og:type\" content=\"article\" \/>\n<meta property=\"og:title\" content=\"Podestergebnis f\u00fcr Ott T\u00e4nak und Martin J\u00e4rveoja mit Ford Puma Hybrid Rally1\" \/>\n<meta property=\"og:description\" content=\"Beim vorletzten WM-Lauf der aktuellen Saison in Passau konnte M-Sport Ford mit dem \u00fcberarbeiteten Ford Fiesta Rally2 einen erfolgreichen Einstand feiern. Adrien Fourmaux und Alexandre Coria zeigten eine starke Leistung und sicherten sich den ersten RC2-Sieg. Trotz eines Reifenschadens auf der dritten Wertungspr\u00fcfung k\u00e4mpfte sich Fourmaux mit einer beeindruckenden Aufholjagd zur\u00fcck an die Spitze undJetzt alles lesen\" \/>\n<meta property=\"og:url\" content=\"https:\/\/www.doppelklicker.de\/blog\/adrien-fourmaux-alexandre-coria-rc2-sieg-ford-fiesta-rally2\/\" \/>\n<meta property=\"og:site_name\" content=\"Aus Mainz.\" \/>\n<meta property=\"article:published_time\" content=\"2023-11-03T06:00:00+00:00\" \/>\n<meta property=\"og:image\" content=\"https:\/\/www.doppelklicker.de\/blog\/wp-content\/uploads\/2023\/11\/erfolgreicher-einstand-m-sport-ford-ueberarbeitetem-ford-fiesta-11877.jpg\" \/>\n\t<meta property=\"og:image:width\" content=\"1280\" \/>\n\t<meta property=\"og:image:height\" content=\"615\" \/>\n\t<meta property=\"og:image:type\" content=\"image\/jpeg\" \/>\n<meta name=\"twitter:card\" content=\"summary_large_image\" \/>\n<meta name=\"twitter:label1\" content=\"Verfasst von\" \/>\n\t<meta name=\"twitter:data1\" content=\"Iris Martin\" \/>\n\t<meta name=\"twitter:label2\" content=\"Gesch\u00e4tzte Lesezeit\" \/>\n\t<meta name=\"twitter:data2\" content=\"2 Minuten\" \/>\n<script type=\"application\/ld+json\" class=\"yoast-schema-graph\">{\"@context\":\"https:\/\/schema.org\",\"@graph\":[{\"@type\":\"WebSite\",\"@id\":\"https:\/\/www.doppelklicker.de\/blog\/#website\",\"url\":\"https:\/\/www.doppelklicker.de\/blog\/\",\"name\":\"Aus Mainz.\",\"description\":\"F\u00fcr die Welt.\",\"potentialAction\":[{\"@type\":\"SearchAction\",\"target\":{\"@type\":\"EntryPoint\",\"urlTemplate\":\"https:\/\/www.doppelklicker.de\/blog\/?s={search_term_string}\"},\"query-input\":\"required name=search_term_string\"}],\"inLanguage\":\"de-DE\"},{\"@type\":\"ImageObject\",\"@id\":\"https:\/\/www.doppelklicker.de\/blog\/adrien-fourmaux-alexandre-coria-rc2-sieg-ford-fiesta-rally2\/#primaryimage\",\"inLanguage\":\"de-DE\",\"url\":\"https:\/\/www.doppelklicker.de\/blog\/wp-content\/uploads\/2023\/11\/erfolgreicher-einstand-m-sport-ford-ueberarbeitetem-ford-fiesta-11877.jpg\",\"contentUrl\":\"https:\/\/www.doppelklicker.de\/blog\/wp-content\/uploads\/2023\/11\/erfolgreicher-einstand-m-sport-ford-ueberarbeitetem-ford-fiesta-11877.jpg\",\"width\":1280,\"height\":615,\"caption\":\"Podestergebnis f\u00fcr Ott T\u00e4nak und Martin J\u00e4rveoja mit Ford Puma Hybrid Rally1 (Foto: M-Sport Ford. Ford-Werke GmbH)\"},{\"@type\":\"WebPage\",\"@id\":\"https:\/\/www.doppelklicker.de\/blog\/adrien-fourmaux-alexandre-coria-rc2-sieg-ford-fiesta-rally2\/#webpage\",\"url\":\"https:\/\/www.doppelklicker.de\/blog\/adrien-fourmaux-alexandre-coria-rc2-sieg-ford-fiesta-rally2\/\",\"name\":\"Podestergebnis f\u00fcr Ott T\u00e4nak und Martin J\u00e4rveoja mit Ford Puma Hybrid Rally1\",\"isPartOf\":{\"@id\":\"https:\/\/www.doppelklicker.de\/blog\/#website\"},\"primaryImageOfPage\":{\"@id\":\"https:\/\/www.doppelklicker.de\/blog\/adrien-fourmaux-alexandre-coria-rc2-sieg-ford-fiesta-rally2\/#primaryimage\"},\"datePublished\":\"2023-11-03T06:00:00+00:00\",\"dateModified\":\"2023-11-03T06:00:00+00:00\",\"author\":{\"@id\":\"https:\/\/www.doppelklicker.de\/blog\/#\/schema\/person\/08dcac172bdb025e8ff433488184668a\"},\"breadcrumb\":{\"@id\":\"https:\/\/www.doppelklicker.de\/blog\/adrien-fourmaux-alexandre-coria-rc2-sieg-ford-fiesta-rally2\/#breadcrumb\"},\"inLanguage\":\"de-DE\",\"potentialAction\":[{\"@type\":\"ReadAction\",\"target\":[\"https:\/\/www.doppelklicker.de\/blog\/adrien-fourmaux-alexandre-coria-rc2-sieg-ford-fiesta-rally2\/\"]}]},{\"@type\":\"BreadcrumbList\",\"@id\":\"https:\/\/www.doppelklicker.de\/blog\/adrien-fourmaux-alexandre-coria-rc2-sieg-ford-fiesta-rally2\/#breadcrumb\",\"itemListElement\":[{\"@type\":\"ListItem\",\"position\":1,\"name\":\"Startseite\",\"item\":\"https:\/\/www.doppelklicker.de\/blog\/\"},{\"@type\":\"ListItem\",\"position\":2,\"name\":\"Podestergebnis f\u00fcr Ott T\u00e4nak und Martin J\u00e4rveoja mit Ford Puma Hybrid Rally1\"}]},{\"@type\":\"Person\",\"@id\":\"https:\/\/www.doppelklicker.de\/blog\/#\/schema\/person\/08dcac172bdb025e8ff433488184668a\",\"name\":\"Iris Martin\",\"image\":{\"@type\":\"ImageObject\",\"@id\":\"https:\/\/www.doppelklicker.de\/blog\/#personlogo\",\"inLanguage\":\"de-DE\",\"url\":\"https:\/\/secure.gravatar.com\/avatar\/82fdaa093be0b9686b531f99fcb54d15?s=96&d=wp_user_avatar&r=g\",\"contentUrl\":\"https:\/\/secure.gravatar.com\/avatar\/82fdaa093be0b9686b531f99fcb54d15?s=96&d=wp_user_avatar&r=g\",\"caption\":\"Iris Martin\"},\"url\":\"https:\/\/www.doppelklicker.de\/blog\/author\/iris-martin\/\"}]}<\/script>\n<!-- \/ Yoast SEO plugin. -->","yoast_head_json":{"robots":{"index":"index","follow":"follow","max-snippet":"max-snippet:-1","max-image-preview":"max-image-preview:large","max-video-preview":"max-video-preview:-1"},"canonical":"https:\/\/www.doppelklicker.de\/blog\/adrien-fourmaux-alexandre-coria-rc2-sieg-ford-fiesta-rally2\/","og_locale":"de_DE","og_type":"article","og_title":"Podestergebnis f\u00fcr Ott T\u00e4nak und Martin J\u00e4rveoja mit Ford Puma Hybrid Rally1","og_description":"Beim vorletzten WM-Lauf der aktuellen Saison in Passau konnte M-Sport Ford mit dem \u00fcberarbeiteten Ford Fiesta Rally2 einen erfolgreichen Einstand feiern. Adrien Fourmaux und Alexandre Coria zeigten eine starke Leistung und sicherten sich den ersten RC2-Sieg. Trotz eines Reifenschadens auf der dritten Wertungspr\u00fcfung k\u00e4mpfte sich Fourmaux mit einer beeindruckenden Aufholjagd zur\u00fcck an die Spitze undJetzt alles lesen","og_url":"https:\/\/www.doppelklicker.de\/blog\/adrien-fourmaux-alexandre-coria-rc2-sieg-ford-fiesta-rally2\/","og_site_name":"Aus Mainz.","article_published_time":"2023-11-03T06:00:00+00:00","og_image":[{"width":1280,"height":615,"url":"https:\/\/www.doppelklicker.de\/blog\/wp-content\/uploads\/2023\/11\/erfolgreicher-einstand-m-sport-ford-ueberarbeitetem-ford-fiesta-11877.jpg","type":"image\/jpeg"}],"twitter_card":"summary_large_image","twitter_misc":{"Verfasst von":"Iris Martin","Gesch\u00e4tzte Lesezeit":"2 Minuten"},"schema":{"@context":"https:\/\/schema.org","@graph":[{"@type":"WebSite","@id":"https:\/\/www.doppelklicker.de\/blog\/#website","url":"https:\/\/www.doppelklicker.de\/blog\/","name":"Aus Mainz.","description":"F\u00fcr die Welt.","potentialAction":[{"@type":"SearchAction","target":{"@type":"EntryPoint","urlTemplate":"https:\/\/www.doppelklicker.de\/blog\/?s={search_term_string}"},"query-input":"required name=search_term_string"}],"inLanguage":"de-DE"},{"@type":"ImageObject","@id":"https:\/\/www.doppelklicker.de\/blog\/adrien-fourmaux-alexandre-coria-rc2-sieg-ford-fiesta-rally2\/#primaryimage","inLanguage":"de-DE","url":"https:\/\/www.doppelklicker.de\/blog\/wp-content\/uploads\/2023\/11\/erfolgreicher-einstand-m-sport-ford-ueberarbeitetem-ford-fiesta-11877.jpg","contentUrl":"https:\/\/www.doppelklicker.de\/blog\/wp-content\/uploads\/2023\/11\/erfolgreicher-einstand-m-sport-ford-ueberarbeitetem-ford-fiesta-11877.jpg","width":1280,"height":615,"caption":"Podestergebnis f\u00fcr Ott T\u00e4nak und Martin J\u00e4rveoja mit Ford Puma Hybrid Rally1 (Foto: M-Sport Ford. Ford-Werke GmbH)"},{"@type":"WebPage","@id":"https:\/\/www.doppelklicker.de\/blog\/adrien-fourmaux-alexandre-coria-rc2-sieg-ford-fiesta-rally2\/#webpage","url":"https:\/\/www.doppelklicker.de\/blog\/adrien-fourmaux-alexandre-coria-rc2-sieg-ford-fiesta-rally2\/","name":"Podestergebnis f\u00fcr Ott T\u00e4nak und Martin J\u00e4rveoja mit Ford Puma Hybrid Rally1","isPartOf":{"@id":"https:\/\/www.doppelklicker.de\/blog\/#website"},"primaryImageOfPage":{"@id":"https:\/\/www.doppelklicker.de\/blog\/adrien-fourmaux-alexandre-coria-rc2-sieg-ford-fiesta-rally2\/#primaryimage"},"datePublished":"2023-11-03T06:00:00+00:00","dateModified":"2023-11-03T06:00:00+00:00","author":{"@id":"https:\/\/www.doppelklicker.de\/blog\/#\/schema\/person\/08dcac172bdb025e8ff433488184668a"},"breadcrumb":{"@id":"https:\/\/www.doppelklicker.de\/blog\/adrien-fourmaux-alexandre-coria-rc2-sieg-ford-fiesta-rally2\/#breadcrumb"},"inLanguage":"de-DE","potentialAction":[{"@type":"ReadAction","target":["https:\/\/www.doppelklicker.de\/blog\/adrien-fourmaux-alexandre-coria-rc2-sieg-ford-fiesta-rally2\/"]}]},{"@type":"BreadcrumbList","@id":"https:\/\/www.doppelklicker.de\/blog\/adrien-fourmaux-alexandre-coria-rc2-sieg-ford-fiesta-rally2\/#breadcrumb","itemListElement":[{"@type":"ListItem","position":1,"name":"Startseite","item":"https:\/\/www.doppelklicker.de\/blog\/"},{"@type":"ListItem","position":2,"name":"Podestergebnis f\u00fcr Ott T\u00e4nak und Martin J\u00e4rveoja mit Ford Puma Hybrid Rally1"}]},{"@type":"Person","@id":"https:\/\/www.doppelklicker.de\/blog\/#\/schema\/person\/08dcac172bdb025e8ff433488184668a","name":"Iris Martin","image":{"@type":"ImageObject","@id":"https:\/\/www.doppelklicker.de\/blog\/#personlogo","inLanguage":"de-DE","url":"https:\/\/secure.gravatar.com\/avatar\/82fdaa093be0b9686b531f99fcb54d15?s=96&d=wp_user_avatar&r=g","contentUrl":"https:\/\/secure.gravatar.com\/avatar\/82fdaa093be0b9686b531f99fcb54d15?s=96&d=wp_user_avatar&r=g","caption":"Iris Martin"},"url":"https:\/\/www.doppelklicker.de\/blog\/author\/iris-martin\/"}]}},"_links":{"self":[{"href":"https:\/\/www.doppelklicker.de\/blog\/wp-json\/wp\/v2\/posts\/6237"}],"collection":[{"href":"https:\/\/www.doppelklicker.de\/blog\/wp-json\/wp\/v2\/posts"}],"about":[{"href":"https:\/\/www.doppelklicker.de\/blog\/wp-json\/wp\/v2\/types\/post"}],"author":[{"embeddable":true,"href":"https:\/\/www.doppelklicker.de\/blog\/wp-json\/wp\/v2\/users\/8"}],"replies":[{"embeddable":true,"href":"https:\/\/www.doppelklicker.de\/blog\/wp-json\/wp\/v2\/comments?post=6237"}],"version-history":[{"count":0,"href":"https:\/\/www.doppelklicker.de\/blog\/wp-json\/wp\/v2\/posts\/6237\/revisions"}],"wp:featuredmedia":[{"embeddable":true,"href":"https:\/\/www.doppelklicker.de\/blog\/wp-json\/wp\/v2\/media\/6238"}],"wp:attachment":[{"href":"https:\/\/www.doppelklicker.de\/blog\/wp-json\/wp\/v2\/media?parent=6237"}],"wp:term":[{"taxonomy":"category","embeddable":true,"href":"https:\/\/www.doppelklicker.de\/blog\/wp-json\/wp\/v2\/categories?post=6237"},{"taxonomy":"post_tag","embeddable":true,"href":"https:\/\/www.doppelklicker.de\/blog\/wp-json\/wp\/v2\/tags?post=6237"}],"curies":[{"name":"wp","href":"https:\/\/api.w.org\/{rel}","templated":true}]}}