{"id":6255,"date":"2023-10-18T11:00:00","date_gmt":"2023-10-18T09:00:00","guid":{"rendered":"guid"},"modified":"2023-10-18T11:00:00","modified_gmt":"2023-10-18T09:00:00","slug":"tag-der-bibliotheken-fouqu-bibliothek","status":"publish","type":"post","link":"https:\/\/www.doppelklicker.de\/blog\/tag-der-bibliotheken-fouqu-bibliothek\/","title":{"rendered":"Versteigerung in Brandenburg: Kunstliebhaber und R\u00e4tselfreunde willkommen!"},"content":{"rendered":"<p>Am Dienstag, dem 24. Oktober 2023, um 17:00 Uhr l\u00e4dt die Fouque Bibliothek zur Versteigerung von acht beliebten Bildern aus der R\u00e4tsel-Kunst-Ausstellung von Cally Stronk ein. Der Auktionator Friedel Holzhammer und die Kunstkritikerin Janet Aquarell werden f\u00fcr eine einzigartige Atmosph\u00e4re sorgen und den Abend zu einem unvergesslichen Erlebnis machen.<br \/>\n<!--more--><\/p>\n<h2>Vorsicht: Versteigerung von kostbaren Gem\u00e4lden in Gefahr<\/h2>\n<p>Die Autorin und K\u00fcnstlerin Cally Stronk hat in Zusammenarbeit mit ihrem Mann, dem Autor Christian Friedrich, eine beeindruckende Sammlung von R\u00e4tseln und \u00dcberraschungen f\u00fcr die R\u00e4ume der Bibliothek geschaffen. Diese einzigartigen Bilder sollen nun versteigert werden. Doch Vorsicht ist geboten, da ein Dieb es auf die wertvollen Gem\u00e4lde abgesehen hat. Es besteht die M\u00f6glichkeit, dass w\u00e4hrend der Versteigerung auch lustige F\u00e4lschungen oder andere ungew\u00f6hnliche Ereignisse auftreten.<\/p>\n<h2>Spannende Versteigerung in Brandenburg: Bilder und R\u00e4tsel erwarten Sie<\/h2>\n<p>In der Fouque-Bibliothek erwartet Besucher eine aufregende Versteigerung, bei der sie die M\u00f6glichkeit haben, einzigartige Kunstwerke zu ergattern oder einfach nur Spa\u00df zu haben. Tauchen Sie ein in eine knallbunte Mitmach-Ausstellung mit r\u00e4tselhaften Elementen. Neben der Versteigerung k\u00f6nnen Sie hier auch Ihre Kombinationsgabe testen und die R\u00e4tsel der Ausstellung l\u00f6sen. Vielleicht finden Sie dabei sogar den Hinweis, der den Dieb entlarvt.<\/p>\n<h2>Einzigartige Gelegenheit: Versteigerung der R\u00e4tsel-Kunst-Ausstellung<\/h2>\n<p>Jedes Jahr aufs Neue ist der Tag der Bibliotheken ein Highlight f\u00fcr alle B\u00fccherfreunde und Kulturinteressierte. Die Versteigerung der R\u00e4tsel-Kunst-Ausstellung in der Fouque Bibliothek erm\u00f6glicht es den Besuchern, Kunst und R\u00e4tsel auf eine ganz besondere Weise zu erleben. Lassen Sie sich von der Spannung mitrei\u00dfen und verbringen Sie einen unterhaltsamen Abend in der Fouque-Bibliothek, der Ihnen unvergessliche Momente bescheren wird.<\/p>\n<p>Seien Sie p\u00fcnktlich um 17:00 Uhr in der Fouque-Bibliothek, um an der Versteigerung teilzunehmen. Dieses Event bietet Ihnen die M\u00f6glichkeit, Kunst und R\u00e4tsel auf eine ganz besondere Weise zu erleben. Besuchen Sie uns am Altst\u00e4dtischen Markt 8 in 14770 Brandenburg an der Havel und verpassen Sie nicht die Gelegenheit, an diesem au\u00dfergew\u00f6hnlichen Ereignis teilzunehmen.<\/p>\n","protected":false},"excerpt":{"rendered":"<p>Am Dienstag, dem 24. Oktober 2023, um 17:00 Uhr l\u00e4dt die Fouque Bibliothek zur Versteigerung von acht beliebten Bildern aus der R\u00e4tsel-Kunst-Ausstellung von Cally Stronk ein. Der Auktionator Friedel Holzhammer und die Kunstkritikerin Janet Aquarell werden f\u00fcr eine einzigartige Atmosph\u00e4re sorgen und den Abend zu einem unvergesslichen Erlebnis machen.<\/p>\n","protected":false},"author":8,"featured_media":6260,"comment_status":"open","ping_status":"open","sticky":false,"template":"","format":"standard","meta":[],"categories":[3305],"tags":[],"yoast_head":"<!-- This site is optimized with the Yoast SEO plugin v18.2 - https:\/\/yoast.com\/wordpress\/plugins\/seo\/ -->\n<meta name=\"robots\" content=\"index, follow, max-snippet:-1, max-image-preview:large, max-video-preview:-1\" \/>\n<link rel=\"canonical\" href=\"https:\/\/www.doppelklicker.de\/blog\/tag-der-bibliotheken-fouqu-bibliothek\/\" \/>\n<meta property=\"og:locale\" content=\"de_DE\" \/>\n<meta property=\"og:type\" content=\"article\" \/>\n<meta property=\"og:title\" content=\"Versteigerung in Brandenburg: Kunstliebhaber und R\u00e4tselfreunde willkommen!\" \/>\n<meta property=\"og:description\" content=\"Am Dienstag, dem 24. Oktober 2023, um 17:00 Uhr l\u00e4dt die Fouque Bibliothek zur Versteigerung von acht beliebten Bildern aus der R\u00e4tsel-Kunst-Ausstellung von Cally Stronk ein. Der Auktionator Friedel Holzhammer und die Kunstkritikerin Janet Aquarell werden f\u00fcr eine einzigartige Atmosph\u00e4re sorgen und den Abend zu einem unvergesslichen Erlebnis machen.\" \/>\n<meta property=\"og:url\" content=\"https:\/\/www.doppelklicker.de\/blog\/tag-der-bibliotheken-fouqu-bibliothek\/\" \/>\n<meta property=\"og:site_name\" content=\"Aus Mainz.\" \/>\n<meta property=\"article:published_time\" content=\"2023-10-18T09:00:00+00:00\" \/>\n<meta property=\"og:image\" content=\"https:\/\/www.doppelklicker.de\/blog\/wp-content\/uploads\/2023\/11\/einzigartige-versteigerung-von-raetsel-kunst-11978.jpg\" \/>\n\t<meta property=\"og:image:width\" content=\"1280\" \/>\n\t<meta property=\"og:image:height\" content=\"615\" \/>\n\t<meta property=\"og:image:type\" content=\"image\/jpeg\" \/>\n<meta name=\"twitter:card\" content=\"summary_large_image\" \/>\n<meta name=\"twitter:label1\" content=\"Verfasst von\" \/>\n\t<meta name=\"twitter:data1\" content=\"Iris Martin\" \/>\n\t<meta name=\"twitter:label2\" content=\"Gesch\u00e4tzte Lesezeit\" \/>\n\t<meta name=\"twitter:data2\" content=\"2 Minuten\" \/>\n<script type=\"application\/ld+json\" class=\"yoast-schema-graph\">{\"@context\":\"https:\/\/schema.org\",\"@graph\":[{\"@type\":\"WebSite\",\"@id\":\"https:\/\/www.doppelklicker.de\/blog\/#website\",\"url\":\"https:\/\/www.doppelklicker.de\/blog\/\",\"name\":\"Aus Mainz.\",\"description\":\"F\u00fcr die Welt.\",\"potentialAction\":[{\"@type\":\"SearchAction\",\"target\":{\"@type\":\"EntryPoint\",\"urlTemplate\":\"https:\/\/www.doppelklicker.de\/blog\/?s={search_term_string}\"},\"query-input\":\"required name=search_term_string\"}],\"inLanguage\":\"de-DE\"},{\"@type\":\"ImageObject\",\"@id\":\"https:\/\/www.doppelklicker.de\/blog\/tag-der-bibliotheken-fouqu-bibliothek\/#primaryimage\",\"inLanguage\":\"de-DE\",\"url\":\"https:\/\/www.doppelklicker.de\/blog\/wp-content\/uploads\/2023\/11\/einzigartige-versteigerung-von-raetsel-kunst-11978.jpg\",\"contentUrl\":\"https:\/\/www.doppelklicker.de\/blog\/wp-content\/uploads\/2023\/11\/einzigartige-versteigerung-von-raetsel-kunst-11978.jpg\",\"width\":1280,\"height\":615,\"caption\":\"Versteigerung in Brandenburg: Kunstliebhaber und R\u00e4tselfreunde willkommen! (Foto: Fouque-Bibliothek)\"},{\"@type\":\"WebPage\",\"@id\":\"https:\/\/www.doppelklicker.de\/blog\/tag-der-bibliotheken-fouqu-bibliothek\/#webpage\",\"url\":\"https:\/\/www.doppelklicker.de\/blog\/tag-der-bibliotheken-fouqu-bibliothek\/\",\"name\":\"Versteigerung in Brandenburg: Kunstliebhaber und R\u00e4tselfreunde willkommen!\",\"isPartOf\":{\"@id\":\"https:\/\/www.doppelklicker.de\/blog\/#website\"},\"primaryImageOfPage\":{\"@id\":\"https:\/\/www.doppelklicker.de\/blog\/tag-der-bibliotheken-fouqu-bibliothek\/#primaryimage\"},\"datePublished\":\"2023-10-18T09:00:00+00:00\",\"dateModified\":\"2023-10-18T09:00:00+00:00\",\"author\":{\"@id\":\"https:\/\/www.doppelklicker.de\/blog\/#\/schema\/person\/08dcac172bdb025e8ff433488184668a\"},\"breadcrumb\":{\"@id\":\"https:\/\/www.doppelklicker.de\/blog\/tag-der-bibliotheken-fouqu-bibliothek\/#breadcrumb\"},\"inLanguage\":\"de-DE\",\"potentialAction\":[{\"@type\":\"ReadAction\",\"target\":[\"https:\/\/www.doppelklicker.de\/blog\/tag-der-bibliotheken-fouqu-bibliothek\/\"]}]},{\"@type\":\"BreadcrumbList\",\"@id\":\"https:\/\/www.doppelklicker.de\/blog\/tag-der-bibliotheken-fouqu-bibliothek\/#breadcrumb\",\"itemListElement\":[{\"@type\":\"ListItem\",\"position\":1,\"name\":\"Startseite\",\"item\":\"https:\/\/www.doppelklicker.de\/blog\/\"},{\"@type\":\"ListItem\",\"position\":2,\"name\":\"Versteigerung in Brandenburg: Kunstliebhaber und R\u00e4tselfreunde willkommen!\"}]},{\"@type\":\"Person\",\"@id\":\"https:\/\/www.doppelklicker.de\/blog\/#\/schema\/person\/08dcac172bdb025e8ff433488184668a\",\"name\":\"Iris Martin\",\"image\":{\"@type\":\"ImageObject\",\"@id\":\"https:\/\/www.doppelklicker.de\/blog\/#personlogo\",\"inLanguage\":\"de-DE\",\"url\":\"https:\/\/secure.gravatar.com\/avatar\/82fdaa093be0b9686b531f99fcb54d15?s=96&d=wp_user_avatar&r=g\",\"contentUrl\":\"https:\/\/secure.gravatar.com\/avatar\/82fdaa093be0b9686b531f99fcb54d15?s=96&d=wp_user_avatar&r=g\",\"caption\":\"Iris Martin\"},\"url\":\"https:\/\/www.doppelklicker.de\/blog\/author\/iris-martin\/\"}]}<\/script>\n<!-- \/ Yoast SEO plugin. -->","yoast_head_json":{"robots":{"index":"index","follow":"follow","max-snippet":"max-snippet:-1","max-image-preview":"max-image-preview:large","max-video-preview":"max-video-preview:-1"},"canonical":"https:\/\/www.doppelklicker.de\/blog\/tag-der-bibliotheken-fouqu-bibliothek\/","og_locale":"de_DE","og_type":"article","og_title":"Versteigerung in Brandenburg: Kunstliebhaber und R\u00e4tselfreunde willkommen!","og_description":"Am Dienstag, dem 24. Oktober 2023, um 17:00 Uhr l\u00e4dt die Fouque Bibliothek zur Versteigerung von acht beliebten Bildern aus der R\u00e4tsel-Kunst-Ausstellung von Cally Stronk ein. Der Auktionator Friedel Holzhammer und die Kunstkritikerin Janet Aquarell werden f\u00fcr eine einzigartige Atmosph\u00e4re sorgen und den Abend zu einem unvergesslichen Erlebnis machen.","og_url":"https:\/\/www.doppelklicker.de\/blog\/tag-der-bibliotheken-fouqu-bibliothek\/","og_site_name":"Aus Mainz.","article_published_time":"2023-10-18T09:00:00+00:00","og_image":[{"width":1280,"height":615,"url":"https:\/\/www.doppelklicker.de\/blog\/wp-content\/uploads\/2023\/11\/einzigartige-versteigerung-von-raetsel-kunst-11978.jpg","type":"image\/jpeg"}],"twitter_card":"summary_large_image","twitter_misc":{"Verfasst von":"Iris Martin","Gesch\u00e4tzte Lesezeit":"2 Minuten"},"schema":{"@context":"https:\/\/schema.org","@graph":[{"@type":"WebSite","@id":"https:\/\/www.doppelklicker.de\/blog\/#website","url":"https:\/\/www.doppelklicker.de\/blog\/","name":"Aus Mainz.","description":"F\u00fcr die Welt.","potentialAction":[{"@type":"SearchAction","target":{"@type":"EntryPoint","urlTemplate":"https:\/\/www.doppelklicker.de\/blog\/?s={search_term_string}"},"query-input":"required name=search_term_string"}],"inLanguage":"de-DE"},{"@type":"ImageObject","@id":"https:\/\/www.doppelklicker.de\/blog\/tag-der-bibliotheken-fouqu-bibliothek\/#primaryimage","inLanguage":"de-DE","url":"https:\/\/www.doppelklicker.de\/blog\/wp-content\/uploads\/2023\/11\/einzigartige-versteigerung-von-raetsel-kunst-11978.jpg","contentUrl":"https:\/\/www.doppelklicker.de\/blog\/wp-content\/uploads\/2023\/11\/einzigartige-versteigerung-von-raetsel-kunst-11978.jpg","width":1280,"height":615,"caption":"Versteigerung in Brandenburg: Kunstliebhaber und R\u00e4tselfreunde willkommen! (Foto: Fouque-Bibliothek)"},{"@type":"WebPage","@id":"https:\/\/www.doppelklicker.de\/blog\/tag-der-bibliotheken-fouqu-bibliothek\/#webpage","url":"https:\/\/www.doppelklicker.de\/blog\/tag-der-bibliotheken-fouqu-bibliothek\/","name":"Versteigerung in Brandenburg: Kunstliebhaber und R\u00e4tselfreunde willkommen!","isPartOf":{"@id":"https:\/\/www.doppelklicker.de\/blog\/#website"},"primaryImageOfPage":{"@id":"https:\/\/www.doppelklicker.de\/blog\/tag-der-bibliotheken-fouqu-bibliothek\/#primaryimage"},"datePublished":"2023-10-18T09:00:00+00:00","dateModified":"2023-10-18T09:00:00+00:00","author":{"@id":"https:\/\/www.doppelklicker.de\/blog\/#\/schema\/person\/08dcac172bdb025e8ff433488184668a"},"breadcrumb":{"@id":"https:\/\/www.doppelklicker.de\/blog\/tag-der-bibliotheken-fouqu-bibliothek\/#breadcrumb"},"inLanguage":"de-DE","potentialAction":[{"@type":"ReadAction","target":["https:\/\/www.doppelklicker.de\/blog\/tag-der-bibliotheken-fouqu-bibliothek\/"]}]},{"@type":"BreadcrumbList","@id":"https:\/\/www.doppelklicker.de\/blog\/tag-der-bibliotheken-fouqu-bibliothek\/#breadcrumb","itemListElement":[{"@type":"ListItem","position":1,"name":"Startseite","item":"https:\/\/www.doppelklicker.de\/blog\/"},{"@type":"ListItem","position":2,"name":"Versteigerung in Brandenburg: Kunstliebhaber und R\u00e4tselfreunde willkommen!"}]},{"@type":"Person","@id":"https:\/\/www.doppelklicker.de\/blog\/#\/schema\/person\/08dcac172bdb025e8ff433488184668a","name":"Iris Martin","image":{"@type":"ImageObject","@id":"https:\/\/www.doppelklicker.de\/blog\/#personlogo","inLanguage":"de-DE","url":"https:\/\/secure.gravatar.com\/avatar\/82fdaa093be0b9686b531f99fcb54d15?s=96&d=wp_user_avatar&r=g","contentUrl":"https:\/\/secure.gravatar.com\/avatar\/82fdaa093be0b9686b531f99fcb54d15?s=96&d=wp_user_avatar&r=g","caption":"Iris Martin"},"url":"https:\/\/www.doppelklicker.de\/blog\/author\/iris-martin\/"}]}},"_links":{"self":[{"href":"https:\/\/www.doppelklicker.de\/blog\/wp-json\/wp\/v2\/posts\/6255"}],"collection":[{"href":"https:\/\/www.doppelklicker.de\/blog\/wp-json\/wp\/v2\/posts"}],"about":[{"href":"https:\/\/www.doppelklicker.de\/blog\/wp-json\/wp\/v2\/types\/post"}],"author":[{"embeddable":true,"href":"https:\/\/www.doppelklicker.de\/blog\/wp-json\/wp\/v2\/users\/8"}],"replies":[{"embeddable":true,"href":"https:\/\/www.doppelklicker.de\/blog\/wp-json\/wp\/v2\/comments?post=6255"}],"version-history":[{"count":0,"href":"https:\/\/www.doppelklicker.de\/blog\/wp-json\/wp\/v2\/posts\/6255\/revisions"}],"wp:featuredmedia":[{"embeddable":true,"href":"https:\/\/www.doppelklicker.de\/blog\/wp-json\/wp\/v2\/media\/6260"}],"wp:attachment":[{"href":"https:\/\/www.doppelklicker.de\/blog\/wp-json\/wp\/v2\/media?parent=6255"}],"wp:term":[{"taxonomy":"category","embeddable":true,"href":"https:\/\/www.doppelklicker.de\/blog\/wp-json\/wp\/v2\/categories?post=6255"},{"taxonomy":"post_tag","embeddable":true,"href":"https:\/\/www.doppelklicker.de\/blog\/wp-json\/wp\/v2\/tags?post=6255"}],"curies":[{"name":"wp","href":"https:\/\/api.w.org\/{rel}","templated":true}]}}