{"id":6256,"date":"2023-11-06T12:00:00","date_gmt":"2023-11-06T10:00:00","guid":{"rendered":"guid"},"modified":"2023-11-06T12:00:00","modified_gmt":"2023-11-06T10:00:00","slug":"bundesverband-naturkost-naturwaren-bnn-kennzeichnungspflicht-fuer-gv","status":"publish","type":"post","link":"https:\/\/www.doppelklicker.de\/blog\/bundesverband-naturkost-naturwaren-bnn-kennzeichnungspflicht-fuer-gv\/","title":{"rendered":"BNN fordert Kennzeichnungspflicht f\u00fcr GVO entlang der Wertsch\u00f6pfungskette"},"content":{"rendered":"<p>Der BNN hat k\u00fcrzlich eine Stellungnahme zur Deregulierung des bestehenden Gentechnikrechts der EU-Kommission ver\u00f6ffentlicht. Der Verband warnt vor den Auswirkungen des Gesetzentwurfs auf die \u00f6kologische Land- und Lebensmittelwirtschaft sowie auf die Pr\u00e4ferenzen der europ\u00e4ischen Verbraucherinnen und Verbraucher.<br \/>\n<!--more--><\/p>\n<div id=\"ez-toc-container\" class=\"ez-toc-v2_0_16 counter-hierarchy\">\n<div class=\"ez-toc-title-container\">\n<p class=\"ez-toc-title\">Inhaltsverzeichnis: Das erwartet Sie in diesem Artikel<\/p>\n<span class=\"ez-toc-title-toggle\"><a class=\"ez-toc-pull-right ez-toc-btn ez-toc-btn-xs ez-toc-btn-default ez-toc-toggle\" style=\"display: none;\"><i class=\"ez-toc-glyphicon ez-toc-icon-toggle\"><\/i><\/a><\/span><\/div>\n<nav><ul class=\"ez-toc-list ez-toc-list-level-1\"><li class=\"ez-toc-page-1 ez-toc-heading-level-2\"><a class=\"ez-toc-link ez-toc-heading-1\" href=\"https:\/\/www.doppelklicker.de\/blog\/bundesverband-naturkost-naturwaren-bnn-kennzeichnungspflicht-fuer-gv\/#farm-to-fork-strategie-der-eu-gefaehrdet-durch-neuen-gesetzentwurf\" title=\"Farm-to-Fork-Strategie der EU gef\u00e4hrdet durch neuen Gesetzentwurf\">Farm-to-Fork-Strategie der EU gef\u00e4hrdet durch neuen Gesetzentwurf<\/a><\/li><li class=\"ez-toc-page-1 ez-toc-heading-level-2\"><a class=\"ez-toc-link ez-toc-heading-2\" href=\"https:\/\/www.doppelklicker.de\/blog\/bundesverband-naturkost-naturwaren-bnn-kennzeichnungspflicht-fuer-gv\/#keine-vollumfaengliche-kennzeichnungspflicht-gefahr-fuer-oekologische-landwirtschaft\" title=\"Keine vollumf\u00e4ngliche Kennzeichnungspflicht: Gefahr f\u00fcr \u00f6kologische Landwirtschaft\">Keine vollumf\u00e4ngliche Kennzeichnungspflicht: Gefahr f\u00fcr \u00f6kologische Landwirtschaft<\/a><\/li><li class=\"ez-toc-page-1 ez-toc-heading-level-2\"><a class=\"ez-toc-link ez-toc-heading-3\" href=\"https:\/\/www.doppelklicker.de\/blog\/bundesverband-naturkost-naturwaren-bnn-kennzeichnungspflicht-fuer-gv\/#bnn-ruft-bio-branchenverbaende-zur-teilnahme-an-eu-konsultationsverfahren-auf\" title=\"BNN ruft Bio-Branchenverb\u00e4nde zur Teilnahme an EU-Konsultationsverfahren auf\">BNN ruft Bio-Branchenverb\u00e4nde zur Teilnahme an EU-Konsultationsverfahren auf<\/a><\/li><li class=\"ez-toc-page-1 ez-toc-heading-level-2\"><a class=\"ez-toc-link ez-toc-heading-4\" href=\"https:\/\/www.doppelklicker.de\/blog\/bundesverband-naturkost-naturwaren-bnn-kennzeichnungspflicht-fuer-gv\/#eu-entscheidungen-im-einklang-mit-nachhaltiger-ernaehrung-und-verbraucherwahl\" title=\"EU-Entscheidungen im Einklang mit nachhaltiger Ern\u00e4hrung und Verbraucherwahl\">EU-Entscheidungen im Einklang mit nachhaltiger Ern\u00e4hrung und Verbraucherwahl<\/a><\/li><li class=\"ez-toc-page-1 ez-toc-heading-level-2\"><a class=\"ez-toc-link ez-toc-heading-5\" href=\"https:\/\/www.doppelklicker.de\/blog\/bundesverband-naturkost-naturwaren-bnn-kennzeichnungspflicht-fuer-gv\/#verbraucherschutz-durch-kennzeichnungspflicht-fuer-gvo-gefordert\" title=\"Verbraucherschutz durch Kennzeichnungspflicht f\u00fcr GVO gefordert\">Verbraucherschutz durch Kennzeichnungspflicht f\u00fcr GVO gefordert<\/a><\/li><\/ul><\/nav><\/div>\n<h2><span class=\"ez-toc-section\" id=\"farm-to-fork-strategie-der-eu-gefaehrdet-durch-neuen-gesetzentwurf\"><\/span>Farm-to-Fork-Strategie der EU gef\u00e4hrdet durch neuen Gesetzentwurf<span class=\"ez-toc-section-end\"><\/span><\/h2>\n<p>Der Gesetzentwurf steht im klaren Widerspruch zu den Hauptzielen der Farm-to-Fork-Strategie der EU, die darauf abzielt, bis 2030 ein gerechteres und umweltfreundlicheres Lebensmittelsystem zu schaffen. Die Ablehnung des Gesetzentwurfs seitens des BNN unterstreicht die Unvereinbarkeit mit den Kernzielen der EU und den Bem\u00fchungen, den Anteil des \u00f6kologischen Landbaus zu erh\u00f6hen.<\/p>\n<h2><span class=\"ez-toc-section\" id=\"keine-vollumfaengliche-kennzeichnungspflicht-gefahr-fuer-oekologische-landwirtschaft\"><\/span>Keine vollumf\u00e4ngliche Kennzeichnungspflicht: Gefahr f\u00fcr \u00f6kologische Landwirtschaft<span class=\"ez-toc-section-end\"><\/span><\/h2>\n<p>Die Forderung des BNN nach einer verpflichtenden Kennzeichnungspflicht f\u00fcr GVO entlang der gesamten Wertsch\u00f6pfungskette zielt darauf ab, Transparenz und Verbrauchersicherheit zu gew\u00e4hrleisten. Der aktuelle Gesetzentwurf erf\u00fcllt diese Anforderungen nicht vollst\u00e4ndig, was ein Risiko f\u00fcr die Koexistenz von \u00f6kologischer und konventioneller Land- und Lebensmittelwirtschaft sowie die Existenz der Bio-Branche darstellt.<\/p>\n<h2><span class=\"ez-toc-section\" id=\"bnn-ruft-bio-branchenverbaende-zur-teilnahme-an-eu-konsultationsverfahren-auf\"><\/span>BNN ruft Bio-Branchenverb\u00e4nde zur Teilnahme an EU-Konsultationsverfahren auf<span class=\"ez-toc-section-end\"><\/span><\/h2>\n<p>Der BNN ruft alle Bio-Branchenverb\u00e4nde und Bio-Unternehmen dazu auf, sich aktiv am Konsultationsverfahren der EU-Kommission zu beteiligen. Bis zum 5. November 2023 k\u00f6nnen EU-B\u00fcrgerinnen und -B\u00fcrger, Unternehmen und weitere Interessentr\u00e4ger ihre Stellungnahme zum Gesetzesvorschlag abgeben.<\/p>\n<h2><span class=\"ez-toc-section\" id=\"eu-entscheidungen-im-einklang-mit-nachhaltiger-ernaehrung-und-verbraucherwahl\"><\/span>EU-Entscheidungen im Einklang mit nachhaltiger Ern\u00e4hrung und Verbraucherwahl<span class=\"ez-toc-section-end\"><\/span><\/h2>\n<p>Der BNN setzt sich entschieden daf\u00fcr ein, die Interessen der Bio-Branche und der Verbraucherinnen und Verbraucher zu sch\u00fctzen und die \u00f6kologische Land- und Lebensmittelwirtschaft zu f\u00f6rdern. Das Hauptziel besteht darin, sicherzustellen, dass die Entscheidungen der EU den Zielen einer nachhaltigen und gesunden Ern\u00e4hrung entsprechen und die Verbraucherinnen und Verbraucher die M\u00f6glichkeit haben, frei zu w\u00e4hlen.<\/p>\n<h2><span class=\"ez-toc-section\" id=\"verbraucherschutz-durch-kennzeichnungspflicht-fuer-gvo-gefordert\"><\/span>Verbraucherschutz durch Kennzeichnungspflicht f\u00fcr GVO gefordert<span class=\"ez-toc-section-end\"><\/span><\/h2>\n<p>Durch eine verpflichtende Kennzeichnung von GVO entlang der gesamten Wertsch\u00f6pfungskette wird den Verbraucherinnen und Verbrauchern eine informierte Wahl erm\u00f6glicht, die ihren individuellen Bed\u00fcrfnissen und Vorstellungen entspricht.<\/p>\n<p>Die EU-Kommission sollte die Bedenken des BNN hinsichtlich der Deregulierung des Gentechnikrechts gr\u00fcndlich pr\u00fcfen und die Forderungen nach einer verpflichtenden Kennzeichnung von GVO in Betracht ziehen. Nur durch eine solche Kennzeichnungspflicht kann die \u00f6kologische Land- und Lebensmittelwirtschaft gesch\u00fctzt werden und den Verbraucherinnen und Verbrauchern die M\u00f6glichkeit gegeben werden, bewusste Entscheidungen \u00fcber ihre Ern\u00e4hrung zu treffen.<\/p>\n","protected":false},"excerpt":{"rendered":"<p>Der BNN hat k\u00fcrzlich eine Stellungnahme zur Deregulierung des bestehenden Gentechnikrechts der EU-Kommission ver\u00f6ffentlicht. Der Verband warnt vor den Auswirkungen des Gesetzentwurfs auf die \u00f6kologische Land- und Lebensmittelwirtschaft sowie auf die Pr\u00e4ferenzen der europ\u00e4ischen Verbraucherinnen und Verbraucher.<\/p>\n","protected":false},"author":8,"featured_media":6259,"comment_status":"open","ping_status":"open","sticky":false,"template":"","format":"standard","meta":[],"categories":[3305],"tags":[],"yoast_head":"<!-- This site is optimized with the Yoast SEO plugin v18.2 - https:\/\/yoast.com\/wordpress\/plugins\/seo\/ -->\n<meta name=\"robots\" content=\"index, follow, max-snippet:-1, max-image-preview:large, max-video-preview:-1\" \/>\n<link rel=\"canonical\" href=\"https:\/\/www.doppelklicker.de\/blog\/bundesverband-naturkost-naturwaren-bnn-kennzeichnungspflicht-fuer-gv\/\" \/>\n<meta property=\"og:locale\" content=\"de_DE\" \/>\n<meta property=\"og:type\" content=\"article\" \/>\n<meta property=\"og:title\" content=\"BNN fordert Kennzeichnungspflicht f\u00fcr GVO entlang der Wertsch\u00f6pfungskette\" \/>\n<meta property=\"og:description\" content=\"Der BNN hat k\u00fcrzlich eine Stellungnahme zur Deregulierung des bestehenden Gentechnikrechts der EU-Kommission ver\u00f6ffentlicht. Der Verband warnt vor den Auswirkungen des Gesetzentwurfs auf die \u00f6kologische Land- und Lebensmittelwirtschaft sowie auf die Pr\u00e4ferenzen der europ\u00e4ischen Verbraucherinnen und Verbraucher.\" \/>\n<meta property=\"og:url\" content=\"https:\/\/www.doppelklicker.de\/blog\/bundesverband-naturkost-naturwaren-bnn-kennzeichnungspflicht-fuer-gv\/\" \/>\n<meta property=\"og:site_name\" content=\"Aus Mainz.\" \/>\n<meta property=\"article:published_time\" content=\"2023-11-06T10:00:00+00:00\" \/>\n<meta property=\"og:image\" content=\"https:\/\/www.doppelklicker.de\/blog\/wp-content\/uploads\/2023\/11\/bnn-lehnt-eu-gesetzentwurf-zur-gentechnikderegulierung-ab-11972.jpg\" \/>\n\t<meta property=\"og:image:width\" content=\"1280\" \/>\n\t<meta property=\"og:image:height\" content=\"615\" \/>\n\t<meta property=\"og:image:type\" content=\"image\/jpeg\" \/>\n<meta name=\"twitter:card\" content=\"summary_large_image\" \/>\n<meta name=\"twitter:label1\" content=\"Verfasst von\" \/>\n\t<meta name=\"twitter:data1\" content=\"Iris Martin\" \/>\n\t<meta name=\"twitter:label2\" content=\"Gesch\u00e4tzte Lesezeit\" \/>\n\t<meta name=\"twitter:data2\" content=\"2 Minuten\" \/>\n<script type=\"application\/ld+json\" class=\"yoast-schema-graph\">{\"@context\":\"https:\/\/schema.org\",\"@graph\":[{\"@type\":\"WebSite\",\"@id\":\"https:\/\/www.doppelklicker.de\/blog\/#website\",\"url\":\"https:\/\/www.doppelklicker.de\/blog\/\",\"name\":\"Aus Mainz.\",\"description\":\"F\u00fcr die Welt.\",\"potentialAction\":[{\"@type\":\"SearchAction\",\"target\":{\"@type\":\"EntryPoint\",\"urlTemplate\":\"https:\/\/www.doppelklicker.de\/blog\/?s={search_term_string}\"},\"query-input\":\"required name=search_term_string\"}],\"inLanguage\":\"de-DE\"},{\"@type\":\"ImageObject\",\"@id\":\"https:\/\/www.doppelklicker.de\/blog\/bundesverband-naturkost-naturwaren-bnn-kennzeichnungspflicht-fuer-gv\/#primaryimage\",\"inLanguage\":\"de-DE\",\"url\":\"https:\/\/www.doppelklicker.de\/blog\/wp-content\/uploads\/2023\/11\/bnn-lehnt-eu-gesetzentwurf-zur-gentechnikderegulierung-ab-11972.jpg\",\"contentUrl\":\"https:\/\/www.doppelklicker.de\/blog\/wp-content\/uploads\/2023\/11\/bnn-lehnt-eu-gesetzentwurf-zur-gentechnikderegulierung-ab-11972.jpg\",\"width\":1280,\"height\":615,\"caption\":\"BNN fordert Kennzeichnungspflicht f\u00fcr GVO entlang der Wertsch\u00f6pfungskette (Foto: Bundesverband Naturkost Naturwaren (BNN) e.V)\"},{\"@type\":\"WebPage\",\"@id\":\"https:\/\/www.doppelklicker.de\/blog\/bundesverband-naturkost-naturwaren-bnn-kennzeichnungspflicht-fuer-gv\/#webpage\",\"url\":\"https:\/\/www.doppelklicker.de\/blog\/bundesverband-naturkost-naturwaren-bnn-kennzeichnungspflicht-fuer-gv\/\",\"name\":\"BNN fordert Kennzeichnungspflicht f\u00fcr GVO entlang der Wertsch\u00f6pfungskette\",\"isPartOf\":{\"@id\":\"https:\/\/www.doppelklicker.de\/blog\/#website\"},\"primaryImageOfPage\":{\"@id\":\"https:\/\/www.doppelklicker.de\/blog\/bundesverband-naturkost-naturwaren-bnn-kennzeichnungspflicht-fuer-gv\/#primaryimage\"},\"datePublished\":\"2023-11-06T10:00:00+00:00\",\"dateModified\":\"2023-11-06T10:00:00+00:00\",\"author\":{\"@id\":\"https:\/\/www.doppelklicker.de\/blog\/#\/schema\/person\/08dcac172bdb025e8ff433488184668a\"},\"breadcrumb\":{\"@id\":\"https:\/\/www.doppelklicker.de\/blog\/bundesverband-naturkost-naturwaren-bnn-kennzeichnungspflicht-fuer-gv\/#breadcrumb\"},\"inLanguage\":\"de-DE\",\"potentialAction\":[{\"@type\":\"ReadAction\",\"target\":[\"https:\/\/www.doppelklicker.de\/blog\/bundesverband-naturkost-naturwaren-bnn-kennzeichnungspflicht-fuer-gv\/\"]}]},{\"@type\":\"BreadcrumbList\",\"@id\":\"https:\/\/www.doppelklicker.de\/blog\/bundesverband-naturkost-naturwaren-bnn-kennzeichnungspflicht-fuer-gv\/#breadcrumb\",\"itemListElement\":[{\"@type\":\"ListItem\",\"position\":1,\"name\":\"Startseite\",\"item\":\"https:\/\/www.doppelklicker.de\/blog\/\"},{\"@type\":\"ListItem\",\"position\":2,\"name\":\"BNN fordert Kennzeichnungspflicht f\u00fcr GVO entlang der Wertsch\u00f6pfungskette\"}]},{\"@type\":\"Person\",\"@id\":\"https:\/\/www.doppelklicker.de\/blog\/#\/schema\/person\/08dcac172bdb025e8ff433488184668a\",\"name\":\"Iris Martin\",\"image\":{\"@type\":\"ImageObject\",\"@id\":\"https:\/\/www.doppelklicker.de\/blog\/#personlogo\",\"inLanguage\":\"de-DE\",\"url\":\"https:\/\/secure.gravatar.com\/avatar\/82fdaa093be0b9686b531f99fcb54d15?s=96&d=wp_user_avatar&r=g\",\"contentUrl\":\"https:\/\/secure.gravatar.com\/avatar\/82fdaa093be0b9686b531f99fcb54d15?s=96&d=wp_user_avatar&r=g\",\"caption\":\"Iris Martin\"},\"url\":\"https:\/\/www.doppelklicker.de\/blog\/author\/iris-martin\/\"}]}<\/script>\n<!-- \/ Yoast SEO plugin. -->","yoast_head_json":{"robots":{"index":"index","follow":"follow","max-snippet":"max-snippet:-1","max-image-preview":"max-image-preview:large","max-video-preview":"max-video-preview:-1"},"canonical":"https:\/\/www.doppelklicker.de\/blog\/bundesverband-naturkost-naturwaren-bnn-kennzeichnungspflicht-fuer-gv\/","og_locale":"de_DE","og_type":"article","og_title":"BNN fordert Kennzeichnungspflicht f\u00fcr GVO entlang der Wertsch\u00f6pfungskette","og_description":"Der BNN hat k\u00fcrzlich eine Stellungnahme zur Deregulierung des bestehenden Gentechnikrechts der EU-Kommission ver\u00f6ffentlicht. Der Verband warnt vor den Auswirkungen des Gesetzentwurfs auf die \u00f6kologische Land- und Lebensmittelwirtschaft sowie auf die Pr\u00e4ferenzen der europ\u00e4ischen Verbraucherinnen und Verbraucher.","og_url":"https:\/\/www.doppelklicker.de\/blog\/bundesverband-naturkost-naturwaren-bnn-kennzeichnungspflicht-fuer-gv\/","og_site_name":"Aus Mainz.","article_published_time":"2023-11-06T10:00:00+00:00","og_image":[{"width":1280,"height":615,"url":"https:\/\/www.doppelklicker.de\/blog\/wp-content\/uploads\/2023\/11\/bnn-lehnt-eu-gesetzentwurf-zur-gentechnikderegulierung-ab-11972.jpg","type":"image\/jpeg"}],"twitter_card":"summary_large_image","twitter_misc":{"Verfasst von":"Iris Martin","Gesch\u00e4tzte Lesezeit":"2 Minuten"},"schema":{"@context":"https:\/\/schema.org","@graph":[{"@type":"WebSite","@id":"https:\/\/www.doppelklicker.de\/blog\/#website","url":"https:\/\/www.doppelklicker.de\/blog\/","name":"Aus Mainz.","description":"F\u00fcr die Welt.","potentialAction":[{"@type":"SearchAction","target":{"@type":"EntryPoint","urlTemplate":"https:\/\/www.doppelklicker.de\/blog\/?s={search_term_string}"},"query-input":"required name=search_term_string"}],"inLanguage":"de-DE"},{"@type":"ImageObject","@id":"https:\/\/www.doppelklicker.de\/blog\/bundesverband-naturkost-naturwaren-bnn-kennzeichnungspflicht-fuer-gv\/#primaryimage","inLanguage":"de-DE","url":"https:\/\/www.doppelklicker.de\/blog\/wp-content\/uploads\/2023\/11\/bnn-lehnt-eu-gesetzentwurf-zur-gentechnikderegulierung-ab-11972.jpg","contentUrl":"https:\/\/www.doppelklicker.de\/blog\/wp-content\/uploads\/2023\/11\/bnn-lehnt-eu-gesetzentwurf-zur-gentechnikderegulierung-ab-11972.jpg","width":1280,"height":615,"caption":"BNN fordert Kennzeichnungspflicht f\u00fcr GVO entlang der Wertsch\u00f6pfungskette (Foto: Bundesverband Naturkost Naturwaren (BNN) e.V)"},{"@type":"WebPage","@id":"https:\/\/www.doppelklicker.de\/blog\/bundesverband-naturkost-naturwaren-bnn-kennzeichnungspflicht-fuer-gv\/#webpage","url":"https:\/\/www.doppelklicker.de\/blog\/bundesverband-naturkost-naturwaren-bnn-kennzeichnungspflicht-fuer-gv\/","name":"BNN fordert Kennzeichnungspflicht f\u00fcr GVO entlang der Wertsch\u00f6pfungskette","isPartOf":{"@id":"https:\/\/www.doppelklicker.de\/blog\/#website"},"primaryImageOfPage":{"@id":"https:\/\/www.doppelklicker.de\/blog\/bundesverband-naturkost-naturwaren-bnn-kennzeichnungspflicht-fuer-gv\/#primaryimage"},"datePublished":"2023-11-06T10:00:00+00:00","dateModified":"2023-11-06T10:00:00+00:00","author":{"@id":"https:\/\/www.doppelklicker.de\/blog\/#\/schema\/person\/08dcac172bdb025e8ff433488184668a"},"breadcrumb":{"@id":"https:\/\/www.doppelklicker.de\/blog\/bundesverband-naturkost-naturwaren-bnn-kennzeichnungspflicht-fuer-gv\/#breadcrumb"},"inLanguage":"de-DE","potentialAction":[{"@type":"ReadAction","target":["https:\/\/www.doppelklicker.de\/blog\/bundesverband-naturkost-naturwaren-bnn-kennzeichnungspflicht-fuer-gv\/"]}]},{"@type":"BreadcrumbList","@id":"https:\/\/www.doppelklicker.de\/blog\/bundesverband-naturkost-naturwaren-bnn-kennzeichnungspflicht-fuer-gv\/#breadcrumb","itemListElement":[{"@type":"ListItem","position":1,"name":"Startseite","item":"https:\/\/www.doppelklicker.de\/blog\/"},{"@type":"ListItem","position":2,"name":"BNN fordert Kennzeichnungspflicht f\u00fcr GVO entlang der Wertsch\u00f6pfungskette"}]},{"@type":"Person","@id":"https:\/\/www.doppelklicker.de\/blog\/#\/schema\/person\/08dcac172bdb025e8ff433488184668a","name":"Iris Martin","image":{"@type":"ImageObject","@id":"https:\/\/www.doppelklicker.de\/blog\/#personlogo","inLanguage":"de-DE","url":"https:\/\/secure.gravatar.com\/avatar\/82fdaa093be0b9686b531f99fcb54d15?s=96&d=wp_user_avatar&r=g","contentUrl":"https:\/\/secure.gravatar.com\/avatar\/82fdaa093be0b9686b531f99fcb54d15?s=96&d=wp_user_avatar&r=g","caption":"Iris Martin"},"url":"https:\/\/www.doppelklicker.de\/blog\/author\/iris-martin\/"}]}},"_links":{"self":[{"href":"https:\/\/www.doppelklicker.de\/blog\/wp-json\/wp\/v2\/posts\/6256"}],"collection":[{"href":"https:\/\/www.doppelklicker.de\/blog\/wp-json\/wp\/v2\/posts"}],"about":[{"href":"https:\/\/www.doppelklicker.de\/blog\/wp-json\/wp\/v2\/types\/post"}],"author":[{"embeddable":true,"href":"https:\/\/www.doppelklicker.de\/blog\/wp-json\/wp\/v2\/users\/8"}],"replies":[{"embeddable":true,"href":"https:\/\/www.doppelklicker.de\/blog\/wp-json\/wp\/v2\/comments?post=6256"}],"version-history":[{"count":0,"href":"https:\/\/www.doppelklicker.de\/blog\/wp-json\/wp\/v2\/posts\/6256\/revisions"}],"wp:featuredmedia":[{"embeddable":true,"href":"https:\/\/www.doppelklicker.de\/blog\/wp-json\/wp\/v2\/media\/6259"}],"wp:attachment":[{"href":"https:\/\/www.doppelklicker.de\/blog\/wp-json\/wp\/v2\/media?parent=6256"}],"wp:term":[{"taxonomy":"category","embeddable":true,"href":"https:\/\/www.doppelklicker.de\/blog\/wp-json\/wp\/v2\/categories?post=6256"},{"taxonomy":"post_tag","embeddable":true,"href":"https:\/\/www.doppelklicker.de\/blog\/wp-json\/wp\/v2\/tags?post=6256"}],"curies":[{"name":"wp","href":"https:\/\/api.w.org\/{rel}","templated":true}]}}