{"id":6269,"date":"2023-12-04T09:00:00","date_gmt":"2023-12-04T07:00:00","guid":{"rendered":"guid"},"modified":"2023-12-04T09:00:00","modified_gmt":"2023-12-04T07:00:00","slug":"warum-schrumpfen-wir-im-altero","status":"publish","type":"post","link":"https:\/\/www.doppelklicker.de\/blog\/warum-schrumpfen-wir-im-altero\/","title":{"rendered":"Osteoporose und Haltung als m\u00f6gliche Faktoren f\u00fcr Gr\u00f6\u00dfenverlust"},"content":{"rendered":"<p>Beim \u00c4lterwerden schrumpfen wir alle, da unsere Bandscheiben zwischen den Wirbeln an Elastizit\u00e4t verlieren. Diese Bandscheiben dienen als Sto\u00dfd\u00e4mpfer f\u00fcr unseren R\u00fccken und ben\u00f6tigen ausreichend Wasser, um ihre Funktion zu erf\u00fcllen. Durch Bewegung und Belastung tags\u00fcber verlieren die Bandscheiben nach und nach Fl\u00fcssigkeit, was zu einem Verlust an Gr\u00f6\u00dfe f\u00fchrt. \u00dcber Nacht f\u00fcllen sie sich jedoch wieder mit Wasser, sodass wir morgens in unserer maximalen Gr\u00f6\u00dfe aufstehen.<br \/>\n<!--more--><\/p>\n<h2>Gr\u00f6\u00dfenverlust im Alter: Die Auswirkungen auf unsere Bandscheiben<\/h2>\n<p>Die Bandscheiben, die sich zwischen den Wirbeln befinden, spielen eine wichtige Rolle f\u00fcr die Elastizit\u00e4t und Federung der Wirbels\u00e4ule. Damit sie ihre Funktionen optimal erf\u00fcllen k\u00f6nnen, ben\u00f6tigen die Bandscheiben ausreichend Wasser. Tags\u00fcber, wenn wir uns viel bewegen und die Wirbels\u00e4ule belasten, verlieren sie jedoch allm\u00e4hlich Fl\u00fcssigkeit. Selbst ein minimaler Verlust von einem Millimeter Dicke kann zu erheblichen Gr\u00f6\u00dfenverlusten von bis zu drei Zentimetern f\u00fchren. Die tats\u00e4chlichen Auswirkungen variieren je nach Belastung des R\u00fcckens und der individuellen K\u00f6rpergr\u00f6\u00dfe.<\/p>\n<p>Der Fl\u00fcssigkeitsverlust in den Bandscheiben ist unproblematisch. Durch das Hinlegen und die Entlastung des R\u00fcckens w\u00e4hrend des Schlafens k\u00f6nnen sich die Bandscheiben wieder mit Wasser f\u00fcllen. Dies erm\u00f6glicht eine Reparatur des Verlusts, der w\u00e4hrend des Tages auftritt, und am n\u00e4chsten Morgen stehen wir wieder in unserer normalen Gr\u00f6\u00dfe auf.<\/p>\n<p>Das Schrumpfen des menschlichen K\u00f6rpers beginnt bereits ab dem 30. Lebensjahr. Dies ist auf den Verlust an Elastizit\u00e4t der Bandscheiben zur\u00fcckzuf\u00fchren, der auf den abnehmenden Fl\u00fcssigkeitsgehalt im K\u00f6rper zur\u00fcckzuf\u00fchren ist. Die Bandscheiben werden d\u00fcnner und die K\u00f6rpergr\u00f6\u00dfe nimmt allm\u00e4hlich ab. Im Durchschnitt schrumpfen wir alle 10 Jahre ab dem 30. Lebensjahr um etwa 1 cm.<\/p>\n<p>Ein ausgepr\u00e4gter Verlust an K\u00f6rpergr\u00f6\u00dfe kann verschiedene Ursachen haben, darunter auch Krankheiten wie Osteoporose. Diese Erkrankung tritt vor allem bei Frauen nach den Wechseljahren auf. Zudem kann auch eine schlechte Haltung, wie beispielsweise langanhaltendes gekr\u00fcmmtes Sitzen vor dem Computer, zu Verformungen der Wirbels\u00e4ule f\u00fchren und zu einer Abnahme der K\u00f6rpergr\u00f6\u00dfe f\u00fchren.<\/p>\n<p>Ergonomische Arbeitspl\u00e4tze mit geeigneten B\u00fcrost\u00fchlen und h\u00f6henverstellbaren Schreibtischen k\u00f6nnen dazu beitragen, eine gesunde Sitzhaltung im Alltag zu f\u00f6rdern.<\/p>\n<p>Im Alter schrumpfen wir allm\u00e4hlich an Gr\u00f6\u00dfe, aber es gibt zwei Ausnahmen &#8211; unsere Nase und Ohren. Diese beiden K\u00f6rperteile wachsen tats\u00e4chlich ein Leben lang weiter. Obwohl dies als faszinierender biologischer Prozess betrachtet werden kann, bleibt die Frage, ob dieser Umstand als Trost f\u00fcr den allgemeinen Verlust an K\u00f6rpergr\u00f6\u00dfe im Alter angesehen werden kann.<\/p>\n","protected":false},"excerpt":{"rendered":"<p>Beim \u00c4lterwerden schrumpfen wir alle, da unsere Bandscheiben zwischen den Wirbeln an Elastizit\u00e4t verlieren. Diese Bandscheiben dienen als Sto\u00dfd\u00e4mpfer f\u00fcr unseren R\u00fccken und ben\u00f6tigen ausreichend Wasser, um ihre Funktion zu erf\u00fcllen. Durch Bewegung und Belastung tags\u00fcber verlieren die Bandscheiben nach und nach Fl\u00fcssigkeit, was zu einem Verlust an Gr\u00f6\u00dfe f\u00fchrt. \u00dcber Nacht f\u00fcllen sie sich<\/p>\n<div class=\"read-more\"><a href=\"https:\/\/www.doppelklicker.de\/blog\/warum-schrumpfen-wir-im-altero\/\" title=\"Jetzt alles lesen\">Jetzt alles lesen<\/a><\/div>\n","protected":false},"author":8,"featured_media":6270,"comment_status":"open","ping_status":"open","sticky":false,"template":"","format":"standard","meta":[],"categories":[3305],"tags":[],"yoast_head":"<!-- This site is optimized with the Yoast SEO plugin v18.2 - https:\/\/yoast.com\/wordpress\/plugins\/seo\/ -->\n<meta name=\"robots\" content=\"index, follow, max-snippet:-1, max-image-preview:large, max-video-preview:-1\" \/>\n<meta property=\"og:locale\" content=\"de_DE\" \/>\n<meta property=\"og:type\" content=\"article\" \/>\n<meta property=\"og:title\" content=\"Osteoporose und Haltung als m\u00f6gliche Faktoren f\u00fcr Gr\u00f6\u00dfenverlust\" \/>\n<meta property=\"og:description\" content=\"Beim \u00c4lterwerden schrumpfen wir alle, da unsere Bandscheiben zwischen den Wirbeln an Elastizit\u00e4t verlieren. Diese Bandscheiben dienen als Sto\u00dfd\u00e4mpfer f\u00fcr unseren R\u00fccken und ben\u00f6tigen ausreichend Wasser, um ihre Funktion zu erf\u00fcllen. Durch Bewegung und Belastung tags\u00fcber verlieren die Bandscheiben nach und nach Fl\u00fcssigkeit, was zu einem Verlust an Gr\u00f6\u00dfe f\u00fchrt. \u00dcber Nacht f\u00fcllen sie sichJetzt alles lesen\" \/>\n<meta property=\"og:url\" content=\"https:\/\/www.doppelklicker.de\/blog\/?p=6269\" \/>\n<meta property=\"og:site_name\" content=\"Aus Mainz.\" \/>\n<meta property=\"article:published_time\" content=\"2023-12-04T07:00:00+00:00\" \/>\n<meta property=\"og:image\" content=\"https:\/\/www.doppelklicker.de\/blog\/wp-content\/uploads\/2023\/11\/warum-schrumpfen-wir-im-alter-und-wie-laesst-sich-12093.jpg\" \/>\n\t<meta property=\"og:image:width\" content=\"1280\" \/>\n\t<meta property=\"og:image:height\" content=\"615\" \/>\n\t<meta property=\"og:image:type\" content=\"image\/jpeg\" \/>\n<meta name=\"twitter:card\" content=\"summary_large_image\" \/>\n<meta name=\"twitter:label1\" content=\"Verfasst von\" \/>\n\t<meta name=\"twitter:data1\" content=\"Iris Martin\" \/>\n\t<meta name=\"twitter:label2\" content=\"Gesch\u00e4tzte Lesezeit\" \/>\n\t<meta name=\"twitter:data2\" content=\"2 Minuten\" \/>\n<script type=\"application\/ld+json\" class=\"yoast-schema-graph\">{\"@context\":\"https:\/\/schema.org\",\"@graph\":[{\"@type\":\"WebSite\",\"@id\":\"https:\/\/www.doppelklicker.de\/blog\/#website\",\"url\":\"https:\/\/www.doppelklicker.de\/blog\/\",\"name\":\"Aus Mainz.\",\"description\":\"F\u00fcr die Welt.\",\"potentialAction\":[{\"@type\":\"SearchAction\",\"target\":{\"@type\":\"EntryPoint\",\"urlTemplate\":\"https:\/\/www.doppelklicker.de\/blog\/?s={search_term_string}\"},\"query-input\":\"required name=search_term_string\"}],\"inLanguage\":\"de-DE\"},{\"@type\":\"ImageObject\",\"@id\":\"https:\/\/www.doppelklicker.de\/blog\/?p=6269#primaryimage\",\"inLanguage\":\"de-DE\",\"url\":\"https:\/\/www.doppelklicker.de\/blog\/wp-content\/uploads\/2023\/11\/warum-schrumpfen-wir-im-alter-und-wie-laesst-sich-12093.jpg\",\"contentUrl\":\"https:\/\/www.doppelklicker.de\/blog\/wp-content\/uploads\/2023\/11\/warum-schrumpfen-wir-im-alter-und-wie-laesst-sich-12093.jpg\",\"width\":1280,\"height\":615,\"caption\":\"Osteoporose und Haltung als m\u00f6gliche Faktoren f\u00fcr Gr\u00f6\u00dfenverlust (Foto: AdobeStock 84562665v BOOCYS)\"},{\"@type\":\"WebPage\",\"@id\":\"https:\/\/www.doppelklicker.de\/blog\/?p=6269#webpage\",\"url\":\"https:\/\/www.doppelklicker.de\/blog\/?p=6269\",\"name\":\"Osteoporose und Haltung als m\u00f6gliche Faktoren f\u00fcr Gr\u00f6\u00dfenverlust\",\"isPartOf\":{\"@id\":\"https:\/\/www.doppelklicker.de\/blog\/#website\"},\"primaryImageOfPage\":{\"@id\":\"https:\/\/www.doppelklicker.de\/blog\/?p=6269#primaryimage\"},\"datePublished\":\"2023-12-04T07:00:00+00:00\",\"dateModified\":\"2023-12-04T07:00:00+00:00\",\"author\":{\"@id\":\"https:\/\/www.doppelklicker.de\/blog\/#\/schema\/person\/08dcac172bdb025e8ff433488184668a\"},\"breadcrumb\":{\"@id\":\"https:\/\/www.doppelklicker.de\/blog\/?p=6269#breadcrumb\"},\"inLanguage\":\"de-DE\",\"potentialAction\":[{\"@type\":\"ReadAction\",\"target\":[\"https:\/\/www.doppelklicker.de\/blog\/?p=6269\"]}]},{\"@type\":\"BreadcrumbList\",\"@id\":\"https:\/\/www.doppelklicker.de\/blog\/?p=6269#breadcrumb\",\"itemListElement\":[{\"@type\":\"ListItem\",\"position\":1,\"name\":\"Startseite\",\"item\":\"https:\/\/www.doppelklicker.de\/blog\/\"},{\"@type\":\"ListItem\",\"position\":2,\"name\":\"Osteoporose und Haltung als m\u00f6gliche Faktoren f\u00fcr Gr\u00f6\u00dfenverlust\"}]},{\"@type\":\"Person\",\"@id\":\"https:\/\/www.doppelklicker.de\/blog\/#\/schema\/person\/08dcac172bdb025e8ff433488184668a\",\"name\":\"Iris Martin\",\"image\":{\"@type\":\"ImageObject\",\"@id\":\"https:\/\/www.doppelklicker.de\/blog\/#personlogo\",\"inLanguage\":\"de-DE\",\"url\":\"https:\/\/secure.gravatar.com\/avatar\/82fdaa093be0b9686b531f99fcb54d15?s=96&d=wp_user_avatar&r=g\",\"contentUrl\":\"https:\/\/secure.gravatar.com\/avatar\/82fdaa093be0b9686b531f99fcb54d15?s=96&d=wp_user_avatar&r=g\",\"caption\":\"Iris Martin\"},\"url\":\"https:\/\/www.doppelklicker.de\/blog\/author\/iris-martin\/\"}]}<\/script>\n<!-- \/ Yoast SEO plugin. -->","yoast_head_json":{"robots":{"index":"index","follow":"follow","max-snippet":"max-snippet:-1","max-image-preview":"max-image-preview:large","max-video-preview":"max-video-preview:-1"},"og_locale":"de_DE","og_type":"article","og_title":"Osteoporose und Haltung als m\u00f6gliche Faktoren f\u00fcr Gr\u00f6\u00dfenverlust","og_description":"Beim \u00c4lterwerden schrumpfen wir alle, da unsere Bandscheiben zwischen den Wirbeln an Elastizit\u00e4t verlieren. Diese Bandscheiben dienen als Sto\u00dfd\u00e4mpfer f\u00fcr unseren R\u00fccken und ben\u00f6tigen ausreichend Wasser, um ihre Funktion zu erf\u00fcllen. Durch Bewegung und Belastung tags\u00fcber verlieren die Bandscheiben nach und nach Fl\u00fcssigkeit, was zu einem Verlust an Gr\u00f6\u00dfe f\u00fchrt. \u00dcber Nacht f\u00fcllen sie sichJetzt alles lesen","og_url":"https:\/\/www.doppelklicker.de\/blog\/?p=6269","og_site_name":"Aus Mainz.","article_published_time":"2023-12-04T07:00:00+00:00","og_image":[{"width":1280,"height":615,"url":"https:\/\/www.doppelklicker.de\/blog\/wp-content\/uploads\/2023\/11\/warum-schrumpfen-wir-im-alter-und-wie-laesst-sich-12093.jpg","type":"image\/jpeg"}],"twitter_card":"summary_large_image","twitter_misc":{"Verfasst von":"Iris Martin","Gesch\u00e4tzte Lesezeit":"2 Minuten"},"schema":{"@context":"https:\/\/schema.org","@graph":[{"@type":"WebSite","@id":"https:\/\/www.doppelklicker.de\/blog\/#website","url":"https:\/\/www.doppelklicker.de\/blog\/","name":"Aus Mainz.","description":"F\u00fcr die Welt.","potentialAction":[{"@type":"SearchAction","target":{"@type":"EntryPoint","urlTemplate":"https:\/\/www.doppelklicker.de\/blog\/?s={search_term_string}"},"query-input":"required name=search_term_string"}],"inLanguage":"de-DE"},{"@type":"ImageObject","@id":"https:\/\/www.doppelklicker.de\/blog\/?p=6269#primaryimage","inLanguage":"de-DE","url":"https:\/\/www.doppelklicker.de\/blog\/wp-content\/uploads\/2023\/11\/warum-schrumpfen-wir-im-alter-und-wie-laesst-sich-12093.jpg","contentUrl":"https:\/\/www.doppelklicker.de\/blog\/wp-content\/uploads\/2023\/11\/warum-schrumpfen-wir-im-alter-und-wie-laesst-sich-12093.jpg","width":1280,"height":615,"caption":"Osteoporose und Haltung als m\u00f6gliche Faktoren f\u00fcr Gr\u00f6\u00dfenverlust (Foto: AdobeStock 84562665v BOOCYS)"},{"@type":"WebPage","@id":"https:\/\/www.doppelklicker.de\/blog\/?p=6269#webpage","url":"https:\/\/www.doppelklicker.de\/blog\/?p=6269","name":"Osteoporose und Haltung als m\u00f6gliche Faktoren f\u00fcr Gr\u00f6\u00dfenverlust","isPartOf":{"@id":"https:\/\/www.doppelklicker.de\/blog\/#website"},"primaryImageOfPage":{"@id":"https:\/\/www.doppelklicker.de\/blog\/?p=6269#primaryimage"},"datePublished":"2023-12-04T07:00:00+00:00","dateModified":"2023-12-04T07:00:00+00:00","author":{"@id":"https:\/\/www.doppelklicker.de\/blog\/#\/schema\/person\/08dcac172bdb025e8ff433488184668a"},"breadcrumb":{"@id":"https:\/\/www.doppelklicker.de\/blog\/?p=6269#breadcrumb"},"inLanguage":"de-DE","potentialAction":[{"@type":"ReadAction","target":["https:\/\/www.doppelklicker.de\/blog\/?p=6269"]}]},{"@type":"BreadcrumbList","@id":"https:\/\/www.doppelklicker.de\/blog\/?p=6269#breadcrumb","itemListElement":[{"@type":"ListItem","position":1,"name":"Startseite","item":"https:\/\/www.doppelklicker.de\/blog\/"},{"@type":"ListItem","position":2,"name":"Osteoporose und Haltung als m\u00f6gliche Faktoren f\u00fcr Gr\u00f6\u00dfenverlust"}]},{"@type":"Person","@id":"https:\/\/www.doppelklicker.de\/blog\/#\/schema\/person\/08dcac172bdb025e8ff433488184668a","name":"Iris Martin","image":{"@type":"ImageObject","@id":"https:\/\/www.doppelklicker.de\/blog\/#personlogo","inLanguage":"de-DE","url":"https:\/\/secure.gravatar.com\/avatar\/82fdaa093be0b9686b531f99fcb54d15?s=96&d=wp_user_avatar&r=g","contentUrl":"https:\/\/secure.gravatar.com\/avatar\/82fdaa093be0b9686b531f99fcb54d15?s=96&d=wp_user_avatar&r=g","caption":"Iris Martin"},"url":"https:\/\/www.doppelklicker.de\/blog\/author\/iris-martin\/"}]}},"_links":{"self":[{"href":"https:\/\/www.doppelklicker.de\/blog\/wp-json\/wp\/v2\/posts\/6269"}],"collection":[{"href":"https:\/\/www.doppelklicker.de\/blog\/wp-json\/wp\/v2\/posts"}],"about":[{"href":"https:\/\/www.doppelklicker.de\/blog\/wp-json\/wp\/v2\/types\/post"}],"author":[{"embeddable":true,"href":"https:\/\/www.doppelklicker.de\/blog\/wp-json\/wp\/v2\/users\/8"}],"replies":[{"embeddable":true,"href":"https:\/\/www.doppelklicker.de\/blog\/wp-json\/wp\/v2\/comments?post=6269"}],"version-history":[{"count":0,"href":"https:\/\/www.doppelklicker.de\/blog\/wp-json\/wp\/v2\/posts\/6269\/revisions"}],"wp:featuredmedia":[{"embeddable":true,"href":"https:\/\/www.doppelklicker.de\/blog\/wp-json\/wp\/v2\/media\/6270"}],"wp:attachment":[{"href":"https:\/\/www.doppelklicker.de\/blog\/wp-json\/wp\/v2\/media?parent=6269"}],"wp:term":[{"taxonomy":"category","embeddable":true,"href":"https:\/\/www.doppelklicker.de\/blog\/wp-json\/wp\/v2\/categories?post=6269"},{"taxonomy":"post_tag","embeddable":true,"href":"https:\/\/www.doppelklicker.de\/blog\/wp-json\/wp\/v2\/tags?post=6269"}],"curies":[{"name":"wp","href":"https:\/\/api.w.org\/{rel}","templated":true}]}}