{"id":6273,"date":"2023-12-25T10:00:00","date_gmt":"2023-12-25T08:00:00","guid":{"rendered":"http:\/\/guid"},"modified":"2023-11-09T08:17:35","modified_gmt":"2023-11-09T06:17:35","slug":"mottoschal-koelner-karneval-2024","status":"publish","type":"post","link":"https:\/\/www.doppelklicker.de\/blog\/mottoschal-koelner-karneval-2024\/","title":{"rendered":"Einzigartiges Sammlerst\u00fcck: Der Mottoschal f\u00fcr den K\u00f6lner Karneval 2024"},"content":{"rendered":"<p>Der Mottoschal f\u00fcr den K\u00f6lner Karneval 2024 ist ein Must-Have f\u00fcr Karnevalsfans und Sammler. Das Festkomitee K\u00f6lner Karneval und Deiters haben ihn offiziell vorgestellt und versprechen ein einzigartiges Sammlerst\u00fcck. Der Schal strahlt Leichtigkeit und k\u00f6lsche Gelassenheit aus und bietet eine willkommene Auszeit vom Weltgeschehen. Das Design des Mottoschals ist durchdacht: er ist ein Wendeschal mit zwei verschiedenen Designs. Auf der einen Seite schm\u00fccken bunte Pompons den Schal, auf der anderen Seite ist buntes Konfetti mit dem Sessionsmotto zu sehen. Zus\u00e4tzlich gibt es ein T\u00e4schchen mit Rei\u00dfverschluss, perfekt geeignet f\u00fcr Handy, K\u00f6lsch oder Portemonnaie.<br \/>\n<!--more--><\/p>\n<h2>Der Mottoschal 2024: Design mit Theateratmosph\u00e4re<\/h2>\n<p>Der Mottoschal f\u00fcr den K\u00f6lner Karneval 2024 ist ein Wendeschal mit zwei verschiedenen Designs. Eine Seite ist mit bunten Pompons verziert, w\u00e4hrend die andere Seite buntes Konfetti und das Sessionsmotto zeigt. Durch die Gestaltung erinnert der Schal an die roten Vorh\u00e4nge von Theaterb\u00fchnen, was eine sch\u00f6ne Verbindung zum Motto darstellt.<\/p>\n<p>Mit seinem innovativen Wendemuster ist der Mottoschal f\u00fcr den K\u00f6lner Karneval 2024 ein echter Hingucker. Auf der einen Seite schm\u00fccken bunte Pompons den Schal, w\u00e4hrend auf der anderen Seite buntes Konfetti mit dem Sessionsmotto zu sehen ist. Die Gestaltung des Schals greift das Motto &#8222;Wat e Theater &#8211; wat e Jeckespill&#8220; auf und erinnert an die roten Vorh\u00e4nge von Theaterb\u00fchnen. Ein Must-Have f\u00fcr alle Karnevalsfans!<\/p>\n<p>Ein besonderes Highlight des Mottoschals f\u00fcr den K\u00f6lner Karneval 2024 ist seine Funktion, die den Tr\u00e4ger das Gef\u00fchl gibt, sich in einem Theater zu befinden. Durch das Durchf\u00fchren des einen Endes durch die daf\u00fcr vorgesehene Schlaufe werden die Vorh\u00e4nge symbolisch heruntergelassen. Eine auff\u00e4llige goldene Schnur betont diesen Effekt und stellt eine Verbindung zum diesj\u00e4hrigen Karnevalsthema her. Diese einzigartige Funktion macht den Schal zu einem besonderen Accessoire f\u00fcr Karnevalsfans.<\/p>\n<p>Der Mottoschal f\u00fcr den K\u00f6lner Karneval 2024 verf\u00fcgt \u00fcber ein T\u00e4schchen mit Rei\u00dfverschluss, das in diesem Jahr erneut angeboten wird. Das T\u00e4schchen ist ideal, um wichtige Gegenst\u00e4nde wie Handy, K\u00f6lsch oder Portemonnaie sicher aufzubewahren und gleichzeitig die H\u00e4nde frei zu haben, um das Karnevalserlebnis in vollen Z\u00fcgen zu genie\u00dfen.<\/p>\n<p>Der Mottoschal f\u00fcr den K\u00f6lner Karneval 2024 ist im Vergleich zum Vorjahr deutlich teurer geworden. W\u00e4hrend der Kinder-Schal mit 14,99 Euro zu Buche schl\u00e4gt, m\u00fcssen Erwachsene 19,99 Euro f\u00fcr den Schal zahlen. Obwohl der Preis hoch ist, sind Sammler und echte Karnevalsfans sicherlich bereit, diesen zu bezahlen, da der Mottoschal ein einzigartiges und begehrtes Sammlerst\u00fcck ist.<\/p>\n<p>Der Mottoschal f\u00fcr den K\u00f6lner Karneval 2024 \u00fcberzeugt durch sein ansprechendes Design, seine vielseitige Verwendbarkeit und die inspirierende Theateratmosph\u00e4re, die er verk\u00f6rpert. Er ist nicht nur ein trendiges Accessoire, sondern symbolisiert auch die Leidenschaft und Hingabe der Karnevalisten. Das einzigartige Wendemuster und das praktische T\u00e4schchen machen ihn zu einem unverzichtbaren Begleiter f\u00fcr die kommende Session.<\/p>\n<p>Die Preise f\u00fcr den Mottoschal des K\u00f6lner Karnevals 2024 sind etwas h\u00f6her als im Vorjahr, jedoch werden die Fans, die bereit sind, f\u00fcr das einzigartige St\u00fcck K\u00f6lner Karnevalstradition etwas mehr zu investieren, dies sicherlich akzeptieren. Bestellen Sie jetzt Ihren Mottoschal und seien Sie perfekt ausgestattet f\u00fcr die kommende Karnevalssession!<\/p>\n","protected":false},"excerpt":{"rendered":"<p>Der Mottoschal f\u00fcr den K\u00f6lner Karneval 2024 ist ein Must-Have f\u00fcr Karnevalsfans und Sammler. Das Festkomitee K\u00f6lner Karneval und Deiters haben ihn offiziell vorgestellt und versprechen ein einzigartiges Sammlerst\u00fcck. Der Schal strahlt Leichtigkeit und k\u00f6lsche Gelassenheit aus und bietet eine willkommene Auszeit vom Weltgeschehen. Das Design des Mottoschals ist durchdacht: er ist ein Wendeschal mit<\/p>\n<div class=\"read-more\"><a href=\"https:\/\/www.doppelklicker.de\/blog\/mottoschal-koelner-karneval-2024\/\" title=\"Jetzt alles lesen\">Jetzt alles lesen<\/a><\/div>\n","protected":false},"author":8,"featured_media":6274,"comment_status":"open","ping_status":"open","sticky":false,"template":"","format":"standard","meta":[],"categories":[3305],"tags":[],"yoast_head":"<!-- This site is optimized with the Yoast SEO plugin v18.2 - https:\/\/yoast.com\/wordpress\/plugins\/seo\/ -->\n<meta name=\"robots\" content=\"index, follow, max-snippet:-1, max-image-preview:large, max-video-preview:-1\" \/>\n<link rel=\"canonical\" href=\"https:\/\/www.doppelklicker.de\/blog\/mottoschal-koelner-karneval-2024\/\" \/>\n<meta property=\"og:locale\" content=\"de_DE\" \/>\n<meta property=\"og:type\" content=\"article\" \/>\n<meta property=\"og:title\" content=\"Einzigartiges Sammlerst\u00fcck: Der Mottoschal f\u00fcr den K\u00f6lner Karneval 2024\" \/>\n<meta property=\"og:description\" content=\"Der Mottoschal f\u00fcr den K\u00f6lner Karneval 2024 ist ein Must-Have f\u00fcr Karnevalsfans und Sammler. Das Festkomitee K\u00f6lner Karneval und Deiters haben ihn offiziell vorgestellt und versprechen ein einzigartiges Sammlerst\u00fcck. Der Schal strahlt Leichtigkeit und k\u00f6lsche Gelassenheit aus und bietet eine willkommene Auszeit vom Weltgeschehen. Das Design des Mottoschals ist durchdacht: er ist ein Wendeschal mitJetzt alles lesen\" \/>\n<meta property=\"og:url\" content=\"https:\/\/www.doppelklicker.de\/blog\/mottoschal-koelner-karneval-2024\/\" \/>\n<meta property=\"og:site_name\" content=\"Aus Mainz.\" \/>\n<meta property=\"article:published_time\" content=\"2023-12-25T08:00:00+00:00\" \/>\n<meta property=\"article:modified_time\" content=\"2023-11-09T06:17:35+00:00\" \/>\n<meta property=\"og:image\" content=\"https:\/\/www.doppelklicker.de\/blog\/wp-content\/uploads\/2023\/11\/ueberschrift-12101.jpg\" \/>\n\t<meta property=\"og:image:width\" content=\"1280\" \/>\n\t<meta property=\"og:image:height\" content=\"615\" \/>\n\t<meta property=\"og:image:type\" content=\"image\/jpeg\" \/>\n<meta name=\"twitter:card\" content=\"summary_large_image\" \/>\n<meta name=\"twitter:label1\" content=\"Verfasst von\" \/>\n\t<meta name=\"twitter:data1\" content=\"Iris Martin\" \/>\n\t<meta name=\"twitter:label2\" content=\"Gesch\u00e4tzte Lesezeit\" \/>\n\t<meta name=\"twitter:data2\" content=\"3 Minuten\" \/>\n<script type=\"application\/ld+json\" class=\"yoast-schema-graph\">{\"@context\":\"https:\/\/schema.org\",\"@graph\":[{\"@type\":\"WebSite\",\"@id\":\"https:\/\/www.doppelklicker.de\/blog\/#website\",\"url\":\"https:\/\/www.doppelklicker.de\/blog\/\",\"name\":\"Aus Mainz.\",\"description\":\"F\u00fcr die Welt.\",\"potentialAction\":[{\"@type\":\"SearchAction\",\"target\":{\"@type\":\"EntryPoint\",\"urlTemplate\":\"https:\/\/www.doppelklicker.de\/blog\/?s={search_term_string}\"},\"query-input\":\"required name=search_term_string\"}],\"inLanguage\":\"de-DE\"},{\"@type\":\"ImageObject\",\"@id\":\"https:\/\/www.doppelklicker.de\/blog\/mottoschal-koelner-karneval-2024\/#primaryimage\",\"inLanguage\":\"de-DE\",\"url\":\"https:\/\/www.doppelklicker.de\/blog\/wp-content\/uploads\/2023\/11\/ueberschrift-12101.jpg\",\"contentUrl\":\"https:\/\/www.doppelklicker.de\/blog\/wp-content\/uploads\/2023\/11\/ueberschrift-12101.jpg\",\"width\":1280,\"height\":615,\"caption\":\"Einzigartiges Sammlerst\u00fcck: Der Mottoschal f\u00fcr den K\u00f6lner Karneval 2024 (Foto: AdobeStock 135076455 Racamani)\"},{\"@type\":\"WebPage\",\"@id\":\"https:\/\/www.doppelklicker.de\/blog\/mottoschal-koelner-karneval-2024\/#webpage\",\"url\":\"https:\/\/www.doppelklicker.de\/blog\/mottoschal-koelner-karneval-2024\/\",\"name\":\"Einzigartiges Sammlerst\u00fcck: Der Mottoschal f\u00fcr den K\u00f6lner Karneval 2024\",\"isPartOf\":{\"@id\":\"https:\/\/www.doppelklicker.de\/blog\/#website\"},\"primaryImageOfPage\":{\"@id\":\"https:\/\/www.doppelklicker.de\/blog\/mottoschal-koelner-karneval-2024\/#primaryimage\"},\"datePublished\":\"2023-12-25T08:00:00+00:00\",\"dateModified\":\"2023-11-09T06:17:35+00:00\",\"author\":{\"@id\":\"https:\/\/www.doppelklicker.de\/blog\/#\/schema\/person\/08dcac172bdb025e8ff433488184668a\"},\"breadcrumb\":{\"@id\":\"https:\/\/www.doppelklicker.de\/blog\/mottoschal-koelner-karneval-2024\/#breadcrumb\"},\"inLanguage\":\"de-DE\",\"potentialAction\":[{\"@type\":\"ReadAction\",\"target\":[\"https:\/\/www.doppelklicker.de\/blog\/mottoschal-koelner-karneval-2024\/\"]}]},{\"@type\":\"BreadcrumbList\",\"@id\":\"https:\/\/www.doppelklicker.de\/blog\/mottoschal-koelner-karneval-2024\/#breadcrumb\",\"itemListElement\":[{\"@type\":\"ListItem\",\"position\":1,\"name\":\"Startseite\",\"item\":\"https:\/\/www.doppelklicker.de\/blog\/\"},{\"@type\":\"ListItem\",\"position\":2,\"name\":\"Einzigartiges Sammlerst\u00fcck: Der Mottoschal f\u00fcr den K\u00f6lner Karneval 2024\"}]},{\"@type\":\"Person\",\"@id\":\"https:\/\/www.doppelklicker.de\/blog\/#\/schema\/person\/08dcac172bdb025e8ff433488184668a\",\"name\":\"Iris Martin\",\"image\":{\"@type\":\"ImageObject\",\"@id\":\"https:\/\/www.doppelklicker.de\/blog\/#personlogo\",\"inLanguage\":\"de-DE\",\"url\":\"https:\/\/secure.gravatar.com\/avatar\/82fdaa093be0b9686b531f99fcb54d15?s=96&d=wp_user_avatar&r=g\",\"contentUrl\":\"https:\/\/secure.gravatar.com\/avatar\/82fdaa093be0b9686b531f99fcb54d15?s=96&d=wp_user_avatar&r=g\",\"caption\":\"Iris Martin\"},\"url\":\"https:\/\/www.doppelklicker.de\/blog\/author\/iris-martin\/\"}]}<\/script>\n<!-- \/ Yoast SEO plugin. -->","yoast_head_json":{"robots":{"index":"index","follow":"follow","max-snippet":"max-snippet:-1","max-image-preview":"max-image-preview:large","max-video-preview":"max-video-preview:-1"},"canonical":"https:\/\/www.doppelklicker.de\/blog\/mottoschal-koelner-karneval-2024\/","og_locale":"de_DE","og_type":"article","og_title":"Einzigartiges Sammlerst\u00fcck: Der Mottoschal f\u00fcr den K\u00f6lner Karneval 2024","og_description":"Der Mottoschal f\u00fcr den K\u00f6lner Karneval 2024 ist ein Must-Have f\u00fcr Karnevalsfans und Sammler. Das Festkomitee K\u00f6lner Karneval und Deiters haben ihn offiziell vorgestellt und versprechen ein einzigartiges Sammlerst\u00fcck. Der Schal strahlt Leichtigkeit und k\u00f6lsche Gelassenheit aus und bietet eine willkommene Auszeit vom Weltgeschehen. Das Design des Mottoschals ist durchdacht: er ist ein Wendeschal mitJetzt alles lesen","og_url":"https:\/\/www.doppelklicker.de\/blog\/mottoschal-koelner-karneval-2024\/","og_site_name":"Aus Mainz.","article_published_time":"2023-12-25T08:00:00+00:00","article_modified_time":"2023-11-09T06:17:35+00:00","og_image":[{"width":1280,"height":615,"url":"https:\/\/www.doppelklicker.de\/blog\/wp-content\/uploads\/2023\/11\/ueberschrift-12101.jpg","type":"image\/jpeg"}],"twitter_card":"summary_large_image","twitter_misc":{"Verfasst von":"Iris Martin","Gesch\u00e4tzte Lesezeit":"3 Minuten"},"schema":{"@context":"https:\/\/schema.org","@graph":[{"@type":"WebSite","@id":"https:\/\/www.doppelklicker.de\/blog\/#website","url":"https:\/\/www.doppelklicker.de\/blog\/","name":"Aus Mainz.","description":"F\u00fcr die Welt.","potentialAction":[{"@type":"SearchAction","target":{"@type":"EntryPoint","urlTemplate":"https:\/\/www.doppelklicker.de\/blog\/?s={search_term_string}"},"query-input":"required name=search_term_string"}],"inLanguage":"de-DE"},{"@type":"ImageObject","@id":"https:\/\/www.doppelklicker.de\/blog\/mottoschal-koelner-karneval-2024\/#primaryimage","inLanguage":"de-DE","url":"https:\/\/www.doppelklicker.de\/blog\/wp-content\/uploads\/2023\/11\/ueberschrift-12101.jpg","contentUrl":"https:\/\/www.doppelklicker.de\/blog\/wp-content\/uploads\/2023\/11\/ueberschrift-12101.jpg","width":1280,"height":615,"caption":"Einzigartiges Sammlerst\u00fcck: Der Mottoschal f\u00fcr den K\u00f6lner Karneval 2024 (Foto: AdobeStock 135076455 Racamani)"},{"@type":"WebPage","@id":"https:\/\/www.doppelklicker.de\/blog\/mottoschal-koelner-karneval-2024\/#webpage","url":"https:\/\/www.doppelklicker.de\/blog\/mottoschal-koelner-karneval-2024\/","name":"Einzigartiges Sammlerst\u00fcck: Der Mottoschal f\u00fcr den K\u00f6lner Karneval 2024","isPartOf":{"@id":"https:\/\/www.doppelklicker.de\/blog\/#website"},"primaryImageOfPage":{"@id":"https:\/\/www.doppelklicker.de\/blog\/mottoschal-koelner-karneval-2024\/#primaryimage"},"datePublished":"2023-12-25T08:00:00+00:00","dateModified":"2023-11-09T06:17:35+00:00","author":{"@id":"https:\/\/www.doppelklicker.de\/blog\/#\/schema\/person\/08dcac172bdb025e8ff433488184668a"},"breadcrumb":{"@id":"https:\/\/www.doppelklicker.de\/blog\/mottoschal-koelner-karneval-2024\/#breadcrumb"},"inLanguage":"de-DE","potentialAction":[{"@type":"ReadAction","target":["https:\/\/www.doppelklicker.de\/blog\/mottoschal-koelner-karneval-2024\/"]}]},{"@type":"BreadcrumbList","@id":"https:\/\/www.doppelklicker.de\/blog\/mottoschal-koelner-karneval-2024\/#breadcrumb","itemListElement":[{"@type":"ListItem","position":1,"name":"Startseite","item":"https:\/\/www.doppelklicker.de\/blog\/"},{"@type":"ListItem","position":2,"name":"Einzigartiges Sammlerst\u00fcck: Der Mottoschal f\u00fcr den K\u00f6lner Karneval 2024"}]},{"@type":"Person","@id":"https:\/\/www.doppelklicker.de\/blog\/#\/schema\/person\/08dcac172bdb025e8ff433488184668a","name":"Iris Martin","image":{"@type":"ImageObject","@id":"https:\/\/www.doppelklicker.de\/blog\/#personlogo","inLanguage":"de-DE","url":"https:\/\/secure.gravatar.com\/avatar\/82fdaa093be0b9686b531f99fcb54d15?s=96&d=wp_user_avatar&r=g","contentUrl":"https:\/\/secure.gravatar.com\/avatar\/82fdaa093be0b9686b531f99fcb54d15?s=96&d=wp_user_avatar&r=g","caption":"Iris Martin"},"url":"https:\/\/www.doppelklicker.de\/blog\/author\/iris-martin\/"}]}},"_links":{"self":[{"href":"https:\/\/www.doppelklicker.de\/blog\/wp-json\/wp\/v2\/posts\/6273"}],"collection":[{"href":"https:\/\/www.doppelklicker.de\/blog\/wp-json\/wp\/v2\/posts"}],"about":[{"href":"https:\/\/www.doppelklicker.de\/blog\/wp-json\/wp\/v2\/types\/post"}],"author":[{"embeddable":true,"href":"https:\/\/www.doppelklicker.de\/blog\/wp-json\/wp\/v2\/users\/8"}],"replies":[{"embeddable":true,"href":"https:\/\/www.doppelklicker.de\/blog\/wp-json\/wp\/v2\/comments?post=6273"}],"version-history":[{"count":1,"href":"https:\/\/www.doppelklicker.de\/blog\/wp-json\/wp\/v2\/posts\/6273\/revisions"}],"predecessor-version":[{"id":6291,"href":"https:\/\/www.doppelklicker.de\/blog\/wp-json\/wp\/v2\/posts\/6273\/revisions\/6291"}],"wp:featuredmedia":[{"embeddable":true,"href":"https:\/\/www.doppelklicker.de\/blog\/wp-json\/wp\/v2\/media\/6274"}],"wp:attachment":[{"href":"https:\/\/www.doppelklicker.de\/blog\/wp-json\/wp\/v2\/media?parent=6273"}],"wp:term":[{"taxonomy":"category","embeddable":true,"href":"https:\/\/www.doppelklicker.de\/blog\/wp-json\/wp\/v2\/categories?post=6273"},{"taxonomy":"post_tag","embeddable":true,"href":"https:\/\/www.doppelklicker.de\/blog\/wp-json\/wp\/v2\/tags?post=6273"}],"curies":[{"name":"wp","href":"https:\/\/api.w.org\/{rel}","templated":true}]}}