{"id":6335,"date":"2023-08-29T10:00:00","date_gmt":"2023-08-29T08:00:00","guid":{"rendered":"guid"},"modified":"2023-08-29T10:00:00","modified_gmt":"2023-08-29T08:00:00","slug":"fritz-glasfaser-wi-fi-7-smart-home","status":"publish","type":"post","link":"https:\/\/www.doppelklicker.de\/blog\/fritz-glasfaser-wi-fi-7-smart-home\/","title":{"rendered":"FRITZ!Box 6670 Cable: Wi-Fi 7 und Zigbee f\u00fcr Kabelanschl\u00fcsse"},"content":{"rendered":"<p>Die FRITZ!Box 5690 Pro von AVM ist das neue Premium-Modell f\u00fcr Glasfaser\/DSL, das auf der IFA pr\u00e4sentiert wird. Mit Triband WLAN, Wi-Fi 7 und Zigbee bietet sie eine beeindruckende Geschwindigkeit und Vielseitigkeit. Das Motto &#8222;Starke Verbindungen&#8220; verdeutlicht, dass AVM den Nutzern ein zukunftssicheres digitales Zuhause mit mehr Bedienkomfort und Unterst\u00fctzung beim Energiesparen bietet.<br \/>\n<!--more--><\/p>\n<div id=\"ez-toc-container\" class=\"ez-toc-v2_0_16 counter-hierarchy\">\n<div class=\"ez-toc-title-container\">\n<p class=\"ez-toc-title\">Inhaltsverzeichnis: Das erwartet Sie in diesem Artikel<\/p>\n<span class=\"ez-toc-title-toggle\"><a class=\"ez-toc-pull-right ez-toc-btn ez-toc-btn-xs ez-toc-btn-default ez-toc-toggle\" style=\"display: none;\"><i class=\"ez-toc-glyphicon ez-toc-icon-toggle\"><\/i><\/a><\/span><\/div>\n<nav><ul class=\"ez-toc-list ez-toc-list-level-1\"><li class=\"ez-toc-page-1 ez-toc-heading-level-2\"><a class=\"ez-toc-link ez-toc-heading-1\" href=\"https:\/\/www.doppelklicker.de\/blog\/fritz-glasfaser-wi-fi-7-smart-home\/#wi-fi-7-und-zigbee-die-neue-fritzbox-5690-pro-im-ueberblick\" title=\"Wi-Fi 7 und Zigbee: Die neue FRITZ!Box 5690 Pro im \u00dcberblick\">Wi-Fi 7 und Zigbee: Die neue FRITZ!Box 5690 Pro im \u00dcberblick<\/a><\/li><li class=\"ez-toc-page-1 ez-toc-heading-level-2\"><a class=\"ez-toc-link ez-toc-heading-2\" href=\"https:\/\/www.doppelklicker.de\/blog\/fritz-glasfaser-wi-fi-7-smart-home\/#mehr-geschwindigkeit-und-komfort-fritzbox-6670-cable-mit-wi-fi-7-und-smart-home-funktionen\" title=\"Mehr Geschwindigkeit und Komfort: FRITZ!Box 6670 Cable mit Wi-Fi 7 und Smart-Home-Funktionen\">Mehr Geschwindigkeit und Komfort: FRITZ!Box 6670 Cable mit Wi-Fi 7 und Smart-Home-Funktionen<\/a><\/li><li class=\"ez-toc-page-1 ez-toc-heading-level-2\"><a class=\"ez-toc-link ez-toc-heading-3\" href=\"https:\/\/www.doppelklicker.de\/blog\/fritz-glasfaser-wi-fi-7-smart-home\/#cleveres-heizen-mit-dem-tuer-fensterkontakt-fritzdect-350\" title=\"Cleveres Heizen mit dem T\u00fcr-\/Fensterkontakt FRITZ!DECT 350\">Cleveres Heizen mit dem T\u00fcr-\/Fensterkontakt FRITZ!DECT 350<\/a><\/li><li class=\"ez-toc-page-1 ez-toc-heading-level-2\"><a class=\"ez-toc-link ez-toc-heading-4\" href=\"https:\/\/www.doppelklicker.de\/blog\/fritz-glasfaser-wi-fi-7-smart-home\/#effizientes-strommanagement-mit-fritzdect-200210-und-neuer-energieanzeige\" title=\"Effizientes Strommanagement mit FRITZ!DECT 200\/210 und neuer Energieanzeige\">Effizientes Strommanagement mit FRITZ!DECT 200\/210 und neuer Energieanzeige<\/a><\/li><li class=\"ez-toc-page-1 ez-toc-heading-level-2\"><a class=\"ez-toc-link ez-toc-heading-5\" href=\"https:\/\/www.doppelklicker.de\/blog\/fritz-glasfaser-wi-fi-7-smart-home\/#fritzbox-smart-home-avm-praesentiert-showcases-fuer-matter-und-zigbee\" title=\"FRITZ!Box Smart Home: AVM pr\u00e4sentiert Showcases f\u00fcr Matter und Zigbee\">FRITZ!Box Smart Home: AVM pr\u00e4sentiert Showcases f\u00fcr Matter und Zigbee<\/a><\/li><li class=\"ez-toc-page-1 ez-toc-heading-level-2\"><a class=\"ez-toc-link ez-toc-heading-6\" href=\"https:\/\/www.doppelklicker.de\/blog\/fritz-glasfaser-wi-fi-7-smart-home\/#effizientes-heizen-und-kostenoptimierung-mit-fritzdect-350\" title=\"Effizientes Heizen und Kostenoptimierung mit FRITZ!DECT 350\">Effizientes Heizen und Kostenoptimierung mit FRITZ!DECT 350<\/a><\/li><\/ul><\/nav><\/div>\n<h2><span class=\"ez-toc-section\" id=\"wi-fi-7-und-zigbee-die-neue-fritzbox-5690-pro-im-ueberblick\"><\/span>Wi-Fi 7 und Zigbee: Die neue FRITZ!Box 5690 Pro im \u00dcberblick<span class=\"ez-toc-section-end\"><\/span><\/h2>\n<p>Mit der FRITZ!Box 5690 Pro stellt AVM ein innovatives Ger\u00e4t vor, das Glasfaser und DSL in einem vereint und somit f\u00fcr alle Anschlussarten geeignet ist. Dar\u00fcber hinaus fungiert sie als leistungsstarker Triband-WLAN-Router, der bereits den schnellen Wi-Fi 7-Standard unterst\u00fctzt. Das bedeutet, dass das drahtlose Heimnetzwerk dank Wi-Fi 7 schneller und zuverl\u00e4ssiger wird. Die Integration des Smart-Home-Standards Zigbee macht die FRITZ!Box zu einer \u00e4u\u00dferst vielseitigen Smart-Home-Zentrale, die in Kombination mit DECT ULE eine Vielzahl von Smart-Home-Anwendungen unterst\u00fctzt.<\/p>\n<h2><span class=\"ez-toc-section\" id=\"mehr-geschwindigkeit-und-komfort-fritzbox-6670-cable-mit-wi-fi-7-und-smart-home-funktionen\"><\/span>Mehr Geschwindigkeit und Komfort: FRITZ!Box 6670 Cable mit Wi-Fi 7 und Smart-Home-Funktionen<span class=\"ez-toc-section-end\"><\/span><\/h2>\n<p>Mit der FRITZ!Box 6670 Cable unterst\u00fctzt AVM den neuen WLAN-Standard Wi-Fi 7, der eine h\u00f6here Geschwindigkeit und eine geringere Latenz im drahtlosen Heimnetzwerk gew\u00e4hrleistet. Zus\u00e4tzlich erm\u00f6glicht die Integration von Zigbee eine einfache Einbindung von Smart-Home-Ger\u00e4ten. Die FRITZ!Box 6670 Cable bietet Nutzern die M\u00f6glichkeit, ihre WLAN-Verbindung zu optimieren und ihr Zuhause mit intelligenten Ger\u00e4ten auszustatten.<\/p>\n<h2><span class=\"ez-toc-section\" id=\"cleveres-heizen-mit-dem-tuer-fensterkontakt-fritzdect-350\"><\/span>Cleveres Heizen mit dem T\u00fcr-\/Fensterkontakt FRITZ!DECT 350<span class=\"ez-toc-section-end\"><\/span><\/h2>\n<p>Auf der IFA wird der FRITZ!DECT 350 als bahnbrechender T\u00fcr-\/Fensterkontakt vorgestellt. Dieser intelligente Sensor erkennt zuverl\u00e4ssig, ob Fenster oder T\u00fcren ge\u00f6ffnet oder geschlossen sind und passt die Heizung entsprechend an. Dadurch kann das Raumklima optimal reguliert und Energiekosten k\u00f6nnen gesenkt werden. Der FRITZ!DECT 350 ist somit ein Must-Have f\u00fcr ein modernes und energieeffizientes Zuhause.<\/p>\n<h2><span class=\"ez-toc-section\" id=\"effizientes-strommanagement-mit-fritzdect-200210-und-neuer-energieanzeige\"><\/span>Effizientes Strommanagement mit FRITZ!DECT 200\/210 und neuer Energieanzeige<span class=\"ez-toc-section-end\"><\/span><\/h2>\n<p>Die FRITZ!DECT 200\/210 Steckdosen werden um eine neue Energieanzeige auf MyFRITZ!Net erweitert. Durch diese Funktion k\u00f6nnen Nutzer ihre Stromkosten effektiv optimieren, indem sie Stromfresser identifizieren und gezielt abschalten. Die Energieanzeige erm\u00f6glicht es, den Stromverbrauch einzelner Ger\u00e4te zu \u00fcberwachen und detaillierte Auswertungen vorzunehmen.<\/p>\n<h2><span class=\"ez-toc-section\" id=\"fritzbox-smart-home-avm-praesentiert-showcases-fuer-matter-und-zigbee\"><\/span>FRITZ!Box Smart Home: AVM pr\u00e4sentiert Showcases f\u00fcr Matter und Zigbee<span class=\"ez-toc-section-end\"><\/span><\/h2>\n<p>AVM pr\u00e4sentiert auf der Messe zwei Showcases f\u00fcr Matter und Zigbee, um die beeindruckenden Funktionen des FRITZ!Box Smart Homes zu demonstrieren. Besucher erhalten dabei einen Einblick in die vielseitigen M\u00f6glichkeiten, verschiedene Smart-Home-Ger\u00e4te miteinander zu verbinden und ihr Zuhause intelligent zu gestalten. Die Showcases zeigen konkret, wie die FRITZ!Box als Smart-Home-Zentrale genutzt werden kann und bieten somit Inspiration f\u00fcr die eigene Smart-Home-Einrichtung.<\/p>\n<h2><span class=\"ez-toc-section\" id=\"effizientes-heizen-und-kostenoptimierung-mit-fritzdect-350\"><\/span>Effizientes Heizen und Kostenoptimierung mit FRITZ!DECT 350<span class=\"ez-toc-section-end\"><\/span><\/h2>\n<p>AVM pr\u00e4sentiert mit den neuen FRITZ!-Highlights eine innovative L\u00f6sung f\u00fcr ein modernes und vernetztes Zuhause. Die FRITZ!Box 5690 Pro kombiniert Glasfaser, DSL und Smart-Home-Funktionen in einem Ger\u00e4t und bietet mit dem Wi-Fi 7-Standard eine schnelle und zuverl\u00e4ssige WLAN-Verbindung. Dank der Integration von Zigbee k\u00f6nnen Nutzer m\u00fchelos verschiedene Smart-Home-Ger\u00e4te in ihr Netzwerk integrieren. Der neue T\u00fcr-\/Fensterkontakt FRITZ!DECT 350 und die Energieanzeige f\u00fcr FRITZ!DECT 200\/210 erm\u00f6glichen zudem eine effiziente Heizungssteuerung und helfen dabei, den Stromverbrauch zu optimieren.<\/p>\n","protected":false},"excerpt":{"rendered":"<p>Die FRITZ!Box 5690 Pro von AVM ist das neue Premium-Modell f\u00fcr Glasfaser\/DSL, das auf der IFA pr\u00e4sentiert wird. Mit Triband WLAN, Wi-Fi 7 und Zigbee bietet sie eine beeindruckende Geschwindigkeit und Vielseitigkeit. Das Motto &#8222;Starke Verbindungen&#8220; verdeutlicht, dass AVM den Nutzern ein zukunftssicheres digitales Zuhause mit mehr Bedienkomfort und Unterst\u00fctzung beim Energiesparen bietet.<\/p>\n","protected":false},"author":8,"featured_media":6336,"comment_status":"open","ping_status":"open","sticky":false,"template":"","format":"standard","meta":[],"categories":[3305],"tags":[],"yoast_head":"<!-- This site is optimized with the Yoast SEO plugin v18.2 - https:\/\/yoast.com\/wordpress\/plugins\/seo\/ -->\n<meta name=\"robots\" content=\"index, follow, max-snippet:-1, max-image-preview:large, max-video-preview:-1\" \/>\n<link rel=\"canonical\" href=\"https:\/\/www.doppelklicker.de\/blog\/fritz-glasfaser-wi-fi-7-smart-home\/\" \/>\n<meta property=\"og:locale\" content=\"de_DE\" \/>\n<meta property=\"og:type\" content=\"article\" \/>\n<meta property=\"og:title\" content=\"FRITZ!Box 6670 Cable: Wi-Fi 7 und Zigbee f\u00fcr Kabelanschl\u00fcsse\" \/>\n<meta property=\"og:description\" content=\"Die FRITZ!Box 5690 Pro von AVM ist das neue Premium-Modell f\u00fcr Glasfaser\/DSL, das auf der IFA pr\u00e4sentiert wird. Mit Triband WLAN, Wi-Fi 7 und Zigbee bietet sie eine beeindruckende Geschwindigkeit und Vielseitigkeit. Das Motto &#8222;Starke Verbindungen&#8220; verdeutlicht, dass AVM den Nutzern ein zukunftssicheres digitales Zuhause mit mehr Bedienkomfort und Unterst\u00fctzung beim Energiesparen bietet.\" \/>\n<meta property=\"og:url\" content=\"https:\/\/www.doppelklicker.de\/blog\/fritz-glasfaser-wi-fi-7-smart-home\/\" \/>\n<meta property=\"og:site_name\" content=\"Aus Mainz.\" \/>\n<meta property=\"article:published_time\" content=\"2023-08-29T08:00:00+00:00\" \/>\n<meta property=\"og:image\" content=\"https:\/\/www.doppelklicker.de\/blog\/wp-content\/uploads\/2023\/11\/avm-praesentiert-fritz-box-5690-pro-ultimative-verbindungsgeschwindigkeit-und.jpg\" \/>\n\t<meta property=\"og:image:width\" content=\"1280\" \/>\n\t<meta property=\"og:image:height\" content=\"615\" \/>\n\t<meta property=\"og:image:type\" content=\"image\/jpeg\" \/>\n<meta name=\"twitter:card\" content=\"summary_large_image\" \/>\n<meta name=\"twitter:label1\" content=\"Verfasst von\" \/>\n\t<meta name=\"twitter:data1\" content=\"Iris Martin\" \/>\n\t<meta name=\"twitter:label2\" content=\"Gesch\u00e4tzte Lesezeit\" \/>\n\t<meta name=\"twitter:data2\" content=\"3 Minuten\" \/>\n<script type=\"application\/ld+json\" class=\"yoast-schema-graph\">{\"@context\":\"https:\/\/schema.org\",\"@graph\":[{\"@type\":\"WebSite\",\"@id\":\"https:\/\/www.doppelklicker.de\/blog\/#website\",\"url\":\"https:\/\/www.doppelklicker.de\/blog\/\",\"name\":\"Aus Mainz.\",\"description\":\"F\u00fcr die Welt.\",\"potentialAction\":[{\"@type\":\"SearchAction\",\"target\":{\"@type\":\"EntryPoint\",\"urlTemplate\":\"https:\/\/www.doppelklicker.de\/blog\/?s={search_term_string}\"},\"query-input\":\"required name=search_term_string\"}],\"inLanguage\":\"de-DE\"},{\"@type\":\"ImageObject\",\"@id\":\"https:\/\/www.doppelklicker.de\/blog\/fritz-glasfaser-wi-fi-7-smart-home\/#primaryimage\",\"inLanguage\":\"de-DE\",\"url\":\"https:\/\/www.doppelklicker.de\/blog\/wp-content\/uploads\/2023\/11\/avm-praesentiert-fritz-box-5690-pro-ultimative-verbindungsgeschwindigkeit-und.jpg\",\"contentUrl\":\"https:\/\/www.doppelklicker.de\/blog\/wp-content\/uploads\/2023\/11\/avm-praesentiert-fritz-box-5690-pro-ultimative-verbindungsgeschwindigkeit-und.jpg\",\"width\":1280,\"height\":615,\"caption\":\"FRITZ!Box 6670 Cable: Wi-Fi 7 und Zigbee f\u00fcr Kabelanschl\u00fcsse (Foto: AVM.)\"},{\"@type\":\"WebPage\",\"@id\":\"https:\/\/www.doppelklicker.de\/blog\/fritz-glasfaser-wi-fi-7-smart-home\/#webpage\",\"url\":\"https:\/\/www.doppelklicker.de\/blog\/fritz-glasfaser-wi-fi-7-smart-home\/\",\"name\":\"FRITZ!Box 6670 Cable: Wi-Fi 7 und Zigbee f\u00fcr Kabelanschl\u00fcsse\",\"isPartOf\":{\"@id\":\"https:\/\/www.doppelklicker.de\/blog\/#website\"},\"primaryImageOfPage\":{\"@id\":\"https:\/\/www.doppelklicker.de\/blog\/fritz-glasfaser-wi-fi-7-smart-home\/#primaryimage\"},\"datePublished\":\"2023-08-29T08:00:00+00:00\",\"dateModified\":\"2023-08-29T08:00:00+00:00\",\"author\":{\"@id\":\"https:\/\/www.doppelklicker.de\/blog\/#\/schema\/person\/08dcac172bdb025e8ff433488184668a\"},\"breadcrumb\":{\"@id\":\"https:\/\/www.doppelklicker.de\/blog\/fritz-glasfaser-wi-fi-7-smart-home\/#breadcrumb\"},\"inLanguage\":\"de-DE\",\"potentialAction\":[{\"@type\":\"ReadAction\",\"target\":[\"https:\/\/www.doppelklicker.de\/blog\/fritz-glasfaser-wi-fi-7-smart-home\/\"]}]},{\"@type\":\"BreadcrumbList\",\"@id\":\"https:\/\/www.doppelklicker.de\/blog\/fritz-glasfaser-wi-fi-7-smart-home\/#breadcrumb\",\"itemListElement\":[{\"@type\":\"ListItem\",\"position\":1,\"name\":\"Startseite\",\"item\":\"https:\/\/www.doppelklicker.de\/blog\/\"},{\"@type\":\"ListItem\",\"position\":2,\"name\":\"FRITZ!Box 6670 Cable: Wi-Fi 7 und Zigbee f\u00fcr Kabelanschl\u00fcsse\"}]},{\"@type\":\"Person\",\"@id\":\"https:\/\/www.doppelklicker.de\/blog\/#\/schema\/person\/08dcac172bdb025e8ff433488184668a\",\"name\":\"Iris Martin\",\"image\":{\"@type\":\"ImageObject\",\"@id\":\"https:\/\/www.doppelklicker.de\/blog\/#personlogo\",\"inLanguage\":\"de-DE\",\"url\":\"https:\/\/secure.gravatar.com\/avatar\/82fdaa093be0b9686b531f99fcb54d15?s=96&d=wp_user_avatar&r=g\",\"contentUrl\":\"https:\/\/secure.gravatar.com\/avatar\/82fdaa093be0b9686b531f99fcb54d15?s=96&d=wp_user_avatar&r=g\",\"caption\":\"Iris Martin\"},\"url\":\"https:\/\/www.doppelklicker.de\/blog\/author\/iris-martin\/\"}]}<\/script>\n<!-- \/ Yoast SEO plugin. -->","yoast_head_json":{"robots":{"index":"index","follow":"follow","max-snippet":"max-snippet:-1","max-image-preview":"max-image-preview:large","max-video-preview":"max-video-preview:-1"},"canonical":"https:\/\/www.doppelklicker.de\/blog\/fritz-glasfaser-wi-fi-7-smart-home\/","og_locale":"de_DE","og_type":"article","og_title":"FRITZ!Box 6670 Cable: Wi-Fi 7 und Zigbee f\u00fcr Kabelanschl\u00fcsse","og_description":"Die FRITZ!Box 5690 Pro von AVM ist das neue Premium-Modell f\u00fcr Glasfaser\/DSL, das auf der IFA pr\u00e4sentiert wird. Mit Triband WLAN, Wi-Fi 7 und Zigbee bietet sie eine beeindruckende Geschwindigkeit und Vielseitigkeit. Das Motto &#8222;Starke Verbindungen&#8220; verdeutlicht, dass AVM den Nutzern ein zukunftssicheres digitales Zuhause mit mehr Bedienkomfort und Unterst\u00fctzung beim Energiesparen bietet.","og_url":"https:\/\/www.doppelklicker.de\/blog\/fritz-glasfaser-wi-fi-7-smart-home\/","og_site_name":"Aus Mainz.","article_published_time":"2023-08-29T08:00:00+00:00","og_image":[{"width":1280,"height":615,"url":"https:\/\/www.doppelklicker.de\/blog\/wp-content\/uploads\/2023\/11\/avm-praesentiert-fritz-box-5690-pro-ultimative-verbindungsgeschwindigkeit-und.jpg","type":"image\/jpeg"}],"twitter_card":"summary_large_image","twitter_misc":{"Verfasst von":"Iris Martin","Gesch\u00e4tzte Lesezeit":"3 Minuten"},"schema":{"@context":"https:\/\/schema.org","@graph":[{"@type":"WebSite","@id":"https:\/\/www.doppelklicker.de\/blog\/#website","url":"https:\/\/www.doppelklicker.de\/blog\/","name":"Aus Mainz.","description":"F\u00fcr die Welt.","potentialAction":[{"@type":"SearchAction","target":{"@type":"EntryPoint","urlTemplate":"https:\/\/www.doppelklicker.de\/blog\/?s={search_term_string}"},"query-input":"required name=search_term_string"}],"inLanguage":"de-DE"},{"@type":"ImageObject","@id":"https:\/\/www.doppelklicker.de\/blog\/fritz-glasfaser-wi-fi-7-smart-home\/#primaryimage","inLanguage":"de-DE","url":"https:\/\/www.doppelklicker.de\/blog\/wp-content\/uploads\/2023\/11\/avm-praesentiert-fritz-box-5690-pro-ultimative-verbindungsgeschwindigkeit-und.jpg","contentUrl":"https:\/\/www.doppelklicker.de\/blog\/wp-content\/uploads\/2023\/11\/avm-praesentiert-fritz-box-5690-pro-ultimative-verbindungsgeschwindigkeit-und.jpg","width":1280,"height":615,"caption":"FRITZ!Box 6670 Cable: Wi-Fi 7 und Zigbee f\u00fcr Kabelanschl\u00fcsse (Foto: AVM.)"},{"@type":"WebPage","@id":"https:\/\/www.doppelklicker.de\/blog\/fritz-glasfaser-wi-fi-7-smart-home\/#webpage","url":"https:\/\/www.doppelklicker.de\/blog\/fritz-glasfaser-wi-fi-7-smart-home\/","name":"FRITZ!Box 6670 Cable: Wi-Fi 7 und Zigbee f\u00fcr Kabelanschl\u00fcsse","isPartOf":{"@id":"https:\/\/www.doppelklicker.de\/blog\/#website"},"primaryImageOfPage":{"@id":"https:\/\/www.doppelklicker.de\/blog\/fritz-glasfaser-wi-fi-7-smart-home\/#primaryimage"},"datePublished":"2023-08-29T08:00:00+00:00","dateModified":"2023-08-29T08:00:00+00:00","author":{"@id":"https:\/\/www.doppelklicker.de\/blog\/#\/schema\/person\/08dcac172bdb025e8ff433488184668a"},"breadcrumb":{"@id":"https:\/\/www.doppelklicker.de\/blog\/fritz-glasfaser-wi-fi-7-smart-home\/#breadcrumb"},"inLanguage":"de-DE","potentialAction":[{"@type":"ReadAction","target":["https:\/\/www.doppelklicker.de\/blog\/fritz-glasfaser-wi-fi-7-smart-home\/"]}]},{"@type":"BreadcrumbList","@id":"https:\/\/www.doppelklicker.de\/blog\/fritz-glasfaser-wi-fi-7-smart-home\/#breadcrumb","itemListElement":[{"@type":"ListItem","position":1,"name":"Startseite","item":"https:\/\/www.doppelklicker.de\/blog\/"},{"@type":"ListItem","position":2,"name":"FRITZ!Box 6670 Cable: Wi-Fi 7 und Zigbee f\u00fcr Kabelanschl\u00fcsse"}]},{"@type":"Person","@id":"https:\/\/www.doppelklicker.de\/blog\/#\/schema\/person\/08dcac172bdb025e8ff433488184668a","name":"Iris Martin","image":{"@type":"ImageObject","@id":"https:\/\/www.doppelklicker.de\/blog\/#personlogo","inLanguage":"de-DE","url":"https:\/\/secure.gravatar.com\/avatar\/82fdaa093be0b9686b531f99fcb54d15?s=96&d=wp_user_avatar&r=g","contentUrl":"https:\/\/secure.gravatar.com\/avatar\/82fdaa093be0b9686b531f99fcb54d15?s=96&d=wp_user_avatar&r=g","caption":"Iris Martin"},"url":"https:\/\/www.doppelklicker.de\/blog\/author\/iris-martin\/"}]}},"_links":{"self":[{"href":"https:\/\/www.doppelklicker.de\/blog\/wp-json\/wp\/v2\/posts\/6335"}],"collection":[{"href":"https:\/\/www.doppelklicker.de\/blog\/wp-json\/wp\/v2\/posts"}],"about":[{"href":"https:\/\/www.doppelklicker.de\/blog\/wp-json\/wp\/v2\/types\/post"}],"author":[{"embeddable":true,"href":"https:\/\/www.doppelklicker.de\/blog\/wp-json\/wp\/v2\/users\/8"}],"replies":[{"embeddable":true,"href":"https:\/\/www.doppelklicker.de\/blog\/wp-json\/wp\/v2\/comments?post=6335"}],"version-history":[{"count":0,"href":"https:\/\/www.doppelklicker.de\/blog\/wp-json\/wp\/v2\/posts\/6335\/revisions"}],"wp:featuredmedia":[{"embeddable":true,"href":"https:\/\/www.doppelklicker.de\/blog\/wp-json\/wp\/v2\/media\/6336"}],"wp:attachment":[{"href":"https:\/\/www.doppelklicker.de\/blog\/wp-json\/wp\/v2\/media?parent=6335"}],"wp:term":[{"taxonomy":"category","embeddable":true,"href":"https:\/\/www.doppelklicker.de\/blog\/wp-json\/wp\/v2\/categories?post=6335"},{"taxonomy":"post_tag","embeddable":true,"href":"https:\/\/www.doppelklicker.de\/blog\/wp-json\/wp\/v2\/tags?post=6335"}],"curies":[{"name":"wp","href":"https:\/\/api.w.org\/{rel}","templated":true}]}}