{"id":6362,"date":"2023-11-22T08:00:00","date_gmt":"2023-11-22T06:00:00","guid":{"rendered":"guid"},"modified":"2023-11-22T08:00:00","modified_gmt":"2023-11-22T06:00:00","slug":"fahrraeder-schluessel-zum-asyl","status":"publish","type":"post","link":"https:\/\/www.doppelklicker.de\/blog\/fahrraeder-schluessel-zum-asyl\/","title":{"rendered":"Anstieg der Fl\u00fcchtlingszahlen: Migranten nutzen Fahrr\u00e4der f\u00fcr Einreise"},"content":{"rendered":"<p>Immer mehr Migranten nutzen Fahrr\u00e4der als Transportmittel, um in den EU-Staat Finnland einzureisen. Diese Entwicklung deutet darauf hin, dass Russland diese Reisen unterst\u00fctzt. Als Reaktion darauf schlie\u00dft die Regierung in Helsinki Grenz\u00fcberg\u00e4nge, was zu Spannungen zwischen den beiden L\u00e4ndern f\u00fchrt. Die Zahl der Migranten, die \u00fcber Russland nach Finnland reisen, um Asyl zu beantragen, hat deutlich zugenommen. Finnland plant daher, vier Grenz\u00fcberg\u00e4nge nach Russland zu schlie\u00dfen. Die finnische Regierung wirft Russland vor, Menschen ohne g\u00fcltige Dokumente nach Finnland einreisen zu lassen, was zuvor nicht der Fall war.<br \/>\n<!--more--><\/p>\n<h2>Finnlands Pr\u00e4sident warnt vor russischen Provokationen wegen NATO<\/h2>\n<p>Der finnische Pr\u00e4sident Sauli Niinist\u00f6 hat in der Vergangenheit betont, dass Finnland aufgrund seines NATO-Beitritts mit feindseligen Aktionen Russlands rechnen muss. Diese Vorw\u00fcrfe werden nun von Asylbewerbern best\u00e4tigt. Ein Asylbewerber berichtete der finnischen Nachrichtenagentur STT, dass die russische Polizei ihm angeboten habe, nach Finnland zu gehen und ihm dabei geholfen habe. Dies deutet darauf hin, dass Russland die Migration nach Finnland unterst\u00fctzt.<\/p>\n<p>Der Asylbewerber Can aus der T\u00fcrkei erz\u00e4hlt, dass er sich zu Beginn seiner Reise nicht getraut hat, die Wahrheit zu sagen. Er und ein Freund sind nach St. Petersburg geflogen, da es relativ einfach ist, ein Visum daf\u00fcr zu bekommen. Dabei hatten sie jedoch Angst und waren unsicher \u00fcber ihre n\u00e4chsten Schritte.<\/p>\n<p>Ein milit\u00e4risches Fahrzeug der russischen Armee brachte den Asylbewerber zu einer Polizeistation in der N\u00e4he der finnischen Grenze. An diesem Ort wurde ihm mitgeteilt, dass er ein Taxi nehmen sollte.<\/p>\n<h2>Migranten nutzen spezielle Taxis mit Fahrradtransport auf Fluchtroute<\/h2>\n<p>Die Migranten, die \u00fcber Russland nach Finnland reisen, m\u00fcssen Fahrr\u00e4der kaufen, um ihre Reise fortzusetzen. Statt eines gew\u00f6hnlichen Taxis bringt sie ein spezielles Fahrzeug, das Fahrr\u00e4der transportiert, bis kurz vor die Grenze. Der Fahrer scheint mit den Beh\u00f6rden zusammengearbeitet zu haben, da er den Migranten zuruft, dass sie erwartet werden. Diese Absprache erm\u00f6glicht den Migranten eine reibungslose Weiterreise.<\/p>\n<p>Im Aufnahmezentrum Joutseno schildern vier Asylbewerber aus dem Irak in einem Interview mit der Zeitung &#8222;Helsingin Sanomat&#8220; ihre Erfahrungen beim Kauf von Fahrr\u00e4dern. Laut ihren Aussagen mussten sie je nach finanzieller Situation zwischen 100 und 400 Dollar f\u00fcr ein Fahrrad bezahlen. Die Fahrr\u00e4der wurden an einem Stra\u00dfenrand von einem Anh\u00e4nger verkauft. Diese Informationen geben einen Einblick in die finanziellen Herausforderungen, mit denen Asylbewerber konfrontiert sind, um sich auf ihrer Flucht mit einem Fahrrad fortzubewegen.<\/p>\n<p>Um die finnische Grenze zu \u00fcberqueren, m\u00fcssen Migranten aus Somalia laut Berichten von f\u00fcnf Personen aus der Region Nuijamaa Fahrr\u00e4der nutzen. Die russischen Grenzbeh\u00f6rden akzeptieren keine Fu\u00dfg\u00e4nger und verlangen, dass die Migranten ein Fahrrad besitzen. Dies erm\u00f6glicht es den Migranten, sich schneller und unauff\u00e4lliger der Grenze zu n\u00e4hern, da sie nicht auf \u00f6ffentliche Verkehrsmittel angewiesen sind. Die Nutzung von Fahrr\u00e4dern bietet den Migranten eine gewisse Unabh\u00e4ngigkeit und Mobilit\u00e4t w\u00e4hrend ihrer Reise.<\/p>\n<h2>Effiziente und kosteng\u00fcnstige Reise: Migranten nutzen Fahrr\u00e4der nach Finnland<\/h2>\n<p>Die Verwendung von Fahrr\u00e4dern als Transportmittel f\u00fcr Migranten auf dem Weg nach Finnland bietet eine kosteng\u00fcnstige und zug\u00e4ngliche M\u00f6glichkeit, gro\u00dfe Entfernungen zur\u00fcckzulegen. Im Vergleich zu anderen Transportmitteln erm\u00f6glicht es ein Flug von der T\u00fcrkei nach St. Petersburg den Migranten, schnell und unkompliziert anzukommen. Durch die Nutzung von Fahrr\u00e4dern k\u00f6nnen die Migranten ihre Reise fortsetzen und sich unauff\u00e4llig der Grenze n\u00e4hern, was ihnen Flexibilit\u00e4t und Unabh\u00e4ngigkeit bietet.<\/p>\n<p>Die Nutzung von Fahrr\u00e4dern erm\u00f6glicht den Migranten eine relativ schnelle und unauff\u00e4llige Ann\u00e4herung an die Grenze. Dadurch k\u00f6nnen sie sich freier bewegen und ihre Reise flexibler gestalten. Das Fahrrad bietet den Migranten eine gewisse Unabh\u00e4ngigkeit und Mobilit\u00e4t, da sie nicht auf \u00f6ffentliche Verkehrsmittel angewiesen sind. Dies erleichtert ihre Reise und erm\u00f6glicht es ihnen, sich unauff\u00e4llig zu bewegen.<\/p>\n<p>Das Fahrrad als Transportmittel birgt im Vergleich zu anderen Optionen, wie beispielsweise zu Fu\u00df zu gehen, weniger Risiken und Probleme. Die russischen Grenzbeh\u00f6rden unterst\u00fctzen die Nutzung von Fahrr\u00e4dern und verbieten den Migranten, zu Fu\u00df zu gehen. Dadurch wird die Reise auf dem Fahrrad f\u00fcr die Migranten sicherer und einfacher.<\/p>\n<p>Die Verwendung von Fahrr\u00e4dern als Transportmittel f\u00fcr Migranten, die nach Finnland reisen m\u00f6chten, bietet zahlreiche Vorteile. Es erm\u00f6glicht ihnen eine kosteng\u00fcnstige und umweltfreundliche Reise, da sie nicht auf teure Flug- oder Zugtickets angewiesen sind. Dar\u00fcber hinaus bietet das Fahrrad den Migranten eine gewisse Unabh\u00e4ngigkeit und Flexibilit\u00e4t, da sie ihre Reise nach ihren eigenen Bed\u00fcrfnissen und ihrem eigenen Tempo gestalten k\u00f6nnen.<\/p>\n<p>Die M\u00f6glichkeit, Fahrr\u00e4der als Transportmittel zu nutzen, erm\u00f6glicht es den Migranten, auf effiziente und kosteng\u00fcnstige Weise gro\u00dfe Strecken zur\u00fcckzulegen. Dies bietet ihnen eine alternative Option zu teureren und komplizierteren Transportm\u00f6glichkeiten. Trotz der politischen Spannungen zwischen den beteiligten L\u00e4ndern er\u00f6ffnen Fahrr\u00e4der den Migranten die Chance, ihre Reise sicherer und einfacher zu gestalten.<\/p>\n","protected":false},"excerpt":{"rendered":"<p>Immer mehr Migranten nutzen Fahrr\u00e4der als Transportmittel, um in den EU-Staat Finnland einzureisen. Diese Entwicklung deutet darauf hin, dass Russland diese Reisen unterst\u00fctzt. Als Reaktion darauf schlie\u00dft die Regierung in Helsinki Grenz\u00fcberg\u00e4nge, was zu Spannungen zwischen den beiden L\u00e4ndern f\u00fchrt. Die Zahl der Migranten, die \u00fcber Russland nach Finnland reisen, um Asyl zu beantragen, hat<\/p>\n<div class=\"read-more\"><a href=\"https:\/\/www.doppelklicker.de\/blog\/fahrraeder-schluessel-zum-asyl\/\" title=\"Jetzt alles lesen\">Jetzt alles lesen<\/a><\/div>\n","protected":false},"author":8,"featured_media":6363,"comment_status":"open","ping_status":"open","sticky":false,"template":"","format":"standard","meta":[],"categories":[3305],"tags":[],"yoast_head":"<!-- This site is optimized with the Yoast SEO plugin v18.2 - https:\/\/yoast.com\/wordpress\/plugins\/seo\/ -->\n<meta name=\"robots\" content=\"index, follow, max-snippet:-1, max-image-preview:large, max-video-preview:-1\" \/>\n<link rel=\"canonical\" href=\"https:\/\/www.doppelklicker.de\/blog\/fahrraeder-schluessel-zum-asyl\/\" \/>\n<meta property=\"og:locale\" content=\"de_DE\" \/>\n<meta property=\"og:type\" content=\"article\" \/>\n<meta property=\"og:title\" content=\"Anstieg der Fl\u00fcchtlingszahlen: Migranten nutzen Fahrr\u00e4der f\u00fcr Einreise\" \/>\n<meta property=\"og:description\" content=\"Immer mehr Migranten nutzen Fahrr\u00e4der als Transportmittel, um in den EU-Staat Finnland einzureisen. Diese Entwicklung deutet darauf hin, dass Russland diese Reisen unterst\u00fctzt. Als Reaktion darauf schlie\u00dft die Regierung in Helsinki Grenz\u00fcberg\u00e4nge, was zu Spannungen zwischen den beiden L\u00e4ndern f\u00fchrt. Die Zahl der Migranten, die \u00fcber Russland nach Finnland reisen, um Asyl zu beantragen, hatJetzt alles lesen\" \/>\n<meta property=\"og:url\" content=\"https:\/\/www.doppelklicker.de\/blog\/fahrraeder-schluessel-zum-asyl\/\" \/>\n<meta property=\"og:site_name\" content=\"Aus Mainz.\" \/>\n<meta property=\"article:published_time\" content=\"2023-11-22T06:00:00+00:00\" \/>\n<meta property=\"og:image\" content=\"https:\/\/www.doppelklicker.de\/blog\/wp-content\/uploads\/2023\/11\/anstieg-fluechtlingszahlen-migranten-nutzen-fahrraeder-12814.jpg\" \/>\n\t<meta property=\"og:image:width\" content=\"1280\" \/>\n\t<meta property=\"og:image:height\" content=\"615\" \/>\n\t<meta property=\"og:image:type\" content=\"image\/jpeg\" \/>\n<meta name=\"twitter:card\" content=\"summary_large_image\" \/>\n<meta name=\"twitter:label1\" content=\"Verfasst von\" \/>\n\t<meta name=\"twitter:data1\" content=\"Iris Martin\" \/>\n\t<meta name=\"twitter:label2\" content=\"Gesch\u00e4tzte Lesezeit\" \/>\n\t<meta name=\"twitter:data2\" content=\"4 Minuten\" \/>\n<script type=\"application\/ld+json\" class=\"yoast-schema-graph\">{\"@context\":\"https:\/\/schema.org\",\"@graph\":[{\"@type\":\"WebSite\",\"@id\":\"https:\/\/www.doppelklicker.de\/blog\/#website\",\"url\":\"https:\/\/www.doppelklicker.de\/blog\/\",\"name\":\"Aus Mainz.\",\"description\":\"F\u00fcr die Welt.\",\"potentialAction\":[{\"@type\":\"SearchAction\",\"target\":{\"@type\":\"EntryPoint\",\"urlTemplate\":\"https:\/\/www.doppelklicker.de\/blog\/?s={search_term_string}\"},\"query-input\":\"required name=search_term_string\"}],\"inLanguage\":\"de-DE\"},{\"@type\":\"ImageObject\",\"@id\":\"https:\/\/www.doppelklicker.de\/blog\/fahrraeder-schluessel-zum-asyl\/#primaryimage\",\"inLanguage\":\"de-DE\",\"url\":\"https:\/\/www.doppelklicker.de\/blog\/wp-content\/uploads\/2023\/11\/anstieg-fluechtlingszahlen-migranten-nutzen-fahrraeder-12814.jpg\",\"contentUrl\":\"https:\/\/www.doppelklicker.de\/blog\/wp-content\/uploads\/2023\/11\/anstieg-fluechtlingszahlen-migranten-nutzen-fahrraeder-12814.jpg\",\"width\":1280,\"height\":615,\"caption\":\"Anstieg der Fl\u00fcchtlingszahlen: Migranten nutzen Fahrr\u00e4der f\u00fcr Einreise (Foto: AdobeStock 84364733 Sergio Ponomarev)\"},{\"@type\":\"WebPage\",\"@id\":\"https:\/\/www.doppelklicker.de\/blog\/fahrraeder-schluessel-zum-asyl\/#webpage\",\"url\":\"https:\/\/www.doppelklicker.de\/blog\/fahrraeder-schluessel-zum-asyl\/\",\"name\":\"Anstieg der Fl\u00fcchtlingszahlen: Migranten nutzen Fahrr\u00e4der f\u00fcr Einreise\",\"isPartOf\":{\"@id\":\"https:\/\/www.doppelklicker.de\/blog\/#website\"},\"primaryImageOfPage\":{\"@id\":\"https:\/\/www.doppelklicker.de\/blog\/fahrraeder-schluessel-zum-asyl\/#primaryimage\"},\"datePublished\":\"2023-11-22T06:00:00+00:00\",\"dateModified\":\"2023-11-22T06:00:00+00:00\",\"author\":{\"@id\":\"https:\/\/www.doppelklicker.de\/blog\/#\/schema\/person\/08dcac172bdb025e8ff433488184668a\"},\"breadcrumb\":{\"@id\":\"https:\/\/www.doppelklicker.de\/blog\/fahrraeder-schluessel-zum-asyl\/#breadcrumb\"},\"inLanguage\":\"de-DE\",\"potentialAction\":[{\"@type\":\"ReadAction\",\"target\":[\"https:\/\/www.doppelklicker.de\/blog\/fahrraeder-schluessel-zum-asyl\/\"]}]},{\"@type\":\"BreadcrumbList\",\"@id\":\"https:\/\/www.doppelklicker.de\/blog\/fahrraeder-schluessel-zum-asyl\/#breadcrumb\",\"itemListElement\":[{\"@type\":\"ListItem\",\"position\":1,\"name\":\"Startseite\",\"item\":\"https:\/\/www.doppelklicker.de\/blog\/\"},{\"@type\":\"ListItem\",\"position\":2,\"name\":\"Anstieg der Fl\u00fcchtlingszahlen: Migranten nutzen Fahrr\u00e4der f\u00fcr Einreise\"}]},{\"@type\":\"Person\",\"@id\":\"https:\/\/www.doppelklicker.de\/blog\/#\/schema\/person\/08dcac172bdb025e8ff433488184668a\",\"name\":\"Iris Martin\",\"image\":{\"@type\":\"ImageObject\",\"@id\":\"https:\/\/www.doppelklicker.de\/blog\/#personlogo\",\"inLanguage\":\"de-DE\",\"url\":\"https:\/\/secure.gravatar.com\/avatar\/82fdaa093be0b9686b531f99fcb54d15?s=96&d=wp_user_avatar&r=g\",\"contentUrl\":\"https:\/\/secure.gravatar.com\/avatar\/82fdaa093be0b9686b531f99fcb54d15?s=96&d=wp_user_avatar&r=g\",\"caption\":\"Iris Martin\"},\"url\":\"https:\/\/www.doppelklicker.de\/blog\/author\/iris-martin\/\"}]}<\/script>\n<!-- \/ Yoast SEO plugin. -->","yoast_head_json":{"robots":{"index":"index","follow":"follow","max-snippet":"max-snippet:-1","max-image-preview":"max-image-preview:large","max-video-preview":"max-video-preview:-1"},"canonical":"https:\/\/www.doppelklicker.de\/blog\/fahrraeder-schluessel-zum-asyl\/","og_locale":"de_DE","og_type":"article","og_title":"Anstieg der Fl\u00fcchtlingszahlen: Migranten nutzen Fahrr\u00e4der f\u00fcr Einreise","og_description":"Immer mehr Migranten nutzen Fahrr\u00e4der als Transportmittel, um in den EU-Staat Finnland einzureisen. Diese Entwicklung deutet darauf hin, dass Russland diese Reisen unterst\u00fctzt. Als Reaktion darauf schlie\u00dft die Regierung in Helsinki Grenz\u00fcberg\u00e4nge, was zu Spannungen zwischen den beiden L\u00e4ndern f\u00fchrt. Die Zahl der Migranten, die \u00fcber Russland nach Finnland reisen, um Asyl zu beantragen, hatJetzt alles lesen","og_url":"https:\/\/www.doppelklicker.de\/blog\/fahrraeder-schluessel-zum-asyl\/","og_site_name":"Aus Mainz.","article_published_time":"2023-11-22T06:00:00+00:00","og_image":[{"width":1280,"height":615,"url":"https:\/\/www.doppelklicker.de\/blog\/wp-content\/uploads\/2023\/11\/anstieg-fluechtlingszahlen-migranten-nutzen-fahrraeder-12814.jpg","type":"image\/jpeg"}],"twitter_card":"summary_large_image","twitter_misc":{"Verfasst von":"Iris Martin","Gesch\u00e4tzte Lesezeit":"4 Minuten"},"schema":{"@context":"https:\/\/schema.org","@graph":[{"@type":"WebSite","@id":"https:\/\/www.doppelklicker.de\/blog\/#website","url":"https:\/\/www.doppelklicker.de\/blog\/","name":"Aus Mainz.","description":"F\u00fcr die Welt.","potentialAction":[{"@type":"SearchAction","target":{"@type":"EntryPoint","urlTemplate":"https:\/\/www.doppelklicker.de\/blog\/?s={search_term_string}"},"query-input":"required name=search_term_string"}],"inLanguage":"de-DE"},{"@type":"ImageObject","@id":"https:\/\/www.doppelklicker.de\/blog\/fahrraeder-schluessel-zum-asyl\/#primaryimage","inLanguage":"de-DE","url":"https:\/\/www.doppelklicker.de\/blog\/wp-content\/uploads\/2023\/11\/anstieg-fluechtlingszahlen-migranten-nutzen-fahrraeder-12814.jpg","contentUrl":"https:\/\/www.doppelklicker.de\/blog\/wp-content\/uploads\/2023\/11\/anstieg-fluechtlingszahlen-migranten-nutzen-fahrraeder-12814.jpg","width":1280,"height":615,"caption":"Anstieg der Fl\u00fcchtlingszahlen: Migranten nutzen Fahrr\u00e4der f\u00fcr Einreise (Foto: AdobeStock 84364733 Sergio Ponomarev)"},{"@type":"WebPage","@id":"https:\/\/www.doppelklicker.de\/blog\/fahrraeder-schluessel-zum-asyl\/#webpage","url":"https:\/\/www.doppelklicker.de\/blog\/fahrraeder-schluessel-zum-asyl\/","name":"Anstieg der Fl\u00fcchtlingszahlen: Migranten nutzen Fahrr\u00e4der f\u00fcr Einreise","isPartOf":{"@id":"https:\/\/www.doppelklicker.de\/blog\/#website"},"primaryImageOfPage":{"@id":"https:\/\/www.doppelklicker.de\/blog\/fahrraeder-schluessel-zum-asyl\/#primaryimage"},"datePublished":"2023-11-22T06:00:00+00:00","dateModified":"2023-11-22T06:00:00+00:00","author":{"@id":"https:\/\/www.doppelklicker.de\/blog\/#\/schema\/person\/08dcac172bdb025e8ff433488184668a"},"breadcrumb":{"@id":"https:\/\/www.doppelklicker.de\/blog\/fahrraeder-schluessel-zum-asyl\/#breadcrumb"},"inLanguage":"de-DE","potentialAction":[{"@type":"ReadAction","target":["https:\/\/www.doppelklicker.de\/blog\/fahrraeder-schluessel-zum-asyl\/"]}]},{"@type":"BreadcrumbList","@id":"https:\/\/www.doppelklicker.de\/blog\/fahrraeder-schluessel-zum-asyl\/#breadcrumb","itemListElement":[{"@type":"ListItem","position":1,"name":"Startseite","item":"https:\/\/www.doppelklicker.de\/blog\/"},{"@type":"ListItem","position":2,"name":"Anstieg der Fl\u00fcchtlingszahlen: Migranten nutzen Fahrr\u00e4der f\u00fcr Einreise"}]},{"@type":"Person","@id":"https:\/\/www.doppelklicker.de\/blog\/#\/schema\/person\/08dcac172bdb025e8ff433488184668a","name":"Iris Martin","image":{"@type":"ImageObject","@id":"https:\/\/www.doppelklicker.de\/blog\/#personlogo","inLanguage":"de-DE","url":"https:\/\/secure.gravatar.com\/avatar\/82fdaa093be0b9686b531f99fcb54d15?s=96&d=wp_user_avatar&r=g","contentUrl":"https:\/\/secure.gravatar.com\/avatar\/82fdaa093be0b9686b531f99fcb54d15?s=96&d=wp_user_avatar&r=g","caption":"Iris Martin"},"url":"https:\/\/www.doppelklicker.de\/blog\/author\/iris-martin\/"}]}},"_links":{"self":[{"href":"https:\/\/www.doppelklicker.de\/blog\/wp-json\/wp\/v2\/posts\/6362"}],"collection":[{"href":"https:\/\/www.doppelklicker.de\/blog\/wp-json\/wp\/v2\/posts"}],"about":[{"href":"https:\/\/www.doppelklicker.de\/blog\/wp-json\/wp\/v2\/types\/post"}],"author":[{"embeddable":true,"href":"https:\/\/www.doppelklicker.de\/blog\/wp-json\/wp\/v2\/users\/8"}],"replies":[{"embeddable":true,"href":"https:\/\/www.doppelklicker.de\/blog\/wp-json\/wp\/v2\/comments?post=6362"}],"version-history":[{"count":0,"href":"https:\/\/www.doppelklicker.de\/blog\/wp-json\/wp\/v2\/posts\/6362\/revisions"}],"wp:featuredmedia":[{"embeddable":true,"href":"https:\/\/www.doppelklicker.de\/blog\/wp-json\/wp\/v2\/media\/6363"}],"wp:attachment":[{"href":"https:\/\/www.doppelklicker.de\/blog\/wp-json\/wp\/v2\/media?parent=6362"}],"wp:term":[{"taxonomy":"category","embeddable":true,"href":"https:\/\/www.doppelklicker.de\/blog\/wp-json\/wp\/v2\/categories?post=6362"},{"taxonomy":"post_tag","embeddable":true,"href":"https:\/\/www.doppelklicker.de\/blog\/wp-json\/wp\/v2\/tags?post=6362"}],"curies":[{"name":"wp","href":"https:\/\/api.w.org\/{rel}","templated":true}]}}