{"id":6370,"date":"2023-11-21T09:00:00","date_gmt":"2023-11-21T07:00:00","guid":{"rendered":"guid"},"modified":"2023-11-21T09:00:00","modified_gmt":"2023-11-21T07:00:00","slug":"orange-the-world-mainz","status":"publish","type":"post","link":"https:\/\/www.doppelklicker.de\/blog\/orange-the-world-mainz\/","title":{"rendered":"Orange the World: Mainz setzt ein starkes Signal"},"content":{"rendered":"<p>Ab Samstag erstrahlen viele Orte in der Mainzer Innenstadt in der Farbe Orange, um auf die internationale Kampagne &#8222;Orange the World&#8220; aufmerksam zu machen. Diese Kampagne hat zum Ziel, Gewalt gegen Frauen und M\u00e4dchen zu bek\u00e4mpfen. Die Aktion findet vom 25. November bis zum 10. Dezember statt und wird von verschiedenen Gruppen und Unternehmen in Mainz unterst\u00fctzt.<br \/>\n<!--more--><\/p>\n<h2>Gewalt gegen Frauen und M\u00e4dchen: weit verbreitetes Problem<\/h2>\n<p>In Deutschland ist Gewalt gegen Frauen und M\u00e4dchen ein erschreckend h\u00e4ufig auftretendes Problem. Laut UN Women Deutschland wird jede dritte Frau in Deutschland mindestens einmal in ihrem Leben Opfer von k\u00f6rperlicher oder sexualisierter Gewalt. Diese schockierenden Zahlen verdeutlichen die Notwendigkeit, das Bewusstsein f\u00fcr dieses Thema zu sch\u00e4rfen und Ma\u00dfnahmen zur Verhinderung von Gewalt gegen Frauen zu ergreifen.<\/p>\n<p>In Deutschland ist Gewalt gegen Frauen in Partnerschaften ein beunruhigendes Problem. Alle vier Minuten wird eine Frau Opfer von Gewalt, w\u00e4hrend jede dritte Frau innerhalb von drei Tagen von ihrem (Ex-)Partner get\u00f6tet wird. Die &#8222;Orange the World 2023&#8220;-Kampagne konzentriert sich auf Gewalt gegen Frauen und M\u00e4dchen im \u00f6ffentlichen Leben, einschlie\u00dflich der digitalen Welt.<\/p>\n<p>Die &#8222;Orange the World&#8220;-Kampagne in Mainz nutzt verschiedene Mittel, um Aufmerksamkeit zu erregen. Dazu geh\u00f6ren das Schm\u00fccken von Geb\u00e4uden, B\u00e4nken, Fahrr\u00e4dern und Plakaten mit orangefarbenen Elementen. Auch Privatpersonen k\u00f6nnen sich beteiligen, indem sie ein orangefarbenes Licht in ihr Fenster stellen. Dieses Engagement soll Gewalt gegen Frauen und M\u00e4dchen ins Bewusstsein r\u00fccken und Unterst\u00fctzung f\u00fcr Hilfsangebote in Mainz schaffen.<\/p>\n<p>Neben dem Dekorieren der Geb\u00e4ude mit orangefarbenen Elementen sind in Mainz an den Aktionstagen auch vielf\u00e4ltige Veranstaltungen in der Innenstadt geplant. Insbesondere am Samstag, dem Internationalen Tag zur Beseitigung der Gewalt gegen Frauen, werden zus\u00e4tzliche Events stattfinden, um auf dieses ernsthafte Problem aufmerksam zu machen und L\u00f6sungsans\u00e4tze zu diskutieren.<\/p>\n<p>Im Rahmen der Aktion in Mainz werden Expertinnen wie Ines Rose, eine ehemalige Kriminalhauptkommissarin, Eva R\u00fcdinger vom Frauenhaus Mainz und Dr. Susanne Theis, Ober\u00e4rztin der Frauenklinik und Leiterin des Projekts &#8222;Medizinische Soforthilfe nach Vergewaltigung&#8220;, Impulsvortr\u00e4ge und Diskussionen halten.<\/p>\n<p>Das Staatstheater in Mainz wird zum Ort verschiedener Aktionen, bei denen Beratungseinrichtungen wie das Frauenhaus Mainz, der Frauennotruf Mainz und der Wendepunkt sowie studierende der Hochschule Mainz (Fachbereich Wirtschaft) mitwirken.<\/p>\n<p>Zus\u00e4tzlich zu den bereits erw\u00e4hnten Aktionen werden w\u00e4hrend der weiteren Aktionstage in Mainz verschiedene Informationsangebote und Aktionen angeboten, die sowohl auf dem Campus als auch in Bars, Clubs und entlang der Ludwigsstra\u00dfe stattfinden.<\/p>\n<p>Durch die verschiedenen Aktionen in Mainz wird versucht, das Thema Gewalt gegen Frauen verst\u00e4rkt in das Bewusstsein der Menschen zu bringen und gleichzeitig Unterst\u00fctzungsm\u00f6glichkeiten f\u00fcr betroffene Frauen in Mainz anzubieten. Die Mainzer &#8222;Orange the World&#8220;-Kampagne nutzt dabei auch die soziale Medienplattform Instagram (@orangetheworld_mz), um ihre Pr\u00e4senz zu erh\u00f6hen und eine gr\u00f6\u00dfere Aufmerksamkeit zu erlangen.<\/p>\n<p>In Mainz wird die &#8222;Orange the World&#8220;-Kampagne von verschiedenen Organisationen wie dem &#8222;Zonta Club Mainz&#8220;, den &#8222;Soroptimist International Clubs&#8220; Mainz und Mainz-Rosengarten sowie dem Inner Wheel Club Mainz organisiert. Diese Organisationen setzen sich f\u00fcr die F\u00f6rderung der Rechte und Chancen von Frauen ein und verbessern so die Lebensbedingungen f\u00fcr Frauen in der Stadt.<\/p>\n<p>Seit 1991 organisiert das &#8222;Women&#8217;s Global Leadership Institute&#8220; die weltweite Kampagne &#8222;Orange the World&#8220;, bei der 16 Tage lang die Benachteiligung von Frauen und geschlechtsspezifische Gewalt thematisiert werden.<\/p>\n<p>Die Dauer von 16 Tagen bei den &#8222;Orange Days&#8220; ist kein Zufall, sondern wurde bewusst gew\u00e4hlt, um auf die Bedeutung des Internationalen Tags zur Beseitigung der Gewalt gegen Frauen und des Internationalen Tags der Menschenrechte hinzuweisen.<\/p>\n<p>Mit der Kampagne &#8222;Orange the World&#8220; wird in Mainz eine wichtige Plattform geschaffen, um das Bewusstsein f\u00fcr Gewalt gegen Frauen zu st\u00e4rken und solidarische Aktionen zur Unterst\u00fctzung von Frauen zu f\u00f6rdern. Durch verschiedene Veranstaltungen und Informationsangebote werden Menschen dazu ermutigt, sich mit dem Thema auseinanderzusetzen und aktiv zu werden. Die Kampagne tr\u00e4gt dazu bei, dass Gewalt gegen Frauen nicht l\u00e4nger tabuisiert wird und Hilfsangebote besser wahrgenommen werden.<\/p>\n<p>Durch die Teilnahme an der &#8222;Orange the World&#8220; Kampagne setzen Menschen in Mainz ein starkes Zeichen der Solidarit\u00e4t und zeigen ihre gemeinsamen Anstrengungen, um Gewalt gegen Frauen und M\u00e4dchen zu bek\u00e4mpfen und eine gleichberechtigte Gesellschaft f\u00fcr alle zu schaffen.<\/p>\n","protected":false},"excerpt":{"rendered":"<p>Ab Samstag erstrahlen viele Orte in der Mainzer Innenstadt in der Farbe Orange, um auf die internationale Kampagne &#8222;Orange the World&#8220; aufmerksam zu machen. Diese Kampagne hat zum Ziel, Gewalt gegen Frauen und M\u00e4dchen zu bek\u00e4mpfen. Die Aktion findet vom 25. November bis zum 10. Dezember statt und wird von verschiedenen Gruppen und Unternehmen in<\/p>\n<div class=\"read-more\"><a href=\"https:\/\/www.doppelklicker.de\/blog\/orange-the-world-mainz\/\" title=\"Jetzt alles lesen\">Jetzt alles lesen<\/a><\/div>\n","protected":false},"author":8,"featured_media":6371,"comment_status":"open","ping_status":"open","sticky":false,"template":"","format":"standard","meta":[],"categories":[3305],"tags":[],"yoast_head":"<!-- This site is optimized with the Yoast SEO plugin v18.2 - https:\/\/yoast.com\/wordpress\/plugins\/seo\/ -->\n<meta name=\"robots\" content=\"index, follow, max-snippet:-1, max-image-preview:large, max-video-preview:-1\" \/>\n<link rel=\"canonical\" href=\"https:\/\/www.doppelklicker.de\/blog\/orange-the-world-mainz\/\" \/>\n<meta property=\"og:locale\" content=\"de_DE\" \/>\n<meta property=\"og:type\" content=\"article\" \/>\n<meta property=\"og:title\" content=\"Orange the World: Mainz setzt ein starkes Signal\" \/>\n<meta property=\"og:description\" content=\"Ab Samstag erstrahlen viele Orte in der Mainzer Innenstadt in der Farbe Orange, um auf die internationale Kampagne &#8222;Orange the World&#8220; aufmerksam zu machen. Diese Kampagne hat zum Ziel, Gewalt gegen Frauen und M\u00e4dchen zu bek\u00e4mpfen. Die Aktion findet vom 25. November bis zum 10. Dezember statt und wird von verschiedenen Gruppen und Unternehmen inJetzt alles lesen\" \/>\n<meta property=\"og:url\" content=\"https:\/\/www.doppelklicker.de\/blog\/orange-the-world-mainz\/\" \/>\n<meta property=\"og:site_name\" content=\"Aus Mainz.\" \/>\n<meta property=\"article:published_time\" content=\"2023-11-21T07:00:00+00:00\" \/>\n<meta property=\"og:image\" content=\"https:\/\/www.doppelklicker.de\/blog\/wp-content\/uploads\/2023\/11\/mainz-erstrahlt-orange-zeichen-gegen-gewalt-frauen-12890.jpg\" \/>\n\t<meta property=\"og:image:width\" content=\"1280\" \/>\n\t<meta property=\"og:image:height\" content=\"615\" \/>\n\t<meta property=\"og:image:type\" content=\"image\/jpeg\" \/>\n<meta name=\"twitter:card\" content=\"summary_large_image\" \/>\n<meta name=\"twitter:label1\" content=\"Verfasst von\" \/>\n\t<meta name=\"twitter:data1\" content=\"Iris Martin\" \/>\n\t<meta name=\"twitter:label2\" content=\"Gesch\u00e4tzte Lesezeit\" \/>\n\t<meta name=\"twitter:data2\" content=\"4 Minuten\" \/>\n<script type=\"application\/ld+json\" class=\"yoast-schema-graph\">{\"@context\":\"https:\/\/schema.org\",\"@graph\":[{\"@type\":\"WebSite\",\"@id\":\"https:\/\/www.doppelklicker.de\/blog\/#website\",\"url\":\"https:\/\/www.doppelklicker.de\/blog\/\",\"name\":\"Aus Mainz.\",\"description\":\"F\u00fcr die Welt.\",\"potentialAction\":[{\"@type\":\"SearchAction\",\"target\":{\"@type\":\"EntryPoint\",\"urlTemplate\":\"https:\/\/www.doppelklicker.de\/blog\/?s={search_term_string}\"},\"query-input\":\"required name=search_term_string\"}],\"inLanguage\":\"de-DE\"},{\"@type\":\"ImageObject\",\"@id\":\"https:\/\/www.doppelklicker.de\/blog\/orange-the-world-mainz\/#primaryimage\",\"inLanguage\":\"de-DE\",\"url\":\"https:\/\/www.doppelklicker.de\/blog\/wp-content\/uploads\/2023\/11\/mainz-erstrahlt-orange-zeichen-gegen-gewalt-frauen-12890.jpg\",\"contentUrl\":\"https:\/\/www.doppelklicker.de\/blog\/wp-content\/uploads\/2023\/11\/mainz-erstrahlt-orange-zeichen-gegen-gewalt-frauen-12890.jpg\",\"width\":1280,\"height\":615,\"caption\":\"Orange the World: Mainz setzt ein starkes Signal (Foto: AdobeStock 394046483 Atiwat)\"},{\"@type\":\"WebPage\",\"@id\":\"https:\/\/www.doppelklicker.de\/blog\/orange-the-world-mainz\/#webpage\",\"url\":\"https:\/\/www.doppelklicker.de\/blog\/orange-the-world-mainz\/\",\"name\":\"Orange the World: Mainz setzt ein starkes Signal\",\"isPartOf\":{\"@id\":\"https:\/\/www.doppelklicker.de\/blog\/#website\"},\"primaryImageOfPage\":{\"@id\":\"https:\/\/www.doppelklicker.de\/blog\/orange-the-world-mainz\/#primaryimage\"},\"datePublished\":\"2023-11-21T07:00:00+00:00\",\"dateModified\":\"2023-11-21T07:00:00+00:00\",\"author\":{\"@id\":\"https:\/\/www.doppelklicker.de\/blog\/#\/schema\/person\/08dcac172bdb025e8ff433488184668a\"},\"breadcrumb\":{\"@id\":\"https:\/\/www.doppelklicker.de\/blog\/orange-the-world-mainz\/#breadcrumb\"},\"inLanguage\":\"de-DE\",\"potentialAction\":[{\"@type\":\"ReadAction\",\"target\":[\"https:\/\/www.doppelklicker.de\/blog\/orange-the-world-mainz\/\"]}]},{\"@type\":\"BreadcrumbList\",\"@id\":\"https:\/\/www.doppelklicker.de\/blog\/orange-the-world-mainz\/#breadcrumb\",\"itemListElement\":[{\"@type\":\"ListItem\",\"position\":1,\"name\":\"Startseite\",\"item\":\"https:\/\/www.doppelklicker.de\/blog\/\"},{\"@type\":\"ListItem\",\"position\":2,\"name\":\"Orange the World: Mainz setzt ein starkes Signal\"}]},{\"@type\":\"Person\",\"@id\":\"https:\/\/www.doppelklicker.de\/blog\/#\/schema\/person\/08dcac172bdb025e8ff433488184668a\",\"name\":\"Iris Martin\",\"image\":{\"@type\":\"ImageObject\",\"@id\":\"https:\/\/www.doppelklicker.de\/blog\/#personlogo\",\"inLanguage\":\"de-DE\",\"url\":\"https:\/\/secure.gravatar.com\/avatar\/82fdaa093be0b9686b531f99fcb54d15?s=96&d=wp_user_avatar&r=g\",\"contentUrl\":\"https:\/\/secure.gravatar.com\/avatar\/82fdaa093be0b9686b531f99fcb54d15?s=96&d=wp_user_avatar&r=g\",\"caption\":\"Iris Martin\"},\"url\":\"https:\/\/www.doppelklicker.de\/blog\/author\/iris-martin\/\"}]}<\/script>\n<!-- \/ Yoast SEO plugin. -->","yoast_head_json":{"robots":{"index":"index","follow":"follow","max-snippet":"max-snippet:-1","max-image-preview":"max-image-preview:large","max-video-preview":"max-video-preview:-1"},"canonical":"https:\/\/www.doppelklicker.de\/blog\/orange-the-world-mainz\/","og_locale":"de_DE","og_type":"article","og_title":"Orange the World: Mainz setzt ein starkes Signal","og_description":"Ab Samstag erstrahlen viele Orte in der Mainzer Innenstadt in der Farbe Orange, um auf die internationale Kampagne &#8222;Orange the World&#8220; aufmerksam zu machen. Diese Kampagne hat zum Ziel, Gewalt gegen Frauen und M\u00e4dchen zu bek\u00e4mpfen. Die Aktion findet vom 25. November bis zum 10. Dezember statt und wird von verschiedenen Gruppen und Unternehmen inJetzt alles lesen","og_url":"https:\/\/www.doppelklicker.de\/blog\/orange-the-world-mainz\/","og_site_name":"Aus Mainz.","article_published_time":"2023-11-21T07:00:00+00:00","og_image":[{"width":1280,"height":615,"url":"https:\/\/www.doppelklicker.de\/blog\/wp-content\/uploads\/2023\/11\/mainz-erstrahlt-orange-zeichen-gegen-gewalt-frauen-12890.jpg","type":"image\/jpeg"}],"twitter_card":"summary_large_image","twitter_misc":{"Verfasst von":"Iris Martin","Gesch\u00e4tzte Lesezeit":"4 Minuten"},"schema":{"@context":"https:\/\/schema.org","@graph":[{"@type":"WebSite","@id":"https:\/\/www.doppelklicker.de\/blog\/#website","url":"https:\/\/www.doppelklicker.de\/blog\/","name":"Aus Mainz.","description":"F\u00fcr die Welt.","potentialAction":[{"@type":"SearchAction","target":{"@type":"EntryPoint","urlTemplate":"https:\/\/www.doppelklicker.de\/blog\/?s={search_term_string}"},"query-input":"required name=search_term_string"}],"inLanguage":"de-DE"},{"@type":"ImageObject","@id":"https:\/\/www.doppelklicker.de\/blog\/orange-the-world-mainz\/#primaryimage","inLanguage":"de-DE","url":"https:\/\/www.doppelklicker.de\/blog\/wp-content\/uploads\/2023\/11\/mainz-erstrahlt-orange-zeichen-gegen-gewalt-frauen-12890.jpg","contentUrl":"https:\/\/www.doppelklicker.de\/blog\/wp-content\/uploads\/2023\/11\/mainz-erstrahlt-orange-zeichen-gegen-gewalt-frauen-12890.jpg","width":1280,"height":615,"caption":"Orange the World: Mainz setzt ein starkes Signal (Foto: AdobeStock 394046483 Atiwat)"},{"@type":"WebPage","@id":"https:\/\/www.doppelklicker.de\/blog\/orange-the-world-mainz\/#webpage","url":"https:\/\/www.doppelklicker.de\/blog\/orange-the-world-mainz\/","name":"Orange the World: Mainz setzt ein starkes Signal","isPartOf":{"@id":"https:\/\/www.doppelklicker.de\/blog\/#website"},"primaryImageOfPage":{"@id":"https:\/\/www.doppelklicker.de\/blog\/orange-the-world-mainz\/#primaryimage"},"datePublished":"2023-11-21T07:00:00+00:00","dateModified":"2023-11-21T07:00:00+00:00","author":{"@id":"https:\/\/www.doppelklicker.de\/blog\/#\/schema\/person\/08dcac172bdb025e8ff433488184668a"},"breadcrumb":{"@id":"https:\/\/www.doppelklicker.de\/blog\/orange-the-world-mainz\/#breadcrumb"},"inLanguage":"de-DE","potentialAction":[{"@type":"ReadAction","target":["https:\/\/www.doppelklicker.de\/blog\/orange-the-world-mainz\/"]}]},{"@type":"BreadcrumbList","@id":"https:\/\/www.doppelklicker.de\/blog\/orange-the-world-mainz\/#breadcrumb","itemListElement":[{"@type":"ListItem","position":1,"name":"Startseite","item":"https:\/\/www.doppelklicker.de\/blog\/"},{"@type":"ListItem","position":2,"name":"Orange the World: Mainz setzt ein starkes Signal"}]},{"@type":"Person","@id":"https:\/\/www.doppelklicker.de\/blog\/#\/schema\/person\/08dcac172bdb025e8ff433488184668a","name":"Iris Martin","image":{"@type":"ImageObject","@id":"https:\/\/www.doppelklicker.de\/blog\/#personlogo","inLanguage":"de-DE","url":"https:\/\/secure.gravatar.com\/avatar\/82fdaa093be0b9686b531f99fcb54d15?s=96&d=wp_user_avatar&r=g","contentUrl":"https:\/\/secure.gravatar.com\/avatar\/82fdaa093be0b9686b531f99fcb54d15?s=96&d=wp_user_avatar&r=g","caption":"Iris Martin"},"url":"https:\/\/www.doppelklicker.de\/blog\/author\/iris-martin\/"}]}},"_links":{"self":[{"href":"https:\/\/www.doppelklicker.de\/blog\/wp-json\/wp\/v2\/posts\/6370"}],"collection":[{"href":"https:\/\/www.doppelklicker.de\/blog\/wp-json\/wp\/v2\/posts"}],"about":[{"href":"https:\/\/www.doppelklicker.de\/blog\/wp-json\/wp\/v2\/types\/post"}],"author":[{"embeddable":true,"href":"https:\/\/www.doppelklicker.de\/blog\/wp-json\/wp\/v2\/users\/8"}],"replies":[{"embeddable":true,"href":"https:\/\/www.doppelklicker.de\/blog\/wp-json\/wp\/v2\/comments?post=6370"}],"version-history":[{"count":0,"href":"https:\/\/www.doppelklicker.de\/blog\/wp-json\/wp\/v2\/posts\/6370\/revisions"}],"wp:featuredmedia":[{"embeddable":true,"href":"https:\/\/www.doppelklicker.de\/blog\/wp-json\/wp\/v2\/media\/6371"}],"wp:attachment":[{"href":"https:\/\/www.doppelklicker.de\/blog\/wp-json\/wp\/v2\/media?parent=6370"}],"wp:term":[{"taxonomy":"category","embeddable":true,"href":"https:\/\/www.doppelklicker.de\/blog\/wp-json\/wp\/v2\/categories?post=6370"},{"taxonomy":"post_tag","embeddable":true,"href":"https:\/\/www.doppelklicker.de\/blog\/wp-json\/wp\/v2\/tags?post=6370"}],"curies":[{"name":"wp","href":"https:\/\/api.w.org\/{rel}","templated":true}]}}