{"id":6377,"date":"2023-12-27T08:00:00","date_gmt":"2023-12-27T06:00:00","guid":{"rendered":"guid"},"modified":"2023-12-27T08:00:00","modified_gmt":"2023-12-27T06:00:00","slug":"dahoam-is-dahoam-barbara-meier-gastrolle","status":"publish","type":"post","link":"https:\/\/www.doppelklicker.de\/blog\/dahoam-is-dahoam-barbara-meier-gastrolle\/","title":{"rendered":"Barbara Meiers Familie freut sich \u00fcber Serienrolle"},"content":{"rendered":"<p>Die bekannte Model- und Schauspielerin Barbara Meier hat sich f\u00fcr zwei Tage in die Welt der erfolgreichen bayerischen Vorabendserie &#8222;Dahoam is Dahoam&#8220; gewagt. Die Dreharbeiten fanden am 21. und 22. November 2023 im Seriendorf Lansing bei Dachau statt. Meier \u00fcbernimmt in ihrer Gastrolle als \u00fcberperfekte Brauerei-Gesch\u00e4ftsf\u00fchrerin Anita Holzammer eine besondere Herausforderung. Die Episoden mit Meier werden Ende Februar 2024 ausgestrahlt.<br \/>\n<!--more--><\/p>\n<h2>Meier in Rolle vor schwierigem Redeauftritt<\/h2>\n<p>Auf Barbara Meier als Anita Holzammer wartet in ihrer Rolle eine besondere Herausforderung: Gemeinsam mit Uschi (Silke Popp) soll sie auf einem Treffen des bayerischen Unternehmerinnen-Verbandes eine Rede halten. Doch das erweist sich als schwieriger als gedacht.<\/p>\n<p>Die Idee, Barbara Meier eine Gastrolle in &#8222;Dahoam is Dahoam&#8220; zu geben, entstand bei einem Dirndl-Shooting, bei dem sie Silke Popp traf. Meiers Familie, die der Serie treu ergeben ist, freut sich umso mehr, dass es geklappt hat und ihre Eltern k\u00f6nnen es kaum erwarten, sie bald in Lansing zu sehen.<\/p>\n<p>Die Redaktionsleitung von &#8222;Dahoam is Dahoam&#8220; betont, dass Barbara Meier als erfahrene Schauspielerin in ihrer Gastrolle in der Serie erstmals in ihrem Heimatdialekt, dem Oberpf\u00e4lzischen, zu h\u00f6ren sein wird. Dies tr\u00e4gt zur Authentizit\u00e4t der Serie bei und passt ideal in das bayerische Umfeld.<\/p>\n<p>Dahoam is Dahoam&#8220; ist seit dem 8. Oktober 2007 eine beliebte und erfolgreiche Serie im deutschen Fernsehen. Mit \u00fcber 3.200 Folgen hat sie sich als Dauerbrenner etabliert und ist die erfolgreichste t\u00e4gliche Vorabendserie in Bayern. Die lebensnahen und humorvollen Episoden aus dem fiktiven bayerischen Dorf Lansing begeistern rund 700.000 Zuschauerinnen und Zuschauer bundesweit. Die Serie wird montags bis donnerstags um 19.30 Uhr im BR Fernsehen ausgestrahlt und kann vorab in der ARD Mediathek angesehen werden. Online erfreut sich &#8222;Dahoam is Dahoam&#8220; ebenfalls gro\u00dfer Beliebtheit, mit \u00fcber 25 Millionen Abrufen in den ersten drei Quartalen 2023.<\/p>\n<p>Mit ihrer Gastrolle in der Serie bringt Barbara Meier frischen Schwung und Spannung in die Handlung. Durch ihre Erfahrung als Schauspielerin und ihren authentischen Oberpf\u00e4lzischen Dialekt wird sie f\u00fcr eine einzigartige Unterhaltung sorgen. Fans von &#8222;Dahoam is Dahoam&#8220; k\u00f6nnen sich auf die kommenden Episoden freuen, in denen sie Barbara Meier in ihrer Rolle als \u00fcberperfekte Brauerei-Gesch\u00e4ftsf\u00fchrerin Anita Holzammer bewundern k\u00f6nnen.<\/p>\n","protected":false},"excerpt":{"rendered":"<p>Die bekannte Model- und Schauspielerin Barbara Meier hat sich f\u00fcr zwei Tage in die Welt der erfolgreichen bayerischen Vorabendserie &#8222;Dahoam is Dahoam&#8220; gewagt. Die Dreharbeiten fanden am 21. und 22. November 2023 im Seriendorf Lansing bei Dachau statt. Meier \u00fcbernimmt in ihrer Gastrolle als \u00fcberperfekte Brauerei-Gesch\u00e4ftsf\u00fchrerin Anita Holzammer eine besondere Herausforderung. Die Episoden mit Meier<\/p>\n<div class=\"read-more\"><a href=\"https:\/\/www.doppelklicker.de\/blog\/dahoam-is-dahoam-barbara-meier-gastrolle\/\" title=\"Jetzt alles lesen\">Jetzt alles lesen<\/a><\/div>\n","protected":false},"author":8,"featured_media":6380,"comment_status":"open","ping_status":"open","sticky":false,"template":"","format":"standard","meta":[],"categories":[3305],"tags":[],"yoast_head":"<!-- This site is optimized with the Yoast SEO plugin v18.2 - https:\/\/yoast.com\/wordpress\/plugins\/seo\/ -->\n<meta name=\"robots\" content=\"index, follow, max-snippet:-1, max-image-preview:large, max-video-preview:-1\" \/>\n<meta property=\"og:locale\" content=\"de_DE\" \/>\n<meta property=\"og:type\" content=\"article\" \/>\n<meta property=\"og:title\" content=\"Barbara Meiers Familie freut sich \u00fcber Serienrolle\" \/>\n<meta property=\"og:description\" content=\"Die bekannte Model- und Schauspielerin Barbara Meier hat sich f\u00fcr zwei Tage in die Welt der erfolgreichen bayerischen Vorabendserie &#8222;Dahoam is Dahoam&#8220; gewagt. Die Dreharbeiten fanden am 21. und 22. November 2023 im Seriendorf Lansing bei Dachau statt. Meier \u00fcbernimmt in ihrer Gastrolle als \u00fcberperfekte Brauerei-Gesch\u00e4ftsf\u00fchrerin Anita Holzammer eine besondere Herausforderung. Die Episoden mit MeierJetzt alles lesen\" \/>\n<meta property=\"og:url\" content=\"https:\/\/www.doppelklicker.de\/blog\/?p=6377\" \/>\n<meta property=\"og:site_name\" content=\"Aus Mainz.\" \/>\n<meta property=\"article:published_time\" content=\"2023-12-27T06:00:00+00:00\" \/>\n<meta property=\"og:image\" content=\"https:\/\/www.doppelklicker.de\/blog\/wp-content\/uploads\/2023\/11\/model-und-schauspielerin-barbara-meier-dahoam-is-dahoam-12920.jpg\" \/>\n\t<meta property=\"og:image:width\" content=\"1280\" \/>\n\t<meta property=\"og:image:height\" content=\"615\" \/>\n\t<meta property=\"og:image:type\" content=\"image\/jpeg\" \/>\n<meta name=\"twitter:card\" content=\"summary_large_image\" \/>\n<meta name=\"twitter:label1\" content=\"Verfasst von\" \/>\n\t<meta name=\"twitter:data1\" content=\"Iris Martin\" \/>\n\t<meta name=\"twitter:label2\" content=\"Gesch\u00e4tzte Lesezeit\" \/>\n\t<meta name=\"twitter:data2\" content=\"2 Minuten\" \/>\n<script type=\"application\/ld+json\" class=\"yoast-schema-graph\">{\"@context\":\"https:\/\/schema.org\",\"@graph\":[{\"@type\":\"WebSite\",\"@id\":\"https:\/\/www.doppelklicker.de\/blog\/#website\",\"url\":\"https:\/\/www.doppelklicker.de\/blog\/\",\"name\":\"Aus Mainz.\",\"description\":\"F\u00fcr die Welt.\",\"potentialAction\":[{\"@type\":\"SearchAction\",\"target\":{\"@type\":\"EntryPoint\",\"urlTemplate\":\"https:\/\/www.doppelklicker.de\/blog\/?s={search_term_string}\"},\"query-input\":\"required name=search_term_string\"}],\"inLanguage\":\"de-DE\"},{\"@type\":\"ImageObject\",\"@id\":\"https:\/\/www.doppelklicker.de\/blog\/?p=6377#primaryimage\",\"inLanguage\":\"de-DE\",\"url\":\"https:\/\/www.doppelklicker.de\/blog\/wp-content\/uploads\/2023\/11\/model-und-schauspielerin-barbara-meier-dahoam-is-dahoam-12920.jpg\",\"contentUrl\":\"https:\/\/www.doppelklicker.de\/blog\/wp-content\/uploads\/2023\/11\/model-und-schauspielerin-barbara-meier-dahoam-is-dahoam-12920.jpg\",\"width\":1280,\"height\":615,\"caption\":\"Barbara Meiers Familie freut sich \u00fcber Serienrolle (Foto: BR. Felix H\u00f6rhager)\"},{\"@type\":\"WebPage\",\"@id\":\"https:\/\/www.doppelklicker.de\/blog\/?p=6377#webpage\",\"url\":\"https:\/\/www.doppelklicker.de\/blog\/?p=6377\",\"name\":\"Barbara Meiers Familie freut sich \u00fcber Serienrolle\",\"isPartOf\":{\"@id\":\"https:\/\/www.doppelklicker.de\/blog\/#website\"},\"primaryImageOfPage\":{\"@id\":\"https:\/\/www.doppelklicker.de\/blog\/?p=6377#primaryimage\"},\"datePublished\":\"2023-12-27T06:00:00+00:00\",\"dateModified\":\"2023-12-27T06:00:00+00:00\",\"author\":{\"@id\":\"https:\/\/www.doppelklicker.de\/blog\/#\/schema\/person\/08dcac172bdb025e8ff433488184668a\"},\"breadcrumb\":{\"@id\":\"https:\/\/www.doppelklicker.de\/blog\/?p=6377#breadcrumb\"},\"inLanguage\":\"de-DE\",\"potentialAction\":[{\"@type\":\"ReadAction\",\"target\":[\"https:\/\/www.doppelklicker.de\/blog\/?p=6377\"]}]},{\"@type\":\"BreadcrumbList\",\"@id\":\"https:\/\/www.doppelklicker.de\/blog\/?p=6377#breadcrumb\",\"itemListElement\":[{\"@type\":\"ListItem\",\"position\":1,\"name\":\"Startseite\",\"item\":\"https:\/\/www.doppelklicker.de\/blog\/\"},{\"@type\":\"ListItem\",\"position\":2,\"name\":\"Barbara Meiers Familie freut sich \u00fcber Serienrolle\"}]},{\"@type\":\"Person\",\"@id\":\"https:\/\/www.doppelklicker.de\/blog\/#\/schema\/person\/08dcac172bdb025e8ff433488184668a\",\"name\":\"Iris Martin\",\"image\":{\"@type\":\"ImageObject\",\"@id\":\"https:\/\/www.doppelklicker.de\/blog\/#personlogo\",\"inLanguage\":\"de-DE\",\"url\":\"https:\/\/secure.gravatar.com\/avatar\/82fdaa093be0b9686b531f99fcb54d15?s=96&d=wp_user_avatar&r=g\",\"contentUrl\":\"https:\/\/secure.gravatar.com\/avatar\/82fdaa093be0b9686b531f99fcb54d15?s=96&d=wp_user_avatar&r=g\",\"caption\":\"Iris Martin\"},\"url\":\"https:\/\/www.doppelklicker.de\/blog\/author\/iris-martin\/\"}]}<\/script>\n<!-- \/ Yoast SEO plugin. -->","yoast_head_json":{"robots":{"index":"index","follow":"follow","max-snippet":"max-snippet:-1","max-image-preview":"max-image-preview:large","max-video-preview":"max-video-preview:-1"},"og_locale":"de_DE","og_type":"article","og_title":"Barbara Meiers Familie freut sich \u00fcber Serienrolle","og_description":"Die bekannte Model- und Schauspielerin Barbara Meier hat sich f\u00fcr zwei Tage in die Welt der erfolgreichen bayerischen Vorabendserie &#8222;Dahoam is Dahoam&#8220; gewagt. Die Dreharbeiten fanden am 21. und 22. November 2023 im Seriendorf Lansing bei Dachau statt. Meier \u00fcbernimmt in ihrer Gastrolle als \u00fcberperfekte Brauerei-Gesch\u00e4ftsf\u00fchrerin Anita Holzammer eine besondere Herausforderung. Die Episoden mit MeierJetzt alles lesen","og_url":"https:\/\/www.doppelklicker.de\/blog\/?p=6377","og_site_name":"Aus Mainz.","article_published_time":"2023-12-27T06:00:00+00:00","og_image":[{"width":1280,"height":615,"url":"https:\/\/www.doppelklicker.de\/blog\/wp-content\/uploads\/2023\/11\/model-und-schauspielerin-barbara-meier-dahoam-is-dahoam-12920.jpg","type":"image\/jpeg"}],"twitter_card":"summary_large_image","twitter_misc":{"Verfasst von":"Iris Martin","Gesch\u00e4tzte Lesezeit":"2 Minuten"},"schema":{"@context":"https:\/\/schema.org","@graph":[{"@type":"WebSite","@id":"https:\/\/www.doppelklicker.de\/blog\/#website","url":"https:\/\/www.doppelklicker.de\/blog\/","name":"Aus Mainz.","description":"F\u00fcr die Welt.","potentialAction":[{"@type":"SearchAction","target":{"@type":"EntryPoint","urlTemplate":"https:\/\/www.doppelklicker.de\/blog\/?s={search_term_string}"},"query-input":"required name=search_term_string"}],"inLanguage":"de-DE"},{"@type":"ImageObject","@id":"https:\/\/www.doppelklicker.de\/blog\/?p=6377#primaryimage","inLanguage":"de-DE","url":"https:\/\/www.doppelklicker.de\/blog\/wp-content\/uploads\/2023\/11\/model-und-schauspielerin-barbara-meier-dahoam-is-dahoam-12920.jpg","contentUrl":"https:\/\/www.doppelklicker.de\/blog\/wp-content\/uploads\/2023\/11\/model-und-schauspielerin-barbara-meier-dahoam-is-dahoam-12920.jpg","width":1280,"height":615,"caption":"Barbara Meiers Familie freut sich \u00fcber Serienrolle (Foto: BR. Felix H\u00f6rhager)"},{"@type":"WebPage","@id":"https:\/\/www.doppelklicker.de\/blog\/?p=6377#webpage","url":"https:\/\/www.doppelklicker.de\/blog\/?p=6377","name":"Barbara Meiers Familie freut sich \u00fcber Serienrolle","isPartOf":{"@id":"https:\/\/www.doppelklicker.de\/blog\/#website"},"primaryImageOfPage":{"@id":"https:\/\/www.doppelklicker.de\/blog\/?p=6377#primaryimage"},"datePublished":"2023-12-27T06:00:00+00:00","dateModified":"2023-12-27T06:00:00+00:00","author":{"@id":"https:\/\/www.doppelklicker.de\/blog\/#\/schema\/person\/08dcac172bdb025e8ff433488184668a"},"breadcrumb":{"@id":"https:\/\/www.doppelklicker.de\/blog\/?p=6377#breadcrumb"},"inLanguage":"de-DE","potentialAction":[{"@type":"ReadAction","target":["https:\/\/www.doppelklicker.de\/blog\/?p=6377"]}]},{"@type":"BreadcrumbList","@id":"https:\/\/www.doppelklicker.de\/blog\/?p=6377#breadcrumb","itemListElement":[{"@type":"ListItem","position":1,"name":"Startseite","item":"https:\/\/www.doppelklicker.de\/blog\/"},{"@type":"ListItem","position":2,"name":"Barbara Meiers Familie freut sich \u00fcber Serienrolle"}]},{"@type":"Person","@id":"https:\/\/www.doppelklicker.de\/blog\/#\/schema\/person\/08dcac172bdb025e8ff433488184668a","name":"Iris Martin","image":{"@type":"ImageObject","@id":"https:\/\/www.doppelklicker.de\/blog\/#personlogo","inLanguage":"de-DE","url":"https:\/\/secure.gravatar.com\/avatar\/82fdaa093be0b9686b531f99fcb54d15?s=96&d=wp_user_avatar&r=g","contentUrl":"https:\/\/secure.gravatar.com\/avatar\/82fdaa093be0b9686b531f99fcb54d15?s=96&d=wp_user_avatar&r=g","caption":"Iris Martin"},"url":"https:\/\/www.doppelklicker.de\/blog\/author\/iris-martin\/"}]}},"_links":{"self":[{"href":"https:\/\/www.doppelklicker.de\/blog\/wp-json\/wp\/v2\/posts\/6377"}],"collection":[{"href":"https:\/\/www.doppelklicker.de\/blog\/wp-json\/wp\/v2\/posts"}],"about":[{"href":"https:\/\/www.doppelklicker.de\/blog\/wp-json\/wp\/v2\/types\/post"}],"author":[{"embeddable":true,"href":"https:\/\/www.doppelklicker.de\/blog\/wp-json\/wp\/v2\/users\/8"}],"replies":[{"embeddable":true,"href":"https:\/\/www.doppelklicker.de\/blog\/wp-json\/wp\/v2\/comments?post=6377"}],"version-history":[{"count":0,"href":"https:\/\/www.doppelklicker.de\/blog\/wp-json\/wp\/v2\/posts\/6377\/revisions"}],"wp:featuredmedia":[{"embeddable":true,"href":"https:\/\/www.doppelklicker.de\/blog\/wp-json\/wp\/v2\/media\/6380"}],"wp:attachment":[{"href":"https:\/\/www.doppelklicker.de\/blog\/wp-json\/wp\/v2\/media?parent=6377"}],"wp:term":[{"taxonomy":"category","embeddable":true,"href":"https:\/\/www.doppelklicker.de\/blog\/wp-json\/wp\/v2\/categories?post=6377"},{"taxonomy":"post_tag","embeddable":true,"href":"https:\/\/www.doppelklicker.de\/blog\/wp-json\/wp\/v2\/tags?post=6377"}],"curies":[{"name":"wp","href":"https:\/\/api.w.org\/{rel}","templated":true}]}}