{"id":6460,"date":"2023-08-16T09:00:00","date_gmt":"2023-08-16T07:00:00","guid":{"rendered":"guid"},"modified":"2023-08-16T09:00:00","modified_gmt":"2023-08-16T07:00:00","slug":"bundeskabinett-verabschiedet-waermeplanungsgesetz","status":"publish","type":"post","link":"https:\/\/www.doppelklicker.de\/blog\/bundeskabinett-verabschiedet-waermeplanungsgesetz\/","title":{"rendered":"W\u00e4rmeplanungsgesetz als wichtiger Schritt f\u00fcr die W\u00e4rmewende in Deutschland"},"content":{"rendered":"<p>Das heute verabschiedete W\u00e4rmeplanungsgesetz ist ein bedeutender Schritt zur F\u00f6rderung der W\u00e4rmewende in Deutschland. Es schafft die Grundlage f\u00fcr eine emissionsarme W\u00e4rmeversorgung \u00fcber gut ausgebaute W\u00e4rmenetze und erm\u00f6glicht so eine nachhaltige und umweltfreundliche Energiewende im Geb\u00e4udesektor. Das Gesetz tr\u00e4gt dazu bei, die Klimaziele zu erreichen und bietet den Nutzern eine echte Alternative zu konventionellen Heizsystemen.<br \/>\n<!--more--><\/p>\n<div id=\"ez-toc-container\" class=\"ez-toc-v2_0_16 counter-hierarchy\">\n<div class=\"ez-toc-title-container\">\n<p class=\"ez-toc-title\">Inhaltsverzeichnis: Das erwartet Sie in diesem Artikel<\/p>\n<span class=\"ez-toc-title-toggle\"><a class=\"ez-toc-pull-right ez-toc-btn ez-toc-btn-xs ez-toc-btn-default ez-toc-toggle\" style=\"display: none;\"><i class=\"ez-toc-glyphicon ez-toc-icon-toggle\"><\/i><\/a><\/span><\/div>\n<nav><ul class=\"ez-toc-list ez-toc-list-level-1\"><li class=\"ez-toc-page-1 ez-toc-heading-level-2\"><a class=\"ez-toc-link ez-toc-heading-1\" href=\"https:\/\/www.doppelklicker.de\/blog\/bundeskabinett-verabschiedet-waermeplanungsgesetz\/#klimaziele-nur-durch-intelligenten-mix-erreichbar\" title=\"Klimaziele nur durch intelligenten Mix erreichbar\">Klimaziele nur durch intelligenten Mix erreichbar<\/a><\/li><li class=\"ez-toc-page-1 ez-toc-heading-level-2\"><a class=\"ez-toc-link ez-toc-heading-2\" href=\"https:\/\/www.doppelklicker.de\/blog\/bundeskabinett-verabschiedet-waermeplanungsgesetz\/#waermewende-durch-verbindlichkeit-und-finanzierbarkeit-realisieren\" title=\"W\u00e4rmewende durch Verbindlichkeit und Finanzierbarkeit realisieren\">W\u00e4rmewende durch Verbindlichkeit und Finanzierbarkeit realisieren<\/a><\/li><li class=\"ez-toc-page-1 ez-toc-heading-level-2\"><a class=\"ez-toc-link ez-toc-heading-3\" href=\"https:\/\/www.doppelklicker.de\/blog\/bundeskabinett-verabschiedet-waermeplanungsgesetz\/#bauindustrie-kommunen-brauchen-mehr-unterstuetzung-bei-waermewende\" title=\"Bauindustrie: Kommunen brauchen mehr Unterst\u00fctzung bei W\u00e4rmewende\">Bauindustrie: Kommunen brauchen mehr Unterst\u00fctzung bei W\u00e4rmewende<\/a><\/li><li class=\"ez-toc-page-1 ez-toc-heading-level-2\"><a class=\"ez-toc-link ez-toc-heading-4\" href=\"https:\/\/www.doppelklicker.de\/blog\/bundeskabinett-verabschiedet-waermeplanungsgesetz\/#klimaneutralitaet-fristenverschaerfung-mit-unterstuetzung-fuer-kommunen-umsetzen\" title=\"Klimaneutralit\u00e4t: Fristenversch\u00e4rfung mit Unterst\u00fctzung f\u00fcr Kommunen umsetzen\">Klimaneutralit\u00e4t: Fristenversch\u00e4rfung mit Unterst\u00fctzung f\u00fcr Kommunen umsetzen<\/a><\/li><li class=\"ez-toc-page-1 ez-toc-heading-level-2\"><a class=\"ez-toc-link ez-toc-heading-5\" href=\"https:\/\/www.doppelklicker.de\/blog\/bundeskabinett-verabschiedet-waermeplanungsgesetz\/#waermewende-verbindlichkeit-und-finanzierung-als-zentrale-herausforderungen\" title=\"W\u00e4rmewende: Verbindlichkeit und Finanzierung als zentrale Herausforderungen\">W\u00e4rmewende: Verbindlichkeit und Finanzierung als zentrale Herausforderungen<\/a><\/li><\/ul><\/nav><\/div>\n<h2><span class=\"ez-toc-section\" id=\"klimaziele-nur-durch-intelligenten-mix-erreichbar\"><\/span>Klimaziele nur durch intelligenten Mix erreichbar<span class=\"ez-toc-section-end\"><\/span><\/h2>\n<p>Eine erfolgreiche Umsetzung der Klimaziele im Geb\u00e4udesektor erfordert eine intelligente Kombination aus Geb\u00e4udeh\u00fclle, Geb\u00e4udetechnik und einer klimaneutralen Strom- und W\u00e4rmeversorgung. Dabei spielen Wasserstoff und gr\u00fcne Gase eine zentrale Rolle. Es ist au\u00dferdem von gro\u00dfer Bedeutung, bei der Planung und dem Ausbau von W\u00e4rmenetzen das Denken in Quartieren zu ber\u00fccksichtigen, um eine effiziente und nachhaltige L\u00f6sung zu gew\u00e4hrleisten.<\/p>\n<h2><span class=\"ez-toc-section\" id=\"waermewende-durch-verbindlichkeit-und-finanzierbarkeit-realisieren\"><\/span>W\u00e4rmewende durch Verbindlichkeit und Finanzierbarkeit realisieren<span class=\"ez-toc-section-end\"><\/span><\/h2>\n<p>Die Umsetzung der W\u00e4rmewende in Deutschland ist eng mit der Bauindustrie und ihren Leitungsbauunternehmen verbunden. Der Hauptverband der Deutschen Bauindustrie betont die Notwendigkeit einer hohen Verbindlichkeit f\u00fcr die Nutzerinnen und Nutzer, um eine gerechte Verteilung der W\u00e4rme sicherzustellen. Gleichzeitig ist es wichtig, dass die bezogene W\u00e4rme finanzierbar ist, um soziale Ungleichheiten zu vermeiden. Die Bauindustrie spielt somit eine Schl\u00fcsselrolle bei der Planung und Umsetzung einer nachhaltigen W\u00e4rmeversorgung.<\/p>\n<h2><span class=\"ez-toc-section\" id=\"bauindustrie-kommunen-brauchen-mehr-unterstuetzung-bei-waermewende\"><\/span>Bauindustrie: Kommunen brauchen mehr Unterst\u00fctzung bei W\u00e4rmewende<span class=\"ez-toc-section-end\"><\/span><\/h2>\n<p>Die Deutsche Bauindustrie betont die Bedeutung einer umfassenden finanziellen Unterst\u00fctzung der Kommunen, um die hohen Investitionskosten f\u00fcr die Umsetzung der W\u00e4rmewende bew\u00e4ltigen zu k\u00f6nnen. Die bereitgestellten 500 Millionen Euro stellen lediglich einen ersten Schritt dar, um die Planung zu initiieren. Um W\u00e4rme als zentralen Bestandteil der Geb\u00e4udeenergie zu etablieren, bedarf es einer deutlich gr\u00f6\u00dferen finanziellen Unterst\u00fctzung der Kommunen.<\/p>\n<h2><span class=\"ez-toc-section\" id=\"klimaneutralitaet-fristenverschaerfung-mit-unterstuetzung-fuer-kommunen-umsetzen\"><\/span>Klimaneutralit\u00e4t: Fristenversch\u00e4rfung mit Unterst\u00fctzung f\u00fcr Kommunen umsetzen<span class=\"ez-toc-section-end\"><\/span><\/h2>\n<p>Die Dringlichkeit, den Weg zur Klimaneutralit\u00e4t z\u00fcgig zu gehen, wird von allen Seiten anerkannt. Allerdings darf die Versch\u00e4rfung der Fristen im Gesetz nicht dazu f\u00fchren, dass einzelne Kommunen sich \u00fcberfordert f\u00fchlen und m\u00f6glicherweise von der Aufgabe zur\u00fcckschrecken. Es wird daher vorgeschlagen, im parlamentarischen Verfahren zu pr\u00fcfen, ob mehr Flexibilit\u00e4t und Unterst\u00fctzung durch \u00f6ffentliche Institutionen als Option f\u00fcr die Kommunen in Betracht gezogen werden k\u00f6nnen, um die Umsetzung der Klimaziele zu erleichtern.<\/p>\n<h2><span class=\"ez-toc-section\" id=\"waermewende-verbindlichkeit-und-finanzierung-als-zentrale-herausforderungen\"><\/span>W\u00e4rmewende: Verbindlichkeit und Finanzierung als zentrale Herausforderungen<span class=\"ez-toc-section-end\"><\/span><\/h2>\n<p>Mit dem W\u00e4rmeplanungsgesetz hat die Bundesregierung einen wichtigen Schritt zur F\u00f6rderung der W\u00e4rmewende in Deutschland getan. Durch einen intelligenten Mix aus Ma\u00dfnahmen wie der Verbesserung der Geb\u00e4udeh\u00fclle, der Nutzung moderner Geb\u00e4udetechnik und einer nachhaltigen Strom- und W\u00e4rmeversorgung k\u00f6nnen die ehrgeizigen Klimaziele im Geb\u00e4udesektor erreicht werden. Die Bauindustrie spielt dabei eine zentrale Rolle, um diese W\u00e4rmewende erfolgreich umzusetzen.<\/p>\n<p>Eine verbindliche Einbeziehung der Nutzerinnen und Nutzer sowie eine finanzielle Unterst\u00fctzung der Kommunen sind entscheidend, um die W\u00e4rmewende in Deutschland erfolgreich umzusetzen. Nur durch eine klare Verpflichtung der Verbraucherinnen und Verbraucher kann eine emissionsarme W\u00e4rmeversorgung erreicht werden. Gleichzeitig sollten die Kommunen finanziell unterst\u00fctzt werden, um die hohen Kosten der Umstellung bew\u00e4ltigen zu k\u00f6nnen. Es ist jedoch wichtig, dass die Versch\u00e4rfung der Fristen im Gesetz nicht zu einer \u00dcberforderung der Kommunen f\u00fchrt. Daher sollten flexible L\u00f6sungen und Unterst\u00fctzung durch \u00f6ffentliche Institutionen in Betracht gezogen werden.<\/p>\n","protected":false},"excerpt":{"rendered":"<p>Das heute verabschiedete W\u00e4rmeplanungsgesetz ist ein bedeutender Schritt zur F\u00f6rderung der W\u00e4rmewende in Deutschland. Es schafft die Grundlage f\u00fcr eine emissionsarme W\u00e4rmeversorgung \u00fcber gut ausgebaute W\u00e4rmenetze und erm\u00f6glicht so eine nachhaltige und umweltfreundliche Energiewende im Geb\u00e4udesektor. Das Gesetz tr\u00e4gt dazu bei, die Klimaziele zu erreichen und bietet den Nutzern eine echte Alternative zu konventionellen Heizsystemen.<\/p>\n","protected":false},"author":8,"featured_media":6461,"comment_status":"open","ping_status":"open","sticky":false,"template":"","format":"standard","meta":[],"categories":[3305],"tags":[],"yoast_head":"<!-- This site is optimized with the Yoast SEO plugin v18.2 - https:\/\/yoast.com\/wordpress\/plugins\/seo\/ -->\n<meta name=\"robots\" content=\"index, follow, max-snippet:-1, max-image-preview:large, max-video-preview:-1\" \/>\n<link rel=\"canonical\" href=\"https:\/\/www.doppelklicker.de\/blog\/bundeskabinett-verabschiedet-waermeplanungsgesetz\/\" \/>\n<meta property=\"og:locale\" content=\"de_DE\" \/>\n<meta property=\"og:type\" content=\"article\" \/>\n<meta property=\"og:title\" content=\"W\u00e4rmeplanungsgesetz als wichtiger Schritt f\u00fcr die W\u00e4rmewende in Deutschland\" \/>\n<meta property=\"og:description\" content=\"Das heute verabschiedete W\u00e4rmeplanungsgesetz ist ein bedeutender Schritt zur F\u00f6rderung der W\u00e4rmewende in Deutschland. Es schafft die Grundlage f\u00fcr eine emissionsarme W\u00e4rmeversorgung \u00fcber gut ausgebaute W\u00e4rmenetze und erm\u00f6glicht so eine nachhaltige und umweltfreundliche Energiewende im Geb\u00e4udesektor. Das Gesetz tr\u00e4gt dazu bei, die Klimaziele zu erreichen und bietet den Nutzern eine echte Alternative zu konventionellen Heizsystemen.\" \/>\n<meta property=\"og:url\" content=\"https:\/\/www.doppelklicker.de\/blog\/bundeskabinett-verabschiedet-waermeplanungsgesetz\/\" \/>\n<meta property=\"og:site_name\" content=\"Aus Mainz.\" \/>\n<meta property=\"article:published_time\" content=\"2023-08-16T07:00:00+00:00\" \/>\n<meta property=\"og:image\" content=\"https:\/\/www.doppelklicker.de\/blog\/wp-content\/uploads\/2023\/11\/waermeplanungsgesetz-treibende-kraft-waermewende-13380.jpg\" \/>\n\t<meta property=\"og:image:width\" content=\"1280\" \/>\n\t<meta property=\"og:image:height\" content=\"615\" \/>\n\t<meta property=\"og:image:type\" content=\"image\/jpeg\" \/>\n<meta name=\"twitter:card\" content=\"summary_large_image\" \/>\n<meta name=\"twitter:label1\" content=\"Verfasst von\" \/>\n\t<meta name=\"twitter:data1\" content=\"Iris Martin\" \/>\n\t<meta name=\"twitter:label2\" content=\"Gesch\u00e4tzte Lesezeit\" \/>\n\t<meta name=\"twitter:data2\" content=\"3 Minuten\" \/>\n<script type=\"application\/ld+json\" class=\"yoast-schema-graph\">{\"@context\":\"https:\/\/schema.org\",\"@graph\":[{\"@type\":\"WebSite\",\"@id\":\"https:\/\/www.doppelklicker.de\/blog\/#website\",\"url\":\"https:\/\/www.doppelklicker.de\/blog\/\",\"name\":\"Aus Mainz.\",\"description\":\"F\u00fcr die Welt.\",\"potentialAction\":[{\"@type\":\"SearchAction\",\"target\":{\"@type\":\"EntryPoint\",\"urlTemplate\":\"https:\/\/www.doppelklicker.de\/blog\/?s={search_term_string}\"},\"query-input\":\"required name=search_term_string\"}],\"inLanguage\":\"de-DE\"},{\"@type\":\"ImageObject\",\"@id\":\"https:\/\/www.doppelklicker.de\/blog\/bundeskabinett-verabschiedet-waermeplanungsgesetz\/#primaryimage\",\"inLanguage\":\"de-DE\",\"url\":\"https:\/\/www.doppelklicker.de\/blog\/wp-content\/uploads\/2023\/11\/waermeplanungsgesetz-treibende-kraft-waermewende-13380.jpg\",\"contentUrl\":\"https:\/\/www.doppelklicker.de\/blog\/wp-content\/uploads\/2023\/11\/waermeplanungsgesetz-treibende-kraft-waermewende-13380.jpg\",\"width\":1280,\"height\":615,\"caption\":\"W\u00e4rmeplanungsgesetz als wichtiger Schritt f\u00fcr die W\u00e4rmewende in Deutschland (Foto: AdobeStock - Usmanify _629308221)\"},{\"@type\":\"WebPage\",\"@id\":\"https:\/\/www.doppelklicker.de\/blog\/bundeskabinett-verabschiedet-waermeplanungsgesetz\/#webpage\",\"url\":\"https:\/\/www.doppelklicker.de\/blog\/bundeskabinett-verabschiedet-waermeplanungsgesetz\/\",\"name\":\"W\u00e4rmeplanungsgesetz als wichtiger Schritt f\u00fcr die W\u00e4rmewende in Deutschland\",\"isPartOf\":{\"@id\":\"https:\/\/www.doppelklicker.de\/blog\/#website\"},\"primaryImageOfPage\":{\"@id\":\"https:\/\/www.doppelklicker.de\/blog\/bundeskabinett-verabschiedet-waermeplanungsgesetz\/#primaryimage\"},\"datePublished\":\"2023-08-16T07:00:00+00:00\",\"dateModified\":\"2023-08-16T07:00:00+00:00\",\"author\":{\"@id\":\"https:\/\/www.doppelklicker.de\/blog\/#\/schema\/person\/08dcac172bdb025e8ff433488184668a\"},\"breadcrumb\":{\"@id\":\"https:\/\/www.doppelklicker.de\/blog\/bundeskabinett-verabschiedet-waermeplanungsgesetz\/#breadcrumb\"},\"inLanguage\":\"de-DE\",\"potentialAction\":[{\"@type\":\"ReadAction\",\"target\":[\"https:\/\/www.doppelklicker.de\/blog\/bundeskabinett-verabschiedet-waermeplanungsgesetz\/\"]}]},{\"@type\":\"BreadcrumbList\",\"@id\":\"https:\/\/www.doppelklicker.de\/blog\/bundeskabinett-verabschiedet-waermeplanungsgesetz\/#breadcrumb\",\"itemListElement\":[{\"@type\":\"ListItem\",\"position\":1,\"name\":\"Startseite\",\"item\":\"https:\/\/www.doppelklicker.de\/blog\/\"},{\"@type\":\"ListItem\",\"position\":2,\"name\":\"W\u00e4rmeplanungsgesetz als wichtiger Schritt f\u00fcr die W\u00e4rmewende in Deutschland\"}]},{\"@type\":\"Person\",\"@id\":\"https:\/\/www.doppelklicker.de\/blog\/#\/schema\/person\/08dcac172bdb025e8ff433488184668a\",\"name\":\"Iris Martin\",\"image\":{\"@type\":\"ImageObject\",\"@id\":\"https:\/\/www.doppelklicker.de\/blog\/#personlogo\",\"inLanguage\":\"de-DE\",\"url\":\"https:\/\/secure.gravatar.com\/avatar\/82fdaa093be0b9686b531f99fcb54d15?s=96&d=wp_user_avatar&r=g\",\"contentUrl\":\"https:\/\/secure.gravatar.com\/avatar\/82fdaa093be0b9686b531f99fcb54d15?s=96&d=wp_user_avatar&r=g\",\"caption\":\"Iris Martin\"},\"url\":\"https:\/\/www.doppelklicker.de\/blog\/author\/iris-martin\/\"}]}<\/script>\n<!-- \/ Yoast SEO plugin. -->","yoast_head_json":{"robots":{"index":"index","follow":"follow","max-snippet":"max-snippet:-1","max-image-preview":"max-image-preview:large","max-video-preview":"max-video-preview:-1"},"canonical":"https:\/\/www.doppelklicker.de\/blog\/bundeskabinett-verabschiedet-waermeplanungsgesetz\/","og_locale":"de_DE","og_type":"article","og_title":"W\u00e4rmeplanungsgesetz als wichtiger Schritt f\u00fcr die W\u00e4rmewende in Deutschland","og_description":"Das heute verabschiedete W\u00e4rmeplanungsgesetz ist ein bedeutender Schritt zur F\u00f6rderung der W\u00e4rmewende in Deutschland. Es schafft die Grundlage f\u00fcr eine emissionsarme W\u00e4rmeversorgung \u00fcber gut ausgebaute W\u00e4rmenetze und erm\u00f6glicht so eine nachhaltige und umweltfreundliche Energiewende im Geb\u00e4udesektor. Das Gesetz tr\u00e4gt dazu bei, die Klimaziele zu erreichen und bietet den Nutzern eine echte Alternative zu konventionellen Heizsystemen.","og_url":"https:\/\/www.doppelklicker.de\/blog\/bundeskabinett-verabschiedet-waermeplanungsgesetz\/","og_site_name":"Aus Mainz.","article_published_time":"2023-08-16T07:00:00+00:00","og_image":[{"width":1280,"height":615,"url":"https:\/\/www.doppelklicker.de\/blog\/wp-content\/uploads\/2023\/11\/waermeplanungsgesetz-treibende-kraft-waermewende-13380.jpg","type":"image\/jpeg"}],"twitter_card":"summary_large_image","twitter_misc":{"Verfasst von":"Iris Martin","Gesch\u00e4tzte Lesezeit":"3 Minuten"},"schema":{"@context":"https:\/\/schema.org","@graph":[{"@type":"WebSite","@id":"https:\/\/www.doppelklicker.de\/blog\/#website","url":"https:\/\/www.doppelklicker.de\/blog\/","name":"Aus Mainz.","description":"F\u00fcr die Welt.","potentialAction":[{"@type":"SearchAction","target":{"@type":"EntryPoint","urlTemplate":"https:\/\/www.doppelklicker.de\/blog\/?s={search_term_string}"},"query-input":"required name=search_term_string"}],"inLanguage":"de-DE"},{"@type":"ImageObject","@id":"https:\/\/www.doppelklicker.de\/blog\/bundeskabinett-verabschiedet-waermeplanungsgesetz\/#primaryimage","inLanguage":"de-DE","url":"https:\/\/www.doppelklicker.de\/blog\/wp-content\/uploads\/2023\/11\/waermeplanungsgesetz-treibende-kraft-waermewende-13380.jpg","contentUrl":"https:\/\/www.doppelklicker.de\/blog\/wp-content\/uploads\/2023\/11\/waermeplanungsgesetz-treibende-kraft-waermewende-13380.jpg","width":1280,"height":615,"caption":"W\u00e4rmeplanungsgesetz als wichtiger Schritt f\u00fcr die W\u00e4rmewende in Deutschland (Foto: AdobeStock - Usmanify _629308221)"},{"@type":"WebPage","@id":"https:\/\/www.doppelklicker.de\/blog\/bundeskabinett-verabschiedet-waermeplanungsgesetz\/#webpage","url":"https:\/\/www.doppelklicker.de\/blog\/bundeskabinett-verabschiedet-waermeplanungsgesetz\/","name":"W\u00e4rmeplanungsgesetz als wichtiger Schritt f\u00fcr die W\u00e4rmewende in Deutschland","isPartOf":{"@id":"https:\/\/www.doppelklicker.de\/blog\/#website"},"primaryImageOfPage":{"@id":"https:\/\/www.doppelklicker.de\/blog\/bundeskabinett-verabschiedet-waermeplanungsgesetz\/#primaryimage"},"datePublished":"2023-08-16T07:00:00+00:00","dateModified":"2023-08-16T07:00:00+00:00","author":{"@id":"https:\/\/www.doppelklicker.de\/blog\/#\/schema\/person\/08dcac172bdb025e8ff433488184668a"},"breadcrumb":{"@id":"https:\/\/www.doppelklicker.de\/blog\/bundeskabinett-verabschiedet-waermeplanungsgesetz\/#breadcrumb"},"inLanguage":"de-DE","potentialAction":[{"@type":"ReadAction","target":["https:\/\/www.doppelklicker.de\/blog\/bundeskabinett-verabschiedet-waermeplanungsgesetz\/"]}]},{"@type":"BreadcrumbList","@id":"https:\/\/www.doppelklicker.de\/blog\/bundeskabinett-verabschiedet-waermeplanungsgesetz\/#breadcrumb","itemListElement":[{"@type":"ListItem","position":1,"name":"Startseite","item":"https:\/\/www.doppelklicker.de\/blog\/"},{"@type":"ListItem","position":2,"name":"W\u00e4rmeplanungsgesetz als wichtiger Schritt f\u00fcr die W\u00e4rmewende in Deutschland"}]},{"@type":"Person","@id":"https:\/\/www.doppelklicker.de\/blog\/#\/schema\/person\/08dcac172bdb025e8ff433488184668a","name":"Iris Martin","image":{"@type":"ImageObject","@id":"https:\/\/www.doppelklicker.de\/blog\/#personlogo","inLanguage":"de-DE","url":"https:\/\/secure.gravatar.com\/avatar\/82fdaa093be0b9686b531f99fcb54d15?s=96&d=wp_user_avatar&r=g","contentUrl":"https:\/\/secure.gravatar.com\/avatar\/82fdaa093be0b9686b531f99fcb54d15?s=96&d=wp_user_avatar&r=g","caption":"Iris Martin"},"url":"https:\/\/www.doppelklicker.de\/blog\/author\/iris-martin\/"}]}},"_links":{"self":[{"href":"https:\/\/www.doppelklicker.de\/blog\/wp-json\/wp\/v2\/posts\/6460"}],"collection":[{"href":"https:\/\/www.doppelklicker.de\/blog\/wp-json\/wp\/v2\/posts"}],"about":[{"href":"https:\/\/www.doppelklicker.de\/blog\/wp-json\/wp\/v2\/types\/post"}],"author":[{"embeddable":true,"href":"https:\/\/www.doppelklicker.de\/blog\/wp-json\/wp\/v2\/users\/8"}],"replies":[{"embeddable":true,"href":"https:\/\/www.doppelklicker.de\/blog\/wp-json\/wp\/v2\/comments?post=6460"}],"version-history":[{"count":0,"href":"https:\/\/www.doppelklicker.de\/blog\/wp-json\/wp\/v2\/posts\/6460\/revisions"}],"wp:featuredmedia":[{"embeddable":true,"href":"https:\/\/www.doppelklicker.de\/blog\/wp-json\/wp\/v2\/media\/6461"}],"wp:attachment":[{"href":"https:\/\/www.doppelklicker.de\/blog\/wp-json\/wp\/v2\/media?parent=6460"}],"wp:term":[{"taxonomy":"category","embeddable":true,"href":"https:\/\/www.doppelklicker.de\/blog\/wp-json\/wp\/v2\/categories?post=6460"},{"taxonomy":"post_tag","embeddable":true,"href":"https:\/\/www.doppelklicker.de\/blog\/wp-json\/wp\/v2\/tags?post=6460"}],"curies":[{"name":"wp","href":"https:\/\/api.w.org\/{rel}","templated":true}]}}