{"id":6523,"date":"2023-11-21T10:00:00","date_gmt":"2023-11-21T08:00:00","guid":{"rendered":"guid"},"modified":"2023-11-21T10:00:00","modified_gmt":"2023-11-21T08:00:00","slug":"genomeditierte-pflanzen-landwirtschaft-verbraucher","status":"publish","type":"post","link":"https:\/\/www.doppelklicker.de\/blog\/genomeditierte-pflanzen-landwirtschaft-verbraucher\/","title":{"rendered":"Wahlfreiheit und Sicherheit: Entscheidung \u00fcber gv-Produkte in Europa"},"content":{"rendered":"<p>Die geplante europ\u00e4ische Verordnung zu genomeditierten Pflanzen hat zu erheblichen Meinungsverschiedenheiten und Diskussionen innerhalb der EU-Mitgliedstaaten gef\u00fchrt. Dennoch strebt die spanische Ratspr\u00e4sidentschaft an, bis zum 11. Dezember einen Kompromiss zu erzielen. Die Einf\u00fchrung neuer gentechnischer Verfahren stellt die EU-L\u00e4nder vor herausfordernde Anpassungen. Kroatien schl\u00e4gt vor, den Mitgliedstaaten mindestens sieben Jahre Zeit zu geben, um nationale Verbote f\u00fcr diese Pflanzen zu erlassen. Gleichzeitig gibt es eine starke Forderung von fast 140 Verb\u00e4nden, die geplante Verordnung komplett zu stoppen.<br \/>\n<!--more--><\/p>\n<div id=\"ez-toc-container\" class=\"ez-toc-v2_0_16 counter-hierarchy\">\n<div class=\"ez-toc-title-container\">\n<p class=\"ez-toc-title\">Inhaltsverzeichnis: Das erwartet Sie in diesem Artikel<\/p>\n<span class=\"ez-toc-title-toggle\"><a class=\"ez-toc-pull-right ez-toc-btn ez-toc-btn-xs ez-toc-btn-default ez-toc-toggle\" style=\"display: none;\"><i class=\"ez-toc-glyphicon ez-toc-icon-toggle\"><\/i><\/a><\/span><\/div>\n<nav><ul class=\"ez-toc-list ez-toc-list-level-1\"><li class=\"ez-toc-page-1 ez-toc-heading-level-2\"><a class=\"ez-toc-link ez-toc-heading-1\" href=\"https:\/\/www.doppelklicker.de\/blog\/genomeditierte-pflanzen-landwirtschaft-verbraucher\/#umweltschutz-und-wahlfreiheit-ueberwachung-von-ngt-pflanzen-gefordert\" title=\"Umweltschutz und Wahlfreiheit: \u00dcberwachung von NGT-Pflanzen gefordert\">Umweltschutz und Wahlfreiheit: \u00dcberwachung von NGT-Pflanzen gefordert<\/a><\/li><li class=\"ez-toc-page-1 ez-toc-heading-level-2\"><a class=\"ez-toc-link ez-toc-heading-2\" href=\"https:\/\/www.doppelklicker.de\/blog\/genomeditierte-pflanzen-landwirtschaft-verbraucher\/#spanischer-vorschlag-ohne-anbauentscheidung-fuer-ngt-pflanzen-umstritten\" title=\"Spanischer Vorschlag ohne Anbauentscheidung f\u00fcr NGT-Pflanzen umstritten\">Spanischer Vorschlag ohne Anbauentscheidung f\u00fcr NGT-Pflanzen umstritten<\/a><\/li><li class=\"ez-toc-page-1 ez-toc-heading-level-2\"><a class=\"ez-toc-link ez-toc-heading-3\" href=\"https:\/\/www.doppelklicker.de\/blog\/genomeditierte-pflanzen-landwirtschaft-verbraucher\/#eu-gesundheitskommissarin-risikobewertung-bei-komplexen-genveraenderungen-verhaeltnismaessig\" title=\"EU-Gesundheitskommissarin: Risikobewertung bei komplexen Genver\u00e4nderungen verh\u00e4ltnism\u00e4\u00dfig\">EU-Gesundheitskommissarin: Risikobewertung bei komplexen Genver\u00e4nderungen verh\u00e4ltnism\u00e4\u00dfig<\/a><\/li><li class=\"ez-toc-page-1 ez-toc-heading-level-2\"><a class=\"ez-toc-link ez-toc-heading-4\" href=\"https:\/\/www.doppelklicker.de\/blog\/genomeditierte-pflanzen-landwirtschaft-verbraucher\/#wahlfreiheit-und-sicherheit-agrogentechnik-in-der-landwirtschaft\" title=\"Wahlfreiheit und Sicherheit: Agrogentechnik in der Landwirtschaft\">Wahlfreiheit und Sicherheit: Agrogentechnik in der Landwirtschaft<\/a><\/li><\/ul><\/nav><\/div>\n<h2><span class=\"ez-toc-section\" id=\"umweltschutz-und-wahlfreiheit-ueberwachung-von-ngt-pflanzen-gefordert\"><\/span>Umweltschutz und Wahlfreiheit: \u00dcberwachung von NGT-Pflanzen gefordert<span class=\"ez-toc-section-end\"><\/span><\/h2>\n<p>Die Frage der Wahlfreiheit f\u00fcr Verbraucher und Unternehmen, ob sie gentechnisch ver\u00e4nderte Produkte unterst\u00fctzen oder ablehnen m\u00f6chten, steht im Mittelpunkt der Diskussion. Kroatien betont in seinem Vorschlag die Notwendigkeit einer angemessenen Kennzeichnung und \u00dcberwachung aller NGT-Pflanzen, um sicherzustellen, dass die Verbraucher ihre Entscheidungen auf der Grundlage klarer Informationen treffen k\u00f6nnen. Die Freisetzung solcher Pflanzen in die Umwelt birgt das Risiko irreversibler Sch\u00e4den, weshalb technische Herausforderungen bew\u00e4ltigt werden m\u00fcssen, um eine friedliche Koexistenz mit dem Anbau gentechnikfreier Pflanzen zu erm\u00f6glichen.<\/p>\n<h2><span class=\"ez-toc-section\" id=\"spanischer-vorschlag-ohne-anbauentscheidung-fuer-ngt-pflanzen-umstritten\"><\/span>Spanischer Vorschlag ohne Anbauentscheidung f\u00fcr NGT-Pflanzen umstritten<span class=\"ez-toc-section-end\"><\/span><\/h2>\n<p>Ein strittiger Punkt in der aktuellen Debatte ist die Entscheidungsfreiheit der EU-Staaten hinsichtlich des Anbaus von NGT-Pflanzen. W\u00e4hrend der aktuelle Vorschlag der spanischen Ratspr\u00e4sidentschaft diese Option nicht mehr ber\u00fccksichtigt, fordern einige L\u00e4nder wie Frankreich oder Litauen zumindest f\u00fcr Pflanzen mit einer h\u00f6heren Genanzahl ein &#8222;Opt out&#8220;. Kritiker argumentieren jedoch, dass dies den Wettbewerb innerhalb der EU verzerrt. Zus\u00e4tzlich wird diskutiert, wie der Zugang zu Pflanzenmaterial f\u00fcr Landwirte und Z\u00fcchterinnen gew\u00e4hrleistet werden kann, ohne dass Monopole entstehen.<\/p>\n<h2><span class=\"ez-toc-section\" id=\"eu-gesundheitskommissarin-risikobewertung-bei-komplexen-genveraenderungen-verhaeltnismaessig\"><\/span>EU-Gesundheitskommissarin: Risikobewertung bei komplexen Genver\u00e4nderungen verh\u00e4ltnism\u00e4\u00dfig<span class=\"ez-toc-section-end\"><\/span><\/h2>\n<p>Die Bedeutung neuer Verfahren in der Agrogentechnik f\u00fcr die Lebensmittelsicherheit in Europa und die globale Wettbewerbsf\u00e4higkeit wird von der EU-Gesundheitskommissarin Stella Kyriakides betont. Eine angemessene Risikobewertung, die sich auf komplexe Genver\u00e4nderungen konzentriert, ist ein wichtiger Schritt, um das Vorsorgeprinzip zu erf\u00fcllen. Die EU-Kommission strebt eine Einigung vor den Europawahlen im Juni 2024 an, um die Wettbewerbsf\u00e4higkeit der europ\u00e4ischen Landwirtschaft zu st\u00e4rken.<\/p>\n<p>Einige EU-L\u00e4nder wie Schweden, Portugal und die Niederlande bef\u00fcrworten eine Liberalisierung des Einsatzes von NGT in der Landwirtschaft. Sie sehen darin eine Chance f\u00fcr Biobauern, NGT-Pflanzen anzubauen. Allerdings gibt es auch elf EU-Staaten, die den \u00f6kologischen Landbau vor Gentechnik sch\u00fctzen m\u00f6chten und daher gegen eine Liberalisierung des NGT-Einsatzes sind.<\/p>\n<h2><span class=\"ez-toc-section\" id=\"wahlfreiheit-und-sicherheit-agrogentechnik-in-der-landwirtschaft\"><\/span>Wahlfreiheit und Sicherheit: Agrogentechnik in der Landwirtschaft<span class=\"ez-toc-section-end\"><\/span><\/h2>\n<p>Die aktuelle Debatte um die geplante Verordnung zu genomeditierten Pflanzen verdeutlicht die Vielschichtigkeit des Themas. Es existieren unterschiedliche Meinungen und offene Fragen, die es zu kl\u00e4ren gilt. Trotzdem darf nicht au\u00dfer Acht gelassen werden, dass die Agrogentechnik viele Vorteile bietet. Sie kann dazu beitragen, die Lebensmittelsicherheit zu gew\u00e4hrleisten und die europ\u00e4ische Landwirtschaft wettbewerbsf\u00e4higer zu machen. Gleichzeitig ist es wichtig, die Wahlfreiheit der Verbraucher zu respektieren und die Rechte der Landwirte und Z\u00fcchterinnen zu sch\u00fctzen. Um m\u00f6gliche Risiken zu minimieren, sollten NGT-Pflanzen einer umfassenden Risikopr\u00fcfung unterzogen und klar gekennzeichnet werden. Eine einvernehmliche L\u00f6sung, die sowohl den Nutzen der Agrogentechnik als auch die Bedenken der Verbraucher und Landwirte ber\u00fccksichtigt, ist von gro\u00dfer Bedeutung.<\/p>\n","protected":false},"excerpt":{"rendered":"<p>Die geplante europ\u00e4ische Verordnung zu genomeditierten Pflanzen hat zu erheblichen Meinungsverschiedenheiten und Diskussionen innerhalb der EU-Mitgliedstaaten gef\u00fchrt. Dennoch strebt die spanische Ratspr\u00e4sidentschaft an, bis zum 11. Dezember einen Kompromiss zu erzielen. Die Einf\u00fchrung neuer gentechnischer Verfahren stellt die EU-L\u00e4nder vor herausfordernde Anpassungen. Kroatien schl\u00e4gt vor, den Mitgliedstaaten mindestens sieben Jahre Zeit zu geben, um nationale<\/p>\n<div class=\"read-more\"><a href=\"https:\/\/www.doppelklicker.de\/blog\/genomeditierte-pflanzen-landwirtschaft-verbraucher\/\" title=\"Jetzt alles lesen\">Jetzt alles lesen<\/a><\/div>\n","protected":false},"author":8,"featured_media":6524,"comment_status":"open","ping_status":"open","sticky":false,"template":"","format":"standard","meta":[],"categories":[3305],"tags":[],"yoast_head":"<!-- This site is optimized with the Yoast SEO plugin v18.2 - https:\/\/yoast.com\/wordpress\/plugins\/seo\/ -->\n<meta name=\"robots\" content=\"index, follow, max-snippet:-1, max-image-preview:large, max-video-preview:-1\" \/>\n<link rel=\"canonical\" href=\"https:\/\/www.doppelklicker.de\/blog\/genomeditierte-pflanzen-landwirtschaft-verbraucher\/\" \/>\n<meta property=\"og:locale\" content=\"de_DE\" \/>\n<meta property=\"og:type\" content=\"article\" \/>\n<meta property=\"og:title\" content=\"Wahlfreiheit und Sicherheit: Entscheidung \u00fcber gv-Produkte in Europa\" \/>\n<meta property=\"og:description\" content=\"Die geplante europ\u00e4ische Verordnung zu genomeditierten Pflanzen hat zu erheblichen Meinungsverschiedenheiten und Diskussionen innerhalb der EU-Mitgliedstaaten gef\u00fchrt. Dennoch strebt die spanische Ratspr\u00e4sidentschaft an, bis zum 11. Dezember einen Kompromiss zu erzielen. Die Einf\u00fchrung neuer gentechnischer Verfahren stellt die EU-L\u00e4nder vor herausfordernde Anpassungen. Kroatien schl\u00e4gt vor, den Mitgliedstaaten mindestens sieben Jahre Zeit zu geben, um nationaleJetzt alles lesen\" \/>\n<meta property=\"og:url\" content=\"https:\/\/www.doppelklicker.de\/blog\/genomeditierte-pflanzen-landwirtschaft-verbraucher\/\" \/>\n<meta property=\"og:site_name\" content=\"Aus Mainz.\" \/>\n<meta property=\"article:published_time\" content=\"2023-11-21T08:00:00+00:00\" \/>\n<meta property=\"og:image\" content=\"https:\/\/www.doppelklicker.de\/blog\/wp-content\/uploads\/2023\/12\/europaeische-verordnung-genomeditierten-pflanzen-diskussionen-und-13614.jpg\" \/>\n\t<meta property=\"og:image:width\" content=\"1280\" \/>\n\t<meta property=\"og:image:height\" content=\"615\" \/>\n\t<meta property=\"og:image:type\" content=\"image\/jpeg\" \/>\n<meta name=\"twitter:card\" content=\"summary_large_image\" \/>\n<meta name=\"twitter:label1\" content=\"Verfasst von\" \/>\n\t<meta name=\"twitter:data1\" content=\"Iris Martin\" \/>\n\t<meta name=\"twitter:label2\" content=\"Gesch\u00e4tzte Lesezeit\" \/>\n\t<meta name=\"twitter:data2\" content=\"3 Minuten\" \/>\n<script type=\"application\/ld+json\" class=\"yoast-schema-graph\">{\"@context\":\"https:\/\/schema.org\",\"@graph\":[{\"@type\":\"WebSite\",\"@id\":\"https:\/\/www.doppelklicker.de\/blog\/#website\",\"url\":\"https:\/\/www.doppelklicker.de\/blog\/\",\"name\":\"Aus Mainz.\",\"description\":\"F\u00fcr die Welt.\",\"potentialAction\":[{\"@type\":\"SearchAction\",\"target\":{\"@type\":\"EntryPoint\",\"urlTemplate\":\"https:\/\/www.doppelklicker.de\/blog\/?s={search_term_string}\"},\"query-input\":\"required name=search_term_string\"}],\"inLanguage\":\"de-DE\"},{\"@type\":\"ImageObject\",\"@id\":\"https:\/\/www.doppelklicker.de\/blog\/genomeditierte-pflanzen-landwirtschaft-verbraucher\/#primaryimage\",\"inLanguage\":\"de-DE\",\"url\":\"https:\/\/www.doppelklicker.de\/blog\/wp-content\/uploads\/2023\/12\/europaeische-verordnung-genomeditierten-pflanzen-diskussionen-und-13614.jpg\",\"contentUrl\":\"https:\/\/www.doppelklicker.de\/blog\/wp-content\/uploads\/2023\/12\/europaeische-verordnung-genomeditierten-pflanzen-diskussionen-und-13614.jpg\",\"width\":1280,\"height\":615,\"caption\":\"Wahlfreiheit und Sicherheit: Entscheidung \u00fcber gv-Produkte in Europa (Foto: AdobeStock - VanderWolf Images 70568070)\"},{\"@type\":\"WebPage\",\"@id\":\"https:\/\/www.doppelklicker.de\/blog\/genomeditierte-pflanzen-landwirtschaft-verbraucher\/#webpage\",\"url\":\"https:\/\/www.doppelklicker.de\/blog\/genomeditierte-pflanzen-landwirtschaft-verbraucher\/\",\"name\":\"Wahlfreiheit und Sicherheit: Entscheidung \u00fcber gv-Produkte in Europa\",\"isPartOf\":{\"@id\":\"https:\/\/www.doppelklicker.de\/blog\/#website\"},\"primaryImageOfPage\":{\"@id\":\"https:\/\/www.doppelklicker.de\/blog\/genomeditierte-pflanzen-landwirtschaft-verbraucher\/#primaryimage\"},\"datePublished\":\"2023-11-21T08:00:00+00:00\",\"dateModified\":\"2023-11-21T08:00:00+00:00\",\"author\":{\"@id\":\"https:\/\/www.doppelklicker.de\/blog\/#\/schema\/person\/08dcac172bdb025e8ff433488184668a\"},\"breadcrumb\":{\"@id\":\"https:\/\/www.doppelklicker.de\/blog\/genomeditierte-pflanzen-landwirtschaft-verbraucher\/#breadcrumb\"},\"inLanguage\":\"de-DE\",\"potentialAction\":[{\"@type\":\"ReadAction\",\"target\":[\"https:\/\/www.doppelklicker.de\/blog\/genomeditierte-pflanzen-landwirtschaft-verbraucher\/\"]}]},{\"@type\":\"BreadcrumbList\",\"@id\":\"https:\/\/www.doppelklicker.de\/blog\/genomeditierte-pflanzen-landwirtschaft-verbraucher\/#breadcrumb\",\"itemListElement\":[{\"@type\":\"ListItem\",\"position\":1,\"name\":\"Startseite\",\"item\":\"https:\/\/www.doppelklicker.de\/blog\/\"},{\"@type\":\"ListItem\",\"position\":2,\"name\":\"Wahlfreiheit und Sicherheit: Entscheidung \u00fcber gv-Produkte in Europa\"}]},{\"@type\":\"Person\",\"@id\":\"https:\/\/www.doppelklicker.de\/blog\/#\/schema\/person\/08dcac172bdb025e8ff433488184668a\",\"name\":\"Iris Martin\",\"image\":{\"@type\":\"ImageObject\",\"@id\":\"https:\/\/www.doppelklicker.de\/blog\/#personlogo\",\"inLanguage\":\"de-DE\",\"url\":\"https:\/\/secure.gravatar.com\/avatar\/82fdaa093be0b9686b531f99fcb54d15?s=96&d=wp_user_avatar&r=g\",\"contentUrl\":\"https:\/\/secure.gravatar.com\/avatar\/82fdaa093be0b9686b531f99fcb54d15?s=96&d=wp_user_avatar&r=g\",\"caption\":\"Iris Martin\"},\"url\":\"https:\/\/www.doppelklicker.de\/blog\/author\/iris-martin\/\"}]}<\/script>\n<!-- \/ Yoast SEO plugin. -->","yoast_head_json":{"robots":{"index":"index","follow":"follow","max-snippet":"max-snippet:-1","max-image-preview":"max-image-preview:large","max-video-preview":"max-video-preview:-1"},"canonical":"https:\/\/www.doppelklicker.de\/blog\/genomeditierte-pflanzen-landwirtschaft-verbraucher\/","og_locale":"de_DE","og_type":"article","og_title":"Wahlfreiheit und Sicherheit: Entscheidung \u00fcber gv-Produkte in Europa","og_description":"Die geplante europ\u00e4ische Verordnung zu genomeditierten Pflanzen hat zu erheblichen Meinungsverschiedenheiten und Diskussionen innerhalb der EU-Mitgliedstaaten gef\u00fchrt. Dennoch strebt die spanische Ratspr\u00e4sidentschaft an, bis zum 11. Dezember einen Kompromiss zu erzielen. Die Einf\u00fchrung neuer gentechnischer Verfahren stellt die EU-L\u00e4nder vor herausfordernde Anpassungen. Kroatien schl\u00e4gt vor, den Mitgliedstaaten mindestens sieben Jahre Zeit zu geben, um nationaleJetzt alles lesen","og_url":"https:\/\/www.doppelklicker.de\/blog\/genomeditierte-pflanzen-landwirtschaft-verbraucher\/","og_site_name":"Aus Mainz.","article_published_time":"2023-11-21T08:00:00+00:00","og_image":[{"width":1280,"height":615,"url":"https:\/\/www.doppelklicker.de\/blog\/wp-content\/uploads\/2023\/12\/europaeische-verordnung-genomeditierten-pflanzen-diskussionen-und-13614.jpg","type":"image\/jpeg"}],"twitter_card":"summary_large_image","twitter_misc":{"Verfasst von":"Iris Martin","Gesch\u00e4tzte Lesezeit":"3 Minuten"},"schema":{"@context":"https:\/\/schema.org","@graph":[{"@type":"WebSite","@id":"https:\/\/www.doppelklicker.de\/blog\/#website","url":"https:\/\/www.doppelklicker.de\/blog\/","name":"Aus Mainz.","description":"F\u00fcr die Welt.","potentialAction":[{"@type":"SearchAction","target":{"@type":"EntryPoint","urlTemplate":"https:\/\/www.doppelklicker.de\/blog\/?s={search_term_string}"},"query-input":"required name=search_term_string"}],"inLanguage":"de-DE"},{"@type":"ImageObject","@id":"https:\/\/www.doppelklicker.de\/blog\/genomeditierte-pflanzen-landwirtschaft-verbraucher\/#primaryimage","inLanguage":"de-DE","url":"https:\/\/www.doppelklicker.de\/blog\/wp-content\/uploads\/2023\/12\/europaeische-verordnung-genomeditierten-pflanzen-diskussionen-und-13614.jpg","contentUrl":"https:\/\/www.doppelklicker.de\/blog\/wp-content\/uploads\/2023\/12\/europaeische-verordnung-genomeditierten-pflanzen-diskussionen-und-13614.jpg","width":1280,"height":615,"caption":"Wahlfreiheit und Sicherheit: Entscheidung \u00fcber gv-Produkte in Europa (Foto: AdobeStock - VanderWolf Images 70568070)"},{"@type":"WebPage","@id":"https:\/\/www.doppelklicker.de\/blog\/genomeditierte-pflanzen-landwirtschaft-verbraucher\/#webpage","url":"https:\/\/www.doppelklicker.de\/blog\/genomeditierte-pflanzen-landwirtschaft-verbraucher\/","name":"Wahlfreiheit und Sicherheit: Entscheidung \u00fcber gv-Produkte in Europa","isPartOf":{"@id":"https:\/\/www.doppelklicker.de\/blog\/#website"},"primaryImageOfPage":{"@id":"https:\/\/www.doppelklicker.de\/blog\/genomeditierte-pflanzen-landwirtschaft-verbraucher\/#primaryimage"},"datePublished":"2023-11-21T08:00:00+00:00","dateModified":"2023-11-21T08:00:00+00:00","author":{"@id":"https:\/\/www.doppelklicker.de\/blog\/#\/schema\/person\/08dcac172bdb025e8ff433488184668a"},"breadcrumb":{"@id":"https:\/\/www.doppelklicker.de\/blog\/genomeditierte-pflanzen-landwirtschaft-verbraucher\/#breadcrumb"},"inLanguage":"de-DE","potentialAction":[{"@type":"ReadAction","target":["https:\/\/www.doppelklicker.de\/blog\/genomeditierte-pflanzen-landwirtschaft-verbraucher\/"]}]},{"@type":"BreadcrumbList","@id":"https:\/\/www.doppelklicker.de\/blog\/genomeditierte-pflanzen-landwirtschaft-verbraucher\/#breadcrumb","itemListElement":[{"@type":"ListItem","position":1,"name":"Startseite","item":"https:\/\/www.doppelklicker.de\/blog\/"},{"@type":"ListItem","position":2,"name":"Wahlfreiheit und Sicherheit: Entscheidung \u00fcber gv-Produkte in Europa"}]},{"@type":"Person","@id":"https:\/\/www.doppelklicker.de\/blog\/#\/schema\/person\/08dcac172bdb025e8ff433488184668a","name":"Iris Martin","image":{"@type":"ImageObject","@id":"https:\/\/www.doppelklicker.de\/blog\/#personlogo","inLanguage":"de-DE","url":"https:\/\/secure.gravatar.com\/avatar\/82fdaa093be0b9686b531f99fcb54d15?s=96&d=wp_user_avatar&r=g","contentUrl":"https:\/\/secure.gravatar.com\/avatar\/82fdaa093be0b9686b531f99fcb54d15?s=96&d=wp_user_avatar&r=g","caption":"Iris Martin"},"url":"https:\/\/www.doppelklicker.de\/blog\/author\/iris-martin\/"}]}},"_links":{"self":[{"href":"https:\/\/www.doppelklicker.de\/blog\/wp-json\/wp\/v2\/posts\/6523"}],"collection":[{"href":"https:\/\/www.doppelklicker.de\/blog\/wp-json\/wp\/v2\/posts"}],"about":[{"href":"https:\/\/www.doppelklicker.de\/blog\/wp-json\/wp\/v2\/types\/post"}],"author":[{"embeddable":true,"href":"https:\/\/www.doppelklicker.de\/blog\/wp-json\/wp\/v2\/users\/8"}],"replies":[{"embeddable":true,"href":"https:\/\/www.doppelklicker.de\/blog\/wp-json\/wp\/v2\/comments?post=6523"}],"version-history":[{"count":0,"href":"https:\/\/www.doppelklicker.de\/blog\/wp-json\/wp\/v2\/posts\/6523\/revisions"}],"wp:featuredmedia":[{"embeddable":true,"href":"https:\/\/www.doppelklicker.de\/blog\/wp-json\/wp\/v2\/media\/6524"}],"wp:attachment":[{"href":"https:\/\/www.doppelklicker.de\/blog\/wp-json\/wp\/v2\/media?parent=6523"}],"wp:term":[{"taxonomy":"category","embeddable":true,"href":"https:\/\/www.doppelklicker.de\/blog\/wp-json\/wp\/v2\/categories?post=6523"},{"taxonomy":"post_tag","embeddable":true,"href":"https:\/\/www.doppelklicker.de\/blog\/wp-json\/wp\/v2\/tags?post=6523"}],"curies":[{"name":"wp","href":"https:\/\/api.w.org\/{rel}","templated":true}]}}