{"id":6529,"date":"2023-12-07T08:00:00","date_gmt":"2023-12-07T06:00:00","guid":{"rendered":"guid"},"modified":"2023-12-07T08:00:00","modified_gmt":"2023-12-07T06:00:00","slug":"windkraftprojekt-kallenwald-transport-der-rotorblaetter","status":"publish","type":"post","link":"https:\/\/www.doppelklicker.de\/blog\/windkraftprojekt-kallenwald-transport-der-rotorblaetter\/","title":{"rendered":"Millimeterarbeit: Spezialfahrzeuge bringen Rotorbl\u00e4tter zur Baustelle"},"content":{"rendered":"<p>Im Rahmen des Windprojekts der badenovaW\u00c4RMEPLUS im Kallenwald im Mittleren Schwarzwald steht der bevorstehende Transport der drei 68 Meter langen Rotorblattteile zur Baustelle an. Die Route von der Umladefl\u00e4che an der B33 bis zum Anlagen-Standort birgt jedoch besondere Herausforderungen. Mit Steigungen von bis zu 12 Prozent ist eine akribische Vorgehensweise erforderlich, um sicherzustellen, dass die Rotorbl\u00e4tter unbesch\u00e4digt ihr Ziel erreichen. Dank spezialisierter Fahrzeuge und einer sorgf\u00e4ltigen Planung wird dieser anspruchsvolle Transport bew\u00e4ltigt.<br \/>\n<!--more--><\/p>\n<div id=\"ez-toc-container\" class=\"ez-toc-v2_0_16 counter-hierarchy\">\n<div class=\"ez-toc-title-container\">\n<p class=\"ez-toc-title\">Inhaltsverzeichnis: Das erwartet Sie in diesem Artikel<\/p>\n<span class=\"ez-toc-title-toggle\"><a class=\"ez-toc-pull-right ez-toc-btn ez-toc-btn-xs ez-toc-btn-default ez-toc-toggle\" style=\"display: none;\"><i class=\"ez-toc-glyphicon ez-toc-icon-toggle\"><\/i><\/a><\/span><\/div>\n<nav><ul class=\"ez-toc-list ez-toc-list-level-1\"><li class=\"ez-toc-page-1 ez-toc-heading-level-2\"><a class=\"ez-toc-link ez-toc-heading-1\" href=\"https:\/\/www.doppelklicker.de\/blog\/windkraftprojekt-kallenwald-transport-der-rotorblaetter\/#innovative-technologie-fuer-den-transport-von-sperrigen-ladungen\" title=\"Innovative Technologie f\u00fcr den Transport von sperrigen Ladungen\">Innovative Technologie f\u00fcr den Transport von sperrigen Ladungen<\/a><\/li><li class=\"ez-toc-page-1 ez-toc-heading-level-2\"><a class=\"ez-toc-link ez-toc-heading-2\" href=\"https:\/\/www.doppelklicker.de\/blog\/windkraftprojekt-kallenwald-transport-der-rotorblaetter\/#start-des-rotorblatt-transports-im-kallenwald-fuer-den-23-november-2023-geplant\" title=\"Start des Rotorblatt-Transports im Kallenwald f\u00fcr den 23. November 2023 geplant\">Start des Rotorblatt-Transports im Kallenwald f\u00fcr den 23. November 2023 geplant<\/a><\/li><li class=\"ez-toc-page-1 ez-toc-heading-level-2\"><a class=\"ez-toc-link ez-toc-heading-3\" href=\"https:\/\/www.doppelklicker.de\/blog\/windkraftprojekt-kallenwald-transport-der-rotorblaetter\/#zukunftsweisende-technologie-im-kallenwald-windkraftanlage-fuer-sauberen-strom\" title=\"Zukunftsweisende Technologie im Kallenwald: Windkraftanlage f\u00fcr sauberen Strom\">Zukunftsweisende Technologie im Kallenwald: Windkraftanlage f\u00fcr sauberen Strom<\/a><\/li><li class=\"ez-toc-page-1 ez-toc-heading-level-2\"><a class=\"ez-toc-link ez-toc-heading-4\" href=\"https:\/\/www.doppelklicker.de\/blog\/windkraftprojekt-kallenwald-transport-der-rotorblaetter\/#windkraft-im-fokus-badenovawaermeplus-treibt-energiewende-voran\" title=\"Windkraft im Fokus: badenovaW\u00c4RMEPLUS treibt Energiewende voran\">Windkraft im Fokus: badenovaW\u00c4RMEPLUS treibt Energiewende voran<\/a><\/li><li class=\"ez-toc-page-1 ez-toc-heading-level-2\"><a class=\"ez-toc-link ez-toc-heading-5\" href=\"https:\/\/www.doppelklicker.de\/blog\/windkraftprojekt-kallenwald-transport-der-rotorblaetter\/#modernste-technologie-im-einsatz-windkraftanlage-im-kallenwald-errichtet\" title=\"Modernste Technologie im Einsatz: Windkraftanlage im Kallenwald errichtet\">Modernste Technologie im Einsatz: Windkraftanlage im Kallenwald errichtet<\/a><\/li><\/ul><\/nav><\/div>\n<h2><span class=\"ez-toc-section\" id=\"innovative-technologie-fuer-den-transport-von-sperrigen-ladungen\"><\/span>Innovative Technologie f\u00fcr den Transport von sperrigen Ladungen<span class=\"ez-toc-section-end\"><\/span><\/h2>\n<p>badenovaW\u00c4RMEPLUS setzt auf den Einsatz von Spezialfahrzeugen, um gro\u00dfe und sperrige Komponenten wie Rotorbl\u00e4tter zur Baustelle zu transportieren. Diese Fahrzeuge, auch bekannt als &#8222;Self-Propelled Modular Transporter&#8220; (SPMT), verf\u00fcgen \u00fcber mehrere Achsen und eigenen Antrieb. Sie werden per Fernsteuerung bedient und erm\u00f6glichen das sichere Man\u00f6vrieren der Rotorbl\u00e4tter durch enge Kurven. Neben den Rotorbl\u00e4ttern mit einer L\u00e4nge von 68 Metern werden auch Stahlturmsegmente mit diesen Spezialfahrzeugen zum Anlagen-Standort im Kallenwald transportiert.<\/p>\n<h2><span class=\"ez-toc-section\" id=\"start-des-rotorblatt-transports-im-kallenwald-fuer-den-23-november-2023-geplant\"><\/span>Start des Rotorblatt-Transports im Kallenwald f\u00fcr den 23. November 2023 geplant<span class=\"ez-toc-section-end\"><\/span><\/h2>\n<p>Wenn die Wetterbedingungen es erlauben, wird der Transport des ersten Rotorblatts am 23. November 2023 um 9 Uhr morgens von der Umladefl\u00e4che bei der &#8222;Ortenauer Baustoffe &#038; Recycling GmbH&#8220; in Biberach im Kinzigtal starten. Alle Interessierten k\u00f6nnen aktuelle Informationen zu den Transporten auf der Homepage unter badenovawaermeplus.de\/kallenwald finden.<\/p>\n<p>Nach etwa zwei Stunden wird der Transport der Rotorbl\u00e4tter im Ortskern von Prinzbach eintreffen. Um die Mittagszeit passiert er das Obertal entlang des Sportplatzes, bevor er bei den Hausnummern Obertal 14\/15 in Richtung Westen in den Wald abbiegt. Von dort aus f\u00fchrt die Strecke \u00fcber bestehende, verbreiterte Forstwege und neu angelegte Forstwegpassagen bis zum Anlagenstandort, der sich auf einer H\u00f6he von 570 m \u00fcber NN befindet.<\/p>\n<p>Sobald das Rotorblatt an der Baustelle angekommen ist, wird es am n\u00e4chsten Tag behutsam vom Selbstfahrer abgenommen und im &#8222;Blattlager&#8220; auf der Kranstellfl\u00e4che zwischengelagert. Von dort aus erfolgt die Montage des Rotorblatts mithilfe eines Gro\u00dfkrans an der Nabe des 160 m hohen Turms. Nach dem Abladen kehrt der Selbstfahrer zum Standort im Kinzigtal zur\u00fcck, um das n\u00e4chste Rotorblatt zu laden.<\/p>\n<p>Die genauen Transporttermine der Rotorbl\u00e4tter f\u00fcr das Windprojekt im Kallenwald h\u00e4ngen von verschiedenen Faktoren ab, darunter das Wetter, die Arbeitszeiten und vor allem die Transportgenehmigungen. Bei der Planung ber\u00fccksichtigt badenovaW\u00c4RMEPLUS die bestm\u00f6glichen Bedingungen, um einen reibungslosen Ablauf des Transports zu gew\u00e4hrleisten. Die voraussichtliche Dauer der Blatttransporte betr\u00e4gt 6 Tage, sofern keine unvorhergesehenen Umst\u00e4nde auftreten. Dieser Zeitrahmen erm\u00f6glicht es, m\u00f6gliche Verz\u00f6gerungen auszugleichen und den Transport innerhalb eines realistischen Zeitplans abzuschlie\u00dfen.<\/p>\n<h2><span class=\"ez-toc-section\" id=\"zukunftsweisende-technologie-im-kallenwald-windkraftanlage-fuer-sauberen-strom\"><\/span>Zukunftsweisende Technologie im Kallenwald: Windkraftanlage f\u00fcr sauberen Strom<span class=\"ez-toc-section-end\"><\/span><\/h2>\n<p>Das Windkraftprojekt im Kallenwald bietet zahlreiche Vorteile. Die geplante Windkraftanlage des renommierten Herstellers Enercon wird auf der Bergkuppe des Kallenwaldes in einer H\u00f6he von etwa 545 Metern errichtet. Mit einer beeindruckenden H\u00f6he von rund 230 Metern und einer Nennleistung von 4,2 Megawatt wird sie die gleiche Gr\u00f6\u00dfenordnung wie die Windr\u00e4der im Windpark Hohenlochen erreichen. Dank modernster Technologie wird die Anlage voraussichtlich j\u00e4hrlich rund 9 Millionen kWh Strom erzeugen k\u00f6nnen, was dem durchschnittlichen Jahresbedarf von etwa 6.000 Personen entspricht. Durch die Nutzung von Windenergie k\u00f6nnen somit j\u00e4hrlich etwa 3.400 Tonnen CO2 eingespart werden. Die Inbetriebnahme der Anlage ist f\u00fcr Anfang 2024 geplant.<\/p>\n<h2><span class=\"ez-toc-section\" id=\"windkraft-im-fokus-badenovawaermeplus-treibt-energiewende-voran\"><\/span>Windkraft im Fokus: badenovaW\u00c4RMEPLUS treibt Energiewende voran<span class=\"ez-toc-section-end\"><\/span><\/h2>\n<p>BadenovaW\u00c4RMEPLUS hat ehrgeizige Ziele f\u00fcr die Energiewende. Bis 2035 sollen insgesamt ein Gigawatt \u00d6kostrom aus erneuerbaren Energien installiert werden. Dabei werden 300 Megawatt durch den Bau von Windkraftanlagen in der Region beigesteuert, weitere 200 Megawatt durch Beteiligungen an Windprojekten deutschlandweit und der Rest durch Photovoltaikprojekte realisiert. Das Unternehmen setzt sich aktiv f\u00fcr den Ausbau erneuerbarer Energien ein und tr\u00e4gt so zur Reduzierung von CO2-Emissionen und zur nachhaltigen Energieversorgung bei.<\/p>\n<h2><span class=\"ez-toc-section\" id=\"modernste-technologie-im-einsatz-windkraftanlage-im-kallenwald-errichtet\"><\/span>Modernste Technologie im Einsatz: Windkraftanlage im Kallenwald errichtet<span class=\"ez-toc-section-end\"><\/span><\/h2>\n<p>Das Windprojekt der badenovaW\u00c4RMEPLUS im Kallenwald im Mittleren Schwarzwald ist ein bedeutender Schritt in Richtung erneuerbare Energien. Der Transport der Rotorbl\u00e4tter stellt zwar eine Herausforderung dar, wird jedoch dank des Einsatzes von Spezialfahrzeugen und einer sorgf\u00e4ltigen Planung erfolgreich gemeistert. Die Windkraftanlage nutzt modernste Technologie und erzeugt j\u00e4hrlich etwa 9 Millionen kWh Strom, was dem Energiebedarf von etwa 6.000 Personen entspricht. Dadurch k\u00f6nnen j\u00e4hrlich rund 3.400 Tonnen CO2 eingespart werden. Das Projekt verdeutlicht das Engagement von badenovaW\u00c4RMEPLUS f\u00fcr die Energiewende und das Ziel, bis 2035 eine Leistung von einem Gigawatt \u00d6kostrom aus erneuerbaren Energien zu installieren.<\/p>\n","protected":false},"excerpt":{"rendered":"<p>Im Rahmen des Windprojekts der badenovaW\u00c4RMEPLUS im Kallenwald im Mittleren Schwarzwald steht der bevorstehende Transport der drei 68 Meter langen Rotorblattteile zur Baustelle an. Die Route von der Umladefl\u00e4che an der B33 bis zum Anlagen-Standort birgt jedoch besondere Herausforderungen. Mit Steigungen von bis zu 12 Prozent ist eine akribische Vorgehensweise erforderlich, um sicherzustellen, dass die<\/p>\n<div class=\"read-more\"><a href=\"https:\/\/www.doppelklicker.de\/blog\/windkraftprojekt-kallenwald-transport-der-rotorblaetter\/\" title=\"Jetzt alles lesen\">Jetzt alles lesen<\/a><\/div>\n","protected":false},"author":8,"featured_media":6530,"comment_status":"open","ping_status":"open","sticky":false,"template":"","format":"standard","meta":[],"categories":[3305],"tags":[],"yoast_head":"<!-- This site is optimized with the Yoast SEO plugin v18.2 - https:\/\/yoast.com\/wordpress\/plugins\/seo\/ -->\n<meta name=\"robots\" content=\"index, follow, max-snippet:-1, max-image-preview:large, max-video-preview:-1\" \/>\n<meta property=\"og:locale\" content=\"de_DE\" \/>\n<meta property=\"og:type\" content=\"article\" \/>\n<meta property=\"og:title\" content=\"Millimeterarbeit: Spezialfahrzeuge bringen Rotorbl\u00e4tter zur Baustelle\" \/>\n<meta property=\"og:description\" content=\"Im Rahmen des Windprojekts der badenovaW\u00c4RMEPLUS im Kallenwald im Mittleren Schwarzwald steht der bevorstehende Transport der drei 68 Meter langen Rotorblattteile zur Baustelle an. Die Route von der Umladefl\u00e4che an der B33 bis zum Anlagen-Standort birgt jedoch besondere Herausforderungen. Mit Steigungen von bis zu 12 Prozent ist eine akribische Vorgehensweise erforderlich, um sicherzustellen, dass dieJetzt alles lesen\" \/>\n<meta property=\"og:url\" content=\"https:\/\/www.doppelklicker.de\/blog\/?p=6529\" \/>\n<meta property=\"og:site_name\" content=\"Aus Mainz.\" \/>\n<meta property=\"article:published_time\" content=\"2023-12-07T06:00:00+00:00\" \/>\n<meta property=\"og:image\" content=\"https:\/\/www.doppelklicker.de\/blog\/wp-content\/uploads\/2023\/12\/badenovawaermeplus-spezialfahrzeuge-gewaehrleisten-sicheren-transport-13770.jpg\" \/>\n\t<meta property=\"og:image:width\" content=\"1280\" \/>\n\t<meta property=\"og:image:height\" content=\"615\" \/>\n\t<meta property=\"og:image:type\" content=\"image\/jpeg\" \/>\n<meta name=\"twitter:card\" content=\"summary_large_image\" \/>\n<meta name=\"twitter:label1\" content=\"Verfasst von\" \/>\n\t<meta name=\"twitter:data1\" content=\"Iris Martin\" \/>\n\t<meta name=\"twitter:label2\" content=\"Gesch\u00e4tzte Lesezeit\" \/>\n\t<meta name=\"twitter:data2\" content=\"4 Minuten\" \/>\n<script type=\"application\/ld+json\" class=\"yoast-schema-graph\">{\"@context\":\"https:\/\/schema.org\",\"@graph\":[{\"@type\":\"WebSite\",\"@id\":\"https:\/\/www.doppelklicker.de\/blog\/#website\",\"url\":\"https:\/\/www.doppelklicker.de\/blog\/\",\"name\":\"Aus Mainz.\",\"description\":\"F\u00fcr die Welt.\",\"potentialAction\":[{\"@type\":\"SearchAction\",\"target\":{\"@type\":\"EntryPoint\",\"urlTemplate\":\"https:\/\/www.doppelklicker.de\/blog\/?s={search_term_string}\"},\"query-input\":\"required name=search_term_string\"}],\"inLanguage\":\"de-DE\"},{\"@type\":\"ImageObject\",\"@id\":\"https:\/\/www.doppelklicker.de\/blog\/?p=6529#primaryimage\",\"inLanguage\":\"de-DE\",\"url\":\"https:\/\/www.doppelklicker.de\/blog\/wp-content\/uploads\/2023\/12\/badenovawaermeplus-spezialfahrzeuge-gewaehrleisten-sicheren-transport-13770.jpg\",\"contentUrl\":\"https:\/\/www.doppelklicker.de\/blog\/wp-content\/uploads\/2023\/12\/badenovawaermeplus-spezialfahrzeuge-gewaehrleisten-sicheren-transport-13770.jpg\",\"width\":1280,\"height\":615,\"caption\":\"Millimeterarbeit: Spezialfahrzeuge bringen Rotorbl\u00e4tter zur Baustelle (Foto: AdobeStock - Bulent 505022603)\"},{\"@type\":\"WebPage\",\"@id\":\"https:\/\/www.doppelklicker.de\/blog\/?p=6529#webpage\",\"url\":\"https:\/\/www.doppelklicker.de\/blog\/?p=6529\",\"name\":\"Millimeterarbeit: Spezialfahrzeuge bringen Rotorbl\u00e4tter zur Baustelle\",\"isPartOf\":{\"@id\":\"https:\/\/www.doppelklicker.de\/blog\/#website\"},\"primaryImageOfPage\":{\"@id\":\"https:\/\/www.doppelklicker.de\/blog\/?p=6529#primaryimage\"},\"datePublished\":\"2023-12-07T06:00:00+00:00\",\"dateModified\":\"2023-12-07T06:00:00+00:00\",\"author\":{\"@id\":\"https:\/\/www.doppelklicker.de\/blog\/#\/schema\/person\/08dcac172bdb025e8ff433488184668a\"},\"breadcrumb\":{\"@id\":\"https:\/\/www.doppelklicker.de\/blog\/?p=6529#breadcrumb\"},\"inLanguage\":\"de-DE\",\"potentialAction\":[{\"@type\":\"ReadAction\",\"target\":[\"https:\/\/www.doppelklicker.de\/blog\/?p=6529\"]}]},{\"@type\":\"BreadcrumbList\",\"@id\":\"https:\/\/www.doppelklicker.de\/blog\/?p=6529#breadcrumb\",\"itemListElement\":[{\"@type\":\"ListItem\",\"position\":1,\"name\":\"Startseite\",\"item\":\"https:\/\/www.doppelklicker.de\/blog\/\"},{\"@type\":\"ListItem\",\"position\":2,\"name\":\"Millimeterarbeit: Spezialfahrzeuge bringen Rotorbl\u00e4tter zur Baustelle\"}]},{\"@type\":\"Person\",\"@id\":\"https:\/\/www.doppelklicker.de\/blog\/#\/schema\/person\/08dcac172bdb025e8ff433488184668a\",\"name\":\"Iris Martin\",\"image\":{\"@type\":\"ImageObject\",\"@id\":\"https:\/\/www.doppelklicker.de\/blog\/#personlogo\",\"inLanguage\":\"de-DE\",\"url\":\"https:\/\/secure.gravatar.com\/avatar\/82fdaa093be0b9686b531f99fcb54d15?s=96&d=wp_user_avatar&r=g\",\"contentUrl\":\"https:\/\/secure.gravatar.com\/avatar\/82fdaa093be0b9686b531f99fcb54d15?s=96&d=wp_user_avatar&r=g\",\"caption\":\"Iris Martin\"},\"url\":\"https:\/\/www.doppelklicker.de\/blog\/author\/iris-martin\/\"}]}<\/script>\n<!-- \/ Yoast SEO plugin. -->","yoast_head_json":{"robots":{"index":"index","follow":"follow","max-snippet":"max-snippet:-1","max-image-preview":"max-image-preview:large","max-video-preview":"max-video-preview:-1"},"og_locale":"de_DE","og_type":"article","og_title":"Millimeterarbeit: Spezialfahrzeuge bringen Rotorbl\u00e4tter zur Baustelle","og_description":"Im Rahmen des Windprojekts der badenovaW\u00c4RMEPLUS im Kallenwald im Mittleren Schwarzwald steht der bevorstehende Transport der drei 68 Meter langen Rotorblattteile zur Baustelle an. Die Route von der Umladefl\u00e4che an der B33 bis zum Anlagen-Standort birgt jedoch besondere Herausforderungen. Mit Steigungen von bis zu 12 Prozent ist eine akribische Vorgehensweise erforderlich, um sicherzustellen, dass dieJetzt alles lesen","og_url":"https:\/\/www.doppelklicker.de\/blog\/?p=6529","og_site_name":"Aus Mainz.","article_published_time":"2023-12-07T06:00:00+00:00","og_image":[{"width":1280,"height":615,"url":"https:\/\/www.doppelklicker.de\/blog\/wp-content\/uploads\/2023\/12\/badenovawaermeplus-spezialfahrzeuge-gewaehrleisten-sicheren-transport-13770.jpg","type":"image\/jpeg"}],"twitter_card":"summary_large_image","twitter_misc":{"Verfasst von":"Iris Martin","Gesch\u00e4tzte Lesezeit":"4 Minuten"},"schema":{"@context":"https:\/\/schema.org","@graph":[{"@type":"WebSite","@id":"https:\/\/www.doppelklicker.de\/blog\/#website","url":"https:\/\/www.doppelklicker.de\/blog\/","name":"Aus Mainz.","description":"F\u00fcr die Welt.","potentialAction":[{"@type":"SearchAction","target":{"@type":"EntryPoint","urlTemplate":"https:\/\/www.doppelklicker.de\/blog\/?s={search_term_string}"},"query-input":"required name=search_term_string"}],"inLanguage":"de-DE"},{"@type":"ImageObject","@id":"https:\/\/www.doppelklicker.de\/blog\/?p=6529#primaryimage","inLanguage":"de-DE","url":"https:\/\/www.doppelklicker.de\/blog\/wp-content\/uploads\/2023\/12\/badenovawaermeplus-spezialfahrzeuge-gewaehrleisten-sicheren-transport-13770.jpg","contentUrl":"https:\/\/www.doppelklicker.de\/blog\/wp-content\/uploads\/2023\/12\/badenovawaermeplus-spezialfahrzeuge-gewaehrleisten-sicheren-transport-13770.jpg","width":1280,"height":615,"caption":"Millimeterarbeit: Spezialfahrzeuge bringen Rotorbl\u00e4tter zur Baustelle (Foto: AdobeStock - Bulent 505022603)"},{"@type":"WebPage","@id":"https:\/\/www.doppelklicker.de\/blog\/?p=6529#webpage","url":"https:\/\/www.doppelklicker.de\/blog\/?p=6529","name":"Millimeterarbeit: Spezialfahrzeuge bringen Rotorbl\u00e4tter zur Baustelle","isPartOf":{"@id":"https:\/\/www.doppelklicker.de\/blog\/#website"},"primaryImageOfPage":{"@id":"https:\/\/www.doppelklicker.de\/blog\/?p=6529#primaryimage"},"datePublished":"2023-12-07T06:00:00+00:00","dateModified":"2023-12-07T06:00:00+00:00","author":{"@id":"https:\/\/www.doppelklicker.de\/blog\/#\/schema\/person\/08dcac172bdb025e8ff433488184668a"},"breadcrumb":{"@id":"https:\/\/www.doppelklicker.de\/blog\/?p=6529#breadcrumb"},"inLanguage":"de-DE","potentialAction":[{"@type":"ReadAction","target":["https:\/\/www.doppelklicker.de\/blog\/?p=6529"]}]},{"@type":"BreadcrumbList","@id":"https:\/\/www.doppelklicker.de\/blog\/?p=6529#breadcrumb","itemListElement":[{"@type":"ListItem","position":1,"name":"Startseite","item":"https:\/\/www.doppelklicker.de\/blog\/"},{"@type":"ListItem","position":2,"name":"Millimeterarbeit: Spezialfahrzeuge bringen Rotorbl\u00e4tter zur Baustelle"}]},{"@type":"Person","@id":"https:\/\/www.doppelklicker.de\/blog\/#\/schema\/person\/08dcac172bdb025e8ff433488184668a","name":"Iris Martin","image":{"@type":"ImageObject","@id":"https:\/\/www.doppelklicker.de\/blog\/#personlogo","inLanguage":"de-DE","url":"https:\/\/secure.gravatar.com\/avatar\/82fdaa093be0b9686b531f99fcb54d15?s=96&d=wp_user_avatar&r=g","contentUrl":"https:\/\/secure.gravatar.com\/avatar\/82fdaa093be0b9686b531f99fcb54d15?s=96&d=wp_user_avatar&r=g","caption":"Iris Martin"},"url":"https:\/\/www.doppelklicker.de\/blog\/author\/iris-martin\/"}]}},"_links":{"self":[{"href":"https:\/\/www.doppelklicker.de\/blog\/wp-json\/wp\/v2\/posts\/6529"}],"collection":[{"href":"https:\/\/www.doppelklicker.de\/blog\/wp-json\/wp\/v2\/posts"}],"about":[{"href":"https:\/\/www.doppelklicker.de\/blog\/wp-json\/wp\/v2\/types\/post"}],"author":[{"embeddable":true,"href":"https:\/\/www.doppelklicker.de\/blog\/wp-json\/wp\/v2\/users\/8"}],"replies":[{"embeddable":true,"href":"https:\/\/www.doppelklicker.de\/blog\/wp-json\/wp\/v2\/comments?post=6529"}],"version-history":[{"count":0,"href":"https:\/\/www.doppelklicker.de\/blog\/wp-json\/wp\/v2\/posts\/6529\/revisions"}],"wp:featuredmedia":[{"embeddable":true,"href":"https:\/\/www.doppelklicker.de\/blog\/wp-json\/wp\/v2\/media\/6530"}],"wp:attachment":[{"href":"https:\/\/www.doppelklicker.de\/blog\/wp-json\/wp\/v2\/media?parent=6529"}],"wp:term":[{"taxonomy":"category","embeddable":true,"href":"https:\/\/www.doppelklicker.de\/blog\/wp-json\/wp\/v2\/categories?post=6529"},{"taxonomy":"post_tag","embeddable":true,"href":"https:\/\/www.doppelklicker.de\/blog\/wp-json\/wp\/v2\/tags?post=6529"}],"curies":[{"name":"wp","href":"https:\/\/api.w.org\/{rel}","templated":true}]}}