{"id":6550,"date":"2023-12-11T12:00:00","date_gmt":"2023-12-11T10:00:00","guid":{"rendered":"guid"},"modified":"2023-12-11T12:00:00","modified_gmt":"2023-12-11T10:00:00","slug":"oslo-elektrobusse-versagen-bei-eisiger-kaelte","status":"publish","type":"post","link":"https:\/\/www.doppelklicker.de\/blog\/oslo-elektrobusse-versagen-bei-eisiger-kaelte\/","title":{"rendered":"Elektromobilit\u00e4t im Winter: Zuverl\u00e4ssigkeit in Frage gestellt"},"content":{"rendered":"<p>Die Elektromobilit\u00e4t in Oslo wird durch die anhaltende K\u00e4ltewelle auf eine harte Probe gestellt, da die Batterien der Elektrobusse bei winterlichen Temperaturen nicht ausreichend funktionieren.<br \/>\n<!--more--><\/p>\n<div id=\"ez-toc-container\" class=\"ez-toc-v2_0_16 counter-hierarchy\">\n<div class=\"ez-toc-title-container\">\n<p class=\"ez-toc-title\">Inhaltsverzeichnis: Das erwartet Sie in diesem Artikel<\/p>\n<span class=\"ez-toc-title-toggle\"><a class=\"ez-toc-pull-right ez-toc-btn ez-toc-btn-xs ez-toc-btn-default ez-toc-toggle\" style=\"display: none;\"><i class=\"ez-toc-glyphicon ez-toc-icon-toggle\"><\/i><\/a><\/span><\/div>\n<nav><ul class=\"ez-toc-list ez-toc-list-level-1\"><li class=\"ez-toc-page-1 ez-toc-heading-level-2\"><a class=\"ez-toc-link ez-toc-heading-1\" href=\"https:\/\/www.doppelklicker.de\/blog\/oslo-elektrobusse-versagen-bei-eisiger-kaelte\/#elektrobusse-in-oslo-winterliche-temperaturen-setzen-batterien-zu\" title=\"Elektrobusse in Oslo: Winterliche Temperaturen setzen Batterien zu\">Elektrobusse in Oslo: Winterliche Temperaturen setzen Batterien zu<\/a><\/li><li class=\"ez-toc-page-1 ez-toc-heading-level-2\"><a class=\"ez-toc-link ez-toc-heading-2\" href=\"https:\/\/www.doppelklicker.de\/blog\/oslo-elektrobusse-versagen-bei-eisiger-kaelte\/#elektro-gelenkbusse-in-oslo-batterieentladung-bei-kaltem-wetter-ein-problem\" title=\"Elektro-Gelenkbusse in Oslo: Batterieentladung bei kaltem Wetter ein Problem\">Elektro-Gelenkbusse in Oslo: Batterieentladung bei kaltem Wetter ein Problem<\/a><\/li><li class=\"ez-toc-page-1 ez-toc-heading-level-2\"><a class=\"ez-toc-link ez-toc-heading-3\" href=\"https:\/\/www.doppelklicker.de\/blog\/oslo-elektrobusse-versagen-bei-eisiger-kaelte\/#elektromobilitaet-potenzial-und-herausforderungen-bei-kaelte\" title=\"Elektromobilit\u00e4t: Potenzial und Herausforderungen bei K\u00e4lte\">Elektromobilit\u00e4t: Potenzial und Herausforderungen bei K\u00e4lte<\/a><\/li><li class=\"ez-toc-page-1 ez-toc-heading-level-2\"><a class=\"ez-toc-link ez-toc-heading-4\" href=\"https:\/\/www.doppelklicker.de\/blog\/oslo-elektrobusse-versagen-bei-eisiger-kaelte\/#elektrobusse-im-winter-batterien-nicht-ausreichend-leistungsfaehig\" title=\"Elektrobusse im Winter: Batterien nicht ausreichend leistungsf\u00e4hig\">Elektrobusse im Winter: Batterien nicht ausreichend leistungsf\u00e4hig<\/a><\/li><\/ul><\/nav><\/div>\n<h2><span class=\"ez-toc-section\" id=\"elektrobusse-in-oslo-winterliche-temperaturen-setzen-batterien-zu\"><\/span>Elektrobusse in Oslo: Winterliche Temperaturen setzen Batterien zu<span class=\"ez-toc-section-end\"><\/span><\/h2>\n<p>Die Elektrobusse in Oslo haben bei den extremen Temperaturen versagt und den \u00f6ffentlichen Verkehr zum Stillstand gebracht. Der Verkehrsbetreiber gibt zu, dass die Elektrobusse im Winter nicht zuverl\u00e4ssig genug sind, da die Batterien bei niedrigen Temperaturen schneller leer werden. Dies f\u00fchrt zu betr\u00e4chtlichen Einschr\u00e4nkungen der Reichweite, was sich auf etwa 140 Abfahrten auswirkt.<\/p>\n<h2><span class=\"ez-toc-section\" id=\"elektro-gelenkbusse-in-oslo-batterieentladung-bei-kaltem-wetter-ein-problem\"><\/span>Elektro-Gelenkbusse in Oslo: Batterieentladung bei kaltem Wetter ein Problem<span class=\"ez-toc-section-end\"><\/span><\/h2>\n<p>Die Reichweite der Elektro-Gelenkbusse schrumpft dramatisch bei den winterlichen Temperaturen in Oslo.<\/p>\n<h2><span class=\"ez-toc-section\" id=\"elektromobilitaet-potenzial-und-herausforderungen-bei-kaelte\"><\/span>Elektromobilit\u00e4t: Potenzial und Herausforderungen bei K\u00e4lte<span class=\"ez-toc-section-end\"><\/span><\/h2>\n<p>Die Ereignisse in Oslo werfen ernsthafte Fragen \u00fcber die Anpassungsf\u00e4higkeit der Elektromobilit\u00e4t an winterliche Bedingungen auf.<\/p>\n<p>Ein Branchenexperte stellt fest, dass die Elektromobilit\u00e4t noch nicht die gleiche Zuverl\u00e4ssigkeit und Effizienz wie traditionelle Antriebsarten aufweist.<\/p>\n<h2><span class=\"ez-toc-section\" id=\"elektrobusse-im-winter-batterien-nicht-ausreichend-leistungsfaehig\"><\/span>Elektrobusse im Winter: Batterien nicht ausreichend leistungsf\u00e4hig<span class=\"ez-toc-section-end\"><\/span><\/h2>\n<p>Es ist offensichtlich, dass die Elektromobilit\u00e4t in ihrer aktuellen Form noch nicht die ultimative L\u00f6sung f\u00fcr all unsere Mobilit\u00e4tsprobleme ist. Der Vorfall in Oslo sollte uns daran erinnern, dass wir trotz unserer Begeisterung f\u00fcr neue Technologien auch ihre Grenzen und Schw\u00e4chen im Auge behalten m\u00fcssen. Die Elektromobilit\u00e4t hat zweifelsohne Potenzial, aber es bedarf weiterer Entwicklungen und L\u00f6sungen, um sie auch unter extremen Wetterbedingungen zuverl\u00e4ssig und effizient zu machen. Nur dann kann sie ihr Versprechen als nachhaltige und zukunftsf\u00e4hige Mobilit\u00e4tsl\u00f6sung vollst\u00e4ndig erf\u00fcllen.<\/p>\n","protected":false},"excerpt":{"rendered":"<p>Die Elektromobilit\u00e4t in Oslo wird durch die anhaltende K\u00e4ltewelle auf eine harte Probe gestellt, da die Batterien der Elektrobusse bei winterlichen Temperaturen nicht ausreichend funktionieren.<\/p>\n","protected":false},"author":8,"featured_media":6551,"comment_status":"open","ping_status":"open","sticky":false,"template":"","format":"standard","meta":[],"categories":[3305],"tags":[],"yoast_head":"<!-- This site is optimized with the Yoast SEO plugin v18.2 - https:\/\/yoast.com\/wordpress\/plugins\/seo\/ -->\n<meta name=\"robots\" content=\"index, follow, max-snippet:-1, max-image-preview:large, max-video-preview:-1\" \/>\n<link rel=\"canonical\" href=\"https:\/\/www.doppelklicker.de\/blog\/oslo-elektrobusse-versagen-bei-eisiger-kaelte\/\" \/>\n<meta property=\"og:locale\" content=\"de_DE\" \/>\n<meta property=\"og:type\" content=\"article\" \/>\n<meta property=\"og:title\" content=\"Elektromobilit\u00e4t im Winter: Zuverl\u00e4ssigkeit in Frage gestellt\" \/>\n<meta property=\"og:description\" content=\"Die Elektromobilit\u00e4t in Oslo wird durch die anhaltende K\u00e4ltewelle auf eine harte Probe gestellt, da die Batterien der Elektrobusse bei winterlichen Temperaturen nicht ausreichend funktionieren.\" \/>\n<meta property=\"og:url\" content=\"https:\/\/www.doppelklicker.de\/blog\/oslo-elektrobusse-versagen-bei-eisiger-kaelte\/\" \/>\n<meta property=\"og:site_name\" content=\"Aus Mainz.\" \/>\n<meta property=\"article:published_time\" content=\"2023-12-11T10:00:00+00:00\" \/>\n<meta property=\"og:image\" content=\"https:\/\/www.doppelklicker.de\/blog\/wp-content\/uploads\/2023\/12\/elektrobusse-oslo-kaeltewelle-legt-verkehr-lahm-14019.jpg\" \/>\n\t<meta property=\"og:image:width\" content=\"1280\" \/>\n\t<meta property=\"og:image:height\" content=\"615\" \/>\n\t<meta property=\"og:image:type\" content=\"image\/jpeg\" \/>\n<meta name=\"twitter:card\" content=\"summary_large_image\" \/>\n<meta name=\"twitter:label1\" content=\"Verfasst von\" \/>\n\t<meta name=\"twitter:data1\" content=\"Iris Martin\" \/>\n\t<meta name=\"twitter:label2\" content=\"Gesch\u00e4tzte Lesezeit\" \/>\n\t<meta name=\"twitter:data2\" content=\"1 Minute\" \/>\n<script type=\"application\/ld+json\" class=\"yoast-schema-graph\">{\"@context\":\"https:\/\/schema.org\",\"@graph\":[{\"@type\":\"WebSite\",\"@id\":\"https:\/\/www.doppelklicker.de\/blog\/#website\",\"url\":\"https:\/\/www.doppelklicker.de\/blog\/\",\"name\":\"Aus Mainz.\",\"description\":\"F\u00fcr die Welt.\",\"potentialAction\":[{\"@type\":\"SearchAction\",\"target\":{\"@type\":\"EntryPoint\",\"urlTemplate\":\"https:\/\/www.doppelklicker.de\/blog\/?s={search_term_string}\"},\"query-input\":\"required name=search_term_string\"}],\"inLanguage\":\"de-DE\"},{\"@type\":\"ImageObject\",\"@id\":\"https:\/\/www.doppelklicker.de\/blog\/oslo-elektrobusse-versagen-bei-eisiger-kaelte\/#primaryimage\",\"inLanguage\":\"de-DE\",\"url\":\"https:\/\/www.doppelklicker.de\/blog\/wp-content\/uploads\/2023\/12\/elektrobusse-oslo-kaeltewelle-legt-verkehr-lahm-14019.jpg\",\"contentUrl\":\"https:\/\/www.doppelklicker.de\/blog\/wp-content\/uploads\/2023\/12\/elektrobusse-oslo-kaeltewelle-legt-verkehr-lahm-14019.jpg\",\"width\":1280,\"height\":615,\"caption\":\"Elektromobilit\u00e4t im Winter: Zuverl\u00e4ssigkeit in Frage gestellt (Foto: AdobeStock - Felix Mizioznikov 530932219)\"},{\"@type\":\"WebPage\",\"@id\":\"https:\/\/www.doppelklicker.de\/blog\/oslo-elektrobusse-versagen-bei-eisiger-kaelte\/#webpage\",\"url\":\"https:\/\/www.doppelklicker.de\/blog\/oslo-elektrobusse-versagen-bei-eisiger-kaelte\/\",\"name\":\"Elektromobilit\u00e4t im Winter: Zuverl\u00e4ssigkeit in Frage gestellt\",\"isPartOf\":{\"@id\":\"https:\/\/www.doppelklicker.de\/blog\/#website\"},\"primaryImageOfPage\":{\"@id\":\"https:\/\/www.doppelklicker.de\/blog\/oslo-elektrobusse-versagen-bei-eisiger-kaelte\/#primaryimage\"},\"datePublished\":\"2023-12-11T10:00:00+00:00\",\"dateModified\":\"2023-12-11T10:00:00+00:00\",\"author\":{\"@id\":\"https:\/\/www.doppelklicker.de\/blog\/#\/schema\/person\/08dcac172bdb025e8ff433488184668a\"},\"breadcrumb\":{\"@id\":\"https:\/\/www.doppelklicker.de\/blog\/oslo-elektrobusse-versagen-bei-eisiger-kaelte\/#breadcrumb\"},\"inLanguage\":\"de-DE\",\"potentialAction\":[{\"@type\":\"ReadAction\",\"target\":[\"https:\/\/www.doppelklicker.de\/blog\/oslo-elektrobusse-versagen-bei-eisiger-kaelte\/\"]}]},{\"@type\":\"BreadcrumbList\",\"@id\":\"https:\/\/www.doppelklicker.de\/blog\/oslo-elektrobusse-versagen-bei-eisiger-kaelte\/#breadcrumb\",\"itemListElement\":[{\"@type\":\"ListItem\",\"position\":1,\"name\":\"Startseite\",\"item\":\"https:\/\/www.doppelklicker.de\/blog\/\"},{\"@type\":\"ListItem\",\"position\":2,\"name\":\"Elektromobilit\u00e4t im Winter: Zuverl\u00e4ssigkeit in Frage gestellt\"}]},{\"@type\":\"Person\",\"@id\":\"https:\/\/www.doppelklicker.de\/blog\/#\/schema\/person\/08dcac172bdb025e8ff433488184668a\",\"name\":\"Iris Martin\",\"image\":{\"@type\":\"ImageObject\",\"@id\":\"https:\/\/www.doppelklicker.de\/blog\/#personlogo\",\"inLanguage\":\"de-DE\",\"url\":\"https:\/\/secure.gravatar.com\/avatar\/82fdaa093be0b9686b531f99fcb54d15?s=96&d=wp_user_avatar&r=g\",\"contentUrl\":\"https:\/\/secure.gravatar.com\/avatar\/82fdaa093be0b9686b531f99fcb54d15?s=96&d=wp_user_avatar&r=g\",\"caption\":\"Iris Martin\"},\"url\":\"https:\/\/www.doppelklicker.de\/blog\/author\/iris-martin\/\"}]}<\/script>\n<!-- \/ Yoast SEO plugin. -->","yoast_head_json":{"robots":{"index":"index","follow":"follow","max-snippet":"max-snippet:-1","max-image-preview":"max-image-preview:large","max-video-preview":"max-video-preview:-1"},"canonical":"https:\/\/www.doppelklicker.de\/blog\/oslo-elektrobusse-versagen-bei-eisiger-kaelte\/","og_locale":"de_DE","og_type":"article","og_title":"Elektromobilit\u00e4t im Winter: Zuverl\u00e4ssigkeit in Frage gestellt","og_description":"Die Elektromobilit\u00e4t in Oslo wird durch die anhaltende K\u00e4ltewelle auf eine harte Probe gestellt, da die Batterien der Elektrobusse bei winterlichen Temperaturen nicht ausreichend funktionieren.","og_url":"https:\/\/www.doppelklicker.de\/blog\/oslo-elektrobusse-versagen-bei-eisiger-kaelte\/","og_site_name":"Aus Mainz.","article_published_time":"2023-12-11T10:00:00+00:00","og_image":[{"width":1280,"height":615,"url":"https:\/\/www.doppelklicker.de\/blog\/wp-content\/uploads\/2023\/12\/elektrobusse-oslo-kaeltewelle-legt-verkehr-lahm-14019.jpg","type":"image\/jpeg"}],"twitter_card":"summary_large_image","twitter_misc":{"Verfasst von":"Iris Martin","Gesch\u00e4tzte Lesezeit":"1 Minute"},"schema":{"@context":"https:\/\/schema.org","@graph":[{"@type":"WebSite","@id":"https:\/\/www.doppelklicker.de\/blog\/#website","url":"https:\/\/www.doppelklicker.de\/blog\/","name":"Aus Mainz.","description":"F\u00fcr die Welt.","potentialAction":[{"@type":"SearchAction","target":{"@type":"EntryPoint","urlTemplate":"https:\/\/www.doppelklicker.de\/blog\/?s={search_term_string}"},"query-input":"required name=search_term_string"}],"inLanguage":"de-DE"},{"@type":"ImageObject","@id":"https:\/\/www.doppelklicker.de\/blog\/oslo-elektrobusse-versagen-bei-eisiger-kaelte\/#primaryimage","inLanguage":"de-DE","url":"https:\/\/www.doppelklicker.de\/blog\/wp-content\/uploads\/2023\/12\/elektrobusse-oslo-kaeltewelle-legt-verkehr-lahm-14019.jpg","contentUrl":"https:\/\/www.doppelklicker.de\/blog\/wp-content\/uploads\/2023\/12\/elektrobusse-oslo-kaeltewelle-legt-verkehr-lahm-14019.jpg","width":1280,"height":615,"caption":"Elektromobilit\u00e4t im Winter: Zuverl\u00e4ssigkeit in Frage gestellt (Foto: AdobeStock - Felix Mizioznikov 530932219)"},{"@type":"WebPage","@id":"https:\/\/www.doppelklicker.de\/blog\/oslo-elektrobusse-versagen-bei-eisiger-kaelte\/#webpage","url":"https:\/\/www.doppelklicker.de\/blog\/oslo-elektrobusse-versagen-bei-eisiger-kaelte\/","name":"Elektromobilit\u00e4t im Winter: Zuverl\u00e4ssigkeit in Frage gestellt","isPartOf":{"@id":"https:\/\/www.doppelklicker.de\/blog\/#website"},"primaryImageOfPage":{"@id":"https:\/\/www.doppelklicker.de\/blog\/oslo-elektrobusse-versagen-bei-eisiger-kaelte\/#primaryimage"},"datePublished":"2023-12-11T10:00:00+00:00","dateModified":"2023-12-11T10:00:00+00:00","author":{"@id":"https:\/\/www.doppelklicker.de\/blog\/#\/schema\/person\/08dcac172bdb025e8ff433488184668a"},"breadcrumb":{"@id":"https:\/\/www.doppelklicker.de\/blog\/oslo-elektrobusse-versagen-bei-eisiger-kaelte\/#breadcrumb"},"inLanguage":"de-DE","potentialAction":[{"@type":"ReadAction","target":["https:\/\/www.doppelklicker.de\/blog\/oslo-elektrobusse-versagen-bei-eisiger-kaelte\/"]}]},{"@type":"BreadcrumbList","@id":"https:\/\/www.doppelklicker.de\/blog\/oslo-elektrobusse-versagen-bei-eisiger-kaelte\/#breadcrumb","itemListElement":[{"@type":"ListItem","position":1,"name":"Startseite","item":"https:\/\/www.doppelklicker.de\/blog\/"},{"@type":"ListItem","position":2,"name":"Elektromobilit\u00e4t im Winter: Zuverl\u00e4ssigkeit in Frage gestellt"}]},{"@type":"Person","@id":"https:\/\/www.doppelklicker.de\/blog\/#\/schema\/person\/08dcac172bdb025e8ff433488184668a","name":"Iris Martin","image":{"@type":"ImageObject","@id":"https:\/\/www.doppelklicker.de\/blog\/#personlogo","inLanguage":"de-DE","url":"https:\/\/secure.gravatar.com\/avatar\/82fdaa093be0b9686b531f99fcb54d15?s=96&d=wp_user_avatar&r=g","contentUrl":"https:\/\/secure.gravatar.com\/avatar\/82fdaa093be0b9686b531f99fcb54d15?s=96&d=wp_user_avatar&r=g","caption":"Iris Martin"},"url":"https:\/\/www.doppelklicker.de\/blog\/author\/iris-martin\/"}]}},"_links":{"self":[{"href":"https:\/\/www.doppelklicker.de\/blog\/wp-json\/wp\/v2\/posts\/6550"}],"collection":[{"href":"https:\/\/www.doppelklicker.de\/blog\/wp-json\/wp\/v2\/posts"}],"about":[{"href":"https:\/\/www.doppelklicker.de\/blog\/wp-json\/wp\/v2\/types\/post"}],"author":[{"embeddable":true,"href":"https:\/\/www.doppelklicker.de\/blog\/wp-json\/wp\/v2\/users\/8"}],"replies":[{"embeddable":true,"href":"https:\/\/www.doppelklicker.de\/blog\/wp-json\/wp\/v2\/comments?post=6550"}],"version-history":[{"count":0,"href":"https:\/\/www.doppelklicker.de\/blog\/wp-json\/wp\/v2\/posts\/6550\/revisions"}],"wp:featuredmedia":[{"embeddable":true,"href":"https:\/\/www.doppelklicker.de\/blog\/wp-json\/wp\/v2\/media\/6551"}],"wp:attachment":[{"href":"https:\/\/www.doppelklicker.de\/blog\/wp-json\/wp\/v2\/media?parent=6550"}],"wp:term":[{"taxonomy":"category","embeddable":true,"href":"https:\/\/www.doppelklicker.de\/blog\/wp-json\/wp\/v2\/categories?post=6550"},{"taxonomy":"post_tag","embeddable":true,"href":"https:\/\/www.doppelklicker.de\/blog\/wp-json\/wp\/v2\/tags?post=6550"}],"curies":[{"name":"wp","href":"https:\/\/api.w.org\/{rel}","templated":true}]}}