{"id":6556,"date":"2023-12-12T09:00:00","date_gmt":"2023-12-12T07:00:00","guid":{"rendered":"guid"},"modified":"2023-12-12T09:00:00","modified_gmt":"2023-12-12T07:00:00","slug":"thueringer-netkom-glasfaser-projekt-nesse-apfelstaedt-gamstaedt","status":"publish","type":"post","link":"https:\/\/www.doppelklicker.de\/blog\/thueringer-netkom-glasfaser-projekt-nesse-apfelstaedt-gamstaedt\/","title":{"rendered":"Glasfaserinfrastruktur durch Th\u00fcringer Netkom bringt Vorteile f\u00fcr die Region"},"content":{"rendered":"<p>Die Th\u00fcringer Netkom hat mit dem symbolischen Spatenstich den Beginn eines neuen Glasfaserprojekts im Landkreis Gotha eingeleitet. In der Gemeinde Nesse-Apfelst\u00e4dt wird ein umfangreiches Glasfasernetz aufgebaut, das sechs Ortsteile miteinander verbindet. Die Investition von rund elf Millionen Euro zeigt das Bestreben der Th\u00fcringer Netkom, eine moderne und leistungsf\u00e4hige Infrastruktur f\u00fcr die lokale Bev\u00f6lkerung zu schaffen und eine schnelle Internetverbindung f\u00fcr Unternehmen und Privatpersonen bereitzustellen.<br \/>\n<!--more--><\/p>\n<div id=\"ez-toc-container\" class=\"ez-toc-v2_0_16 counter-hierarchy\">\n<div class=\"ez-toc-title-container\">\n<p class=\"ez-toc-title\">Inhaltsverzeichnis: Das erwartet Sie in diesem Artikel<\/p>\n<span class=\"ez-toc-title-toggle\"><a class=\"ez-toc-pull-right ez-toc-btn ez-toc-btn-xs ez-toc-btn-default ez-toc-toggle\" style=\"display: none;\"><i class=\"ez-toc-glyphicon ez-toc-icon-toggle\"><\/i><\/a><\/span><\/div>\n<nav><ul class=\"ez-toc-list ez-toc-list-level-1\"><li class=\"ez-toc-page-1 ez-toc-heading-level-2\"><a class=\"ez-toc-link ez-toc-heading-1\" href=\"https:\/\/www.doppelklicker.de\/blog\/thueringer-netkom-glasfaser-projekt-nesse-apfelstaedt-gamstaedt\/#thueringer-netkom-treibt-glasfaserausbau-in-nesse-apfelstaedt-voran\" title=\"Th\u00fcringer Netkom treibt Glasfaserausbau in Nesse-Apfelst\u00e4dt voran\">Th\u00fcringer Netkom treibt Glasfaserausbau in Nesse-Apfelst\u00e4dt voran<\/a><\/li><li class=\"ez-toc-page-1 ez-toc-heading-level-2\"><a class=\"ez-toc-link ez-toc-heading-2\" href=\"https:\/\/www.doppelklicker.de\/blog\/thueringer-netkom-glasfaser-projekt-nesse-apfelstaedt-gamstaedt\/#thueringer-netkom-investiert-in-moderne-infrastruktur-im-landkreis-gotha\" title=\"Th\u00fcringer Netkom investiert in moderne Infrastruktur im Landkreis Gotha\">Th\u00fcringer Netkom investiert in moderne Infrastruktur im Landkreis Gotha<\/a><\/li><li class=\"ez-toc-page-1 ez-toc-heading-level-2\"><a class=\"ez-toc-link ez-toc-heading-3\" href=\"https:\/\/www.doppelklicker.de\/blog\/thueringer-netkom-glasfaser-projekt-nesse-apfelstaedt-gamstaedt\/#thueringer-netkom-schnelle-datenuebertragungen-dank-glasfasernetz\" title=\"Th\u00fcringer Netkom: Schnelle Daten\u00fcbertragungen dank Glasfasernetz\">Th\u00fcringer Netkom: Schnelle Daten\u00fcbertragungen dank Glasfasernetz<\/a><\/li><li class=\"ez-toc-page-1 ez-toc-heading-level-2\"><a class=\"ez-toc-link ez-toc-heading-4\" href=\"https:\/\/www.doppelklicker.de\/blog\/thueringer-netkom-glasfaser-projekt-nesse-apfelstaedt-gamstaedt\/#glasfaserinfrastruktur-staerkt-infrastruktur-des-landkreises-gotha\" title=\"Glasfaserinfrastruktur st\u00e4rkt Infrastruktur des Landkreises Gotha\">Glasfaserinfrastruktur st\u00e4rkt Infrastruktur des Landkreises Gotha<\/a><\/li><\/ul><\/nav><\/div>\n<h2><span class=\"ez-toc-section\" id=\"thueringer-netkom-treibt-glasfaserausbau-in-nesse-apfelstaedt-voran\"><\/span>Th\u00fcringer Netkom treibt Glasfaserausbau in Nesse-Apfelst\u00e4dt voran<span class=\"ez-toc-section-end\"><\/span><\/h2>\n<p>Der Ausbau des Glasfasernetzes in der Gemeinde Nesse-Apfelst\u00e4dt ist ein gro\u00dfer Schritt in Richtung einer modernen und effizienten Kommunikationsinfrastruktur. Rund 3.500 Haushalte werden von der Verlegung von etwa 70 Kilometern Glasfaserleitungen profitieren k\u00f6nnen. Die Th\u00fcringer Netkom tr\u00e4gt die Kosten f\u00fcr das Projekt komplett selbst und zeigt damit ihr starkes Engagement f\u00fcr den Ausbau der Infrastruktur in der Region.<\/p>\n<h2><span class=\"ez-toc-section\" id=\"thueringer-netkom-investiert-in-moderne-infrastruktur-im-landkreis-gotha\"><\/span>Th\u00fcringer Netkom investiert in moderne Infrastruktur im Landkreis Gotha<span class=\"ez-toc-section-end\"><\/span><\/h2>\n<p>Die Th\u00fcringer Netkom treibt den Ausbau der Glasfaserinfrastruktur im Landkreis Gotha voran. Neben dem aktuellen Projekt in der Gemeinde Nesse-Apfelst\u00e4dt sind auch Initiativen in der Gemeinde Nessetal und der Verwaltungsgemeinschaft Nesseaue geplant. Insgesamt werden dadurch \u00fcber 24.000 Haushalte mit Glasfaserdirektanschl\u00fcssen versorgt. Die Investitionssumme f\u00fcr diese Vorhaben bel\u00e4uft sich auf fast 50 Millionen Euro. Die Th\u00fcringer Netkom leistet damit einen wichtigen Beitrag zur Digitalisierung und Zukunftsf\u00e4higkeit der Region.<\/p>\n<h2><span class=\"ez-toc-section\" id=\"thueringer-netkom-schnelle-datenuebertragungen-dank-glasfasernetz\"><\/span>Th\u00fcringer Netkom: Schnelle Daten\u00fcbertragungen dank Glasfasernetz<span class=\"ez-toc-section-end\"><\/span><\/h2>\n<p>Die Th\u00fcringer Netkom ist ein bedeutender Telekommunikationsdienstleister und betreibt ein hochmodernes Glasfasernetz in der Region. Mit einer beeindruckenden L\u00e4nge von \u00fcber 6.600 Kilometern und mehr als 200.000 Faserkilometern verf\u00fcgt das Unternehmen \u00fcber das zweitgr\u00f6\u00dfte Festnetz in Th\u00fcringen. Neben der \u00dcberwachung und Steuerung des Strom- und Erdgasnetzes spielt das Netz eine entscheidende Rolle bei schnellen Daten\u00fcbertragungen. Diese leistungsf\u00e4hige Infrastruktur st\u00e4rkt die Wettbewerbsf\u00e4higkeit der Unternehmen vor Ort und erm\u00f6glicht den Bewohnern einen schnellen Zugang zu modernen Technologien und Dienstleistungen.<\/p>\n<p>Unternehmen, Universit\u00e4ten und Privatkunden k\u00f6nnen von der leistungsstarken Infrastruktur der Th\u00fcringer Netkom profitieren und schnelle Daten\u00fcbertragungen sowie Breitbandanschl\u00fcsse mit Geschwindigkeiten von bis zu einem Gigabit pro Sekunde nutzen.<\/p>\n<h2><span class=\"ez-toc-section\" id=\"glasfaserinfrastruktur-staerkt-infrastruktur-des-landkreises-gotha\"><\/span>Glasfaserinfrastruktur st\u00e4rkt Infrastruktur des Landkreises Gotha<span class=\"ez-toc-section-end\"><\/span><\/h2>\n<p>Der Ausbau der Glasfaserinfrastruktur durch die Th\u00fcringer Netkom erm\u00f6glicht eine schnelle Daten\u00fcbertragung f\u00fcr Unternehmen und Privatpersonen in der Region. Dadurch wird eine stabile und schnelle Internetverbindung gew\u00e4hrleistet, was die wirtschaftliche Entwicklung f\u00f6rdert und den Zugang zu modernen Technologien und Dienstleistungen erleichtert. Die Investition in den Glasfaserausbau zeigt das starke Engagement der Th\u00fcringer Netkom f\u00fcr die Region und st\u00e4rkt die Infrastruktur des Landkreises Gotha.<\/p>\n<p>Mit dem Ausbau der Glasfaserinfrastruktur leistet die Th\u00fcringer Netkom einen enormen Beitrag zur Entwicklung der Region. Die schnelle Daten\u00fcbertragung und die umfangreiche Verf\u00fcgbarkeit von Glasfaserdirektanschl\u00fcssen verbessern die Lebensqualit\u00e4t der Bewohner erheblich und st\u00e4rken die Wettbewerbsf\u00e4higkeit der ans\u00e4ssigen Unternehmen. Die Investitionen der Th\u00fcringer Netkom sind ein wichtiger Schritt in Richtung Digitalisierung und Zukunftsf\u00e4higkeit des Landkreises Gotha.<\/p>\n","protected":false},"excerpt":{"rendered":"<p>Die Th\u00fcringer Netkom hat mit dem symbolischen Spatenstich den Beginn eines neuen Glasfaserprojekts im Landkreis Gotha eingeleitet. In der Gemeinde Nesse-Apfelst\u00e4dt wird ein umfangreiches Glasfasernetz aufgebaut, das sechs Ortsteile miteinander verbindet. Die Investition von rund elf Millionen Euro zeigt das Bestreben der Th\u00fcringer Netkom, eine moderne und leistungsf\u00e4hige Infrastruktur f\u00fcr die lokale Bev\u00f6lkerung zu schaffen<\/p>\n<div class=\"read-more\"><a href=\"https:\/\/www.doppelklicker.de\/blog\/thueringer-netkom-glasfaser-projekt-nesse-apfelstaedt-gamstaedt\/\" title=\"Jetzt alles lesen\">Jetzt alles lesen<\/a><\/div>\n","protected":false},"author":8,"featured_media":6557,"comment_status":"open","ping_status":"open","sticky":false,"template":"","format":"standard","meta":[],"categories":[3305],"tags":[],"yoast_head":"<!-- This site is optimized with the Yoast SEO plugin v18.2 - https:\/\/yoast.com\/wordpress\/plugins\/seo\/ -->\n<meta name=\"robots\" content=\"index, follow, max-snippet:-1, max-image-preview:large, max-video-preview:-1\" \/>\n<link rel=\"canonical\" href=\"https:\/\/www.doppelklicker.de\/blog\/thueringer-netkom-glasfaser-projekt-nesse-apfelstaedt-gamstaedt\/\" \/>\n<meta property=\"og:locale\" content=\"de_DE\" \/>\n<meta property=\"og:type\" content=\"article\" \/>\n<meta property=\"og:title\" content=\"Glasfaserinfrastruktur durch Th\u00fcringer Netkom bringt Vorteile f\u00fcr die Region\" \/>\n<meta property=\"og:description\" content=\"Die Th\u00fcringer Netkom hat mit dem symbolischen Spatenstich den Beginn eines neuen Glasfaserprojekts im Landkreis Gotha eingeleitet. In der Gemeinde Nesse-Apfelst\u00e4dt wird ein umfangreiches Glasfasernetz aufgebaut, das sechs Ortsteile miteinander verbindet. Die Investition von rund elf Millionen Euro zeigt das Bestreben der Th\u00fcringer Netkom, eine moderne und leistungsf\u00e4hige Infrastruktur f\u00fcr die lokale Bev\u00f6lkerung zu schaffenJetzt alles lesen\" \/>\n<meta property=\"og:url\" content=\"https:\/\/www.doppelklicker.de\/blog\/thueringer-netkom-glasfaser-projekt-nesse-apfelstaedt-gamstaedt\/\" \/>\n<meta property=\"og:site_name\" content=\"Aus Mainz.\" \/>\n<meta property=\"article:published_time\" content=\"2023-12-12T07:00:00+00:00\" \/>\n<meta property=\"og:image\" content=\"https:\/\/www.doppelklicker.de\/blog\/wp-content\/uploads\/2023\/12\/thueringer-netkom-startet-glasfaserprojekt-im-landkreis-14186.jpg\" \/>\n\t<meta property=\"og:image:width\" content=\"1280\" \/>\n\t<meta property=\"og:image:height\" content=\"615\" \/>\n\t<meta property=\"og:image:type\" content=\"image\/jpeg\" \/>\n<meta name=\"twitter:card\" content=\"summary_large_image\" \/>\n<meta name=\"twitter:label1\" content=\"Verfasst von\" \/>\n\t<meta name=\"twitter:data1\" content=\"Iris Martin\" \/>\n\t<meta name=\"twitter:label2\" content=\"Gesch\u00e4tzte Lesezeit\" \/>\n\t<meta name=\"twitter:data2\" content=\"2 Minuten\" \/>\n<script type=\"application\/ld+json\" class=\"yoast-schema-graph\">{\"@context\":\"https:\/\/schema.org\",\"@graph\":[{\"@type\":\"WebSite\",\"@id\":\"https:\/\/www.doppelklicker.de\/blog\/#website\",\"url\":\"https:\/\/www.doppelklicker.de\/blog\/\",\"name\":\"Aus Mainz.\",\"description\":\"F\u00fcr die Welt.\",\"potentialAction\":[{\"@type\":\"SearchAction\",\"target\":{\"@type\":\"EntryPoint\",\"urlTemplate\":\"https:\/\/www.doppelklicker.de\/blog\/?s={search_term_string}\"},\"query-input\":\"required name=search_term_string\"}],\"inLanguage\":\"de-DE\"},{\"@type\":\"ImageObject\",\"@id\":\"https:\/\/www.doppelklicker.de\/blog\/thueringer-netkom-glasfaser-projekt-nesse-apfelstaedt-gamstaedt\/#primaryimage\",\"inLanguage\":\"de-DE\",\"url\":\"https:\/\/www.doppelklicker.de\/blog\/wp-content\/uploads\/2023\/12\/thueringer-netkom-startet-glasfaserprojekt-im-landkreis-14186.jpg\",\"contentUrl\":\"https:\/\/www.doppelklicker.de\/blog\/wp-content\/uploads\/2023\/12\/thueringer-netkom-startet-glasfaserprojekt-im-landkreis-14186.jpg\",\"width\":1280,\"height\":615,\"caption\":\"Glasfaserinfrastruktur durch Th\u00fcringer Netkom bringt Vorteile f\u00fcr die Region (Foto: TEAG Th\u00fcringer Energie AG)\"},{\"@type\":\"WebPage\",\"@id\":\"https:\/\/www.doppelklicker.de\/blog\/thueringer-netkom-glasfaser-projekt-nesse-apfelstaedt-gamstaedt\/#webpage\",\"url\":\"https:\/\/www.doppelklicker.de\/blog\/thueringer-netkom-glasfaser-projekt-nesse-apfelstaedt-gamstaedt\/\",\"name\":\"Glasfaserinfrastruktur durch Th\u00fcringer Netkom bringt Vorteile f\u00fcr die Region\",\"isPartOf\":{\"@id\":\"https:\/\/www.doppelklicker.de\/blog\/#website\"},\"primaryImageOfPage\":{\"@id\":\"https:\/\/www.doppelklicker.de\/blog\/thueringer-netkom-glasfaser-projekt-nesse-apfelstaedt-gamstaedt\/#primaryimage\"},\"datePublished\":\"2023-12-12T07:00:00+00:00\",\"dateModified\":\"2023-12-12T07:00:00+00:00\",\"author\":{\"@id\":\"https:\/\/www.doppelklicker.de\/blog\/#\/schema\/person\/08dcac172bdb025e8ff433488184668a\"},\"breadcrumb\":{\"@id\":\"https:\/\/www.doppelklicker.de\/blog\/thueringer-netkom-glasfaser-projekt-nesse-apfelstaedt-gamstaedt\/#breadcrumb\"},\"inLanguage\":\"de-DE\",\"potentialAction\":[{\"@type\":\"ReadAction\",\"target\":[\"https:\/\/www.doppelklicker.de\/blog\/thueringer-netkom-glasfaser-projekt-nesse-apfelstaedt-gamstaedt\/\"]}]},{\"@type\":\"BreadcrumbList\",\"@id\":\"https:\/\/www.doppelklicker.de\/blog\/thueringer-netkom-glasfaser-projekt-nesse-apfelstaedt-gamstaedt\/#breadcrumb\",\"itemListElement\":[{\"@type\":\"ListItem\",\"position\":1,\"name\":\"Startseite\",\"item\":\"https:\/\/www.doppelklicker.de\/blog\/\"},{\"@type\":\"ListItem\",\"position\":2,\"name\":\"Glasfaserinfrastruktur durch Th\u00fcringer Netkom bringt Vorteile f\u00fcr die Region\"}]},{\"@type\":\"Person\",\"@id\":\"https:\/\/www.doppelklicker.de\/blog\/#\/schema\/person\/08dcac172bdb025e8ff433488184668a\",\"name\":\"Iris Martin\",\"image\":{\"@type\":\"ImageObject\",\"@id\":\"https:\/\/www.doppelklicker.de\/blog\/#personlogo\",\"inLanguage\":\"de-DE\",\"url\":\"https:\/\/secure.gravatar.com\/avatar\/82fdaa093be0b9686b531f99fcb54d15?s=96&d=wp_user_avatar&r=g\",\"contentUrl\":\"https:\/\/secure.gravatar.com\/avatar\/82fdaa093be0b9686b531f99fcb54d15?s=96&d=wp_user_avatar&r=g\",\"caption\":\"Iris Martin\"},\"url\":\"https:\/\/www.doppelklicker.de\/blog\/author\/iris-martin\/\"}]}<\/script>\n<!-- \/ Yoast SEO plugin. -->","yoast_head_json":{"robots":{"index":"index","follow":"follow","max-snippet":"max-snippet:-1","max-image-preview":"max-image-preview:large","max-video-preview":"max-video-preview:-1"},"canonical":"https:\/\/www.doppelklicker.de\/blog\/thueringer-netkom-glasfaser-projekt-nesse-apfelstaedt-gamstaedt\/","og_locale":"de_DE","og_type":"article","og_title":"Glasfaserinfrastruktur durch Th\u00fcringer Netkom bringt Vorteile f\u00fcr die Region","og_description":"Die Th\u00fcringer Netkom hat mit dem symbolischen Spatenstich den Beginn eines neuen Glasfaserprojekts im Landkreis Gotha eingeleitet. In der Gemeinde Nesse-Apfelst\u00e4dt wird ein umfangreiches Glasfasernetz aufgebaut, das sechs Ortsteile miteinander verbindet. Die Investition von rund elf Millionen Euro zeigt das Bestreben der Th\u00fcringer Netkom, eine moderne und leistungsf\u00e4hige Infrastruktur f\u00fcr die lokale Bev\u00f6lkerung zu schaffenJetzt alles lesen","og_url":"https:\/\/www.doppelklicker.de\/blog\/thueringer-netkom-glasfaser-projekt-nesse-apfelstaedt-gamstaedt\/","og_site_name":"Aus Mainz.","article_published_time":"2023-12-12T07:00:00+00:00","og_image":[{"width":1280,"height":615,"url":"https:\/\/www.doppelklicker.de\/blog\/wp-content\/uploads\/2023\/12\/thueringer-netkom-startet-glasfaserprojekt-im-landkreis-14186.jpg","type":"image\/jpeg"}],"twitter_card":"summary_large_image","twitter_misc":{"Verfasst von":"Iris Martin","Gesch\u00e4tzte Lesezeit":"2 Minuten"},"schema":{"@context":"https:\/\/schema.org","@graph":[{"@type":"WebSite","@id":"https:\/\/www.doppelklicker.de\/blog\/#website","url":"https:\/\/www.doppelklicker.de\/blog\/","name":"Aus Mainz.","description":"F\u00fcr die Welt.","potentialAction":[{"@type":"SearchAction","target":{"@type":"EntryPoint","urlTemplate":"https:\/\/www.doppelklicker.de\/blog\/?s={search_term_string}"},"query-input":"required name=search_term_string"}],"inLanguage":"de-DE"},{"@type":"ImageObject","@id":"https:\/\/www.doppelklicker.de\/blog\/thueringer-netkom-glasfaser-projekt-nesse-apfelstaedt-gamstaedt\/#primaryimage","inLanguage":"de-DE","url":"https:\/\/www.doppelklicker.de\/blog\/wp-content\/uploads\/2023\/12\/thueringer-netkom-startet-glasfaserprojekt-im-landkreis-14186.jpg","contentUrl":"https:\/\/www.doppelklicker.de\/blog\/wp-content\/uploads\/2023\/12\/thueringer-netkom-startet-glasfaserprojekt-im-landkreis-14186.jpg","width":1280,"height":615,"caption":"Glasfaserinfrastruktur durch Th\u00fcringer Netkom bringt Vorteile f\u00fcr die Region (Foto: TEAG Th\u00fcringer Energie AG)"},{"@type":"WebPage","@id":"https:\/\/www.doppelklicker.de\/blog\/thueringer-netkom-glasfaser-projekt-nesse-apfelstaedt-gamstaedt\/#webpage","url":"https:\/\/www.doppelklicker.de\/blog\/thueringer-netkom-glasfaser-projekt-nesse-apfelstaedt-gamstaedt\/","name":"Glasfaserinfrastruktur durch Th\u00fcringer Netkom bringt Vorteile f\u00fcr die Region","isPartOf":{"@id":"https:\/\/www.doppelklicker.de\/blog\/#website"},"primaryImageOfPage":{"@id":"https:\/\/www.doppelklicker.de\/blog\/thueringer-netkom-glasfaser-projekt-nesse-apfelstaedt-gamstaedt\/#primaryimage"},"datePublished":"2023-12-12T07:00:00+00:00","dateModified":"2023-12-12T07:00:00+00:00","author":{"@id":"https:\/\/www.doppelklicker.de\/blog\/#\/schema\/person\/08dcac172bdb025e8ff433488184668a"},"breadcrumb":{"@id":"https:\/\/www.doppelklicker.de\/blog\/thueringer-netkom-glasfaser-projekt-nesse-apfelstaedt-gamstaedt\/#breadcrumb"},"inLanguage":"de-DE","potentialAction":[{"@type":"ReadAction","target":["https:\/\/www.doppelklicker.de\/blog\/thueringer-netkom-glasfaser-projekt-nesse-apfelstaedt-gamstaedt\/"]}]},{"@type":"BreadcrumbList","@id":"https:\/\/www.doppelklicker.de\/blog\/thueringer-netkom-glasfaser-projekt-nesse-apfelstaedt-gamstaedt\/#breadcrumb","itemListElement":[{"@type":"ListItem","position":1,"name":"Startseite","item":"https:\/\/www.doppelklicker.de\/blog\/"},{"@type":"ListItem","position":2,"name":"Glasfaserinfrastruktur durch Th\u00fcringer Netkom bringt Vorteile f\u00fcr die Region"}]},{"@type":"Person","@id":"https:\/\/www.doppelklicker.de\/blog\/#\/schema\/person\/08dcac172bdb025e8ff433488184668a","name":"Iris Martin","image":{"@type":"ImageObject","@id":"https:\/\/www.doppelklicker.de\/blog\/#personlogo","inLanguage":"de-DE","url":"https:\/\/secure.gravatar.com\/avatar\/82fdaa093be0b9686b531f99fcb54d15?s=96&d=wp_user_avatar&r=g","contentUrl":"https:\/\/secure.gravatar.com\/avatar\/82fdaa093be0b9686b531f99fcb54d15?s=96&d=wp_user_avatar&r=g","caption":"Iris Martin"},"url":"https:\/\/www.doppelklicker.de\/blog\/author\/iris-martin\/"}]}},"_links":{"self":[{"href":"https:\/\/www.doppelklicker.de\/blog\/wp-json\/wp\/v2\/posts\/6556"}],"collection":[{"href":"https:\/\/www.doppelklicker.de\/blog\/wp-json\/wp\/v2\/posts"}],"about":[{"href":"https:\/\/www.doppelklicker.de\/blog\/wp-json\/wp\/v2\/types\/post"}],"author":[{"embeddable":true,"href":"https:\/\/www.doppelklicker.de\/blog\/wp-json\/wp\/v2\/users\/8"}],"replies":[{"embeddable":true,"href":"https:\/\/www.doppelklicker.de\/blog\/wp-json\/wp\/v2\/comments?post=6556"}],"version-history":[{"count":0,"href":"https:\/\/www.doppelklicker.de\/blog\/wp-json\/wp\/v2\/posts\/6556\/revisions"}],"wp:featuredmedia":[{"embeddable":true,"href":"https:\/\/www.doppelklicker.de\/blog\/wp-json\/wp\/v2\/media\/6557"}],"wp:attachment":[{"href":"https:\/\/www.doppelklicker.de\/blog\/wp-json\/wp\/v2\/media?parent=6556"}],"wp:term":[{"taxonomy":"category","embeddable":true,"href":"https:\/\/www.doppelklicker.de\/blog\/wp-json\/wp\/v2\/categories?post=6556"},{"taxonomy":"post_tag","embeddable":true,"href":"https:\/\/www.doppelklicker.de\/blog\/wp-json\/wp\/v2\/tags?post=6556"}],"curies":[{"name":"wp","href":"https:\/\/api.w.org\/{rel}","templated":true}]}}