{"id":6566,"date":"2023-12-11T14:00:00","date_gmt":"2023-12-11T12:00:00","guid":{"rendered":"guid"},"modified":"2023-12-11T14:00:00","modified_gmt":"2023-12-11T12:00:00","slug":"elektro-kombi-der-zukunft-opel-astra","status":"publish","type":"post","link":"https:\/\/www.doppelklicker.de\/blog\/elektro-kombi-der-zukunft-opel-astra\/","title":{"rendered":"Platzwunder mit umweltfreundlicher Performance: Opel Astra Sports Tourer Electric"},"content":{"rendered":"<p>Der Opel Astra Sports Tourer Electric ist ein Pionier auf dem Markt f\u00fcr batterie-elektrische Kombis. Mit seinem emotionalen Design und seiner beeindruckenden Effizienz setzt er neue Ma\u00dfst\u00e4be in seiner Klasse. Er bietet nicht nur lokal emissionsfreies Fahren, sondern auch die praktischen Eigenschaften eines Kombis. Mit einer Reichweite von bis zu 413 km und einer leistungsstarken 54 kWh-Batterie ist er der perfekte Begleiter f\u00fcr umweltbewusste Autofahrer, die auch l\u00e4ngere Strecken problemlos bew\u00e4ltigen m\u00f6chten.<br \/>\n<!--more--><\/p>\n<h2>Geringes Gewicht, starke Performance: Der Astra Sports Tourer Electric<\/h2>\n<p>Der Astra Sports Tourer Electric setzt neue Ma\u00dfst\u00e4be in puncto Gewicht und Leistung. Mit nur rund 1.760 Kilogramm ist er einer der leichtesten Elektro-Kombis auf dem Markt. Diese Leichtigkeit erm\u00f6glicht nicht nur eine hohe Effizienz und Reichweite, sondern auch eine besonders agile Fahrweise. Der Astra Sports Tourer Electric vereint somit Umweltfreundlichkeit, Leistung und Fahrspa\u00df in einem Fahrzeug.<\/p>\n<p>Der Opel Astra Sports Tourer Electric beeindruckt mit einem gro\u00dfz\u00fcgigen Ladevolumen von 516 bis 1.553 Litern, das ausreichend Platz f\u00fcr Gep\u00e4ck oder Arbeitsmaterial bietet. Mit dieser au\u00dfergew\u00f6hnlichen Ladekapazit\u00e4t setzt er neue Ma\u00dfst\u00e4be im Elektro-Kombisegment und erm\u00f6glicht eine komfortable und flexible Nutzung des Fahrzeugs.<\/p>\n<h2>Elektronische Helfer serienm\u00e4\u00dfig im Astra Sports Tourer Electric<\/h2>\n<p>Der Astra Sports Tourer Electric bietet eine umfangreiche Ausstattung an elektronischen Assistenzsystemen, die serienm\u00e4\u00dfig enthalten sind. F\u00fcr zus\u00e4tzlichen Komfort und Sicherheit steht das optionale Intelli-Drive 2.0-System zur Verf\u00fcgung, das mit einem teilautomatischen Spurwechsel-Assistenten und intelligenter Geschwindigkeitsanpassung ausgestattet ist. Damit wird das Fahrerlebnis noch angenehmer und sicherer.<\/p>\n<p>Im Opel Astra Sports Tourer Electric kommt der Fahrer in den Genuss des AGR-zertifizierten ergonomischen Sport-Aktiv-Sitzes, der h\u00f6chsten Komfort bietet. Mit seiner individuellen Anpassbarkeit und optimalen Unterst\u00fctzung reduziert er R\u00fcckenbeschwerden und erm\u00f6glicht eine entspannte Sitzposition. Das volldigitale Pure Panel-Cockpit mit den beiden 10 Zoll gro\u00dfen Displays bietet eine moderne und intuitive Benutzeroberfl\u00e4che, die f\u00fcr eine einfache Bedienung und beste Vernetzungsm\u00f6glichkeiten sorgt.<\/p>\n<h2>Astra Sports Tourer GSe: Elektrische Power kombiniert mit sportlichem Design<\/h2>\n<p>Opel bietet nicht nur den batterie-elektrischen Astra Sports Tourer an, sondern auch andere Antriebsalternativen. Vom hocheffizienten Verbrennungsmotor bis hin zum elektrifizierten Plug-in-Hybrid gibt es f\u00fcr jeden Fahrertyp die passende Option. Das Top-Modell, der Astra Sports Tourer GSe, vereint elektrische Leistung mit einem sportlichen Design.<\/p>\n<p>Der Opel Astra Sports Tourer Electric ist ein herausragender Kombi, der mit seiner umweltfreundlichen Performance, dem geringen Gewicht und der gro\u00dfz\u00fcgigen Ladekapazit\u00e4t neue Standards setzt. Er \u00fcberzeugt durch sein modernes Design und seine technischen Raffinessen.<\/p>\n<p>Mit seinen hochmodernen Fahrerassistenzsystemen und dem innovativen Cockpit ist der Astra Sports Tourer Electric der ideale Begleiter f\u00fcr umweltbewusste und komfortorientierte Fahrer. Zudem \u00fcberzeugt er mit einem attraktiven Preis ab 43.490 Euro, was ein unschlagbares Preis-Leistungs-Verh\u00e4ltnis darstellt.<\/p>\n","protected":false},"excerpt":{"rendered":"<p>Der Opel Astra Sports Tourer Electric ist ein Pionier auf dem Markt f\u00fcr batterie-elektrische Kombis. Mit seinem emotionalen Design und seiner beeindruckenden Effizienz setzt er neue Ma\u00dfst\u00e4be in seiner Klasse. Er bietet nicht nur lokal emissionsfreies Fahren, sondern auch die praktischen Eigenschaften eines Kombis. Mit einer Reichweite von bis zu 413 km und einer leistungsstarken<\/p>\n<div class=\"read-more\"><a href=\"https:\/\/www.doppelklicker.de\/blog\/elektro-kombi-der-zukunft-opel-astra\/\" title=\"Jetzt alles lesen\">Jetzt alles lesen<\/a><\/div>\n","protected":false},"author":8,"featured_media":6567,"comment_status":"open","ping_status":"open","sticky":false,"template":"","format":"standard","meta":[],"categories":[3305],"tags":[],"yoast_head":"<!-- This site is optimized with the Yoast SEO plugin v18.2 - https:\/\/yoast.com\/wordpress\/plugins\/seo\/ -->\n<meta name=\"robots\" content=\"index, follow, max-snippet:-1, max-image-preview:large, max-video-preview:-1\" \/>\n<link rel=\"canonical\" href=\"https:\/\/www.doppelklicker.de\/blog\/elektro-kombi-der-zukunft-opel-astra\/\" \/>\n<meta property=\"og:locale\" content=\"de_DE\" \/>\n<meta property=\"og:type\" content=\"article\" \/>\n<meta property=\"og:title\" content=\"Platzwunder mit umweltfreundlicher Performance: Opel Astra Sports Tourer Electric\" \/>\n<meta property=\"og:description\" content=\"Der Opel Astra Sports Tourer Electric ist ein Pionier auf dem Markt f\u00fcr batterie-elektrische Kombis. Mit seinem emotionalen Design und seiner beeindruckenden Effizienz setzt er neue Ma\u00dfst\u00e4be in seiner Klasse. Er bietet nicht nur lokal emissionsfreies Fahren, sondern auch die praktischen Eigenschaften eines Kombis. Mit einer Reichweite von bis zu 413 km und einer leistungsstarkenJetzt alles lesen\" \/>\n<meta property=\"og:url\" content=\"https:\/\/www.doppelklicker.de\/blog\/elektro-kombi-der-zukunft-opel-astra\/\" \/>\n<meta property=\"og:site_name\" content=\"Aus Mainz.\" \/>\n<meta property=\"article:published_time\" content=\"2023-12-11T12:00:00+00:00\" \/>\n<meta property=\"og:image\" content=\"https:\/\/www.doppelklicker.de\/blog\/wp-content\/uploads\/2023\/12\/opel-astra-sports-tourer-electric-neue-massstab-im-14347.jpg\" \/>\n\t<meta property=\"og:image:width\" content=\"1280\" \/>\n\t<meta property=\"og:image:height\" content=\"615\" \/>\n\t<meta property=\"og:image:type\" content=\"image\/jpeg\" \/>\n<meta name=\"twitter:card\" content=\"summary_large_image\" \/>\n<meta name=\"twitter:label1\" content=\"Verfasst von\" \/>\n\t<meta name=\"twitter:data1\" content=\"Iris Martin\" \/>\n\t<meta name=\"twitter:label2\" content=\"Gesch\u00e4tzte Lesezeit\" \/>\n\t<meta name=\"twitter:data2\" content=\"2 Minuten\" \/>\n<script type=\"application\/ld+json\" class=\"yoast-schema-graph\">{\"@context\":\"https:\/\/schema.org\",\"@graph\":[{\"@type\":\"WebSite\",\"@id\":\"https:\/\/www.doppelklicker.de\/blog\/#website\",\"url\":\"https:\/\/www.doppelklicker.de\/blog\/\",\"name\":\"Aus Mainz.\",\"description\":\"F\u00fcr die Welt.\",\"potentialAction\":[{\"@type\":\"SearchAction\",\"target\":{\"@type\":\"EntryPoint\",\"urlTemplate\":\"https:\/\/www.doppelklicker.de\/blog\/?s={search_term_string}\"},\"query-input\":\"required name=search_term_string\"}],\"inLanguage\":\"de-DE\"},{\"@type\":\"ImageObject\",\"@id\":\"https:\/\/www.doppelklicker.de\/blog\/elektro-kombi-der-zukunft-opel-astra\/#primaryimage\",\"inLanguage\":\"de-DE\",\"url\":\"https:\/\/www.doppelklicker.de\/blog\/wp-content\/uploads\/2023\/12\/opel-astra-sports-tourer-electric-neue-massstab-im-14347.jpg\",\"contentUrl\":\"https:\/\/www.doppelklicker.de\/blog\/wp-content\/uploads\/2023\/12\/opel-astra-sports-tourer-electric-neue-massstab-im-14347.jpg\",\"width\":1280,\"height\":615,\"caption\":\"Platzwunder mit umweltfreundlicher Performance: Opel Astra Sports Tourer Electric (Foto: Opel Automobile GmbH)\"},{\"@type\":\"WebPage\",\"@id\":\"https:\/\/www.doppelklicker.de\/blog\/elektro-kombi-der-zukunft-opel-astra\/#webpage\",\"url\":\"https:\/\/www.doppelklicker.de\/blog\/elektro-kombi-der-zukunft-opel-astra\/\",\"name\":\"Platzwunder mit umweltfreundlicher Performance: Opel Astra Sports Tourer Electric\",\"isPartOf\":{\"@id\":\"https:\/\/www.doppelklicker.de\/blog\/#website\"},\"primaryImageOfPage\":{\"@id\":\"https:\/\/www.doppelklicker.de\/blog\/elektro-kombi-der-zukunft-opel-astra\/#primaryimage\"},\"datePublished\":\"2023-12-11T12:00:00+00:00\",\"dateModified\":\"2023-12-11T12:00:00+00:00\",\"author\":{\"@id\":\"https:\/\/www.doppelklicker.de\/blog\/#\/schema\/person\/08dcac172bdb025e8ff433488184668a\"},\"breadcrumb\":{\"@id\":\"https:\/\/www.doppelklicker.de\/blog\/elektro-kombi-der-zukunft-opel-astra\/#breadcrumb\"},\"inLanguage\":\"de-DE\",\"potentialAction\":[{\"@type\":\"ReadAction\",\"target\":[\"https:\/\/www.doppelklicker.de\/blog\/elektro-kombi-der-zukunft-opel-astra\/\"]}]},{\"@type\":\"BreadcrumbList\",\"@id\":\"https:\/\/www.doppelklicker.de\/blog\/elektro-kombi-der-zukunft-opel-astra\/#breadcrumb\",\"itemListElement\":[{\"@type\":\"ListItem\",\"position\":1,\"name\":\"Startseite\",\"item\":\"https:\/\/www.doppelklicker.de\/blog\/\"},{\"@type\":\"ListItem\",\"position\":2,\"name\":\"Platzwunder mit umweltfreundlicher Performance: Opel Astra Sports Tourer Electric\"}]},{\"@type\":\"Person\",\"@id\":\"https:\/\/www.doppelklicker.de\/blog\/#\/schema\/person\/08dcac172bdb025e8ff433488184668a\",\"name\":\"Iris Martin\",\"image\":{\"@type\":\"ImageObject\",\"@id\":\"https:\/\/www.doppelklicker.de\/blog\/#personlogo\",\"inLanguage\":\"de-DE\",\"url\":\"https:\/\/secure.gravatar.com\/avatar\/82fdaa093be0b9686b531f99fcb54d15?s=96&d=wp_user_avatar&r=g\",\"contentUrl\":\"https:\/\/secure.gravatar.com\/avatar\/82fdaa093be0b9686b531f99fcb54d15?s=96&d=wp_user_avatar&r=g\",\"caption\":\"Iris Martin\"},\"url\":\"https:\/\/www.doppelklicker.de\/blog\/author\/iris-martin\/\"}]}<\/script>\n<!-- \/ Yoast SEO plugin. -->","yoast_head_json":{"robots":{"index":"index","follow":"follow","max-snippet":"max-snippet:-1","max-image-preview":"max-image-preview:large","max-video-preview":"max-video-preview:-1"},"canonical":"https:\/\/www.doppelklicker.de\/blog\/elektro-kombi-der-zukunft-opel-astra\/","og_locale":"de_DE","og_type":"article","og_title":"Platzwunder mit umweltfreundlicher Performance: Opel Astra Sports Tourer Electric","og_description":"Der Opel Astra Sports Tourer Electric ist ein Pionier auf dem Markt f\u00fcr batterie-elektrische Kombis. Mit seinem emotionalen Design und seiner beeindruckenden Effizienz setzt er neue Ma\u00dfst\u00e4be in seiner Klasse. Er bietet nicht nur lokal emissionsfreies Fahren, sondern auch die praktischen Eigenschaften eines Kombis. Mit einer Reichweite von bis zu 413 km und einer leistungsstarkenJetzt alles lesen","og_url":"https:\/\/www.doppelklicker.de\/blog\/elektro-kombi-der-zukunft-opel-astra\/","og_site_name":"Aus Mainz.","article_published_time":"2023-12-11T12:00:00+00:00","og_image":[{"width":1280,"height":615,"url":"https:\/\/www.doppelklicker.de\/blog\/wp-content\/uploads\/2023\/12\/opel-astra-sports-tourer-electric-neue-massstab-im-14347.jpg","type":"image\/jpeg"}],"twitter_card":"summary_large_image","twitter_misc":{"Verfasst von":"Iris Martin","Gesch\u00e4tzte Lesezeit":"2 Minuten"},"schema":{"@context":"https:\/\/schema.org","@graph":[{"@type":"WebSite","@id":"https:\/\/www.doppelklicker.de\/blog\/#website","url":"https:\/\/www.doppelklicker.de\/blog\/","name":"Aus Mainz.","description":"F\u00fcr die Welt.","potentialAction":[{"@type":"SearchAction","target":{"@type":"EntryPoint","urlTemplate":"https:\/\/www.doppelklicker.de\/blog\/?s={search_term_string}"},"query-input":"required name=search_term_string"}],"inLanguage":"de-DE"},{"@type":"ImageObject","@id":"https:\/\/www.doppelklicker.de\/blog\/elektro-kombi-der-zukunft-opel-astra\/#primaryimage","inLanguage":"de-DE","url":"https:\/\/www.doppelklicker.de\/blog\/wp-content\/uploads\/2023\/12\/opel-astra-sports-tourer-electric-neue-massstab-im-14347.jpg","contentUrl":"https:\/\/www.doppelklicker.de\/blog\/wp-content\/uploads\/2023\/12\/opel-astra-sports-tourer-electric-neue-massstab-im-14347.jpg","width":1280,"height":615,"caption":"Platzwunder mit umweltfreundlicher Performance: Opel Astra Sports Tourer Electric (Foto: Opel Automobile GmbH)"},{"@type":"WebPage","@id":"https:\/\/www.doppelklicker.de\/blog\/elektro-kombi-der-zukunft-opel-astra\/#webpage","url":"https:\/\/www.doppelklicker.de\/blog\/elektro-kombi-der-zukunft-opel-astra\/","name":"Platzwunder mit umweltfreundlicher Performance: Opel Astra Sports Tourer Electric","isPartOf":{"@id":"https:\/\/www.doppelklicker.de\/blog\/#website"},"primaryImageOfPage":{"@id":"https:\/\/www.doppelklicker.de\/blog\/elektro-kombi-der-zukunft-opel-astra\/#primaryimage"},"datePublished":"2023-12-11T12:00:00+00:00","dateModified":"2023-12-11T12:00:00+00:00","author":{"@id":"https:\/\/www.doppelklicker.de\/blog\/#\/schema\/person\/08dcac172bdb025e8ff433488184668a"},"breadcrumb":{"@id":"https:\/\/www.doppelklicker.de\/blog\/elektro-kombi-der-zukunft-opel-astra\/#breadcrumb"},"inLanguage":"de-DE","potentialAction":[{"@type":"ReadAction","target":["https:\/\/www.doppelklicker.de\/blog\/elektro-kombi-der-zukunft-opel-astra\/"]}]},{"@type":"BreadcrumbList","@id":"https:\/\/www.doppelklicker.de\/blog\/elektro-kombi-der-zukunft-opel-astra\/#breadcrumb","itemListElement":[{"@type":"ListItem","position":1,"name":"Startseite","item":"https:\/\/www.doppelklicker.de\/blog\/"},{"@type":"ListItem","position":2,"name":"Platzwunder mit umweltfreundlicher Performance: Opel Astra Sports Tourer Electric"}]},{"@type":"Person","@id":"https:\/\/www.doppelklicker.de\/blog\/#\/schema\/person\/08dcac172bdb025e8ff433488184668a","name":"Iris Martin","image":{"@type":"ImageObject","@id":"https:\/\/www.doppelklicker.de\/blog\/#personlogo","inLanguage":"de-DE","url":"https:\/\/secure.gravatar.com\/avatar\/82fdaa093be0b9686b531f99fcb54d15?s=96&d=wp_user_avatar&r=g","contentUrl":"https:\/\/secure.gravatar.com\/avatar\/82fdaa093be0b9686b531f99fcb54d15?s=96&d=wp_user_avatar&r=g","caption":"Iris Martin"},"url":"https:\/\/www.doppelklicker.de\/blog\/author\/iris-martin\/"}]}},"_links":{"self":[{"href":"https:\/\/www.doppelklicker.de\/blog\/wp-json\/wp\/v2\/posts\/6566"}],"collection":[{"href":"https:\/\/www.doppelklicker.de\/blog\/wp-json\/wp\/v2\/posts"}],"about":[{"href":"https:\/\/www.doppelklicker.de\/blog\/wp-json\/wp\/v2\/types\/post"}],"author":[{"embeddable":true,"href":"https:\/\/www.doppelklicker.de\/blog\/wp-json\/wp\/v2\/users\/8"}],"replies":[{"embeddable":true,"href":"https:\/\/www.doppelklicker.de\/blog\/wp-json\/wp\/v2\/comments?post=6566"}],"version-history":[{"count":0,"href":"https:\/\/www.doppelklicker.de\/blog\/wp-json\/wp\/v2\/posts\/6566\/revisions"}],"wp:featuredmedia":[{"embeddable":true,"href":"https:\/\/www.doppelklicker.de\/blog\/wp-json\/wp\/v2\/media\/6567"}],"wp:attachment":[{"href":"https:\/\/www.doppelklicker.de\/blog\/wp-json\/wp\/v2\/media?parent=6566"}],"wp:term":[{"taxonomy":"category","embeddable":true,"href":"https:\/\/www.doppelklicker.de\/blog\/wp-json\/wp\/v2\/categories?post=6566"},{"taxonomy":"post_tag","embeddable":true,"href":"https:\/\/www.doppelklicker.de\/blog\/wp-json\/wp\/v2\/tags?post=6566"}],"curies":[{"name":"wp","href":"https:\/\/api.w.org\/{rel}","templated":true}]}}