{"id":6570,"date":"2023-12-15T08:00:00","date_gmt":"2023-12-15T06:00:00","guid":{"rendered":"guid"},"modified":"2023-12-15T08:00:00","modified_gmt":"2023-12-15T06:00:00","slug":"kleinwagen-bestseller-opel-corsa","status":"publish","type":"post","link":"https:\/\/www.doppelklicker.de\/blog\/kleinwagen-bestseller-opel-corsa\/","title":{"rendered":"Opel Corsa: Winter- und Weihnachtsmotiv l\u00e4utet Vorweihnachtszeit ein"},"content":{"rendered":"<p>Mit einem besonderen Winter- und Weihnachtsmotiv l\u00e4utet Opel die Vorweihnachtszeit ein und pr\u00e4sentiert den neuen Opel Corsa. Das schneewei\u00dfe und festlich-bunte Bild verweist auf die erfolgreiche Einf\u00fchrungskampagne &#8222;Yes, of Corsa&#8220;, die in Zusammenarbeit mit der Kreativagentur Jung von Matt entwickelt wurde. Die Kampagne beeindruckt mit einem eing\u00e4ngigen Soundtrack und Sequenzen im Kino-Style. Sie beantwortet Fragen zur Reichweite, Ladezeit und Fahrspa\u00df des Corsa mit einem klaren &#8222;Yes, of Corsa!&#8220;. Opel setzt damit ein starkes Statement f\u00fcr den neuen Corsa und dessen beeindruckende Features.<br \/>\n<!--more--><\/p>\n<div id=\"ez-toc-container\" class=\"ez-toc-v2_0_16 counter-hierarchy\">\n<div class=\"ez-toc-title-container\">\n<p class=\"ez-toc-title\">Inhaltsverzeichnis: Das erwartet Sie in diesem Artikel<\/p>\n<span class=\"ez-toc-title-toggle\"><a class=\"ez-toc-pull-right ez-toc-btn ez-toc-btn-xs ez-toc-btn-default ez-toc-toggle\" style=\"display: none;\"><i class=\"ez-toc-glyphicon ez-toc-icon-toggle\"><\/i><\/a><\/span><\/div>\n<nav><ul class=\"ez-toc-list ez-toc-list-level-1\"><li class=\"ez-toc-page-1 ez-toc-heading-level-2\"><a class=\"ez-toc-link ez-toc-heading-1\" href=\"https:\/\/www.doppelklicker.de\/blog\/kleinwagen-bestseller-opel-corsa\/#hocheffiziente-antriebe-der-neue-opel-corsa-im-fokus\" title=\"Hocheffiziente Antriebe: Der neue Opel Corsa im Fokus\">Hocheffiziente Antriebe: Der neue Opel Corsa im Fokus<\/a><\/li><li class=\"ez-toc-page-1 ez-toc-heading-level-2\"><a class=\"ez-toc-link ez-toc-heading-2\" href=\"https:\/\/www.doppelklicker.de\/blog\/kleinwagen-bestseller-opel-corsa\/#mehr-effizienz-und-weniger-kraftstoffverbrauch-corsa-mit-hybrid-technologie\" title=\"Mehr Effizienz und weniger Kraftstoffverbrauch: Corsa mit Hybrid-Technologie\">Mehr Effizienz und weniger Kraftstoffverbrauch: Corsa mit Hybrid-Technologie<\/a><\/li><li class=\"ez-toc-page-1 ez-toc-heading-level-2\"><a class=\"ez-toc-link ez-toc-heading-3\" href=\"https:\/\/www.doppelklicker.de\/blog\/kleinwagen-bestseller-opel-corsa\/#der-corsa-ueberzeugt-mit-moderner-technologie-und-komfortabler-ausstattung\" title=\"Der Corsa \u00fcberzeugt mit moderner Technologie und komfortabler Ausstattung\">Der Corsa \u00fcberzeugt mit moderner Technologie und komfortabler Ausstattung<\/a><\/li><li class=\"ez-toc-page-1 ez-toc-heading-level-2\"><a class=\"ez-toc-link ez-toc-heading-4\" href=\"https:\/\/www.doppelklicker.de\/blog\/kleinwagen-bestseller-opel-corsa\/#opel-corsa-weltweit-beliebter-kleinwagen-mit-ueber-145-millionen-verkaeufen\" title=\"Opel Corsa: Weltweit beliebter Kleinwagen mit \u00fcber 14,5 Millionen Verk\u00e4ufen\">Opel Corsa: Weltweit beliebter Kleinwagen mit \u00fcber 14,5 Millionen Verk\u00e4ufen<\/a><\/li><\/ul><\/nav><\/div>\n<h2><span class=\"ez-toc-section\" id=\"hocheffiziente-antriebe-der-neue-opel-corsa-im-fokus\"><\/span>Hocheffiziente Antriebe: Der neue Opel Corsa im Fokus<span class=\"ez-toc-section-end\"><\/span><\/h2>\n<p>Der Opel Corsa \u00fcberzeugt mit einer au\u00dfergew\u00f6hnlichen Auswahl an Antriebsalternativen. Neben den batterieelektrischen Varianten stehen auch effiziente Verbrennungsmotoren und bald erh\u00e4ltliche Hybridmodelle mit 48-Volt-Technologie zur Verf\u00fcgung. Mit seinem neuen Elektromotor bietet der Corsa beeindruckende Leistungen von 115 kW\/156 PS und 260 Newtonmetern Drehmoment. Schon beim ersten Tritt auf das Gaspedal sp\u00fcrt man die beeindruckende Power dieses Fahrzeugs. Der Opel Corsa ist somit die perfekte Wahl f\u00fcr Fahrer, die Leistung und Vielseitigkeit sch\u00e4tzen.<\/p>\n<p>Mit einer gro\u00dfz\u00fcgigen 51 kWh-Batterie ausgestattet, bietet der Opel Corsa eine beeindruckende Reichweite von bis zu 405 Kilometern nach dem WLTP-Standard. Diese Reichweite erm\u00f6glicht es dem Corsa, lokal emissionsfrei zu fahren und somit einen Beitrag zur Reduzierung der Umweltbelastung zu leisten. Dar\u00fcber hinaus ist der Corsa mit einer 100 kW-Gleichstrom-Schnelllades\u00e4ule kompatibel, die es erm\u00f6glicht, die Batterie in weniger als 30 Minuten auf bis zu 80 Prozent aufzuladen.<\/p>\n<h2><span class=\"ez-toc-section\" id=\"mehr-effizienz-und-weniger-kraftstoffverbrauch-corsa-mit-hybrid-technologie\"><\/span>Mehr Effizienz und weniger Kraftstoffverbrauch: Corsa mit Hybrid-Technologie<span class=\"ez-toc-section-end\"><\/span><\/h2>\n<p>Eine weitere elektrifizierte Variante des Opel Corsa ist der Corsa mit 48-Volt-Hybrid-Technologie. Im Vergleich zum nicht-elektrifizierten Corsa 1.2 mit Achtstufen-Automatik erm\u00f6glicht der Corsa Hybrid eine Einsparung von knapp einem Liter Kraftstoff auf 100 Kilometer, was einer Reduzierung von rund 15 Prozent entspricht. Durch diese Effizienzsteigerung werden auch die CO2-Emissionen reduziert.<\/p>\n<h2><span class=\"ez-toc-section\" id=\"der-corsa-ueberzeugt-mit-moderner-technologie-und-komfortabler-ausstattung\"><\/span>Der Corsa \u00fcberzeugt mit moderner Technologie und komfortabler Ausstattung<span class=\"ez-toc-section-end\"><\/span><\/h2>\n<p>Der Corsa besticht durch seine technologischen Innovationen und seine umfangreiche Ausstattung. Das Intelli-Lux LED Matrix Licht mit 14 individuell ansteuerbaren LED-Elementen sorgt f\u00fcr eine exzellente Ausleuchtung der Stra\u00dfe und erh\u00f6ht die Sicherheit bei Nacht. Zus\u00e4tzlich bietet der Corsa eine Vielzahl moderner Fahrerassistenzsysteme, die den Fahrer unterst\u00fctzen und das Fahrerlebnis verbessern. Das hochmoderne Infotainment-System der neuesten Generation erm\u00f6glicht eine nahtlose Integration von Smartphones und bietet eine Vielzahl von Unterhaltungsoptionen. Die komfortablen Sitze mit Massagefunktion sorgen f\u00fcr ein entspanntes Fahrerlebnis.<\/p>\n<h2><span class=\"ez-toc-section\" id=\"opel-corsa-weltweit-beliebter-kleinwagen-mit-ueber-145-millionen-verkaeufen\"><\/span>Opel Corsa: Weltweit beliebter Kleinwagen mit \u00fcber 14,5 Millionen Verk\u00e4ufen<span class=\"ez-toc-section-end\"><\/span><\/h2>\n<p>Seit seiner Einf\u00fchrung im Jahr 1982 hat sich der Opel Corsa als echter Erfolg erwiesen. Mit \u00fcber 14,5 Millionen verkauften Einheiten geh\u00f6rt er zu den meistverkauften Kleinwagen weltweit. Seine langj\u00e4hrige Pr\u00e4senz auf dem Markt und seine hohe Nachfrage sind ein Zeichen f\u00fcr seine Qualit\u00e4t, Langlebigkeit und Beliebtheit bei den Kunden.<\/p>\n<p>Der Opel Corsa hat in den Jahren 2021 und 2022 den Titel des meistverkauften Kleinwagens in Deutschland und Gro\u00dfbritannien errungen und zeigt deutliche Anzeichen daf\u00fcr, dass er diesen Erfolg auch im Jahr 2023 wiederholen wird. Dieser Erfolg ist auf die au\u00dfergew\u00f6hnliche Vielfalt an Antriebsalternativen, die starke Leistung und die hochmoderne Technologie zur\u00fcckzuf\u00fchren, die der Corsa bietet. Der Corsa hat sich als verl\u00e4ssliche und beliebte Wahl in der Kleinwagenklasse etabliert.<\/p>\n<p>Der Opel Corsa beeindruckt durch seine breite Palette an Antriebsalternativen, die f\u00fcr jeden Fahrertyp die passende L\u00f6sung bietet. Mit seinen leistungsstarken Motoren, der hohen Effizienz und modernster Technologie ist der Corsa nicht nur umweltfreundlich, sondern auch fahrspa\u00dforientiert. Egal, ob Sie sich f\u00fcr einen batterieelektrischen, verbrennungsmotorischen oder Hybridantrieb entscheiden, der Corsa bietet Ihnen eine vielseitige Auswahl, die Ihren individuellen Bed\u00fcrfnissen gerecht wird.<\/p>\n<p>Der Opel Corsa zeichnet sich durch sein einzigartiges Design aus, das durch seine charakteristischen Linien und Formen eine markante Erscheinung bietet. Dar\u00fcber hinaus bietet er eine umfangreiche Ausstattung, die den Fahrkomfort und die Sicherheit erh\u00f6ht. Mit seinem erfolgreichen Marketingkonzept hat der Corsa eine f\u00fchrende Position in der Kleinwagenklasse erreicht und setzt somit neue Standards. Dank seines ansprechenden Designs, seiner hochwertigen Ausstattung und seines erfolgreichen Marketings ist der Corsa eine ausgezeichnete Wahl f\u00fcr anspruchsvolle Fahrer, die einen stilvollen und zuverl\u00e4ssigen Kleinwagen suchen.<\/p>\n","protected":false},"excerpt":{"rendered":"<p>Mit einem besonderen Winter- und Weihnachtsmotiv l\u00e4utet Opel die Vorweihnachtszeit ein und pr\u00e4sentiert den neuen Opel Corsa. Das schneewei\u00dfe und festlich-bunte Bild verweist auf die erfolgreiche Einf\u00fchrungskampagne &#8222;Yes, of Corsa&#8220;, die in Zusammenarbeit mit der Kreativagentur Jung von Matt entwickelt wurde. Die Kampagne beeindruckt mit einem eing\u00e4ngigen Soundtrack und Sequenzen im Kino-Style. Sie beantwortet Fragen<\/p>\n<div class=\"read-more\"><a href=\"https:\/\/www.doppelklicker.de\/blog\/kleinwagen-bestseller-opel-corsa\/\" title=\"Jetzt alles lesen\">Jetzt alles lesen<\/a><\/div>\n","protected":false},"author":8,"featured_media":6571,"comment_status":"open","ping_status":"open","sticky":false,"template":"","format":"standard","meta":[],"categories":[3305],"tags":[],"yoast_head":"<!-- This site is optimized with the Yoast SEO plugin v18.2 - https:\/\/yoast.com\/wordpress\/plugins\/seo\/ -->\n<meta name=\"robots\" content=\"index, follow, max-snippet:-1, max-image-preview:large, max-video-preview:-1\" \/>\n<link rel=\"canonical\" href=\"https:\/\/www.doppelklicker.de\/blog\/kleinwagen-bestseller-opel-corsa\/\" \/>\n<meta property=\"og:locale\" content=\"de_DE\" \/>\n<meta property=\"og:type\" content=\"article\" \/>\n<meta property=\"og:title\" content=\"Opel Corsa: Winter- und Weihnachtsmotiv l\u00e4utet Vorweihnachtszeit ein\" \/>\n<meta property=\"og:description\" content=\"Mit einem besonderen Winter- und Weihnachtsmotiv l\u00e4utet Opel die Vorweihnachtszeit ein und pr\u00e4sentiert den neuen Opel Corsa. Das schneewei\u00dfe und festlich-bunte Bild verweist auf die erfolgreiche Einf\u00fchrungskampagne &#8222;Yes, of Corsa&#8220;, die in Zusammenarbeit mit der Kreativagentur Jung von Matt entwickelt wurde. Die Kampagne beeindruckt mit einem eing\u00e4ngigen Soundtrack und Sequenzen im Kino-Style. Sie beantwortet FragenJetzt alles lesen\" \/>\n<meta property=\"og:url\" content=\"https:\/\/www.doppelklicker.de\/blog\/kleinwagen-bestseller-opel-corsa\/\" \/>\n<meta property=\"og:site_name\" content=\"Aus Mainz.\" \/>\n<meta property=\"article:published_time\" content=\"2023-12-15T06:00:00+00:00\" \/>\n<meta property=\"og:image\" content=\"https:\/\/www.doppelklicker.de\/blog\/wp-content\/uploads\/2023\/12\/ueberschrift-14455.jpg\" \/>\n\t<meta property=\"og:image:width\" content=\"1280\" \/>\n\t<meta property=\"og:image:height\" content=\"615\" \/>\n\t<meta property=\"og:image:type\" content=\"image\/jpeg\" \/>\n<meta name=\"twitter:card\" content=\"summary_large_image\" \/>\n<meta name=\"twitter:label1\" content=\"Verfasst von\" \/>\n\t<meta name=\"twitter:data1\" content=\"Iris Martin\" \/>\n\t<meta name=\"twitter:label2\" content=\"Gesch\u00e4tzte Lesezeit\" \/>\n\t<meta name=\"twitter:data2\" content=\"3 Minuten\" \/>\n<script type=\"application\/ld+json\" class=\"yoast-schema-graph\">{\"@context\":\"https:\/\/schema.org\",\"@graph\":[{\"@type\":\"WebSite\",\"@id\":\"https:\/\/www.doppelklicker.de\/blog\/#website\",\"url\":\"https:\/\/www.doppelklicker.de\/blog\/\",\"name\":\"Aus Mainz.\",\"description\":\"F\u00fcr die Welt.\",\"potentialAction\":[{\"@type\":\"SearchAction\",\"target\":{\"@type\":\"EntryPoint\",\"urlTemplate\":\"https:\/\/www.doppelklicker.de\/blog\/?s={search_term_string}\"},\"query-input\":\"required name=search_term_string\"}],\"inLanguage\":\"de-DE\"},{\"@type\":\"ImageObject\",\"@id\":\"https:\/\/www.doppelklicker.de\/blog\/kleinwagen-bestseller-opel-corsa\/#primaryimage\",\"inLanguage\":\"de-DE\",\"url\":\"https:\/\/www.doppelklicker.de\/blog\/wp-content\/uploads\/2023\/12\/ueberschrift-14455.jpg\",\"contentUrl\":\"https:\/\/www.doppelklicker.de\/blog\/wp-content\/uploads\/2023\/12\/ueberschrift-14455.jpg\",\"width\":1280,\"height\":615,\"caption\":\"Opel Corsa: Winter- und Weihnachtsmotiv l\u00e4utet Vorweihnachtszeit ein (Foto: Opel Automobile GmbH)\"},{\"@type\":\"WebPage\",\"@id\":\"https:\/\/www.doppelklicker.de\/blog\/kleinwagen-bestseller-opel-corsa\/#webpage\",\"url\":\"https:\/\/www.doppelklicker.de\/blog\/kleinwagen-bestseller-opel-corsa\/\",\"name\":\"Opel Corsa: Winter- und Weihnachtsmotiv l\u00e4utet Vorweihnachtszeit ein\",\"isPartOf\":{\"@id\":\"https:\/\/www.doppelklicker.de\/blog\/#website\"},\"primaryImageOfPage\":{\"@id\":\"https:\/\/www.doppelklicker.de\/blog\/kleinwagen-bestseller-opel-corsa\/#primaryimage\"},\"datePublished\":\"2023-12-15T06:00:00+00:00\",\"dateModified\":\"2023-12-15T06:00:00+00:00\",\"author\":{\"@id\":\"https:\/\/www.doppelklicker.de\/blog\/#\/schema\/person\/08dcac172bdb025e8ff433488184668a\"},\"breadcrumb\":{\"@id\":\"https:\/\/www.doppelklicker.de\/blog\/kleinwagen-bestseller-opel-corsa\/#breadcrumb\"},\"inLanguage\":\"de-DE\",\"potentialAction\":[{\"@type\":\"ReadAction\",\"target\":[\"https:\/\/www.doppelklicker.de\/blog\/kleinwagen-bestseller-opel-corsa\/\"]}]},{\"@type\":\"BreadcrumbList\",\"@id\":\"https:\/\/www.doppelklicker.de\/blog\/kleinwagen-bestseller-opel-corsa\/#breadcrumb\",\"itemListElement\":[{\"@type\":\"ListItem\",\"position\":1,\"name\":\"Startseite\",\"item\":\"https:\/\/www.doppelklicker.de\/blog\/\"},{\"@type\":\"ListItem\",\"position\":2,\"name\":\"Opel Corsa: Winter- und Weihnachtsmotiv l\u00e4utet Vorweihnachtszeit ein\"}]},{\"@type\":\"Person\",\"@id\":\"https:\/\/www.doppelklicker.de\/blog\/#\/schema\/person\/08dcac172bdb025e8ff433488184668a\",\"name\":\"Iris Martin\",\"image\":{\"@type\":\"ImageObject\",\"@id\":\"https:\/\/www.doppelklicker.de\/blog\/#personlogo\",\"inLanguage\":\"de-DE\",\"url\":\"https:\/\/secure.gravatar.com\/avatar\/82fdaa093be0b9686b531f99fcb54d15?s=96&d=wp_user_avatar&r=g\",\"contentUrl\":\"https:\/\/secure.gravatar.com\/avatar\/82fdaa093be0b9686b531f99fcb54d15?s=96&d=wp_user_avatar&r=g\",\"caption\":\"Iris Martin\"},\"url\":\"https:\/\/www.doppelklicker.de\/blog\/author\/iris-martin\/\"}]}<\/script>\n<!-- \/ Yoast SEO plugin. -->","yoast_head_json":{"robots":{"index":"index","follow":"follow","max-snippet":"max-snippet:-1","max-image-preview":"max-image-preview:large","max-video-preview":"max-video-preview:-1"},"canonical":"https:\/\/www.doppelklicker.de\/blog\/kleinwagen-bestseller-opel-corsa\/","og_locale":"de_DE","og_type":"article","og_title":"Opel Corsa: Winter- und Weihnachtsmotiv l\u00e4utet Vorweihnachtszeit ein","og_description":"Mit einem besonderen Winter- und Weihnachtsmotiv l\u00e4utet Opel die Vorweihnachtszeit ein und pr\u00e4sentiert den neuen Opel Corsa. Das schneewei\u00dfe und festlich-bunte Bild verweist auf die erfolgreiche Einf\u00fchrungskampagne &#8222;Yes, of Corsa&#8220;, die in Zusammenarbeit mit der Kreativagentur Jung von Matt entwickelt wurde. Die Kampagne beeindruckt mit einem eing\u00e4ngigen Soundtrack und Sequenzen im Kino-Style. Sie beantwortet FragenJetzt alles lesen","og_url":"https:\/\/www.doppelklicker.de\/blog\/kleinwagen-bestseller-opel-corsa\/","og_site_name":"Aus Mainz.","article_published_time":"2023-12-15T06:00:00+00:00","og_image":[{"width":1280,"height":615,"url":"https:\/\/www.doppelklicker.de\/blog\/wp-content\/uploads\/2023\/12\/ueberschrift-14455.jpg","type":"image\/jpeg"}],"twitter_card":"summary_large_image","twitter_misc":{"Verfasst von":"Iris Martin","Gesch\u00e4tzte Lesezeit":"3 Minuten"},"schema":{"@context":"https:\/\/schema.org","@graph":[{"@type":"WebSite","@id":"https:\/\/www.doppelklicker.de\/blog\/#website","url":"https:\/\/www.doppelklicker.de\/blog\/","name":"Aus Mainz.","description":"F\u00fcr die Welt.","potentialAction":[{"@type":"SearchAction","target":{"@type":"EntryPoint","urlTemplate":"https:\/\/www.doppelklicker.de\/blog\/?s={search_term_string}"},"query-input":"required name=search_term_string"}],"inLanguage":"de-DE"},{"@type":"ImageObject","@id":"https:\/\/www.doppelklicker.de\/blog\/kleinwagen-bestseller-opel-corsa\/#primaryimage","inLanguage":"de-DE","url":"https:\/\/www.doppelklicker.de\/blog\/wp-content\/uploads\/2023\/12\/ueberschrift-14455.jpg","contentUrl":"https:\/\/www.doppelklicker.de\/blog\/wp-content\/uploads\/2023\/12\/ueberschrift-14455.jpg","width":1280,"height":615,"caption":"Opel Corsa: Winter- und Weihnachtsmotiv l\u00e4utet Vorweihnachtszeit ein (Foto: Opel Automobile GmbH)"},{"@type":"WebPage","@id":"https:\/\/www.doppelklicker.de\/blog\/kleinwagen-bestseller-opel-corsa\/#webpage","url":"https:\/\/www.doppelklicker.de\/blog\/kleinwagen-bestseller-opel-corsa\/","name":"Opel Corsa: Winter- und Weihnachtsmotiv l\u00e4utet Vorweihnachtszeit ein","isPartOf":{"@id":"https:\/\/www.doppelklicker.de\/blog\/#website"},"primaryImageOfPage":{"@id":"https:\/\/www.doppelklicker.de\/blog\/kleinwagen-bestseller-opel-corsa\/#primaryimage"},"datePublished":"2023-12-15T06:00:00+00:00","dateModified":"2023-12-15T06:00:00+00:00","author":{"@id":"https:\/\/www.doppelklicker.de\/blog\/#\/schema\/person\/08dcac172bdb025e8ff433488184668a"},"breadcrumb":{"@id":"https:\/\/www.doppelklicker.de\/blog\/kleinwagen-bestseller-opel-corsa\/#breadcrumb"},"inLanguage":"de-DE","potentialAction":[{"@type":"ReadAction","target":["https:\/\/www.doppelklicker.de\/blog\/kleinwagen-bestseller-opel-corsa\/"]}]},{"@type":"BreadcrumbList","@id":"https:\/\/www.doppelklicker.de\/blog\/kleinwagen-bestseller-opel-corsa\/#breadcrumb","itemListElement":[{"@type":"ListItem","position":1,"name":"Startseite","item":"https:\/\/www.doppelklicker.de\/blog\/"},{"@type":"ListItem","position":2,"name":"Opel Corsa: Winter- und Weihnachtsmotiv l\u00e4utet Vorweihnachtszeit ein"}]},{"@type":"Person","@id":"https:\/\/www.doppelklicker.de\/blog\/#\/schema\/person\/08dcac172bdb025e8ff433488184668a","name":"Iris Martin","image":{"@type":"ImageObject","@id":"https:\/\/www.doppelklicker.de\/blog\/#personlogo","inLanguage":"de-DE","url":"https:\/\/secure.gravatar.com\/avatar\/82fdaa093be0b9686b531f99fcb54d15?s=96&d=wp_user_avatar&r=g","contentUrl":"https:\/\/secure.gravatar.com\/avatar\/82fdaa093be0b9686b531f99fcb54d15?s=96&d=wp_user_avatar&r=g","caption":"Iris Martin"},"url":"https:\/\/www.doppelklicker.de\/blog\/author\/iris-martin\/"}]}},"_links":{"self":[{"href":"https:\/\/www.doppelklicker.de\/blog\/wp-json\/wp\/v2\/posts\/6570"}],"collection":[{"href":"https:\/\/www.doppelklicker.de\/blog\/wp-json\/wp\/v2\/posts"}],"about":[{"href":"https:\/\/www.doppelklicker.de\/blog\/wp-json\/wp\/v2\/types\/post"}],"author":[{"embeddable":true,"href":"https:\/\/www.doppelklicker.de\/blog\/wp-json\/wp\/v2\/users\/8"}],"replies":[{"embeddable":true,"href":"https:\/\/www.doppelklicker.de\/blog\/wp-json\/wp\/v2\/comments?post=6570"}],"version-history":[{"count":0,"href":"https:\/\/www.doppelklicker.de\/blog\/wp-json\/wp\/v2\/posts\/6570\/revisions"}],"wp:featuredmedia":[{"embeddable":true,"href":"https:\/\/www.doppelklicker.de\/blog\/wp-json\/wp\/v2\/media\/6571"}],"wp:attachment":[{"href":"https:\/\/www.doppelklicker.de\/blog\/wp-json\/wp\/v2\/media?parent=6570"}],"wp:term":[{"taxonomy":"category","embeddable":true,"href":"https:\/\/www.doppelklicker.de\/blog\/wp-json\/wp\/v2\/categories?post=6570"},{"taxonomy":"post_tag","embeddable":true,"href":"https:\/\/www.doppelklicker.de\/blog\/wp-json\/wp\/v2\/tags?post=6570"}],"curies":[{"name":"wp","href":"https:\/\/api.w.org\/{rel}","templated":true}]}}