{"id":6576,"date":"2023-10-30T12:00:00","date_gmt":"2023-10-30T10:00:00","guid":{"rendered":"guid"},"modified":"2023-10-30T12:00:00","modified_gmt":"2023-10-30T10:00:00","slug":"adac-opel-electric-rally-cup-calle-carlberg-gewinnt","status":"publish","type":"post","link":"https:\/\/www.doppelklicker.de\/blog\/adac-opel-electric-rally-cup-calle-carlberg-gewinnt\/","title":{"rendered":"Schwede Calle Carlberg kr\u00f6nt sich zum Meister im ADAC Opel Electric Rally Cup"},"content":{"rendered":"<p>Bei der Central European Rally in Passau, Deutschland, konnte der schwedische Rallyefahrer Calle Carlberg im Opel Corsa Rally Electric den zweiten Platz erringen und sich somit den Titel im ADAC Opel Electric Rally Cup &#8222;powered by GSe&#8220; sichern. Dieser Erfolg wurde vor einer imposanten Kulisse von 125.000 Zuschauern gefeiert. Carlberg zeigte eine souver\u00e4ne Leistung und bewies sein K\u00f6nnen in der weltweit ersten elektrischen Rallye-Markenpokalserie.<br \/>\n<!--more--><\/p>\n<div id=\"ez-toc-container\" class=\"ez-toc-v2_0_16 counter-hierarchy\">\n<div class=\"ez-toc-title-container\">\n<p class=\"ez-toc-title\">Inhaltsverzeichnis: Das erwartet Sie in diesem Artikel<\/p>\n<span class=\"ez-toc-title-toggle\"><a class=\"ez-toc-pull-right ez-toc-btn ez-toc-btn-xs ez-toc-btn-default ez-toc-toggle\" style=\"display: none;\"><i class=\"ez-toc-glyphicon ez-toc-icon-toggle\"><\/i><\/a><\/span><\/div>\n<nav><ul class=\"ez-toc-list ez-toc-list-level-1\"><li class=\"ez-toc-page-1 ez-toc-heading-level-2\"><a class=\"ez-toc-link ez-toc-heading-1\" href=\"https:\/\/www.doppelklicker.de\/blog\/adac-opel-electric-rally-cup-calle-carlberg-gewinnt\/#schwedischer-rallye-champion-trotz-enormem-druck\" title=\"Schwedischer Rallye-Champion trotz enormem Druck\">Schwedischer Rallye-Champion trotz enormem Druck<\/a><\/li><li class=\"ez-toc-page-1 ez-toc-heading-level-2\"><a class=\"ez-toc-link ez-toc-heading-2\" href=\"https:\/\/www.doppelklicker.de\/blog\/adac-opel-electric-rally-cup-calle-carlberg-gewinnt\/#calle-carlberg-qualifiziert-sich-fuer-das-adac-opel-rally-junior-team\" title=\"Calle Carlberg qualifiziert sich f\u00fcr das ADAC Opel Rally Junior Team\">Calle Carlberg qualifiziert sich f\u00fcr das ADAC Opel Rally Junior Team<\/a><\/li><li class=\"ez-toc-page-1 ez-toc-heading-level-2\"><a class=\"ez-toc-link ez-toc-heading-3\" href=\"https:\/\/www.doppelklicker.de\/blog\/adac-opel-electric-rally-cup-calle-carlberg-gewinnt\/#schwerer-start-fuer-max-reiter-dennoch-beeindruckende-aufholjagd\" title=\"Schwerer Start f\u00fcr Max Reiter &#8211; dennoch beeindruckende Aufholjagd\">Schwerer Start f\u00fcr Max Reiter &#8211; dennoch beeindruckende Aufholjagd<\/a><\/li><li class=\"ez-toc-page-1 ez-toc-heading-level-2\"><a class=\"ez-toc-link ez-toc-heading-4\" href=\"https:\/\/www.doppelklicker.de\/blog\/adac-opel-electric-rally-cup-calle-carlberg-gewinnt\/#luca-proeglhoef-gewinnt-ersten-adac-opel-electric-rally-cup\" title=\"Luca Pr\u00f6glh\u00f6f gewinnt ersten ADAC Opel Electric Rally Cup\">Luca Pr\u00f6glh\u00f6f gewinnt ersten ADAC Opel Electric Rally Cup<\/a><\/li><li class=\"ez-toc-page-1 ez-toc-heading-level-2\"><a class=\"ez-toc-link ez-toc-heading-5\" href=\"https:\/\/www.doppelklicker.de\/blog\/adac-opel-electric-rally-cup-calle-carlberg-gewinnt\/#raffael-sulzinger-ueberzeugt-bei-gaststart-im-adac-opel-electric-rally-cup\" title=\"Raffael Sulzinger \u00fcberzeugt bei Gaststart im ADAC Opel Electric Rally Cup\">Raffael Sulzinger \u00fcberzeugt bei Gaststart im ADAC Opel Electric Rally Cup<\/a><\/li><li class=\"ez-toc-page-1 ez-toc-heading-level-2\"><a class=\"ez-toc-link ez-toc-heading-6\" href=\"https:\/\/www.doppelklicker.de\/blog\/adac-opel-electric-rally-cup-calle-carlberg-gewinnt\/#erfolgreiche-und-spannende-saison-im-adac-opel-electric-rally-cup\" title=\"Erfolgreiche und spannende Saison im ADAC Opel Electric Rally Cup\">Erfolgreiche und spannende Saison im ADAC Opel Electric Rally Cup<\/a><\/li><li class=\"ez-toc-page-1 ez-toc-heading-level-2\"><a class=\"ez-toc-link ez-toc-heading-7\" href=\"https:\/\/www.doppelklicker.de\/blog\/adac-opel-electric-rally-cup-calle-carlberg-gewinnt\/#schwede-calle-carlberg-gewinnt-titel-im-adac-opel-electric-rally-cup\" title=\"Schwede Calle Carlberg gewinnt Titel im ADAC Opel Electric Rally Cup\">Schwede Calle Carlberg gewinnt Titel im ADAC Opel Electric Rally Cup<\/a><\/li><\/ul><\/nav><\/div>\n<h2><span class=\"ez-toc-section\" id=\"schwedischer-rallye-champion-trotz-enormem-druck\"><\/span>Schwedischer Rallye-Champion trotz enormem Druck<span class=\"ez-toc-section-end\"><\/span><\/h2>\n<p>Der junge Schwede stand w\u00e4hrend des gesamten Wochenendes unter gro\u00dfem Druck, da er sich bewusst war, dass er den Titel nur sichern konnte, wenn er das Rennen erfolgreich beendete. Trotzdem war ihm klar, dass ein kleiner Fehler alles zunichtemachen konnte. Am Ende ging es nicht mehr um den Sieg im Rennen selbst, sondern nur noch um den Gewinn der Meisterschaft.<\/p>\n<p>Calle Carlberg zeigte nach dem erfolgreichen Zieleinlauf im Opel Corsa Rally Electric seine Freude und Dankbarkeit. Er war \u00fcbergl\u00fccklich, das Rennen sicher beendet zu haben, und bedankte sich bei allen, die ihn unterst\u00fctzt haben. Besonders lobte er seine Konkurrenten Max und Conny, die ihn w\u00e4hrend der gesamten Saison herausgefordert haben.<\/p>\n<h2><span class=\"ez-toc-section\" id=\"calle-carlberg-qualifiziert-sich-fuer-das-adac-opel-rally-junior-team\"><\/span>Calle Carlberg qualifiziert sich f\u00fcr das ADAC Opel Rally Junior Team<span class=\"ez-toc-section-end\"><\/span><\/h2>\n<p>Mit seinem herausragenden Erfolg im ADAC Opel Electric Rally Cup &#8222;powered by GSe&#8220; hat sich der talentierte Schwede Calle Carlberg einen Platz im renommierten ADAC Opel Rally Junior Team gesichert. In der kommenden Saison wird er sein K\u00f6nnen in der Junior European Rally Championship (JERC) unter Beweis stellen und sich mit den besten Nachwuchsfahrern Europas messen. Carlbergs beeindruckender Sieg ist der Lohn f\u00fcr seine harte Arbeit und sein au\u00dfergew\u00f6hnliches fahrerisches Talent. Wir sind gespannt auf seine zuk\u00fcnftigen Leistungen und w\u00fcnschen ihm viel Erfolg in seiner neuen Herausforderung.<\/p>\n<p>Nach seinem Titelgewinn im ADAC Opel Electric Rally Cup &#8222;powered by GSe&#8220; erf\u00fcllt sich f\u00fcr Calle Carlberg ein langgehegter Traum. Der junge Schwede freut sich darauf, sein fahrerisches K\u00f6nnen nun auch international unter Beweis zu stellen. In der kommenden Saison wird er im ADAC Opel Rally Junior Team antreten und in der Junior European Rally Championship (JERC) an den Start gehen. Carlberg ist motiviert, seine Leistung auf der internationalen B\u00fchne zu zeigen.<\/p>\n<h2><span class=\"ez-toc-section\" id=\"schwerer-start-fuer-max-reiter-dennoch-beeindruckende-aufholjagd\"><\/span>Schwerer Start f\u00fcr Max Reiter &#8211; dennoch beeindruckende Aufholjagd<span class=\"ez-toc-section-end\"><\/span><\/h2>\n<p>Max Reiter, ein starker Konkurrent von Calle Carlberg, hatte einen schwierigen Start in das Rennen. Ein pl\u00f6tzlicher Reifenschaden in der ersten Wertungspr\u00fcfung warf ihn ans Ende des Teilnehmerfeldes und kostete wertvolle Zeit. Dennoch k\u00e4mpfte er sich mit beeindruckenden drei Bestzeiten wieder auf den dritten Platz vor. Obwohl es nicht f\u00fcr den Titel reichte, kann Max Reiter stolz auf seine Leistung als Vizemeister sein.<\/p>\n<p>Nach einem spannenden und herausfordernden Rennen hat Max Reiter Calle Carlberg zu seinem verdienten Titelgewinn im ADAC Opel Electric Rally Cup gratuliert. Er w\u00fcrdigte Carlbergs souver\u00e4ne Leistung und betonte, dass er ein w\u00fcrdiger Champion ist. Reiter zeigte sich beeindruckt von Carlbergs F\u00e4higkeiten und seinem Durchhalteverm\u00f6gen w\u00e4hrend der gesamten Saison. Die Anerkennung von Reiter unterstreicht die Leistung und den Erfolg von Carlberg in dieser ersten elektrischen Rallye-Markenpokalserie.<\/p>\n<h2><span class=\"ez-toc-section\" id=\"luca-proeglhoef-gewinnt-ersten-adac-opel-electric-rally-cup\"><\/span>Luca Pr\u00f6glh\u00f6f gewinnt ersten ADAC Opel Electric Rally Cup<span class=\"ez-toc-section-end\"><\/span><\/h2>\n<p>Luca Pr\u00f6glh\u00f6f aus \u00d6sterreich und seine Beifahrerin Christina &#8222;Dina&#8220; Ettel beeindruckten durch ihre herausragende Leistung und holten sich den ersten Platz im ADAC Opel Electric Rally Cup &#8222;powered by GSe&#8220;. Sie waren in allen Wertungspr\u00fcfungen stets vorne mit dabei und erzielten sogar zwei Bestzeiten. Dieser Sieg markiert einen wichtigen Meilenstein in ihrer Karriere und zeigt ihr gro\u00dfes Potenzial im Motorsport.<\/p>\n<p>Luca Pr\u00f6glh\u00f6f kr\u00f6nte seine Saison mit einem beeindruckenden Sieg in der abschlie\u00dfenden &#8222;Power Stage&#8220;. Durch diesen Erfolg konnte er sich die maximal m\u00f6glichen 35 Punkte sichern und beendete die Saison auf dem dritten Gesamtrang. Dieser Moment wird f\u00fcr Pr\u00f6glh\u00f6f unvergesslich bleiben, da er nicht nur seinen ersten Weltmeisterschaftslauf absolvierte, sondern auch seine erste Bestzeit erzielte und nun seinen ersten Cup-Laufsieg feiern durfte.<\/p>\n<h2><span class=\"ez-toc-section\" id=\"raffael-sulzinger-ueberzeugt-bei-gaststart-im-adac-opel-electric-rally-cup\"><\/span>Raffael Sulzinger \u00fcberzeugt bei Gaststart im ADAC Opel Electric Rally Cup<span class=\"ez-toc-section-end\"><\/span><\/h2>\n<p>Raffael Sulzinger und Lisa Kiefer beeindruckten bei ihrem Gaststart im ADAC Opel Electric Rally Cup mit einer herausragenden Leistung. Trotz der geringen Erfahrung im Opel Corsa Rally Electric fanden sie schnell ihren Rhythmus und erreichten den vierten Platz. Ihr K\u00f6nnen und ihre Anpassungsf\u00e4higkeit waren beeindruckend und zeugen von ihrem Talent als Rallyefahrer. Ihr Auftritt ist ein Beweis f\u00fcr ihre F\u00e4higkeit, sich schnell an neue Bedingungen anzupassen und erfolgreich zu sein.<\/p>\n<p>Raffael Sulzinger zeigte sich mit dem Ergebnis seines Gaststarts im ADAC Opel Electric Rally Cup zufrieden. Er war froh \u00fcber die M\u00f6glichkeit, an einem solchen Rennen teilgenommen zu haben. Trotz der geringen Anzahl an Testkilometern im Opel Corsa Rally Electric konnte er eine beeindruckende Leistung abrufen und erreichte den vierten Platz. Sulzinger konnte wertvolle Erfahrungen sammeln und freute sich \u00fcber die M\u00f6glichkeit, sich in einem Wettbewerbsumfeld beweisen zu k\u00f6nnen.<\/p>\n<h2><span class=\"ez-toc-section\" id=\"erfolgreiche-und-spannende-saison-im-adac-opel-electric-rally-cup\"><\/span>Erfolgreiche und spannende Saison im ADAC Opel Electric Rally Cup<span class=\"ez-toc-section-end\"><\/span><\/h2>\n<p>Die Saison im ADAC Opel Electric Rally Cup war gepr\u00e4gt von Spannung und Abwechslung. Die Teilnehmer haben mit ihrer Leistung Opel Motorsport-Chef J\u00f6rg Schrott begeistert. Er betonte, dass der elektrische Rallyesport hervorragend funktioniert und sich erfolgreich neben den Stars aus der WRC behaupten kann.<\/p>\n<p>Der Opel Motorsport-Chef, J\u00f6rg Schrott, \u00e4u\u00dferte seine Vorfreude auf die zuk\u00fcnftige Zusammenarbeit mit Calle Carlberg in der Junior-Europameisterschaft. Er betonte die Bedeutung einer starken Partnerschaft und sieht in Carlberg einen vielversprechenden Fahrer, der das Team weiter voranbringen kann.<\/p>\n<h2><span class=\"ez-toc-section\" id=\"schwede-calle-carlberg-gewinnt-titel-im-adac-opel-electric-rally-cup\"><\/span>Schwede Calle Carlberg gewinnt Titel im ADAC Opel Electric Rally Cup<span class=\"ez-toc-section-end\"><\/span><\/h2>\n<p>Calle Carlberg hat im Finale der Central European Rally eine beeindruckende Leistung gezeigt und sich somit den Titel im ADAC Opel Electric Rally Cup &#8222;powered by GSe&#8220; verdient. Seine souver\u00e4ne Fahrweise und sein Einsatz w\u00e4hrend der gesamten Saison haben gezeigt, dass er ein w\u00fcrdiger Champion ist. Mit seinem Sieg hat er bewiesen, dass er zu den Besten seines Fachs geh\u00f6rt und auch unter Druck sein volles Potenzial abrufen kann.<\/p>\n<p>Mit gro\u00dfer Freude m\u00f6chten wir Calle Carlberg zu seinem beeindruckenden Erfolg im ADAC Opel Electric Rally Cup &#8222;powered by GSe&#8220; gratulieren. Seine herausragende Leistung im Finale der Central European Rally hat gezeigt, dass er ein talentierter und w\u00fcrdiger Champion ist. Wir sind gespannt darauf, seine kommenden Auftritte in der Junior European Rally Championship zu verfolgen und sind sicher, dass er dort erneut sein K\u00f6nnen unter Beweis stellen wird.<\/p>\n","protected":false},"excerpt":{"rendered":"<p>Bei der Central European Rally in Passau, Deutschland, konnte der schwedische Rallyefahrer Calle Carlberg im Opel Corsa Rally Electric den zweiten Platz erringen und sich somit den Titel im ADAC Opel Electric Rally Cup &#8222;powered by GSe&#8220; sichern. Dieser Erfolg wurde vor einer imposanten Kulisse von 125.000 Zuschauern gefeiert. Carlberg zeigte eine souver\u00e4ne Leistung und<\/p>\n<div class=\"read-more\"><a href=\"https:\/\/www.doppelklicker.de\/blog\/adac-opel-electric-rally-cup-calle-carlberg-gewinnt\/\" title=\"Jetzt alles lesen\">Jetzt alles lesen<\/a><\/div>\n","protected":false},"author":8,"featured_media":6577,"comment_status":"open","ping_status":"open","sticky":false,"template":"","format":"standard","meta":[],"categories":[3305],"tags":[],"yoast_head":"<!-- This site is optimized with the Yoast SEO plugin v18.2 - https:\/\/yoast.com\/wordpress\/plugins\/seo\/ -->\n<meta name=\"robots\" content=\"index, follow, max-snippet:-1, max-image-preview:large, max-video-preview:-1\" \/>\n<link rel=\"canonical\" href=\"https:\/\/www.doppelklicker.de\/blog\/adac-opel-electric-rally-cup-calle-carlberg-gewinnt\/\" \/>\n<meta property=\"og:locale\" content=\"de_DE\" \/>\n<meta property=\"og:type\" content=\"article\" \/>\n<meta property=\"og:title\" content=\"Schwede Calle Carlberg kr\u00f6nt sich zum Meister im ADAC Opel Electric Rally Cup\" \/>\n<meta property=\"og:description\" content=\"Bei der Central European Rally in Passau, Deutschland, konnte der schwedische Rallyefahrer Calle Carlberg im Opel Corsa Rally Electric den zweiten Platz erringen und sich somit den Titel im ADAC Opel Electric Rally Cup &#8222;powered by GSe&#8220; sichern. Dieser Erfolg wurde vor einer imposanten Kulisse von 125.000 Zuschauern gefeiert. Carlberg zeigte eine souver\u00e4ne Leistung undJetzt alles lesen\" \/>\n<meta property=\"og:url\" content=\"https:\/\/www.doppelklicker.de\/blog\/adac-opel-electric-rally-cup-calle-carlberg-gewinnt\/\" \/>\n<meta property=\"og:site_name\" content=\"Aus Mainz.\" \/>\n<meta property=\"article:published_time\" content=\"2023-10-30T10:00:00+00:00\" \/>\n<meta property=\"og:image\" content=\"https:\/\/www.doppelklicker.de\/blog\/wp-content\/uploads\/2023\/12\/schwede-calle-carlberg-kroent-sich-zum-meister-im-adac-opel-electric-rally-14583.jpg\" \/>\n\t<meta property=\"og:image:width\" content=\"1280\" \/>\n\t<meta property=\"og:image:height\" content=\"615\" \/>\n\t<meta property=\"og:image:type\" content=\"image\/jpeg\" \/>\n<meta name=\"twitter:card\" content=\"summary_large_image\" \/>\n<meta name=\"twitter:label1\" content=\"Verfasst von\" \/>\n\t<meta name=\"twitter:data1\" content=\"Iris Martin\" \/>\n\t<meta name=\"twitter:label2\" content=\"Gesch\u00e4tzte Lesezeit\" \/>\n\t<meta name=\"twitter:data2\" content=\"5 Minuten\" \/>\n<script type=\"application\/ld+json\" class=\"yoast-schema-graph\">{\"@context\":\"https:\/\/schema.org\",\"@graph\":[{\"@type\":\"WebSite\",\"@id\":\"https:\/\/www.doppelklicker.de\/blog\/#website\",\"url\":\"https:\/\/www.doppelklicker.de\/blog\/\",\"name\":\"Aus Mainz.\",\"description\":\"F\u00fcr die Welt.\",\"potentialAction\":[{\"@type\":\"SearchAction\",\"target\":{\"@type\":\"EntryPoint\",\"urlTemplate\":\"https:\/\/www.doppelklicker.de\/blog\/?s={search_term_string}\"},\"query-input\":\"required name=search_term_string\"}],\"inLanguage\":\"de-DE\"},{\"@type\":\"ImageObject\",\"@id\":\"https:\/\/www.doppelklicker.de\/blog\/adac-opel-electric-rally-cup-calle-carlberg-gewinnt\/#primaryimage\",\"inLanguage\":\"de-DE\",\"url\":\"https:\/\/www.doppelklicker.de\/blog\/wp-content\/uploads\/2023\/12\/schwede-calle-carlberg-kroent-sich-zum-meister-im-adac-opel-electric-rally-14583.jpg\",\"contentUrl\":\"https:\/\/www.doppelklicker.de\/blog\/wp-content\/uploads\/2023\/12\/schwede-calle-carlberg-kroent-sich-zum-meister-im-adac-opel-electric-rally-14583.jpg\",\"width\":1280,\"height\":615,\"caption\":\"Schwede Calle Carlberg kr\u00f6nt sich zum Meister im ADAC Opel Electric Rally Cup (Foto: Opel Automobile GmbH)\"},{\"@type\":\"WebPage\",\"@id\":\"https:\/\/www.doppelklicker.de\/blog\/adac-opel-electric-rally-cup-calle-carlberg-gewinnt\/#webpage\",\"url\":\"https:\/\/www.doppelklicker.de\/blog\/adac-opel-electric-rally-cup-calle-carlberg-gewinnt\/\",\"name\":\"Schwede Calle Carlberg kr\u00f6nt sich zum Meister im ADAC Opel Electric Rally Cup\",\"isPartOf\":{\"@id\":\"https:\/\/www.doppelklicker.de\/blog\/#website\"},\"primaryImageOfPage\":{\"@id\":\"https:\/\/www.doppelklicker.de\/blog\/adac-opel-electric-rally-cup-calle-carlberg-gewinnt\/#primaryimage\"},\"datePublished\":\"2023-10-30T10:00:00+00:00\",\"dateModified\":\"2023-10-30T10:00:00+00:00\",\"author\":{\"@id\":\"https:\/\/www.doppelklicker.de\/blog\/#\/schema\/person\/08dcac172bdb025e8ff433488184668a\"},\"breadcrumb\":{\"@id\":\"https:\/\/www.doppelklicker.de\/blog\/adac-opel-electric-rally-cup-calle-carlberg-gewinnt\/#breadcrumb\"},\"inLanguage\":\"de-DE\",\"potentialAction\":[{\"@type\":\"ReadAction\",\"target\":[\"https:\/\/www.doppelklicker.de\/blog\/adac-opel-electric-rally-cup-calle-carlberg-gewinnt\/\"]}]},{\"@type\":\"BreadcrumbList\",\"@id\":\"https:\/\/www.doppelklicker.de\/blog\/adac-opel-electric-rally-cup-calle-carlberg-gewinnt\/#breadcrumb\",\"itemListElement\":[{\"@type\":\"ListItem\",\"position\":1,\"name\":\"Startseite\",\"item\":\"https:\/\/www.doppelklicker.de\/blog\/\"},{\"@type\":\"ListItem\",\"position\":2,\"name\":\"Schwede Calle Carlberg kr\u00f6nt sich zum Meister im ADAC Opel Electric Rally Cup\"}]},{\"@type\":\"Person\",\"@id\":\"https:\/\/www.doppelklicker.de\/blog\/#\/schema\/person\/08dcac172bdb025e8ff433488184668a\",\"name\":\"Iris Martin\",\"image\":{\"@type\":\"ImageObject\",\"@id\":\"https:\/\/www.doppelklicker.de\/blog\/#personlogo\",\"inLanguage\":\"de-DE\",\"url\":\"https:\/\/secure.gravatar.com\/avatar\/82fdaa093be0b9686b531f99fcb54d15?s=96&d=wp_user_avatar&r=g\",\"contentUrl\":\"https:\/\/secure.gravatar.com\/avatar\/82fdaa093be0b9686b531f99fcb54d15?s=96&d=wp_user_avatar&r=g\",\"caption\":\"Iris Martin\"},\"url\":\"https:\/\/www.doppelklicker.de\/blog\/author\/iris-martin\/\"}]}<\/script>\n<!-- \/ Yoast SEO plugin. -->","yoast_head_json":{"robots":{"index":"index","follow":"follow","max-snippet":"max-snippet:-1","max-image-preview":"max-image-preview:large","max-video-preview":"max-video-preview:-1"},"canonical":"https:\/\/www.doppelklicker.de\/blog\/adac-opel-electric-rally-cup-calle-carlberg-gewinnt\/","og_locale":"de_DE","og_type":"article","og_title":"Schwede Calle Carlberg kr\u00f6nt sich zum Meister im ADAC Opel Electric Rally Cup","og_description":"Bei der Central European Rally in Passau, Deutschland, konnte der schwedische Rallyefahrer Calle Carlberg im Opel Corsa Rally Electric den zweiten Platz erringen und sich somit den Titel im ADAC Opel Electric Rally Cup &#8222;powered by GSe&#8220; sichern. Dieser Erfolg wurde vor einer imposanten Kulisse von 125.000 Zuschauern gefeiert. Carlberg zeigte eine souver\u00e4ne Leistung undJetzt alles lesen","og_url":"https:\/\/www.doppelklicker.de\/blog\/adac-opel-electric-rally-cup-calle-carlberg-gewinnt\/","og_site_name":"Aus Mainz.","article_published_time":"2023-10-30T10:00:00+00:00","og_image":[{"width":1280,"height":615,"url":"https:\/\/www.doppelklicker.de\/blog\/wp-content\/uploads\/2023\/12\/schwede-calle-carlberg-kroent-sich-zum-meister-im-adac-opel-electric-rally-14583.jpg","type":"image\/jpeg"}],"twitter_card":"summary_large_image","twitter_misc":{"Verfasst von":"Iris Martin","Gesch\u00e4tzte Lesezeit":"5 Minuten"},"schema":{"@context":"https:\/\/schema.org","@graph":[{"@type":"WebSite","@id":"https:\/\/www.doppelklicker.de\/blog\/#website","url":"https:\/\/www.doppelklicker.de\/blog\/","name":"Aus Mainz.","description":"F\u00fcr die Welt.","potentialAction":[{"@type":"SearchAction","target":{"@type":"EntryPoint","urlTemplate":"https:\/\/www.doppelklicker.de\/blog\/?s={search_term_string}"},"query-input":"required name=search_term_string"}],"inLanguage":"de-DE"},{"@type":"ImageObject","@id":"https:\/\/www.doppelklicker.de\/blog\/adac-opel-electric-rally-cup-calle-carlberg-gewinnt\/#primaryimage","inLanguage":"de-DE","url":"https:\/\/www.doppelklicker.de\/blog\/wp-content\/uploads\/2023\/12\/schwede-calle-carlberg-kroent-sich-zum-meister-im-adac-opel-electric-rally-14583.jpg","contentUrl":"https:\/\/www.doppelklicker.de\/blog\/wp-content\/uploads\/2023\/12\/schwede-calle-carlberg-kroent-sich-zum-meister-im-adac-opel-electric-rally-14583.jpg","width":1280,"height":615,"caption":"Schwede Calle Carlberg kr\u00f6nt sich zum Meister im ADAC Opel Electric Rally Cup (Foto: Opel Automobile GmbH)"},{"@type":"WebPage","@id":"https:\/\/www.doppelklicker.de\/blog\/adac-opel-electric-rally-cup-calle-carlberg-gewinnt\/#webpage","url":"https:\/\/www.doppelklicker.de\/blog\/adac-opel-electric-rally-cup-calle-carlberg-gewinnt\/","name":"Schwede Calle Carlberg kr\u00f6nt sich zum Meister im ADAC Opel Electric Rally Cup","isPartOf":{"@id":"https:\/\/www.doppelklicker.de\/blog\/#website"},"primaryImageOfPage":{"@id":"https:\/\/www.doppelklicker.de\/blog\/adac-opel-electric-rally-cup-calle-carlberg-gewinnt\/#primaryimage"},"datePublished":"2023-10-30T10:00:00+00:00","dateModified":"2023-10-30T10:00:00+00:00","author":{"@id":"https:\/\/www.doppelklicker.de\/blog\/#\/schema\/person\/08dcac172bdb025e8ff433488184668a"},"breadcrumb":{"@id":"https:\/\/www.doppelklicker.de\/blog\/adac-opel-electric-rally-cup-calle-carlberg-gewinnt\/#breadcrumb"},"inLanguage":"de-DE","potentialAction":[{"@type":"ReadAction","target":["https:\/\/www.doppelklicker.de\/blog\/adac-opel-electric-rally-cup-calle-carlberg-gewinnt\/"]}]},{"@type":"BreadcrumbList","@id":"https:\/\/www.doppelklicker.de\/blog\/adac-opel-electric-rally-cup-calle-carlberg-gewinnt\/#breadcrumb","itemListElement":[{"@type":"ListItem","position":1,"name":"Startseite","item":"https:\/\/www.doppelklicker.de\/blog\/"},{"@type":"ListItem","position":2,"name":"Schwede Calle Carlberg kr\u00f6nt sich zum Meister im ADAC Opel Electric Rally Cup"}]},{"@type":"Person","@id":"https:\/\/www.doppelklicker.de\/blog\/#\/schema\/person\/08dcac172bdb025e8ff433488184668a","name":"Iris Martin","image":{"@type":"ImageObject","@id":"https:\/\/www.doppelklicker.de\/blog\/#personlogo","inLanguage":"de-DE","url":"https:\/\/secure.gravatar.com\/avatar\/82fdaa093be0b9686b531f99fcb54d15?s=96&d=wp_user_avatar&r=g","contentUrl":"https:\/\/secure.gravatar.com\/avatar\/82fdaa093be0b9686b531f99fcb54d15?s=96&d=wp_user_avatar&r=g","caption":"Iris Martin"},"url":"https:\/\/www.doppelklicker.de\/blog\/author\/iris-martin\/"}]}},"_links":{"self":[{"href":"https:\/\/www.doppelklicker.de\/blog\/wp-json\/wp\/v2\/posts\/6576"}],"collection":[{"href":"https:\/\/www.doppelklicker.de\/blog\/wp-json\/wp\/v2\/posts"}],"about":[{"href":"https:\/\/www.doppelklicker.de\/blog\/wp-json\/wp\/v2\/types\/post"}],"author":[{"embeddable":true,"href":"https:\/\/www.doppelklicker.de\/blog\/wp-json\/wp\/v2\/users\/8"}],"replies":[{"embeddable":true,"href":"https:\/\/www.doppelklicker.de\/blog\/wp-json\/wp\/v2\/comments?post=6576"}],"version-history":[{"count":0,"href":"https:\/\/www.doppelklicker.de\/blog\/wp-json\/wp\/v2\/posts\/6576\/revisions"}],"wp:featuredmedia":[{"embeddable":true,"href":"https:\/\/www.doppelklicker.de\/blog\/wp-json\/wp\/v2\/media\/6577"}],"wp:attachment":[{"href":"https:\/\/www.doppelklicker.de\/blog\/wp-json\/wp\/v2\/media?parent=6576"}],"wp:term":[{"taxonomy":"category","embeddable":true,"href":"https:\/\/www.doppelklicker.de\/blog\/wp-json\/wp\/v2\/categories?post=6576"},{"taxonomy":"post_tag","embeddable":true,"href":"https:\/\/www.doppelklicker.de\/blog\/wp-json\/wp\/v2\/tags?post=6576"}],"curies":[{"name":"wp","href":"https:\/\/api.w.org\/{rel}","templated":true}]}}