{"id":6580,"date":"2023-10-24T09:00:00","date_gmt":"2023-10-24T07:00:00","guid":{"rendered":"guid"},"modified":"2023-10-24T09:00:00","modified_gmt":"2023-10-24T07:00:00","slug":"fia-rallye-weltmeisterschaft-powered-by-gse","status":"publish","type":"post","link":"https:\/\/www.doppelklicker.de\/blog\/fia-rallye-weltmeisterschaft-powered-by-gse\/","title":{"rendered":"Elektrische Rallyefahrzeuge geben ihr Deb\u00fct in der FIA Rallye-Weltmeisterschaft"},"content":{"rendered":"<p>Der ADAC Opel Electric Rally Cup bringt zum ersten Mal elektrische Rallyefahrzeuge in die FIA Rallye-Weltmeisterschaft. Dieses innovative Konzept findet in Deutschland, \u00d6sterreich und Tschechien statt und bietet den Zuschauern ein spannendes Motorsporterlebnis. Mit dem zentralen Serviceplatz in Passau und dem Showstart in Prag wird den Teilnehmern und Fans ein einzigartiges Event geboten.<br \/>\n<!--more--><\/p>\n<h2>Elektrische Rallyefahrzeuge starten in Prag vor begeistertem Publikum<\/h2>\n<p>Der Showstart in Prag wird zweifellos ein Highlight f\u00fcr die Teams sein, die mit ihren Opel Corsa Rally Electric an der Rallye teilnehmen. Vor einer gro\u00dfen Anzahl von Rallye-Fans, die sich auf \u00fcber 200.000 Zuschauer belaufen, werden die Teams die Chance haben, sich vor einem begeisterten Publikum zu pr\u00e4sentieren. Mit der Anwesenheit der gro\u00dfen Stars der Rallye-Weltmeisterschaft wird dieser Showstart zu einem unvergesslichen Erlebnis f\u00fcr alle Beteiligten.<\/p>\n<p>Der ADAC Opel Electric Rally Cup ist ein Wettbewerb, der neun Wertungspr\u00fcfungen \u00fcber eine Gesamtstrecke von 117 Kilometern umfasst. Nach dem Start und zwei kurzen &#8222;Super Special Stages&#8220; in Prag haben die teilnehmenden Teams am Freitag eine Pause, bevor die Rallye am Samstag und Sonntag mit weiteren sieben Pr\u00fcfungen in Deutschland und \u00d6sterreich fortgesetzt wird. Dieser Cup bietet den Teilnehmern die M\u00f6glichkeit, ihre F\u00e4higkeiten auf verschiedenen Strecken unter Beweis zu stellen.<\/p>\n<p>Der ADAC Opel Electric Rally Cup bei der Central European Rally dreht sich um den Wettbewerb um den Titel des weltweit ersten elektrischen Rallye-Markenpokals. Der schwedische Fahrer Calle Carlberg f\u00fchrt mit einem Vorsprung von 17 Punkten vor seinem deutschen Konkurrenten Max Reiter.<\/p>\n<p>Obwohl ein vierter Platz f\u00fcr Calle Carlberg ausreichen w\u00fcrde, um den Titel im ADAC Opel Electric Rally Cup zu sichern, betont er, dass er auch bei der Central European Rallye gewinnen m\u00f6chte. Sein deutscher Rivale Max Reiter und seine Beifahrerin Conny Nemenich m\u00fcssen hingegen auf Angriff fahren, um ihre Chancen auf den Titel zu wahren. Die beiden Fahrer werden hart umk\u00e4mpfte Wettk\u00e4mpfe liefern, um den begehrten Titel zu erringen.<\/p>\n<p>Motorsportbegeisterte, die nicht pers\u00f6nlich anwesend sein k\u00f6nnen, haben die Option, das spannende Rallye-Ereignis online auf dem kostenpflichtigen Kanal wrc+ mitzuverfolgen. Zus\u00e4tzlich bietet die Webseite www.opel-motorsport.com ein Live Timing, welches aktuelle Informationen und Zeiten der Rallye liefert.<\/p>\n<p>Nach den bisherigen Wertungspr\u00fcfungen des ADAC Opel Electric Rally Cup liegt Calle Carlberg mit 226 Punkten deutlich in F\u00fchrung. Max Reiter folgt ihm mit 209 Punkten auf dem zweiten Platz. Die Fahrer Pr\u00f6glh\u00f6f, Rumeau und Van Hoof belegen momentan die weiteren Pl\u00e4tze. Der Wettbewerb verspricht also spannend zu bleiben, da die Fahrer alles geben werden, um ihre Positionen zu verbessern und um den begehrten Titel des Cups k\u00e4mpfen.<\/p>\n<p>Der ADAC Opel Electric Rally Cup &#8222;powered by GSe&#8220; bei der Central European Rally bietet spannende Wettk\u00e4mpfe und einzigartige Erlebnisse. Durch die Teilnahme elektrischer Rallyefahrzeuge wird ein bedeutender Schritt in Richtung Nachhaltigkeit im Motorsport gemacht. Die Veranstaltung zeigt, dass es m\u00f6glich ist, Hochleistungsfahrzeuge umweltfreundlich zu gestalten und gleichzeitig spannende Rennen zu liefern. Die Rallye-Weltmeisterschaft wird somit zu einem Vorreiter f\u00fcr zuk\u00fcnftige nachhaltige Motorsportveranstaltungen.<\/p>\n<p>Bei der Central European Rally wird mit Spannung erwartet, wer am Ende den Titel im ADAC Opel Electric Rally Cup gewinnen wird. Doch unabh\u00e4ngig davon k\u00f6nnen die Teilnehmer sicher sein, dass sie ein einzigartiges Erlebnis genie\u00dfen werden. Neben dem Spa\u00df und der Freude am Rallyesport haben sie die M\u00f6glichkeit, wertvolle Erfahrungen zu sammeln und ihr K\u00f6nnen unter Beweis zu stellen.<\/p>\n","protected":false},"excerpt":{"rendered":"<p>Der ADAC Opel Electric Rally Cup bringt zum ersten Mal elektrische Rallyefahrzeuge in die FIA Rallye-Weltmeisterschaft. Dieses innovative Konzept findet in Deutschland, \u00d6sterreich und Tschechien statt und bietet den Zuschauern ein spannendes Motorsporterlebnis. Mit dem zentralen Serviceplatz in Passau und dem Showstart in Prag wird den Teilnehmern und Fans ein einzigartiges Event geboten.<\/p>\n","protected":false},"author":8,"featured_media":6581,"comment_status":"open","ping_status":"open","sticky":false,"template":"","format":"standard","meta":[],"categories":[3305],"tags":[],"yoast_head":"<!-- This site is optimized with the Yoast SEO plugin v18.2 - https:\/\/yoast.com\/wordpress\/plugins\/seo\/ -->\n<meta name=\"robots\" content=\"index, follow, max-snippet:-1, max-image-preview:large, max-video-preview:-1\" \/>\n<link rel=\"canonical\" href=\"https:\/\/www.doppelklicker.de\/blog\/fia-rallye-weltmeisterschaft-powered-by-gse\/\" \/>\n<meta property=\"og:locale\" content=\"de_DE\" \/>\n<meta property=\"og:type\" content=\"article\" \/>\n<meta property=\"og:title\" content=\"Elektrische Rallyefahrzeuge geben ihr Deb\u00fct in der FIA Rallye-Weltmeisterschaft\" \/>\n<meta property=\"og:description\" content=\"Der ADAC Opel Electric Rally Cup bringt zum ersten Mal elektrische Rallyefahrzeuge in die FIA Rallye-Weltmeisterschaft. Dieses innovative Konzept findet in Deutschland, \u00d6sterreich und Tschechien statt und bietet den Zuschauern ein spannendes Motorsporterlebnis. Mit dem zentralen Serviceplatz in Passau und dem Showstart in Prag wird den Teilnehmern und Fans ein einzigartiges Event geboten.\" \/>\n<meta property=\"og:url\" content=\"https:\/\/www.doppelklicker.de\/blog\/fia-rallye-weltmeisterschaft-powered-by-gse\/\" \/>\n<meta property=\"og:site_name\" content=\"Aus Mainz.\" \/>\n<meta property=\"article:published_time\" content=\"2023-10-24T07:00:00+00:00\" \/>\n<meta property=\"og:image\" content=\"https:\/\/www.doppelklicker.de\/blog\/wp-content\/uploads\/2023\/12\/elektrische-rallyefahrzeuge-geben-ihr-debuet-fia-14592.jpg\" \/>\n\t<meta property=\"og:image:width\" content=\"1280\" \/>\n\t<meta property=\"og:image:height\" content=\"615\" \/>\n\t<meta property=\"og:image:type\" content=\"image\/jpeg\" \/>\n<meta name=\"twitter:card\" content=\"summary_large_image\" \/>\n<meta name=\"twitter:label1\" content=\"Verfasst von\" \/>\n\t<meta name=\"twitter:data1\" content=\"Iris Martin\" \/>\n\t<meta name=\"twitter:label2\" content=\"Gesch\u00e4tzte Lesezeit\" \/>\n\t<meta name=\"twitter:data2\" content=\"3 Minuten\" \/>\n<script type=\"application\/ld+json\" class=\"yoast-schema-graph\">{\"@context\":\"https:\/\/schema.org\",\"@graph\":[{\"@type\":\"WebSite\",\"@id\":\"https:\/\/www.doppelklicker.de\/blog\/#website\",\"url\":\"https:\/\/www.doppelklicker.de\/blog\/\",\"name\":\"Aus Mainz.\",\"description\":\"F\u00fcr die Welt.\",\"potentialAction\":[{\"@type\":\"SearchAction\",\"target\":{\"@type\":\"EntryPoint\",\"urlTemplate\":\"https:\/\/www.doppelklicker.de\/blog\/?s={search_term_string}\"},\"query-input\":\"required name=search_term_string\"}],\"inLanguage\":\"de-DE\"},{\"@type\":\"ImageObject\",\"@id\":\"https:\/\/www.doppelklicker.de\/blog\/fia-rallye-weltmeisterschaft-powered-by-gse\/#primaryimage\",\"inLanguage\":\"de-DE\",\"url\":\"https:\/\/www.doppelklicker.de\/blog\/wp-content\/uploads\/2023\/12\/elektrische-rallyefahrzeuge-geben-ihr-debuet-fia-14592.jpg\",\"contentUrl\":\"https:\/\/www.doppelklicker.de\/blog\/wp-content\/uploads\/2023\/12\/elektrische-rallyefahrzeuge-geben-ihr-debuet-fia-14592.jpg\",\"width\":1280,\"height\":615,\"caption\":\"Elektrische Rallyefahrzeuge geben ihr Deb\u00fct in der FIA Rallye-Weltmeisterschaft (Foto: Opel Automobile GmbH)\"},{\"@type\":\"WebPage\",\"@id\":\"https:\/\/www.doppelklicker.de\/blog\/fia-rallye-weltmeisterschaft-powered-by-gse\/#webpage\",\"url\":\"https:\/\/www.doppelklicker.de\/blog\/fia-rallye-weltmeisterschaft-powered-by-gse\/\",\"name\":\"Elektrische Rallyefahrzeuge geben ihr Deb\u00fct in der FIA Rallye-Weltmeisterschaft\",\"isPartOf\":{\"@id\":\"https:\/\/www.doppelklicker.de\/blog\/#website\"},\"primaryImageOfPage\":{\"@id\":\"https:\/\/www.doppelklicker.de\/blog\/fia-rallye-weltmeisterschaft-powered-by-gse\/#primaryimage\"},\"datePublished\":\"2023-10-24T07:00:00+00:00\",\"dateModified\":\"2023-10-24T07:00:00+00:00\",\"author\":{\"@id\":\"https:\/\/www.doppelklicker.de\/blog\/#\/schema\/person\/08dcac172bdb025e8ff433488184668a\"},\"breadcrumb\":{\"@id\":\"https:\/\/www.doppelklicker.de\/blog\/fia-rallye-weltmeisterschaft-powered-by-gse\/#breadcrumb\"},\"inLanguage\":\"de-DE\",\"potentialAction\":[{\"@type\":\"ReadAction\",\"target\":[\"https:\/\/www.doppelklicker.de\/blog\/fia-rallye-weltmeisterschaft-powered-by-gse\/\"]}]},{\"@type\":\"BreadcrumbList\",\"@id\":\"https:\/\/www.doppelklicker.de\/blog\/fia-rallye-weltmeisterschaft-powered-by-gse\/#breadcrumb\",\"itemListElement\":[{\"@type\":\"ListItem\",\"position\":1,\"name\":\"Startseite\",\"item\":\"https:\/\/www.doppelklicker.de\/blog\/\"},{\"@type\":\"ListItem\",\"position\":2,\"name\":\"Elektrische Rallyefahrzeuge geben ihr Deb\u00fct in der FIA Rallye-Weltmeisterschaft\"}]},{\"@type\":\"Person\",\"@id\":\"https:\/\/www.doppelklicker.de\/blog\/#\/schema\/person\/08dcac172bdb025e8ff433488184668a\",\"name\":\"Iris Martin\",\"image\":{\"@type\":\"ImageObject\",\"@id\":\"https:\/\/www.doppelklicker.de\/blog\/#personlogo\",\"inLanguage\":\"de-DE\",\"url\":\"https:\/\/secure.gravatar.com\/avatar\/82fdaa093be0b9686b531f99fcb54d15?s=96&d=wp_user_avatar&r=g\",\"contentUrl\":\"https:\/\/secure.gravatar.com\/avatar\/82fdaa093be0b9686b531f99fcb54d15?s=96&d=wp_user_avatar&r=g\",\"caption\":\"Iris Martin\"},\"url\":\"https:\/\/www.doppelklicker.de\/blog\/author\/iris-martin\/\"}]}<\/script>\n<!-- \/ Yoast SEO plugin. -->","yoast_head_json":{"robots":{"index":"index","follow":"follow","max-snippet":"max-snippet:-1","max-image-preview":"max-image-preview:large","max-video-preview":"max-video-preview:-1"},"canonical":"https:\/\/www.doppelklicker.de\/blog\/fia-rallye-weltmeisterschaft-powered-by-gse\/","og_locale":"de_DE","og_type":"article","og_title":"Elektrische Rallyefahrzeuge geben ihr Deb\u00fct in der FIA Rallye-Weltmeisterschaft","og_description":"Der ADAC Opel Electric Rally Cup bringt zum ersten Mal elektrische Rallyefahrzeuge in die FIA Rallye-Weltmeisterschaft. Dieses innovative Konzept findet in Deutschland, \u00d6sterreich und Tschechien statt und bietet den Zuschauern ein spannendes Motorsporterlebnis. Mit dem zentralen Serviceplatz in Passau und dem Showstart in Prag wird den Teilnehmern und Fans ein einzigartiges Event geboten.","og_url":"https:\/\/www.doppelklicker.de\/blog\/fia-rallye-weltmeisterschaft-powered-by-gse\/","og_site_name":"Aus Mainz.","article_published_time":"2023-10-24T07:00:00+00:00","og_image":[{"width":1280,"height":615,"url":"https:\/\/www.doppelklicker.de\/blog\/wp-content\/uploads\/2023\/12\/elektrische-rallyefahrzeuge-geben-ihr-debuet-fia-14592.jpg","type":"image\/jpeg"}],"twitter_card":"summary_large_image","twitter_misc":{"Verfasst von":"Iris Martin","Gesch\u00e4tzte Lesezeit":"3 Minuten"},"schema":{"@context":"https:\/\/schema.org","@graph":[{"@type":"WebSite","@id":"https:\/\/www.doppelklicker.de\/blog\/#website","url":"https:\/\/www.doppelklicker.de\/blog\/","name":"Aus Mainz.","description":"F\u00fcr die Welt.","potentialAction":[{"@type":"SearchAction","target":{"@type":"EntryPoint","urlTemplate":"https:\/\/www.doppelklicker.de\/blog\/?s={search_term_string}"},"query-input":"required name=search_term_string"}],"inLanguage":"de-DE"},{"@type":"ImageObject","@id":"https:\/\/www.doppelklicker.de\/blog\/fia-rallye-weltmeisterschaft-powered-by-gse\/#primaryimage","inLanguage":"de-DE","url":"https:\/\/www.doppelklicker.de\/blog\/wp-content\/uploads\/2023\/12\/elektrische-rallyefahrzeuge-geben-ihr-debuet-fia-14592.jpg","contentUrl":"https:\/\/www.doppelklicker.de\/blog\/wp-content\/uploads\/2023\/12\/elektrische-rallyefahrzeuge-geben-ihr-debuet-fia-14592.jpg","width":1280,"height":615,"caption":"Elektrische Rallyefahrzeuge geben ihr Deb\u00fct in der FIA Rallye-Weltmeisterschaft (Foto: Opel Automobile GmbH)"},{"@type":"WebPage","@id":"https:\/\/www.doppelklicker.de\/blog\/fia-rallye-weltmeisterschaft-powered-by-gse\/#webpage","url":"https:\/\/www.doppelklicker.de\/blog\/fia-rallye-weltmeisterschaft-powered-by-gse\/","name":"Elektrische Rallyefahrzeuge geben ihr Deb\u00fct in der FIA Rallye-Weltmeisterschaft","isPartOf":{"@id":"https:\/\/www.doppelklicker.de\/blog\/#website"},"primaryImageOfPage":{"@id":"https:\/\/www.doppelklicker.de\/blog\/fia-rallye-weltmeisterschaft-powered-by-gse\/#primaryimage"},"datePublished":"2023-10-24T07:00:00+00:00","dateModified":"2023-10-24T07:00:00+00:00","author":{"@id":"https:\/\/www.doppelklicker.de\/blog\/#\/schema\/person\/08dcac172bdb025e8ff433488184668a"},"breadcrumb":{"@id":"https:\/\/www.doppelklicker.de\/blog\/fia-rallye-weltmeisterschaft-powered-by-gse\/#breadcrumb"},"inLanguage":"de-DE","potentialAction":[{"@type":"ReadAction","target":["https:\/\/www.doppelklicker.de\/blog\/fia-rallye-weltmeisterschaft-powered-by-gse\/"]}]},{"@type":"BreadcrumbList","@id":"https:\/\/www.doppelklicker.de\/blog\/fia-rallye-weltmeisterschaft-powered-by-gse\/#breadcrumb","itemListElement":[{"@type":"ListItem","position":1,"name":"Startseite","item":"https:\/\/www.doppelklicker.de\/blog\/"},{"@type":"ListItem","position":2,"name":"Elektrische Rallyefahrzeuge geben ihr Deb\u00fct in der FIA Rallye-Weltmeisterschaft"}]},{"@type":"Person","@id":"https:\/\/www.doppelklicker.de\/blog\/#\/schema\/person\/08dcac172bdb025e8ff433488184668a","name":"Iris Martin","image":{"@type":"ImageObject","@id":"https:\/\/www.doppelklicker.de\/blog\/#personlogo","inLanguage":"de-DE","url":"https:\/\/secure.gravatar.com\/avatar\/82fdaa093be0b9686b531f99fcb54d15?s=96&d=wp_user_avatar&r=g","contentUrl":"https:\/\/secure.gravatar.com\/avatar\/82fdaa093be0b9686b531f99fcb54d15?s=96&d=wp_user_avatar&r=g","caption":"Iris Martin"},"url":"https:\/\/www.doppelklicker.de\/blog\/author\/iris-martin\/"}]}},"_links":{"self":[{"href":"https:\/\/www.doppelklicker.de\/blog\/wp-json\/wp\/v2\/posts\/6580"}],"collection":[{"href":"https:\/\/www.doppelklicker.de\/blog\/wp-json\/wp\/v2\/posts"}],"about":[{"href":"https:\/\/www.doppelklicker.de\/blog\/wp-json\/wp\/v2\/types\/post"}],"author":[{"embeddable":true,"href":"https:\/\/www.doppelklicker.de\/blog\/wp-json\/wp\/v2\/users\/8"}],"replies":[{"embeddable":true,"href":"https:\/\/www.doppelklicker.de\/blog\/wp-json\/wp\/v2\/comments?post=6580"}],"version-history":[{"count":0,"href":"https:\/\/www.doppelklicker.de\/blog\/wp-json\/wp\/v2\/posts\/6580\/revisions"}],"wp:featuredmedia":[{"embeddable":true,"href":"https:\/\/www.doppelklicker.de\/blog\/wp-json\/wp\/v2\/media\/6581"}],"wp:attachment":[{"href":"https:\/\/www.doppelklicker.de\/blog\/wp-json\/wp\/v2\/media?parent=6580"}],"wp:term":[{"taxonomy":"category","embeddable":true,"href":"https:\/\/www.doppelklicker.de\/blog\/wp-json\/wp\/v2\/categories?post=6580"},{"taxonomy":"post_tag","embeddable":true,"href":"https:\/\/www.doppelklicker.de\/blog\/wp-json\/wp\/v2\/tags?post=6580"}],"curies":[{"name":"wp","href":"https:\/\/api.w.org\/{rel}","templated":true}]}}