{"id":6586,"date":"2023-12-06T11:00:00","date_gmt":"2023-12-06T09:00:00","guid":{"rendered":"guid"},"modified":"2023-12-06T11:00:00","modified_gmt":"2023-12-06T09:00:00","slug":"hausaerzteverband-baden-wuerttemberg-baeume-zum-jubilaeum","status":"publish","type":"post","link":"https:\/\/www.doppelklicker.de\/blog\/hausaerzteverband-baden-wuerttemberg-baeume-zum-jubilaeum\/","title":{"rendered":"Nachhaltige Hausarztpraxen: Verband f\u00f6rdert \u00f6kologische Versorgung"},"content":{"rendered":"<p>Der Haus\u00e4rzteverband Baden-W\u00fcrttemberg hat zum 15-j\u00e4hrigen Bestehen der HZV im S\u00fcden des Landes 222 B\u00e4ume gepflanzt. Dieser symbolische Akt hat das Ziel, sowohl den Kampf gegen die Klimakrise zu unterst\u00fctzen als auch die Gesundheit der Menschen zu verbessern.<br \/>\n<!--more--><\/p>\n<h2>Klimawandel wirkt sich auf Hausarztpraxen aus: FSME als Problem<\/h2>\n<p>Die Auswirkungen der Klimakrise sind auch in den Hausarztpraxen deutlich sp\u00fcrbar. Mit steigenden Temperaturen nehmen Allergien zu und Atemwegserkrankungen sowie Infektionen breiten sich bei Hitze schneller aus. Besonders in Baden-W\u00fcrttemberg stellt die von Zecken \u00fcbertragene FSME ein gro\u00dfes Gesundheitsrisiko dar.<\/p>\n<p>Der Haus\u00e4rzteverband Baden-W\u00fcrttemberg hat anl\u00e4sslich seines 15-j\u00e4hrigen Jubil\u00e4ums einen regional erlebbaren Beitrag zur Bek\u00e4mpfung der Klimakrise geleistet. Durch das Pflanzen von 222 B\u00e4umen in Dunningen tr\u00e4gt der Verband dazu bei, die Auswirkungen des Klimawandels abzumildern. Gleichzeitig wird die Gesundheit der Menschen verbessert, da B\u00e4ume f\u00fcr ein angenehmes Mikroklima sorgen und die Luftqualit\u00e4t erh\u00f6hen.<\/p>\n<p>Zur Feier des 15-j\u00e4hrigen Jubil\u00e4ums der Hausarztzentrierten Versorgung (HZV) haben die Haus\u00e4rztinnen und Haus\u00e4rzte auf den Postversand ihrer HZV-Unterlagen verzichtet. Als Ausgleich f\u00fcr diesen Verzicht wurden in Zusammenarbeit mit PLANT-MY-TREE(R) in Dunningen insgesamt 222 B\u00e4ume gepflanzt. Dieser symbolische Akt soll nicht nur einen Beitrag zur Reduzierung des CO2-Aussto\u00dfes leisten, sondern auch die Gesundheit der Menschen f\u00f6rdern.<\/p>\n<p>Es entsteht ein Mischwald, der nicht zur kommerziellen Holzproduktion dient. Die Auswahl der Baumarten wie Stieleichen, Douglasien, Roteichen, Wei\u00dftannen, Bergahorn, Vogelkirschen und Roterlen erfolgt mit dem Ziel, langfristige \u00f6kologische Vorteile zu erzielen und den \u00f6kologischen Fu\u00dfabdruck zu mindern.<\/p>\n<p>Die Hausarztzentrierte Versorgung (HZV) bietet nicht nur \u00f6kologische Vorteile, sondern auch eine bessere Versorgung im Vergleich zur herk\u00f6mmlichen Regelversorgung. Dies wird durch wissenschaftliche Evaluationen der letzten 15 Jahre eindeutig belegt. Dar\u00fcber hinaus erm\u00f6glicht die HZV innovative Versorgungsans\u00e4tze, die schnell und effektiv umgesetzt werden k\u00f6nnen. Dadurch wird eine nachhaltige und effiziente Gesundheitsversorgung gew\u00e4hrleistet.<\/p>\n<p>Patientinnen und Patienten treffen eine bewusste Entscheidung, ihr Hausarztpraxisteam als prim\u00e4ren Ansprechpartner f\u00fcr ihre Gesundheit auszuw\u00e4hlen. Diese Entscheidung basiert auf dem Vertrauen in die fachliche Expertise und die pers\u00f6nliche Betreuung durch das Hausarztpraxisteam.<\/p>\n<p>Der Haus\u00e4rzteverband Baden-W\u00fcrttemberg und die AOK Baden-W\u00fcrttemberg setzen sich aktiv f\u00fcr eine klimaresiliente Versorgung ein und haben ein neues Programm gestartet. Dieses Programm widmet sich der Sensibilisierung von Patientinnen und Patienten in Hausarztpraxen f\u00fcr ihre individuellen klimabedingten Gesundheitsrisiken. Gleichzeitig werden Hausarztpraxen dabei unterst\u00fctzt, ihren \u00f6kologischen Fu\u00dfabdruck zu reduzieren und nachhaltiger zu agieren.<\/p>\n<p>Das Programm sensibilisiert Patienten in Hausarztpraxen f\u00fcr die individuellen gesundheitlichen Risiken, die mit dem Klimawandel verbunden sind. Es informiert \u00fcber die Auswirkungen des Klimawandels auf die Gesundheit und gibt konkrete Empfehlungen zur Risikominimierung. Ziel ist es, dass Patienten ein besseres Verst\u00e4ndnis f\u00fcr ihre pers\u00f6nlichen Gesundheitsrisiken entwickeln und Ma\u00dfnahmen ergreifen, um ihre Gesundheit zu sch\u00fctzen.<\/p>\n<p>Der Haus\u00e4rzteverband Baden-W\u00fcrttemberg hat die Auszeichnung &#8222;Nachhaltige Hausarztpraxis&#8220; entwickelt, um die haus\u00e4rztliche Versorgung nachhaltiger zu gestalten. Diese Auszeichnung erm\u00f6glicht es Hausarztpraxen, ihren \u00f6kologischen Fu\u00dfabdruck zu reduzieren und nachhaltigere Praktiken einzuf\u00fchren. Durch die Nutzung individueller Indikatoren k\u00f6nnen Hausarztpraxen ihre Umweltleistung verbessern und somit einen wesentlichen Beitrag zum Umweltschutz leisten.<\/p>\n<p>Durch den Einsatz ma\u00dfgeschneiderter Indikatoren werden Hausarztpraxen dabei unterst\u00fctzt, ihren \u00f6kologischen Fu\u00dfabdruck zu verkleinern und ihre nachhaltige Arbeitsweise zu f\u00f6rdern. Diese individuell angepassten Bewertungskriterien erm\u00f6glichen es den Praxen, ihre Umweltauswirkungen detailliert zu analysieren und gezielte Ma\u00dfnahmen zur Verbesserung ihrer \u00f6kologischen Performance zu ergreifen.<\/p>\n<p>Die Hausarztzentrierte Versorgung (HZV) bietet zahlreiche Vorteile f\u00fcr die Gesundheit der Menschen. Durch innovative Versorgungsans\u00e4tze werden die Bed\u00fcrfnisse der Patienten optimal erf\u00fcllt. Zudem spielt die HZV eine wichtige Rolle im Kampf gegen die Klimakrise, da sie Ma\u00dfnahmen zur Reduzierung des \u00f6kologischen Fu\u00dfabdrucks unterst\u00fctzt. Auf diese Weise tr\u00e4gt die HZV zu einer nachhaltigen und klimaresilienten Versorgung bei.<\/p>\n<p>Der Haus\u00e4rzteverband Baden-W\u00fcrttemberg setzt sich unerm\u00fcdlich f\u00fcr eine nachhaltige und klimaresiliente Gesundheitsversorgung ein. Durch die F\u00f6rderung von innovativen Versorgungsans\u00e4tzen und die Sensibilisierung von Patienten f\u00fcr klimabedingte Gesundheitsrisiken leistet der Verband einen wertvollen Beitrag zur Verbesserung der Gesundheit der Bev\u00f6lkerung. Mit diesem konsequenten Einsatz wird eine nachhaltige Zukunft unterst\u00fctzt.<\/p>\n","protected":false},"excerpt":{"rendered":"<p>Der Haus\u00e4rzteverband Baden-W\u00fcrttemberg hat zum 15-j\u00e4hrigen Bestehen der HZV im S\u00fcden des Landes 222 B\u00e4ume gepflanzt. Dieser symbolische Akt hat das Ziel, sowohl den Kampf gegen die Klimakrise zu unterst\u00fctzen als auch die Gesundheit der Menschen zu verbessern.<\/p>\n","protected":false},"author":8,"featured_media":6587,"comment_status":"open","ping_status":"open","sticky":false,"template":"","format":"standard","meta":[],"categories":[3305],"tags":[],"yoast_head":"<!-- This site is optimized with the Yoast SEO plugin v18.2 - https:\/\/yoast.com\/wordpress\/plugins\/seo\/ -->\n<meta name=\"robots\" content=\"index, follow, max-snippet:-1, max-image-preview:large, max-video-preview:-1\" \/>\n<link rel=\"canonical\" href=\"https:\/\/www.doppelklicker.de\/blog\/hausaerzteverband-baden-wuerttemberg-baeume-zum-jubilaeum\/\" \/>\n<meta property=\"og:locale\" content=\"de_DE\" \/>\n<meta property=\"og:type\" content=\"article\" \/>\n<meta property=\"og:title\" content=\"Nachhaltige Hausarztpraxen: Verband f\u00f6rdert \u00f6kologische Versorgung\" \/>\n<meta property=\"og:description\" content=\"Der Haus\u00e4rzteverband Baden-W\u00fcrttemberg hat zum 15-j\u00e4hrigen Bestehen der HZV im S\u00fcden des Landes 222 B\u00e4ume gepflanzt. Dieser symbolische Akt hat das Ziel, sowohl den Kampf gegen die Klimakrise zu unterst\u00fctzen als auch die Gesundheit der Menschen zu verbessern.\" \/>\n<meta property=\"og:url\" content=\"https:\/\/www.doppelklicker.de\/blog\/hausaerzteverband-baden-wuerttemberg-baeume-zum-jubilaeum\/\" \/>\n<meta property=\"og:site_name\" content=\"Aus Mainz.\" \/>\n<meta property=\"article:published_time\" content=\"2023-12-06T09:00:00+00:00\" \/>\n<meta property=\"og:image\" content=\"https:\/\/www.doppelklicker.de\/blog\/wp-content\/uploads\/2023\/12\/hausaerzteverband-pflanzt-222-baeume-zur-bekaempfung-14620.jpg\" \/>\n\t<meta property=\"og:image:width\" content=\"1280\" \/>\n\t<meta property=\"og:image:height\" content=\"615\" \/>\n\t<meta property=\"og:image:type\" content=\"image\/jpeg\" \/>\n<meta name=\"twitter:card\" content=\"summary_large_image\" \/>\n<meta name=\"twitter:label1\" content=\"Verfasst von\" \/>\n\t<meta name=\"twitter:data1\" content=\"Iris Martin\" \/>\n\t<meta name=\"twitter:label2\" content=\"Gesch\u00e4tzte Lesezeit\" \/>\n\t<meta name=\"twitter:data2\" content=\"4 Minuten\" \/>\n<script type=\"application\/ld+json\" class=\"yoast-schema-graph\">{\"@context\":\"https:\/\/schema.org\",\"@graph\":[{\"@type\":\"WebSite\",\"@id\":\"https:\/\/www.doppelklicker.de\/blog\/#website\",\"url\":\"https:\/\/www.doppelklicker.de\/blog\/\",\"name\":\"Aus Mainz.\",\"description\":\"F\u00fcr die Welt.\",\"potentialAction\":[{\"@type\":\"SearchAction\",\"target\":{\"@type\":\"EntryPoint\",\"urlTemplate\":\"https:\/\/www.doppelklicker.de\/blog\/?s={search_term_string}\"},\"query-input\":\"required name=search_term_string\"}],\"inLanguage\":\"de-DE\"},{\"@type\":\"ImageObject\",\"@id\":\"https:\/\/www.doppelklicker.de\/blog\/hausaerzteverband-baden-wuerttemberg-baeume-zum-jubilaeum\/#primaryimage\",\"inLanguage\":\"de-DE\",\"url\":\"https:\/\/www.doppelklicker.de\/blog\/wp-content\/uploads\/2023\/12\/hausaerzteverband-pflanzt-222-baeume-zur-bekaempfung-14620.jpg\",\"contentUrl\":\"https:\/\/www.doppelklicker.de\/blog\/wp-content\/uploads\/2023\/12\/hausaerzteverband-pflanzt-222-baeume-zur-bekaempfung-14620.jpg\",\"width\":1280,\"height\":615,\"caption\":\"Haus\u00e4rzteverband pflanzt 222 B\u00e4ume zur Bek\u00e4mpfung der (Foto: Haus\u00e4rzteverband Baden-W\u00fcrttemberg)\"},{\"@type\":\"WebPage\",\"@id\":\"https:\/\/www.doppelklicker.de\/blog\/hausaerzteverband-baden-wuerttemberg-baeume-zum-jubilaeum\/#webpage\",\"url\":\"https:\/\/www.doppelklicker.de\/blog\/hausaerzteverband-baden-wuerttemberg-baeume-zum-jubilaeum\/\",\"name\":\"Nachhaltige Hausarztpraxen: Verband f\u00f6rdert \u00f6kologische Versorgung\",\"isPartOf\":{\"@id\":\"https:\/\/www.doppelklicker.de\/blog\/#website\"},\"primaryImageOfPage\":{\"@id\":\"https:\/\/www.doppelklicker.de\/blog\/hausaerzteverband-baden-wuerttemberg-baeume-zum-jubilaeum\/#primaryimage\"},\"datePublished\":\"2023-12-06T09:00:00+00:00\",\"dateModified\":\"2023-12-06T09:00:00+00:00\",\"author\":{\"@id\":\"https:\/\/www.doppelklicker.de\/blog\/#\/schema\/person\/08dcac172bdb025e8ff433488184668a\"},\"breadcrumb\":{\"@id\":\"https:\/\/www.doppelklicker.de\/blog\/hausaerzteverband-baden-wuerttemberg-baeume-zum-jubilaeum\/#breadcrumb\"},\"inLanguage\":\"de-DE\",\"potentialAction\":[{\"@type\":\"ReadAction\",\"target\":[\"https:\/\/www.doppelklicker.de\/blog\/hausaerzteverband-baden-wuerttemberg-baeume-zum-jubilaeum\/\"]}]},{\"@type\":\"BreadcrumbList\",\"@id\":\"https:\/\/www.doppelklicker.de\/blog\/hausaerzteverband-baden-wuerttemberg-baeume-zum-jubilaeum\/#breadcrumb\",\"itemListElement\":[{\"@type\":\"ListItem\",\"position\":1,\"name\":\"Startseite\",\"item\":\"https:\/\/www.doppelklicker.de\/blog\/\"},{\"@type\":\"ListItem\",\"position\":2,\"name\":\"Nachhaltige Hausarztpraxen: Verband f\u00f6rdert \u00f6kologische Versorgung\"}]},{\"@type\":\"Person\",\"@id\":\"https:\/\/www.doppelklicker.de\/blog\/#\/schema\/person\/08dcac172bdb025e8ff433488184668a\",\"name\":\"Iris Martin\",\"image\":{\"@type\":\"ImageObject\",\"@id\":\"https:\/\/www.doppelklicker.de\/blog\/#personlogo\",\"inLanguage\":\"de-DE\",\"url\":\"https:\/\/secure.gravatar.com\/avatar\/82fdaa093be0b9686b531f99fcb54d15?s=96&d=wp_user_avatar&r=g\",\"contentUrl\":\"https:\/\/secure.gravatar.com\/avatar\/82fdaa093be0b9686b531f99fcb54d15?s=96&d=wp_user_avatar&r=g\",\"caption\":\"Iris Martin\"},\"url\":\"https:\/\/www.doppelklicker.de\/blog\/author\/iris-martin\/\"}]}<\/script>\n<!-- \/ Yoast SEO plugin. -->","yoast_head_json":{"robots":{"index":"index","follow":"follow","max-snippet":"max-snippet:-1","max-image-preview":"max-image-preview:large","max-video-preview":"max-video-preview:-1"},"canonical":"https:\/\/www.doppelklicker.de\/blog\/hausaerzteverband-baden-wuerttemberg-baeume-zum-jubilaeum\/","og_locale":"de_DE","og_type":"article","og_title":"Nachhaltige Hausarztpraxen: Verband f\u00f6rdert \u00f6kologische Versorgung","og_description":"Der Haus\u00e4rzteverband Baden-W\u00fcrttemberg hat zum 15-j\u00e4hrigen Bestehen der HZV im S\u00fcden des Landes 222 B\u00e4ume gepflanzt. Dieser symbolische Akt hat das Ziel, sowohl den Kampf gegen die Klimakrise zu unterst\u00fctzen als auch die Gesundheit der Menschen zu verbessern.","og_url":"https:\/\/www.doppelklicker.de\/blog\/hausaerzteverband-baden-wuerttemberg-baeume-zum-jubilaeum\/","og_site_name":"Aus Mainz.","article_published_time":"2023-12-06T09:00:00+00:00","og_image":[{"width":1280,"height":615,"url":"https:\/\/www.doppelklicker.de\/blog\/wp-content\/uploads\/2023\/12\/hausaerzteverband-pflanzt-222-baeume-zur-bekaempfung-14620.jpg","type":"image\/jpeg"}],"twitter_card":"summary_large_image","twitter_misc":{"Verfasst von":"Iris Martin","Gesch\u00e4tzte Lesezeit":"4 Minuten"},"schema":{"@context":"https:\/\/schema.org","@graph":[{"@type":"WebSite","@id":"https:\/\/www.doppelklicker.de\/blog\/#website","url":"https:\/\/www.doppelklicker.de\/blog\/","name":"Aus Mainz.","description":"F\u00fcr die Welt.","potentialAction":[{"@type":"SearchAction","target":{"@type":"EntryPoint","urlTemplate":"https:\/\/www.doppelklicker.de\/blog\/?s={search_term_string}"},"query-input":"required name=search_term_string"}],"inLanguage":"de-DE"},{"@type":"ImageObject","@id":"https:\/\/www.doppelklicker.de\/blog\/hausaerzteverband-baden-wuerttemberg-baeume-zum-jubilaeum\/#primaryimage","inLanguage":"de-DE","url":"https:\/\/www.doppelklicker.de\/blog\/wp-content\/uploads\/2023\/12\/hausaerzteverband-pflanzt-222-baeume-zur-bekaempfung-14620.jpg","contentUrl":"https:\/\/www.doppelklicker.de\/blog\/wp-content\/uploads\/2023\/12\/hausaerzteverband-pflanzt-222-baeume-zur-bekaempfung-14620.jpg","width":1280,"height":615,"caption":"Haus\u00e4rzteverband pflanzt 222 B\u00e4ume zur Bek\u00e4mpfung der (Foto: Haus\u00e4rzteverband Baden-W\u00fcrttemberg)"},{"@type":"WebPage","@id":"https:\/\/www.doppelklicker.de\/blog\/hausaerzteverband-baden-wuerttemberg-baeume-zum-jubilaeum\/#webpage","url":"https:\/\/www.doppelklicker.de\/blog\/hausaerzteverband-baden-wuerttemberg-baeume-zum-jubilaeum\/","name":"Nachhaltige Hausarztpraxen: Verband f\u00f6rdert \u00f6kologische Versorgung","isPartOf":{"@id":"https:\/\/www.doppelklicker.de\/blog\/#website"},"primaryImageOfPage":{"@id":"https:\/\/www.doppelklicker.de\/blog\/hausaerzteverband-baden-wuerttemberg-baeume-zum-jubilaeum\/#primaryimage"},"datePublished":"2023-12-06T09:00:00+00:00","dateModified":"2023-12-06T09:00:00+00:00","author":{"@id":"https:\/\/www.doppelklicker.de\/blog\/#\/schema\/person\/08dcac172bdb025e8ff433488184668a"},"breadcrumb":{"@id":"https:\/\/www.doppelklicker.de\/blog\/hausaerzteverband-baden-wuerttemberg-baeume-zum-jubilaeum\/#breadcrumb"},"inLanguage":"de-DE","potentialAction":[{"@type":"ReadAction","target":["https:\/\/www.doppelklicker.de\/blog\/hausaerzteverband-baden-wuerttemberg-baeume-zum-jubilaeum\/"]}]},{"@type":"BreadcrumbList","@id":"https:\/\/www.doppelklicker.de\/blog\/hausaerzteverband-baden-wuerttemberg-baeume-zum-jubilaeum\/#breadcrumb","itemListElement":[{"@type":"ListItem","position":1,"name":"Startseite","item":"https:\/\/www.doppelklicker.de\/blog\/"},{"@type":"ListItem","position":2,"name":"Nachhaltige Hausarztpraxen: Verband f\u00f6rdert \u00f6kologische Versorgung"}]},{"@type":"Person","@id":"https:\/\/www.doppelklicker.de\/blog\/#\/schema\/person\/08dcac172bdb025e8ff433488184668a","name":"Iris Martin","image":{"@type":"ImageObject","@id":"https:\/\/www.doppelklicker.de\/blog\/#personlogo","inLanguage":"de-DE","url":"https:\/\/secure.gravatar.com\/avatar\/82fdaa093be0b9686b531f99fcb54d15?s=96&d=wp_user_avatar&r=g","contentUrl":"https:\/\/secure.gravatar.com\/avatar\/82fdaa093be0b9686b531f99fcb54d15?s=96&d=wp_user_avatar&r=g","caption":"Iris Martin"},"url":"https:\/\/www.doppelklicker.de\/blog\/author\/iris-martin\/"}]}},"_links":{"self":[{"href":"https:\/\/www.doppelklicker.de\/blog\/wp-json\/wp\/v2\/posts\/6586"}],"collection":[{"href":"https:\/\/www.doppelklicker.de\/blog\/wp-json\/wp\/v2\/posts"}],"about":[{"href":"https:\/\/www.doppelklicker.de\/blog\/wp-json\/wp\/v2\/types\/post"}],"author":[{"embeddable":true,"href":"https:\/\/www.doppelklicker.de\/blog\/wp-json\/wp\/v2\/users\/8"}],"replies":[{"embeddable":true,"href":"https:\/\/www.doppelklicker.de\/blog\/wp-json\/wp\/v2\/comments?post=6586"}],"version-history":[{"count":0,"href":"https:\/\/www.doppelklicker.de\/blog\/wp-json\/wp\/v2\/posts\/6586\/revisions"}],"wp:featuredmedia":[{"embeddable":true,"href":"https:\/\/www.doppelklicker.de\/blog\/wp-json\/wp\/v2\/media\/6587"}],"wp:attachment":[{"href":"https:\/\/www.doppelklicker.de\/blog\/wp-json\/wp\/v2\/media?parent=6586"}],"wp:term":[{"taxonomy":"category","embeddable":true,"href":"https:\/\/www.doppelklicker.de\/blog\/wp-json\/wp\/v2\/categories?post=6586"},{"taxonomy":"post_tag","embeddable":true,"href":"https:\/\/www.doppelklicker.de\/blog\/wp-json\/wp\/v2\/tags?post=6586"}],"curies":[{"name":"wp","href":"https:\/\/api.w.org\/{rel}","templated":true}]}}