{"id":6588,"date":"2023-12-04T22:00:00","date_gmt":"2023-12-04T20:00:00","guid":{"rendered":"guid"},"modified":"2023-12-04T22:00:00","modified_gmt":"2023-12-04T20:00:00","slug":"elka-unterstuetzt-aufforstungsprojekt-in-kempfeld","status":"publish","type":"post","link":"https:\/\/www.doppelklicker.de\/blog\/elka-unterstuetzt-aufforstungsprojekt-in-kempfeld\/","title":{"rendered":"Elka unterst\u00fctzt Aufforstungsprojekt in Kempfeld f\u00fcr gesunde W\u00e4lder"},"content":{"rendered":"<p>Elka hat sich auch dieses Jahr wieder dazu entschieden, auf Weihnachtsgeschenke zu verzichten und anstelle dessen ein Aufforstungsprojekt zu unterst\u00fctzen. Die Entscheidung fiel auf eine Fl\u00e4che im Forstrevier Idarwald bei Kempfeld, wo der Wald aufgrund des Klimawandels und des Borkenk\u00e4fers stark gesch\u00e4digt ist. Elka m\u00f6chte durch die Wiederaufforstung dazu beitragen, den Wald dort wieder zu revitalisieren.<br \/>\n<!--more--><\/p>\n<div id=\"ez-toc-container\" class=\"ez-toc-v2_0_16 counter-hierarchy\">\n<div class=\"ez-toc-title-container\">\n<p class=\"ez-toc-title\">Inhaltsverzeichnis: Das erwartet Sie in diesem Artikel<\/p>\n<span class=\"ez-toc-title-toggle\"><a class=\"ez-toc-pull-right ez-toc-btn ez-toc-btn-xs ez-toc-btn-default ez-toc-toggle\" style=\"display: none;\"><i class=\"ez-toc-glyphicon ez-toc-icon-toggle\"><\/i><\/a><\/span><\/div>\n<nav><ul class=\"ez-toc-list ez-toc-list-level-1\"><li class=\"ez-toc-page-1 ez-toc-heading-level-2\"><a class=\"ez-toc-link ez-toc-heading-1\" href=\"https:\/\/www.doppelklicker.de\/blog\/elka-unterstuetzt-aufforstungsprojekt-in-kempfeld\/#elka-entscheidet-sich-erneut-fuer-aufforstungsprojekt-zu-weihnachten\" title=\"Elka entscheidet sich erneut f\u00fcr Aufforstungsprojekt zu Weihnachten\">Elka entscheidet sich erneut f\u00fcr Aufforstungsprojekt zu Weihnachten<\/a><\/li><li class=\"ez-toc-page-1 ez-toc-heading-level-2\"><a class=\"ez-toc-link ez-toc-heading-2\" href=\"https:\/\/www.doppelklicker.de\/blog\/elka-unterstuetzt-aufforstungsprojekt-in-kempfeld\/#borkenkaefer-bedroht-fichtenbestand-im-gemeindewald-kempfeld\" title=\"Borkenk\u00e4fer bedroht Fichtenbestand im Gemeindewald Kempfeld\">Borkenk\u00e4fer bedroht Fichtenbestand im Gemeindewald Kempfeld<\/a><\/li><li class=\"ez-toc-page-1 ez-toc-heading-level-2\"><a class=\"ez-toc-link ez-toc-heading-3\" href=\"https:\/\/www.doppelklicker.de\/blog\/elka-unterstuetzt-aufforstungsprojekt-in-kempfeld\/#weniger-anfaellige-weisstanne-als-hauptbaumart-fuer-wiederaufforstung-gewaehlt\" title=\"Weniger anf\u00e4llige Wei\u00dftanne als Hauptbaumart f\u00fcr Wiederaufforstung gew\u00e4hlt\">Weniger anf\u00e4llige Wei\u00dftanne als Hauptbaumart f\u00fcr Wiederaufforstung gew\u00e4hlt<\/a><\/li><li class=\"ez-toc-page-1 ez-toc-heading-level-2\"><a class=\"ez-toc-link ez-toc-heading-4\" href=\"https:\/\/www.doppelklicker.de\/blog\/elka-unterstuetzt-aufforstungsprojekt-in-kempfeld\/#birke-unterstuetzt-buche-und-weisstanne-im-aufforstungsprojekt\" title=\"Birke unterst\u00fctzt Buche und Wei\u00dftanne im Aufforstungsprojekt\">Birke unterst\u00fctzt Buche und Wei\u00dftanne im Aufforstungsprojekt<\/a><\/li><li class=\"ez-toc-page-1 ez-toc-heading-level-2\"><a class=\"ez-toc-link ez-toc-heading-5\" href=\"https:\/\/www.doppelklicker.de\/blog\/elka-unterstuetzt-aufforstungsprojekt-in-kempfeld\/#holzwirtschaft-mit-langzeitperspektive-weisstannen-fuer-nachhaltiges-bauen\" title=\"Holzwirtschaft mit Langzeitperspektive: Wei\u00dftannen f\u00fcr nachhaltiges Bauen\">Holzwirtschaft mit Langzeitperspektive: Wei\u00dftannen f\u00fcr nachhaltiges Bauen<\/a><\/li><li class=\"ez-toc-page-1 ez-toc-heading-level-2\"><a class=\"ez-toc-link ez-toc-heading-6\" href=\"https:\/\/www.doppelklicker.de\/blog\/elka-unterstuetzt-aufforstungsprojekt-in-kempfeld\/#mehr-gruen-im-umkreis-elka-holzwerke-pflanzen-tausende-baeume\" title=\"Mehr Gr\u00fcn im Umkreis: Elka-Holzwerke pflanzen tausende B\u00e4ume\">Mehr Gr\u00fcn im Umkreis: Elka-Holzwerke pflanzen tausende B\u00e4ume<\/a><\/li><li class=\"ez-toc-page-1 ez-toc-heading-level-2\"><a class=\"ez-toc-link ez-toc-heading-7\" href=\"https:\/\/www.doppelklicker.de\/blog\/elka-unterstuetzt-aufforstungsprojekt-in-kempfeld\/#beitrag-zum-klimaschutz-elka-pflanzt-3735-baeume-in-heimischen-waeldern\" title=\"Beitrag zum Klimaschutz: Elka pflanzt 3.735 B\u00e4ume in heimischen W\u00e4ldern\">Beitrag zum Klimaschutz: Elka pflanzt 3.735 B\u00e4ume in heimischen W\u00e4ldern<\/a><\/li><li class=\"ez-toc-page-1 ez-toc-heading-level-2\"><a class=\"ez-toc-link ez-toc-heading-8\" href=\"https:\/\/www.doppelklicker.de\/blog\/elka-unterstuetzt-aufforstungsprojekt-in-kempfeld\/#elka-leistet-wichtigen-beitrag-zum-umweltschutz-durch-aufforstungsprojekt-in-kempfeld\" title=\"Elka leistet wichtigen Beitrag zum Umweltschutz durch Aufforstungsprojekt in Kempfeld\">Elka leistet wichtigen Beitrag zum Umweltschutz durch Aufforstungsprojekt in Kempfeld<\/a><\/li><\/ul><\/nav><\/div>\n<h2><span class=\"ez-toc-section\" id=\"elka-entscheidet-sich-erneut-fuer-aufforstungsprojekt-zu-weihnachten\"><\/span>Elka entscheidet sich erneut f\u00fcr Aufforstungsprojekt zu Weihnachten<span class=\"ez-toc-section-end\"><\/span><\/h2>\n<p>Als Teil ihres Engagements f\u00fcr den Umweltschutz und die Nachhaltigkeit hat Elka beschlossen, auch dieses Jahr auf Weihnachtsgeschenke zu verzichten und stattdessen ein Aufforstungsprojekt zu unterst\u00fctzen. Die Wahl fiel auf eine Fl\u00e4che im Forstrevier Idarwald, wo am 21.11. Vertreter von Elka und der Gemeinde Kempfeld zusammenkamen, um die ersten B\u00e4ume zu pflanzen. Durch diese Ma\u00dfnahme tr\u00e4gt Elka aktiv zum Erhalt der W\u00e4lder und zur Reduzierung von CO2-Emissionen bei.<\/p>\n<h2><span class=\"ez-toc-section\" id=\"borkenkaefer-bedroht-fichtenbestand-im-gemeindewald-kempfeld\"><\/span>Borkenk\u00e4fer bedroht Fichtenbestand im Gemeindewald Kempfeld<span class=\"ez-toc-section-end\"><\/span><\/h2>\n<p>Der Gemeindewald umfasst eine Fl\u00e4che von knapp 77 Hektar, wobei die Fichte den gr\u00f6\u00dften Anteil mit 59 % ausmacht. In den letzten Jahren hat die Fichte in der Region erhebliche Sch\u00e4den erlitten, vor allem aufgrund der Auswirkungen des Klimawandels, wie Trockenheit, Hitze und St\u00fcrme. Zus\u00e4tzlich stellt der Borkenk\u00e4fer eine bedeutende Gefahr dar, die die geschw\u00e4chten Fichten weiter dezimiert.<\/p>\n<p>Durch die Sch\u00e4digung des Waldes mussten bereits ca. 4 Hektar au\u00dferplanm\u00e4\u00dfig genutzt werden. Um die Folgen des Klimawandels zu mildern, wurde eine bisher ungenutzte Hanglage von einem Hektar Gr\u00f6\u00dfe als Fl\u00e4che f\u00fcr die gestifteten Pflanzen ausgew\u00e4hlt. Hier soll ein gesunder Wald entstehen und somit zur Verbesserung des \u00f6kologischen Gleichgewichts in der Region beitragen.<\/p>\n<h2><span class=\"ez-toc-section\" id=\"weniger-anfaellige-weisstanne-als-hauptbaumart-fuer-wiederaufforstung-gewaehlt\"><\/span>Weniger anf\u00e4llige Wei\u00dftanne als Hauptbaumart f\u00fcr Wiederaufforstung gew\u00e4hlt<span class=\"ez-toc-section-end\"><\/span><\/h2>\n<p>Das Team des Landesforsts hat bei der Wiederaufforstung bewusst auf die Verwendung der Wei\u00dftanne gesetzt. Diese heimische Baumart zeichnet sich durch ihre geringere Anf\u00e4lligkeit f\u00fcr den Borkenk\u00e4fer im Vergleich zu anderen Baumarten aus und ist auch trockenheitsresistenter. Durch diese gezielte Auswahl wird ein gesunder und widerstandsf\u00e4higer Wald geschaffen, der den klimatischen Herausforderungen besser standhalten kann.<\/p>\n<p>Aufgrund ihrer tiefreichenden Pfahlwurzeln ist die Wei\u00dftanne besonders gut f\u00fcr die Aufforstung in steinigen B\u00f6den geeignet. Im Vergleich zur Fichte bietet sie einen besseren Halt und ist weniger anf\u00e4llig f\u00fcr Bodenerosion. Die Wahl der Rotbuche als zweite Baumart erfolgte aufgrund ihrer weiten Verbreitung und ihrer F\u00e4higkeit, sich gut in den bereits bestehenden Waldbestand einzuf\u00fcgen.<\/p>\n<h2><span class=\"ez-toc-section\" id=\"birke-unterstuetzt-buche-und-weisstanne-im-aufforstungsprojekt\"><\/span>Birke unterst\u00fctzt Buche und Wei\u00dftanne im Aufforstungsprojekt<span class=\"ez-toc-section-end\"><\/span><\/h2>\n<p>Eine interessante Besonderheit des Artenmixes ist die Einbeziehung der Birke als dritte Baumart. Die bereits gr\u00f6\u00dferen Birkensetzlinge werden als Schirm f\u00fcr die Buche und Wei\u00dftanne verwendet, die als Schattbaumarten dienen. Gemeinsam bilden sie einen Ammenwald, der den Hauptbaumarten Schutz und Erziehung bietet.<\/p>\n<h2><span class=\"ez-toc-section\" id=\"holzwirtschaft-mit-langzeitperspektive-weisstannen-fuer-nachhaltiges-bauen\"><\/span>Holzwirtschaft mit Langzeitperspektive: Wei\u00dftannen f\u00fcr nachhaltiges Bauen<span class=\"ez-toc-section-end\"><\/span><\/h2>\n<p>Der wirtschaftliche Anbau von Holz unterscheidet sich in Bezug auf die ben\u00f6tigte Zeit von Getreideanbau. Die Wei\u00dftannen in Kempfeld erreichen erst nach etwa 60 Jahren ihre Reife als Baumaterial. W\u00e4hrend dieser Zeit kann jeder Baum ungef\u00e4hr eine Tonne CO2 pro Kubikmeter aus der Umwelt aufnehmen und darin speichern.<\/p>\n<p>Der Einsatz von Holz als Baustoff hat positive Auswirkungen auf den Klimaschutz. W\u00e4hrend des Wachstums nehmen B\u00e4ume CO2 aus der Atmosph\u00e4re auf und speichern es im Holz. Dieses CO2 wird langfristig gebunden und tr\u00e4gt zur Reduzierung des Treibhausgasaussto\u00dfes bei. Die nachhaltige Forstwirtschaft und der Holzbau bieten somit eine effektive M\u00f6glichkeit, dem Klimawandel entgegenzuwirken. Anerkannte Klimaforscher betonen die Bedeutung dieser CO2-Speicherung im Holz f\u00fcr den Umweltschutz und die Nachhaltigkeit in der Bauindustrie.<\/p>\n<h2><span class=\"ez-toc-section\" id=\"mehr-gruen-im-umkreis-elka-holzwerke-pflanzen-tausende-baeume\"><\/span>Mehr Gr\u00fcn im Umkreis: Elka-Holzwerke pflanzen tausende B\u00e4ume<span class=\"ez-toc-section-end\"><\/span><\/h2>\n<p>elka-Holzwerke setzen sich seit vielen Jahren aktiv f\u00fcr Aufforstungsprojekte ein. Im Umkreis von 20 km um Morbach wurden bereits beeindruckende 14.335 B\u00e4ume gepflanzt. Bei der Auswahl der W\u00e4lder wird sorgf\u00e4ltig vorgegangen, um gezielt die richtigen Ma\u00dfnahmen zur Wiederherstellung und nachhaltigen Bewirtschaftung der Waldfl\u00e4chen zu ergreifen. Das langj\u00e4hrige Engagement von elka-Holzwerke unterstreicht die Verantwortung des Unternehmens f\u00fcr den Umweltschutz und die F\u00f6rderung einer nachhaltigen Holzwirtschaft.<\/p>\n<p>Elka setzt auf regionales Holz, was mehrere Vorteile mit sich bringt. Zum einen werden durch die kurzen Transportwege CO2-Emissionen reduziert, da weniger Treibstoff ben\u00f6tigt wird. Zum anderen st\u00e4rkt dies die regionale Wirtschaft, da die Partnerbetriebe vor Ort unterst\u00fctzt werden. Dar\u00fcber hinaus werden Arbeitspl\u00e4tze in der Region gesichert. Elka leistet damit einen wichtigen Beitrag zum Umweltschutz und zur nachhaltigen Entwicklung der Region.<\/p>\n<h2><span class=\"ez-toc-section\" id=\"beitrag-zum-klimaschutz-elka-pflanzt-3735-baeume-in-heimischen-waeldern\"><\/span>Beitrag zum Klimaschutz: Elka pflanzt 3.735 B\u00e4ume in heimischen W\u00e4ldern<span class=\"ez-toc-section-end\"><\/span><\/h2>\n<p>Elka hat sich dazu verpflichtet, das Aufforstungsprojekt in vollem Umfang zu unterst\u00fctzen. Mit insgesamt 2.665 Wei\u00dftannen, 750 Rotbuchen und 320 Birken leistet das Unternehmen einen bedeutenden Beitrag zum Erhalt und zur St\u00e4rkung unserer heimischen W\u00e4lder. Durch diese Ma\u00dfnahme wird der CO2-Aussto\u00df reduziert und ein gesunder Wald geschaffen, der langfristig zum Klimaschutz beitr\u00e4gt. Elka setzt damit ein wichtiges Zeichen f\u00fcr die Nachhaltigkeit und den Schutz unserer Umwelt.<\/p>\n<h2><span class=\"ez-toc-section\" id=\"elka-leistet-wichtigen-beitrag-zum-umweltschutz-durch-aufforstungsprojekt-in-kempfeld\"><\/span>Elka leistet wichtigen Beitrag zum Umweltschutz durch Aufforstungsprojekt in Kempfeld<span class=\"ez-toc-section-end\"><\/span><\/h2>\n<p>Das Aufforstungsprojekt in Kempfeld ist ein lebendiges Beispiel daf\u00fcr, wie Unternehmen wie Elka aktiv zur Umweltbewahrung beitragen k\u00f6nnen. Durch die sorgf\u00e4ltige Auswahl der Baumarten und die langfristige Perspektive des Holzbaus werden nicht nur gesunde W\u00e4lder geschaffen, sondern auch der CO2-Aussto\u00df reduziert. Dieses Projekt verdeutlicht, dass Nachhaltigkeit und wirtschaftlicher Erfolg parallel existieren k\u00f6nnen.<\/p>\n<p>Das Engagement von Elka im Aufforstungsprojekt hat vielf\u00e4ltige positive Effekte. Neben der F\u00f6rderung der Nachhaltigkeit tr\u00e4gt das Unternehmen zur regionalen Wertsch\u00f6pfung bei, indem Arbeitspl\u00e4tze in der Forstwirtschaft geschaffen und gesichert werden. Dar\u00fcber hinaus setzt Elka ein wichtiges Zeichen f\u00fcr den Klimaschutz und unterst\u00fctzt aktiv den Erhalt unserer heimischen W\u00e4lder.<\/p>\n","protected":false},"excerpt":{"rendered":"<p>Elka hat sich auch dieses Jahr wieder dazu entschieden, auf Weihnachtsgeschenke zu verzichten und anstelle dessen ein Aufforstungsprojekt zu unterst\u00fctzen. Die Entscheidung fiel auf eine Fl\u00e4che im Forstrevier Idarwald bei Kempfeld, wo der Wald aufgrund des Klimawandels und des Borkenk\u00e4fers stark gesch\u00e4digt ist. Elka m\u00f6chte durch die Wiederaufforstung dazu beitragen, den Wald dort wieder zu<\/p>\n<div class=\"read-more\"><a href=\"https:\/\/www.doppelklicker.de\/blog\/elka-unterstuetzt-aufforstungsprojekt-in-kempfeld\/\" title=\"Jetzt alles lesen\">Jetzt alles lesen<\/a><\/div>\n","protected":false},"author":8,"featured_media":6589,"comment_status":"open","ping_status":"open","sticky":false,"template":"","format":"standard","meta":[],"categories":[3305],"tags":[],"yoast_head":"<!-- This site is optimized with the Yoast SEO plugin v18.2 - https:\/\/yoast.com\/wordpress\/plugins\/seo\/ -->\n<meta name=\"robots\" content=\"index, follow, max-snippet:-1, max-image-preview:large, max-video-preview:-1\" \/>\n<link rel=\"canonical\" href=\"https:\/\/www.doppelklicker.de\/blog\/elka-unterstuetzt-aufforstungsprojekt-in-kempfeld\/\" \/>\n<meta property=\"og:locale\" content=\"de_DE\" \/>\n<meta property=\"og:type\" content=\"article\" \/>\n<meta property=\"og:title\" content=\"Elka unterst\u00fctzt Aufforstungsprojekt in Kempfeld f\u00fcr gesunde W\u00e4lder\" \/>\n<meta property=\"og:description\" content=\"Elka hat sich auch dieses Jahr wieder dazu entschieden, auf Weihnachtsgeschenke zu verzichten und anstelle dessen ein Aufforstungsprojekt zu unterst\u00fctzen. Die Entscheidung fiel auf eine Fl\u00e4che im Forstrevier Idarwald bei Kempfeld, wo der Wald aufgrund des Klimawandels und des Borkenk\u00e4fers stark gesch\u00e4digt ist. Elka m\u00f6chte durch die Wiederaufforstung dazu beitragen, den Wald dort wieder zuJetzt alles lesen\" \/>\n<meta property=\"og:url\" content=\"https:\/\/www.doppelklicker.de\/blog\/elka-unterstuetzt-aufforstungsprojekt-in-kempfeld\/\" \/>\n<meta property=\"og:site_name\" content=\"Aus Mainz.\" \/>\n<meta property=\"article:published_time\" content=\"2023-12-04T20:00:00+00:00\" \/>\n<meta property=\"og:image\" content=\"https:\/\/www.doppelklicker.de\/blog\/wp-content\/uploads\/2023\/12\/elka-pflanzt-baeume-im-idarwald-zur-rettung-des-waldes-14624.jpg\" \/>\n\t<meta property=\"og:image:width\" content=\"1280\" \/>\n\t<meta property=\"og:image:height\" content=\"615\" \/>\n\t<meta property=\"og:image:type\" content=\"image\/jpeg\" \/>\n<meta name=\"twitter:card\" content=\"summary_large_image\" \/>\n<meta name=\"twitter:label1\" content=\"Verfasst von\" \/>\n\t<meta name=\"twitter:data1\" content=\"Iris Martin\" \/>\n\t<meta name=\"twitter:label2\" content=\"Gesch\u00e4tzte Lesezeit\" \/>\n\t<meta name=\"twitter:data2\" content=\"5 Minuten\" \/>\n<script type=\"application\/ld+json\" class=\"yoast-schema-graph\">{\"@context\":\"https:\/\/schema.org\",\"@graph\":[{\"@type\":\"WebSite\",\"@id\":\"https:\/\/www.doppelklicker.de\/blog\/#website\",\"url\":\"https:\/\/www.doppelklicker.de\/blog\/\",\"name\":\"Aus Mainz.\",\"description\":\"F\u00fcr die Welt.\",\"potentialAction\":[{\"@type\":\"SearchAction\",\"target\":{\"@type\":\"EntryPoint\",\"urlTemplate\":\"https:\/\/www.doppelklicker.de\/blog\/?s={search_term_string}\"},\"query-input\":\"required name=search_term_string\"}],\"inLanguage\":\"de-DE\"},{\"@type\":\"ImageObject\",\"@id\":\"https:\/\/www.doppelklicker.de\/blog\/elka-unterstuetzt-aufforstungsprojekt-in-kempfeld\/#primaryimage\",\"inLanguage\":\"de-DE\",\"url\":\"https:\/\/www.doppelklicker.de\/blog\/wp-content\/uploads\/2023\/12\/elka-pflanzt-baeume-im-idarwald-zur-rettung-des-waldes-14624.jpg\",\"contentUrl\":\"https:\/\/www.doppelklicker.de\/blog\/wp-content\/uploads\/2023\/12\/elka-pflanzt-baeume-im-idarwald-zur-rettung-des-waldes-14624.jpg\",\"width\":1280,\"height\":615,\"caption\":\"Elka unterst\u00fctzt Aufforstungsprojekt in Kempfeld f\u00fcr gesunde W\u00e4lder (Foto: Frank Gemeinhardt)\"},{\"@type\":\"WebPage\",\"@id\":\"https:\/\/www.doppelklicker.de\/blog\/elka-unterstuetzt-aufforstungsprojekt-in-kempfeld\/#webpage\",\"url\":\"https:\/\/www.doppelklicker.de\/blog\/elka-unterstuetzt-aufforstungsprojekt-in-kempfeld\/\",\"name\":\"Elka unterst\u00fctzt Aufforstungsprojekt in Kempfeld f\u00fcr gesunde W\u00e4lder\",\"isPartOf\":{\"@id\":\"https:\/\/www.doppelklicker.de\/blog\/#website\"},\"primaryImageOfPage\":{\"@id\":\"https:\/\/www.doppelklicker.de\/blog\/elka-unterstuetzt-aufforstungsprojekt-in-kempfeld\/#primaryimage\"},\"datePublished\":\"2023-12-04T20:00:00+00:00\",\"dateModified\":\"2023-12-04T20:00:00+00:00\",\"author\":{\"@id\":\"https:\/\/www.doppelklicker.de\/blog\/#\/schema\/person\/08dcac172bdb025e8ff433488184668a\"},\"breadcrumb\":{\"@id\":\"https:\/\/www.doppelklicker.de\/blog\/elka-unterstuetzt-aufforstungsprojekt-in-kempfeld\/#breadcrumb\"},\"inLanguage\":\"de-DE\",\"potentialAction\":[{\"@type\":\"ReadAction\",\"target\":[\"https:\/\/www.doppelklicker.de\/blog\/elka-unterstuetzt-aufforstungsprojekt-in-kempfeld\/\"]}]},{\"@type\":\"BreadcrumbList\",\"@id\":\"https:\/\/www.doppelklicker.de\/blog\/elka-unterstuetzt-aufforstungsprojekt-in-kempfeld\/#breadcrumb\",\"itemListElement\":[{\"@type\":\"ListItem\",\"position\":1,\"name\":\"Startseite\",\"item\":\"https:\/\/www.doppelklicker.de\/blog\/\"},{\"@type\":\"ListItem\",\"position\":2,\"name\":\"Elka unterst\u00fctzt Aufforstungsprojekt in Kempfeld f\u00fcr gesunde W\u00e4lder\"}]},{\"@type\":\"Person\",\"@id\":\"https:\/\/www.doppelklicker.de\/blog\/#\/schema\/person\/08dcac172bdb025e8ff433488184668a\",\"name\":\"Iris Martin\",\"image\":{\"@type\":\"ImageObject\",\"@id\":\"https:\/\/www.doppelklicker.de\/blog\/#personlogo\",\"inLanguage\":\"de-DE\",\"url\":\"https:\/\/secure.gravatar.com\/avatar\/82fdaa093be0b9686b531f99fcb54d15?s=96&d=wp_user_avatar&r=g\",\"contentUrl\":\"https:\/\/secure.gravatar.com\/avatar\/82fdaa093be0b9686b531f99fcb54d15?s=96&d=wp_user_avatar&r=g\",\"caption\":\"Iris Martin\"},\"url\":\"https:\/\/www.doppelklicker.de\/blog\/author\/iris-martin\/\"}]}<\/script>\n<!-- \/ Yoast SEO plugin. -->","yoast_head_json":{"robots":{"index":"index","follow":"follow","max-snippet":"max-snippet:-1","max-image-preview":"max-image-preview:large","max-video-preview":"max-video-preview:-1"},"canonical":"https:\/\/www.doppelklicker.de\/blog\/elka-unterstuetzt-aufforstungsprojekt-in-kempfeld\/","og_locale":"de_DE","og_type":"article","og_title":"Elka unterst\u00fctzt Aufforstungsprojekt in Kempfeld f\u00fcr gesunde W\u00e4lder","og_description":"Elka hat sich auch dieses Jahr wieder dazu entschieden, auf Weihnachtsgeschenke zu verzichten und anstelle dessen ein Aufforstungsprojekt zu unterst\u00fctzen. Die Entscheidung fiel auf eine Fl\u00e4che im Forstrevier Idarwald bei Kempfeld, wo der Wald aufgrund des Klimawandels und des Borkenk\u00e4fers stark gesch\u00e4digt ist. Elka m\u00f6chte durch die Wiederaufforstung dazu beitragen, den Wald dort wieder zuJetzt alles lesen","og_url":"https:\/\/www.doppelklicker.de\/blog\/elka-unterstuetzt-aufforstungsprojekt-in-kempfeld\/","og_site_name":"Aus Mainz.","article_published_time":"2023-12-04T20:00:00+00:00","og_image":[{"width":1280,"height":615,"url":"https:\/\/www.doppelklicker.de\/blog\/wp-content\/uploads\/2023\/12\/elka-pflanzt-baeume-im-idarwald-zur-rettung-des-waldes-14624.jpg","type":"image\/jpeg"}],"twitter_card":"summary_large_image","twitter_misc":{"Verfasst von":"Iris Martin","Gesch\u00e4tzte Lesezeit":"5 Minuten"},"schema":{"@context":"https:\/\/schema.org","@graph":[{"@type":"WebSite","@id":"https:\/\/www.doppelklicker.de\/blog\/#website","url":"https:\/\/www.doppelklicker.de\/blog\/","name":"Aus Mainz.","description":"F\u00fcr die Welt.","potentialAction":[{"@type":"SearchAction","target":{"@type":"EntryPoint","urlTemplate":"https:\/\/www.doppelklicker.de\/blog\/?s={search_term_string}"},"query-input":"required name=search_term_string"}],"inLanguage":"de-DE"},{"@type":"ImageObject","@id":"https:\/\/www.doppelklicker.de\/blog\/elka-unterstuetzt-aufforstungsprojekt-in-kempfeld\/#primaryimage","inLanguage":"de-DE","url":"https:\/\/www.doppelklicker.de\/blog\/wp-content\/uploads\/2023\/12\/elka-pflanzt-baeume-im-idarwald-zur-rettung-des-waldes-14624.jpg","contentUrl":"https:\/\/www.doppelklicker.de\/blog\/wp-content\/uploads\/2023\/12\/elka-pflanzt-baeume-im-idarwald-zur-rettung-des-waldes-14624.jpg","width":1280,"height":615,"caption":"Elka unterst\u00fctzt Aufforstungsprojekt in Kempfeld f\u00fcr gesunde W\u00e4lder (Foto: Frank Gemeinhardt)"},{"@type":"WebPage","@id":"https:\/\/www.doppelklicker.de\/blog\/elka-unterstuetzt-aufforstungsprojekt-in-kempfeld\/#webpage","url":"https:\/\/www.doppelklicker.de\/blog\/elka-unterstuetzt-aufforstungsprojekt-in-kempfeld\/","name":"Elka unterst\u00fctzt Aufforstungsprojekt in Kempfeld f\u00fcr gesunde W\u00e4lder","isPartOf":{"@id":"https:\/\/www.doppelklicker.de\/blog\/#website"},"primaryImageOfPage":{"@id":"https:\/\/www.doppelklicker.de\/blog\/elka-unterstuetzt-aufforstungsprojekt-in-kempfeld\/#primaryimage"},"datePublished":"2023-12-04T20:00:00+00:00","dateModified":"2023-12-04T20:00:00+00:00","author":{"@id":"https:\/\/www.doppelklicker.de\/blog\/#\/schema\/person\/08dcac172bdb025e8ff433488184668a"},"breadcrumb":{"@id":"https:\/\/www.doppelklicker.de\/blog\/elka-unterstuetzt-aufforstungsprojekt-in-kempfeld\/#breadcrumb"},"inLanguage":"de-DE","potentialAction":[{"@type":"ReadAction","target":["https:\/\/www.doppelklicker.de\/blog\/elka-unterstuetzt-aufforstungsprojekt-in-kempfeld\/"]}]},{"@type":"BreadcrumbList","@id":"https:\/\/www.doppelklicker.de\/blog\/elka-unterstuetzt-aufforstungsprojekt-in-kempfeld\/#breadcrumb","itemListElement":[{"@type":"ListItem","position":1,"name":"Startseite","item":"https:\/\/www.doppelklicker.de\/blog\/"},{"@type":"ListItem","position":2,"name":"Elka unterst\u00fctzt Aufforstungsprojekt in Kempfeld f\u00fcr gesunde W\u00e4lder"}]},{"@type":"Person","@id":"https:\/\/www.doppelklicker.de\/blog\/#\/schema\/person\/08dcac172bdb025e8ff433488184668a","name":"Iris Martin","image":{"@type":"ImageObject","@id":"https:\/\/www.doppelklicker.de\/blog\/#personlogo","inLanguage":"de-DE","url":"https:\/\/secure.gravatar.com\/avatar\/82fdaa093be0b9686b531f99fcb54d15?s=96&d=wp_user_avatar&r=g","contentUrl":"https:\/\/secure.gravatar.com\/avatar\/82fdaa093be0b9686b531f99fcb54d15?s=96&d=wp_user_avatar&r=g","caption":"Iris Martin"},"url":"https:\/\/www.doppelklicker.de\/blog\/author\/iris-martin\/"}]}},"_links":{"self":[{"href":"https:\/\/www.doppelklicker.de\/blog\/wp-json\/wp\/v2\/posts\/6588"}],"collection":[{"href":"https:\/\/www.doppelklicker.de\/blog\/wp-json\/wp\/v2\/posts"}],"about":[{"href":"https:\/\/www.doppelklicker.de\/blog\/wp-json\/wp\/v2\/types\/post"}],"author":[{"embeddable":true,"href":"https:\/\/www.doppelklicker.de\/blog\/wp-json\/wp\/v2\/users\/8"}],"replies":[{"embeddable":true,"href":"https:\/\/www.doppelklicker.de\/blog\/wp-json\/wp\/v2\/comments?post=6588"}],"version-history":[{"count":0,"href":"https:\/\/www.doppelklicker.de\/blog\/wp-json\/wp\/v2\/posts\/6588\/revisions"}],"wp:featuredmedia":[{"embeddable":true,"href":"https:\/\/www.doppelklicker.de\/blog\/wp-json\/wp\/v2\/media\/6589"}],"wp:attachment":[{"href":"https:\/\/www.doppelklicker.de\/blog\/wp-json\/wp\/v2\/media?parent=6588"}],"wp:term":[{"taxonomy":"category","embeddable":true,"href":"https:\/\/www.doppelklicker.de\/blog\/wp-json\/wp\/v2\/categories?post=6588"},{"taxonomy":"post_tag","embeddable":true,"href":"https:\/\/www.doppelklicker.de\/blog\/wp-json\/wp\/v2\/tags?post=6588"}],"curies":[{"name":"wp","href":"https:\/\/api.w.org\/{rel}","templated":true}]}}