{"id":6625,"date":"2024-01-22T09:00:00","date_gmt":"2024-01-22T07:00:00","guid":{"rendered":"guid"},"modified":"2024-01-22T09:00:00","modified_gmt":"2024-01-22T07:00:00","slug":"co2-preis-wird-ab-2027-stark-steigen","status":"publish","type":"post","link":"https:\/\/www.doppelklicker.de\/blog\/co2-preis-wird-ab-2027-stark-steigen\/","title":{"rendered":"Klimageld reicht nicht aus, weitere Ma\u00dfnahmen notwendig"},"content":{"rendered":"<p>Eine neue Studie des IMK der Hans-B\u00f6ckler-Stiftung legt nahe, dass der CO2-Preis ab 2027 erheblich steigen wird und die Politik keinen direkten Einfluss mehr auf die Preisgestaltung hat. Um zu verhindern, dass Haushalte \u00fcberfordert werden, plant die Bundesregierung eine Pro-Kopf-Pauschale, mit der die Einnahmen aus der CO2-Bepreisung an die B\u00fcrger zur\u00fcckgegeben werden sollen. Laut der Studie w\u00fcrden 49 Prozent der Haushalte in Deutschland davon profitieren, insbesondere Haushalte mit niedrigem Einkommen, niedrigem bis mittlerem Energieverbrauch und Mieter.<br \/>\n<!--more--><\/p>\n<h2>Haushalte mit niedrigem Energieverbrauch profitieren von CO2-Pauschale<\/h2>\n<p>Eine aktuelle Studie des IMK der Hans-B\u00f6ckler-Stiftung zeigt auf, dass fast die H\u00e4lfte der Haushalte in Deutschland von der geplanten Pro-Kopf-Pauschale profitieren k\u00f6nnte. Insbesondere Haushalte mit geringem Einkommen, niedrigem bis mittlerem Energieverbrauch und Mieter w\u00fcrden finanzielle Unterst\u00fctzung erhalten. Die Auszahlung der Pauschale w\u00fcrde ihre zus\u00e4tzlichen Kosten f\u00fcr den CO2-Preis \u00fcbersteigen und somit ihre finanzielle Belastung verringern.<\/p>\n<p>F\u00fcr 44 Prozent der Haushalte in Deutschland w\u00fcrde das Klimageld nicht ausreichen, um die zus\u00e4tzliche finanzielle Belastung durch den CO2-Preis zu kompensieren. Besonders betroffen w\u00e4ren 4,7 Millionen Haushalte mit mittlerem Einkommen, die auf dem Land in \u00e4lteren Immobilien leben und trotz der Kompensation mehr als zwei Prozent ihres Nettoeinkommens f\u00fcr den CO2-Preis aufwenden m\u00fcssten.<\/p>\n<h2>Klimageld allein nicht ausreichend f\u00fcr soziale Abfederung<\/h2>\n<p>Um die sozialen Folgen eines steigenden CO2-Preises abzumildern, sind laut Prof. Dr. Sebastian Dullien, Wissenschaftlicher Direktor des IMK, zus\u00e4tzliche F\u00f6rderma\u00dfnahmen erforderlich. Dazu geh\u00f6ren beispielsweise die beschleunigte Sanierung von Geb\u00e4uden und der Ausbau des Personennahverkehrs, insbesondere in l\u00e4ndlichen Regionen.<\/p>\n<h2>Mieter und Haushalte mit niedrigem Energieverbrauch profitieren von CO2-Pauschale<\/h2>\n<p>Eine aktuelle Studie des IMK zeigt, dass der CO2-Preis in Deutschland ab 2027 stark ansteigen wird und die Politik keinen direkten Einfluss mehr auf die Preisentwicklung hat. Um sicherzustellen, dass Haushalte nicht \u00fcberm\u00e4\u00dfig belastet werden, plant die Bundesregierung die Einf\u00fchrung einer Pro-Kopf-Pauschale, mit der die Einnahmen aus der CO2-Bepreisung an die B\u00fcrger zur\u00fcckgegeben werden sollen. Gem\u00e4\u00df der Studie w\u00fcrden 49 Prozent der Haushalte in Deutschland von dieser Ma\u00dfnahme profitieren, insbesondere Haushalte mit niedrigem Einkommen und einem moderaten Energieverbrauch.<\/p>\n","protected":false},"excerpt":{"rendered":"<p>Eine neue Studie des IMK der Hans-B\u00f6ckler-Stiftung legt nahe, dass der CO2-Preis ab 2027 erheblich steigen wird und die Politik keinen direkten Einfluss mehr auf die Preisgestaltung hat. Um zu verhindern, dass Haushalte \u00fcberfordert werden, plant die Bundesregierung eine Pro-Kopf-Pauschale, mit der die Einnahmen aus der CO2-Bepreisung an die B\u00fcrger zur\u00fcckgegeben werden sollen. Laut der<\/p>\n<div class=\"read-more\"><a href=\"https:\/\/www.doppelklicker.de\/blog\/co2-preis-wird-ab-2027-stark-steigen\/\" title=\"Jetzt alles lesen\">Jetzt alles lesen<\/a><\/div>\n","protected":false},"author":8,"featured_media":6626,"comment_status":"open","ping_status":"open","sticky":false,"template":"","format":"standard","meta":[],"categories":[3305],"tags":[],"yoast_head":"<!-- This site is optimized with the Yoast SEO plugin v18.2 - https:\/\/yoast.com\/wordpress\/plugins\/seo\/ -->\n<meta name=\"robots\" content=\"index, follow, max-snippet:-1, max-image-preview:large, max-video-preview:-1\" \/>\n<meta property=\"og:locale\" content=\"de_DE\" \/>\n<meta property=\"og:type\" content=\"article\" \/>\n<meta property=\"og:title\" content=\"Klimageld reicht nicht aus, weitere Ma\u00dfnahmen notwendig\" \/>\n<meta property=\"og:description\" content=\"Eine neue Studie des IMK der Hans-B\u00f6ckler-Stiftung legt nahe, dass der CO2-Preis ab 2027 erheblich steigen wird und die Politik keinen direkten Einfluss mehr auf die Preisgestaltung hat. Um zu verhindern, dass Haushalte \u00fcberfordert werden, plant die Bundesregierung eine Pro-Kopf-Pauschale, mit der die Einnahmen aus der CO2-Bepreisung an die B\u00fcrger zur\u00fcckgegeben werden sollen. Laut derJetzt alles lesen\" \/>\n<meta property=\"og:url\" content=\"https:\/\/www.doppelklicker.de\/blog\/?p=6625\" \/>\n<meta property=\"og:site_name\" content=\"Aus Mainz.\" \/>\n<meta property=\"article:published_time\" content=\"2024-01-22T07:00:00+00:00\" \/>\n<meta property=\"og:image\" content=\"https:\/\/www.doppelklicker.de\/blog\/wp-content\/uploads\/2023\/12\/studie-co2-preis-steigt-ab-2027-15093.jpg\" \/>\n\t<meta property=\"og:image:width\" content=\"1280\" \/>\n\t<meta property=\"og:image:height\" content=\"615\" \/>\n\t<meta property=\"og:image:type\" content=\"image\/jpeg\" \/>\n<meta name=\"twitter:card\" content=\"summary_large_image\" \/>\n<meta name=\"twitter:label1\" content=\"Verfasst von\" \/>\n\t<meta name=\"twitter:data1\" content=\"Iris Martin\" \/>\n\t<meta name=\"twitter:label2\" content=\"Gesch\u00e4tzte Lesezeit\" \/>\n\t<meta name=\"twitter:data2\" content=\"2 Minuten\" \/>\n<script type=\"application\/ld+json\" class=\"yoast-schema-graph\">{\"@context\":\"https:\/\/schema.org\",\"@graph\":[{\"@type\":\"WebSite\",\"@id\":\"https:\/\/www.doppelklicker.de\/blog\/#website\",\"url\":\"https:\/\/www.doppelklicker.de\/blog\/\",\"name\":\"Aus Mainz.\",\"description\":\"F\u00fcr die Welt.\",\"potentialAction\":[{\"@type\":\"SearchAction\",\"target\":{\"@type\":\"EntryPoint\",\"urlTemplate\":\"https:\/\/www.doppelklicker.de\/blog\/?s={search_term_string}\"},\"query-input\":\"required name=search_term_string\"}],\"inLanguage\":\"de-DE\"},{\"@type\":\"ImageObject\",\"@id\":\"https:\/\/www.doppelklicker.de\/blog\/?p=6625#primaryimage\",\"inLanguage\":\"de-DE\",\"url\":\"https:\/\/www.doppelklicker.de\/blog\/wp-content\/uploads\/2023\/12\/studie-co2-preis-steigt-ab-2027-15093.jpg\",\"contentUrl\":\"https:\/\/www.doppelklicker.de\/blog\/wp-content\/uploads\/2023\/12\/studie-co2-preis-steigt-ab-2027-15093.jpg\",\"width\":1280,\"height\":615,\"caption\":\"Klimageld reicht nicht aus, weitere Ma\u00dfnahmen notwendig (Foto: AdobeStock - studio v-zwoelf 460019084)\"},{\"@type\":\"WebPage\",\"@id\":\"https:\/\/www.doppelklicker.de\/blog\/?p=6625#webpage\",\"url\":\"https:\/\/www.doppelklicker.de\/blog\/?p=6625\",\"name\":\"Klimageld reicht nicht aus, weitere Ma\u00dfnahmen notwendig\",\"isPartOf\":{\"@id\":\"https:\/\/www.doppelklicker.de\/blog\/#website\"},\"primaryImageOfPage\":{\"@id\":\"https:\/\/www.doppelklicker.de\/blog\/?p=6625#primaryimage\"},\"datePublished\":\"2024-01-22T07:00:00+00:00\",\"dateModified\":\"2024-01-22T07:00:00+00:00\",\"author\":{\"@id\":\"https:\/\/www.doppelklicker.de\/blog\/#\/schema\/person\/08dcac172bdb025e8ff433488184668a\"},\"breadcrumb\":{\"@id\":\"https:\/\/www.doppelklicker.de\/blog\/?p=6625#breadcrumb\"},\"inLanguage\":\"de-DE\",\"potentialAction\":[{\"@type\":\"ReadAction\",\"target\":[\"https:\/\/www.doppelklicker.de\/blog\/?p=6625\"]}]},{\"@type\":\"BreadcrumbList\",\"@id\":\"https:\/\/www.doppelklicker.de\/blog\/?p=6625#breadcrumb\",\"itemListElement\":[{\"@type\":\"ListItem\",\"position\":1,\"name\":\"Startseite\",\"item\":\"https:\/\/www.doppelklicker.de\/blog\/\"},{\"@type\":\"ListItem\",\"position\":2,\"name\":\"Klimageld reicht nicht aus, weitere Ma\u00dfnahmen notwendig\"}]},{\"@type\":\"Person\",\"@id\":\"https:\/\/www.doppelklicker.de\/blog\/#\/schema\/person\/08dcac172bdb025e8ff433488184668a\",\"name\":\"Iris Martin\",\"image\":{\"@type\":\"ImageObject\",\"@id\":\"https:\/\/www.doppelklicker.de\/blog\/#personlogo\",\"inLanguage\":\"de-DE\",\"url\":\"https:\/\/secure.gravatar.com\/avatar\/82fdaa093be0b9686b531f99fcb54d15?s=96&d=wp_user_avatar&r=g\",\"contentUrl\":\"https:\/\/secure.gravatar.com\/avatar\/82fdaa093be0b9686b531f99fcb54d15?s=96&d=wp_user_avatar&r=g\",\"caption\":\"Iris Martin\"},\"url\":\"https:\/\/www.doppelklicker.de\/blog\/author\/iris-martin\/\"}]}<\/script>\n<!-- \/ Yoast SEO plugin. -->","yoast_head_json":{"robots":{"index":"index","follow":"follow","max-snippet":"max-snippet:-1","max-image-preview":"max-image-preview:large","max-video-preview":"max-video-preview:-1"},"og_locale":"de_DE","og_type":"article","og_title":"Klimageld reicht nicht aus, weitere Ma\u00dfnahmen notwendig","og_description":"Eine neue Studie des IMK der Hans-B\u00f6ckler-Stiftung legt nahe, dass der CO2-Preis ab 2027 erheblich steigen wird und die Politik keinen direkten Einfluss mehr auf die Preisgestaltung hat. Um zu verhindern, dass Haushalte \u00fcberfordert werden, plant die Bundesregierung eine Pro-Kopf-Pauschale, mit der die Einnahmen aus der CO2-Bepreisung an die B\u00fcrger zur\u00fcckgegeben werden sollen. Laut derJetzt alles lesen","og_url":"https:\/\/www.doppelklicker.de\/blog\/?p=6625","og_site_name":"Aus Mainz.","article_published_time":"2024-01-22T07:00:00+00:00","og_image":[{"width":1280,"height":615,"url":"https:\/\/www.doppelklicker.de\/blog\/wp-content\/uploads\/2023\/12\/studie-co2-preis-steigt-ab-2027-15093.jpg","type":"image\/jpeg"}],"twitter_card":"summary_large_image","twitter_misc":{"Verfasst von":"Iris Martin","Gesch\u00e4tzte Lesezeit":"2 Minuten"},"schema":{"@context":"https:\/\/schema.org","@graph":[{"@type":"WebSite","@id":"https:\/\/www.doppelklicker.de\/blog\/#website","url":"https:\/\/www.doppelklicker.de\/blog\/","name":"Aus Mainz.","description":"F\u00fcr die Welt.","potentialAction":[{"@type":"SearchAction","target":{"@type":"EntryPoint","urlTemplate":"https:\/\/www.doppelklicker.de\/blog\/?s={search_term_string}"},"query-input":"required name=search_term_string"}],"inLanguage":"de-DE"},{"@type":"ImageObject","@id":"https:\/\/www.doppelklicker.de\/blog\/?p=6625#primaryimage","inLanguage":"de-DE","url":"https:\/\/www.doppelklicker.de\/blog\/wp-content\/uploads\/2023\/12\/studie-co2-preis-steigt-ab-2027-15093.jpg","contentUrl":"https:\/\/www.doppelklicker.de\/blog\/wp-content\/uploads\/2023\/12\/studie-co2-preis-steigt-ab-2027-15093.jpg","width":1280,"height":615,"caption":"Klimageld reicht nicht aus, weitere Ma\u00dfnahmen notwendig (Foto: AdobeStock - studio v-zwoelf 460019084)"},{"@type":"WebPage","@id":"https:\/\/www.doppelklicker.de\/blog\/?p=6625#webpage","url":"https:\/\/www.doppelklicker.de\/blog\/?p=6625","name":"Klimageld reicht nicht aus, weitere Ma\u00dfnahmen notwendig","isPartOf":{"@id":"https:\/\/www.doppelklicker.de\/blog\/#website"},"primaryImageOfPage":{"@id":"https:\/\/www.doppelklicker.de\/blog\/?p=6625#primaryimage"},"datePublished":"2024-01-22T07:00:00+00:00","dateModified":"2024-01-22T07:00:00+00:00","author":{"@id":"https:\/\/www.doppelklicker.de\/blog\/#\/schema\/person\/08dcac172bdb025e8ff433488184668a"},"breadcrumb":{"@id":"https:\/\/www.doppelklicker.de\/blog\/?p=6625#breadcrumb"},"inLanguage":"de-DE","potentialAction":[{"@type":"ReadAction","target":["https:\/\/www.doppelklicker.de\/blog\/?p=6625"]}]},{"@type":"BreadcrumbList","@id":"https:\/\/www.doppelklicker.de\/blog\/?p=6625#breadcrumb","itemListElement":[{"@type":"ListItem","position":1,"name":"Startseite","item":"https:\/\/www.doppelklicker.de\/blog\/"},{"@type":"ListItem","position":2,"name":"Klimageld reicht nicht aus, weitere Ma\u00dfnahmen notwendig"}]},{"@type":"Person","@id":"https:\/\/www.doppelklicker.de\/blog\/#\/schema\/person\/08dcac172bdb025e8ff433488184668a","name":"Iris Martin","image":{"@type":"ImageObject","@id":"https:\/\/www.doppelklicker.de\/blog\/#personlogo","inLanguage":"de-DE","url":"https:\/\/secure.gravatar.com\/avatar\/82fdaa093be0b9686b531f99fcb54d15?s=96&d=wp_user_avatar&r=g","contentUrl":"https:\/\/secure.gravatar.com\/avatar\/82fdaa093be0b9686b531f99fcb54d15?s=96&d=wp_user_avatar&r=g","caption":"Iris Martin"},"url":"https:\/\/www.doppelklicker.de\/blog\/author\/iris-martin\/"}]}},"_links":{"self":[{"href":"https:\/\/www.doppelklicker.de\/blog\/wp-json\/wp\/v2\/posts\/6625"}],"collection":[{"href":"https:\/\/www.doppelklicker.de\/blog\/wp-json\/wp\/v2\/posts"}],"about":[{"href":"https:\/\/www.doppelklicker.de\/blog\/wp-json\/wp\/v2\/types\/post"}],"author":[{"embeddable":true,"href":"https:\/\/www.doppelklicker.de\/blog\/wp-json\/wp\/v2\/users\/8"}],"replies":[{"embeddable":true,"href":"https:\/\/www.doppelklicker.de\/blog\/wp-json\/wp\/v2\/comments?post=6625"}],"version-history":[{"count":0,"href":"https:\/\/www.doppelklicker.de\/blog\/wp-json\/wp\/v2\/posts\/6625\/revisions"}],"wp:featuredmedia":[{"embeddable":true,"href":"https:\/\/www.doppelklicker.de\/blog\/wp-json\/wp\/v2\/media\/6626"}],"wp:attachment":[{"href":"https:\/\/www.doppelklicker.de\/blog\/wp-json\/wp\/v2\/media?parent=6625"}],"wp:term":[{"taxonomy":"category","embeddable":true,"href":"https:\/\/www.doppelklicker.de\/blog\/wp-json\/wp\/v2\/categories?post=6625"},{"taxonomy":"post_tag","embeddable":true,"href":"https:\/\/www.doppelklicker.de\/blog\/wp-json\/wp\/v2\/tags?post=6625"}],"curies":[{"name":"wp","href":"https:\/\/api.w.org\/{rel}","templated":true}]}}