{"id":6637,"date":"2023-12-25T13:00:00","date_gmt":"2023-12-25T11:00:00","guid":{"rendered":"guid"},"modified":"2023-12-25T13:00:00","modified_gmt":"2023-12-25T11:00:00","slug":"gentechnik-eu-agrarrat-fand-keinen-konsens","status":"publish","type":"post","link":"https:\/\/www.doppelklicker.de\/blog\/gentechnik-eu-agrarrat-fand-keinen-konsens\/","title":{"rendered":"Wahlfreiheit der Verbraucher vorerst gesch\u00fctzt: Keine Lockerung der Regeln f\u00fcr Gentechnik"},"content":{"rendered":"<p>Im EU-Agrarrat konnte heute keine Einigung \u00fcber die umfassende Deregulierung von Gentechnik erzielt werden. Antje von Broock, die Gesch\u00e4ftsf\u00fchrerin des BUND, \u00e4u\u00dferte ihre Zufriedenheit \u00fcber diese Entscheidung, da sie den Angriff auf die Wahlfreiheit der Verbraucher ablehnt. Sie betonte die Bedeutung von Kennzeichnung, Koexistenzregelungen, einem risikoorientierten Pr\u00fcf- und Zulassungssystem sowie der Freiheit von Patenten f\u00fcr den Erhalt der konventionellen und \u00f6kologischen Gentechnik-freien Landwirtschaft und den Schutz der \u00d6kosysteme.<br \/>\n<!--more--><\/p>\n<h2>EU-Kommission wird bei Lockerung der Gentechnik-Regeln abgewiesen<\/h2>\n<p>Durch die fehlende Mehrheit unter den europ\u00e4ischen Agrarministern f\u00fcr eine Lockerung der Regeln f\u00fcr neue Gentechnik wird der Vorschlag der EU-Kommission abgelehnt. Dies hat zur Folge, dass vorerst die Wahlfreiheit der Verbraucherinnen und Verbraucher gesch\u00fctzt bleibt.<\/p>\n<p>Cem \u00d6zdemir, der Agrarminister, spricht sich deutlich f\u00fcr Koexistenz, Transparenz und das Vorsorgeprinzip im Zusammenhang mit der Gentechnik aus. Weder der Vorschlag der EU-Kommission noch der der Ratspr\u00e4sidentschaft ber\u00fccksichtigen diese Aspekte ausreichend. Es ist von gro\u00dfer Bedeutung, dass die Landwirtschaftsminister diese Prinzipien in Betracht ziehen, um die Wahlfreiheit der Verbraucher zu sch\u00fctzen und die konventionelle und \u00f6kologische Gentechnik-freie Landwirtschaft zu erhalten. Cem \u00d6zdemir sollte sich weiterhin f\u00fcr diese Prinzipien einsetzen und sicherstellen, dass sie in den Entscheidungen der EU-Regulierungsbeh\u00f6rden verankert sind.<\/p>\n<p>Um die Wahlfreiheit der Verbraucher zu sch\u00fctzen und den Erhalt von konventioneller und \u00f6kologischer Gentechnik-freier Landwirtschaft zu gew\u00e4hrleisten, ist eine klare Kennzeichnung von genetisch ver\u00e4nderten Produkten unerl\u00e4sslich. Zus\u00e4tzlich m\u00fcssen Koexistenzregelungen festgelegt werden, um sicherzustellen, dass konventionelle und \u00f6kologische Landwirtschaftsformen ohne Beeintr\u00e4chtigung durch Gentechnik nebeneinander existieren k\u00f6nnen. Ein risikoorientiertes Pr\u00fcf- und Zulassungssystem ist notwendig, um die Auswirkungen von neuen Gentechnik-Pflanzen auf die Umwelt und die Gesundheit zu bewerten und m\u00f6gliche Risiken zu minimieren. Dar\u00fcber hinaus sollte die Freiheit von Patenten gew\u00e4hrleistet sein, um den Zugang zu genetischen Ressourcen f\u00fcr alle Landwirte zu sichern und den Schutz unserer \u00d6kosysteme zu unterst\u00fctzen.<\/p>\n<p>Der BUND unterst\u00fctzt Minister \u00d6zdemir in seinem Einsatz f\u00fcr die Belange der Verbraucher und den Schutz der Umwelt. Insbesondere soll er gegen\u00fcber seinen Amtskollegen deutlich machen, dass die Behauptungen der Industrie, wonach die neue Gentechnik die Landwirtschaft krisenfest machen w\u00fcrde, nicht haltbar sind. Es ist essentiell, dass Minister \u00d6zdemir eine klare Haltung einnimmt und die tats\u00e4chlichen Auswirkungen der Gentechnik auf die Landwirtschaft transparent kommuniziert.<\/p>\n<h2>Mangelnde Ausrichtung des EU-Agrarrats zur neuen Gentechnik<\/h2>\n<p>Die Entscheidung im EU-Agrarrat hat keine eindeutige Ausrichtung f\u00fcr eine umfassende Deregulierung der neuen Gentechnik ergeben. Damit wurde auch keine Position f\u00fcr m\u00f6gliche Verhandlungen mit dem EU-Parlament im Trilog festgelegt. Die unterschiedlichen Standpunkte der Agrarminister werden weiterhin diskutiert und es bleibt abzuwarten, wie sich diese im neuen Jahr entwickeln werden. Die Regulierung der Gentechnik bleibt ein kontroverses Thema, das weiterhin Aufmerksamkeit und Diskussion erfordert.<\/p>\n<p>Im neuen Jahr werden die Agrarminister voraussichtlich weiterhin um eine gemeinsame Position k\u00e4mpfen, wenn es um die weitreichende Deregulierung der neuen Gentechnik geht. Es wird erwartet, dass die Verhandlungen fortgesetzt werden, um einen Konsens zu erreichen und die verschiedenen Standpunkte zu ber\u00fccksichtigen.<\/p>\n","protected":false},"excerpt":{"rendered":"<p>Im EU-Agrarrat konnte heute keine Einigung \u00fcber die umfassende Deregulierung von Gentechnik erzielt werden. Antje von Broock, die Gesch\u00e4ftsf\u00fchrerin des BUND, \u00e4u\u00dferte ihre Zufriedenheit \u00fcber diese Entscheidung, da sie den Angriff auf die Wahlfreiheit der Verbraucher ablehnt. Sie betonte die Bedeutung von Kennzeichnung, Koexistenzregelungen, einem risikoorientierten Pr\u00fcf- und Zulassungssystem sowie der Freiheit von Patenten f\u00fcr<\/p>\n<div class=\"read-more\"><a href=\"https:\/\/www.doppelklicker.de\/blog\/gentechnik-eu-agrarrat-fand-keinen-konsens\/\" title=\"Jetzt alles lesen\">Jetzt alles lesen<\/a><\/div>\n","protected":false},"author":8,"featured_media":6638,"comment_status":"open","ping_status":"open","sticky":false,"template":"","format":"standard","meta":[],"categories":[3305],"tags":[],"yoast_head":"<!-- This site is optimized with the Yoast SEO plugin v18.2 - https:\/\/yoast.com\/wordpress\/plugins\/seo\/ -->\n<meta name=\"robots\" content=\"index, follow, max-snippet:-1, max-image-preview:large, max-video-preview:-1\" \/>\n<link rel=\"canonical\" href=\"https:\/\/www.doppelklicker.de\/blog\/gentechnik-eu-agrarrat-fand-keinen-konsens\/\" \/>\n<meta property=\"og:locale\" content=\"de_DE\" \/>\n<meta property=\"og:type\" content=\"article\" \/>\n<meta property=\"og:title\" content=\"Wahlfreiheit der Verbraucher vorerst gesch\u00fctzt: Keine Lockerung der Regeln f\u00fcr Gentechnik\" \/>\n<meta property=\"og:description\" content=\"Im EU-Agrarrat konnte heute keine Einigung \u00fcber die umfassende Deregulierung von Gentechnik erzielt werden. Antje von Broock, die Gesch\u00e4ftsf\u00fchrerin des BUND, \u00e4u\u00dferte ihre Zufriedenheit \u00fcber diese Entscheidung, da sie den Angriff auf die Wahlfreiheit der Verbraucher ablehnt. Sie betonte die Bedeutung von Kennzeichnung, Koexistenzregelungen, einem risikoorientierten Pr\u00fcf- und Zulassungssystem sowie der Freiheit von Patenten f\u00fcrJetzt alles lesen\" \/>\n<meta property=\"og:url\" content=\"https:\/\/www.doppelklicker.de\/blog\/gentechnik-eu-agrarrat-fand-keinen-konsens\/\" \/>\n<meta property=\"og:site_name\" content=\"Aus Mainz.\" \/>\n<meta property=\"article:published_time\" content=\"2023-12-25T11:00:00+00:00\" \/>\n<meta property=\"og:image\" content=\"https:\/\/www.doppelklicker.de\/blog\/wp-content\/uploads\/2023\/12\/eu-agrarrat-lehnt-lockerung-regeln-gentechnik-ab-15206.jpg\" \/>\n\t<meta property=\"og:image:width\" content=\"1280\" \/>\n\t<meta property=\"og:image:height\" content=\"615\" \/>\n\t<meta property=\"og:image:type\" content=\"image\/jpeg\" \/>\n<meta name=\"twitter:card\" content=\"summary_large_image\" \/>\n<meta name=\"twitter:label1\" content=\"Verfasst von\" \/>\n\t<meta name=\"twitter:data1\" content=\"Iris Martin\" \/>\n\t<meta name=\"twitter:label2\" content=\"Gesch\u00e4tzte Lesezeit\" \/>\n\t<meta name=\"twitter:data2\" content=\"3 Minuten\" \/>\n<script type=\"application\/ld+json\" class=\"yoast-schema-graph\">{\"@context\":\"https:\/\/schema.org\",\"@graph\":[{\"@type\":\"WebSite\",\"@id\":\"https:\/\/www.doppelklicker.de\/blog\/#website\",\"url\":\"https:\/\/www.doppelklicker.de\/blog\/\",\"name\":\"Aus Mainz.\",\"description\":\"F\u00fcr die Welt.\",\"potentialAction\":[{\"@type\":\"SearchAction\",\"target\":{\"@type\":\"EntryPoint\",\"urlTemplate\":\"https:\/\/www.doppelklicker.de\/blog\/?s={search_term_string}\"},\"query-input\":\"required name=search_term_string\"}],\"inLanguage\":\"de-DE\"},{\"@type\":\"ImageObject\",\"@id\":\"https:\/\/www.doppelklicker.de\/blog\/gentechnik-eu-agrarrat-fand-keinen-konsens\/#primaryimage\",\"inLanguage\":\"de-DE\",\"url\":\"https:\/\/www.doppelklicker.de\/blog\/wp-content\/uploads\/2023\/12\/eu-agrarrat-lehnt-lockerung-regeln-gentechnik-ab-15206.jpg\",\"contentUrl\":\"https:\/\/www.doppelklicker.de\/blog\/wp-content\/uploads\/2023\/12\/eu-agrarrat-lehnt-lockerung-regeln-gentechnik-ab-15206.jpg\",\"width\":1280,\"height\":615,\"caption\":\"EU-Agrarrat lehnt Lockerung der Regeln f\u00fcr Gentechnik ab (Foto: AdobeStock 514775229 blackday)\"},{\"@type\":\"WebPage\",\"@id\":\"https:\/\/www.doppelklicker.de\/blog\/gentechnik-eu-agrarrat-fand-keinen-konsens\/#webpage\",\"url\":\"https:\/\/www.doppelklicker.de\/blog\/gentechnik-eu-agrarrat-fand-keinen-konsens\/\",\"name\":\"Wahlfreiheit der Verbraucher vorerst gesch\u00fctzt: Keine Lockerung der Regeln f\u00fcr Gentechnik\",\"isPartOf\":{\"@id\":\"https:\/\/www.doppelklicker.de\/blog\/#website\"},\"primaryImageOfPage\":{\"@id\":\"https:\/\/www.doppelklicker.de\/blog\/gentechnik-eu-agrarrat-fand-keinen-konsens\/#primaryimage\"},\"datePublished\":\"2023-12-25T11:00:00+00:00\",\"dateModified\":\"2023-12-25T11:00:00+00:00\",\"author\":{\"@id\":\"https:\/\/www.doppelklicker.de\/blog\/#\/schema\/person\/08dcac172bdb025e8ff433488184668a\"},\"breadcrumb\":{\"@id\":\"https:\/\/www.doppelklicker.de\/blog\/gentechnik-eu-agrarrat-fand-keinen-konsens\/#breadcrumb\"},\"inLanguage\":\"de-DE\",\"potentialAction\":[{\"@type\":\"ReadAction\",\"target\":[\"https:\/\/www.doppelklicker.de\/blog\/gentechnik-eu-agrarrat-fand-keinen-konsens\/\"]}]},{\"@type\":\"BreadcrumbList\",\"@id\":\"https:\/\/www.doppelklicker.de\/blog\/gentechnik-eu-agrarrat-fand-keinen-konsens\/#breadcrumb\",\"itemListElement\":[{\"@type\":\"ListItem\",\"position\":1,\"name\":\"Startseite\",\"item\":\"https:\/\/www.doppelklicker.de\/blog\/\"},{\"@type\":\"ListItem\",\"position\":2,\"name\":\"Wahlfreiheit der Verbraucher vorerst gesch\u00fctzt: Keine Lockerung der Regeln f\u00fcr Gentechnik\"}]},{\"@type\":\"Person\",\"@id\":\"https:\/\/www.doppelklicker.de\/blog\/#\/schema\/person\/08dcac172bdb025e8ff433488184668a\",\"name\":\"Iris Martin\",\"image\":{\"@type\":\"ImageObject\",\"@id\":\"https:\/\/www.doppelklicker.de\/blog\/#personlogo\",\"inLanguage\":\"de-DE\",\"url\":\"https:\/\/secure.gravatar.com\/avatar\/82fdaa093be0b9686b531f99fcb54d15?s=96&d=wp_user_avatar&r=g\",\"contentUrl\":\"https:\/\/secure.gravatar.com\/avatar\/82fdaa093be0b9686b531f99fcb54d15?s=96&d=wp_user_avatar&r=g\",\"caption\":\"Iris Martin\"},\"url\":\"https:\/\/www.doppelklicker.de\/blog\/author\/iris-martin\/\"}]}<\/script>\n<!-- \/ Yoast SEO plugin. -->","yoast_head_json":{"robots":{"index":"index","follow":"follow","max-snippet":"max-snippet:-1","max-image-preview":"max-image-preview:large","max-video-preview":"max-video-preview:-1"},"canonical":"https:\/\/www.doppelklicker.de\/blog\/gentechnik-eu-agrarrat-fand-keinen-konsens\/","og_locale":"de_DE","og_type":"article","og_title":"Wahlfreiheit der Verbraucher vorerst gesch\u00fctzt: Keine Lockerung der Regeln f\u00fcr Gentechnik","og_description":"Im EU-Agrarrat konnte heute keine Einigung \u00fcber die umfassende Deregulierung von Gentechnik erzielt werden. Antje von Broock, die Gesch\u00e4ftsf\u00fchrerin des BUND, \u00e4u\u00dferte ihre Zufriedenheit \u00fcber diese Entscheidung, da sie den Angriff auf die Wahlfreiheit der Verbraucher ablehnt. Sie betonte die Bedeutung von Kennzeichnung, Koexistenzregelungen, einem risikoorientierten Pr\u00fcf- und Zulassungssystem sowie der Freiheit von Patenten f\u00fcrJetzt alles lesen","og_url":"https:\/\/www.doppelklicker.de\/blog\/gentechnik-eu-agrarrat-fand-keinen-konsens\/","og_site_name":"Aus Mainz.","article_published_time":"2023-12-25T11:00:00+00:00","og_image":[{"width":1280,"height":615,"url":"https:\/\/www.doppelklicker.de\/blog\/wp-content\/uploads\/2023\/12\/eu-agrarrat-lehnt-lockerung-regeln-gentechnik-ab-15206.jpg","type":"image\/jpeg"}],"twitter_card":"summary_large_image","twitter_misc":{"Verfasst von":"Iris Martin","Gesch\u00e4tzte Lesezeit":"3 Minuten"},"schema":{"@context":"https:\/\/schema.org","@graph":[{"@type":"WebSite","@id":"https:\/\/www.doppelklicker.de\/blog\/#website","url":"https:\/\/www.doppelklicker.de\/blog\/","name":"Aus Mainz.","description":"F\u00fcr die Welt.","potentialAction":[{"@type":"SearchAction","target":{"@type":"EntryPoint","urlTemplate":"https:\/\/www.doppelklicker.de\/blog\/?s={search_term_string}"},"query-input":"required name=search_term_string"}],"inLanguage":"de-DE"},{"@type":"ImageObject","@id":"https:\/\/www.doppelklicker.de\/blog\/gentechnik-eu-agrarrat-fand-keinen-konsens\/#primaryimage","inLanguage":"de-DE","url":"https:\/\/www.doppelklicker.de\/blog\/wp-content\/uploads\/2023\/12\/eu-agrarrat-lehnt-lockerung-regeln-gentechnik-ab-15206.jpg","contentUrl":"https:\/\/www.doppelklicker.de\/blog\/wp-content\/uploads\/2023\/12\/eu-agrarrat-lehnt-lockerung-regeln-gentechnik-ab-15206.jpg","width":1280,"height":615,"caption":"EU-Agrarrat lehnt Lockerung der Regeln f\u00fcr Gentechnik ab (Foto: AdobeStock 514775229 blackday)"},{"@type":"WebPage","@id":"https:\/\/www.doppelklicker.de\/blog\/gentechnik-eu-agrarrat-fand-keinen-konsens\/#webpage","url":"https:\/\/www.doppelklicker.de\/blog\/gentechnik-eu-agrarrat-fand-keinen-konsens\/","name":"Wahlfreiheit der Verbraucher vorerst gesch\u00fctzt: Keine Lockerung der Regeln f\u00fcr Gentechnik","isPartOf":{"@id":"https:\/\/www.doppelklicker.de\/blog\/#website"},"primaryImageOfPage":{"@id":"https:\/\/www.doppelklicker.de\/blog\/gentechnik-eu-agrarrat-fand-keinen-konsens\/#primaryimage"},"datePublished":"2023-12-25T11:00:00+00:00","dateModified":"2023-12-25T11:00:00+00:00","author":{"@id":"https:\/\/www.doppelklicker.de\/blog\/#\/schema\/person\/08dcac172bdb025e8ff433488184668a"},"breadcrumb":{"@id":"https:\/\/www.doppelklicker.de\/blog\/gentechnik-eu-agrarrat-fand-keinen-konsens\/#breadcrumb"},"inLanguage":"de-DE","potentialAction":[{"@type":"ReadAction","target":["https:\/\/www.doppelklicker.de\/blog\/gentechnik-eu-agrarrat-fand-keinen-konsens\/"]}]},{"@type":"BreadcrumbList","@id":"https:\/\/www.doppelklicker.de\/blog\/gentechnik-eu-agrarrat-fand-keinen-konsens\/#breadcrumb","itemListElement":[{"@type":"ListItem","position":1,"name":"Startseite","item":"https:\/\/www.doppelklicker.de\/blog\/"},{"@type":"ListItem","position":2,"name":"Wahlfreiheit der Verbraucher vorerst gesch\u00fctzt: Keine Lockerung der Regeln f\u00fcr Gentechnik"}]},{"@type":"Person","@id":"https:\/\/www.doppelklicker.de\/blog\/#\/schema\/person\/08dcac172bdb025e8ff433488184668a","name":"Iris Martin","image":{"@type":"ImageObject","@id":"https:\/\/www.doppelklicker.de\/blog\/#personlogo","inLanguage":"de-DE","url":"https:\/\/secure.gravatar.com\/avatar\/82fdaa093be0b9686b531f99fcb54d15?s=96&d=wp_user_avatar&r=g","contentUrl":"https:\/\/secure.gravatar.com\/avatar\/82fdaa093be0b9686b531f99fcb54d15?s=96&d=wp_user_avatar&r=g","caption":"Iris Martin"},"url":"https:\/\/www.doppelklicker.de\/blog\/author\/iris-martin\/"}]}},"_links":{"self":[{"href":"https:\/\/www.doppelklicker.de\/blog\/wp-json\/wp\/v2\/posts\/6637"}],"collection":[{"href":"https:\/\/www.doppelklicker.de\/blog\/wp-json\/wp\/v2\/posts"}],"about":[{"href":"https:\/\/www.doppelklicker.de\/blog\/wp-json\/wp\/v2\/types\/post"}],"author":[{"embeddable":true,"href":"https:\/\/www.doppelklicker.de\/blog\/wp-json\/wp\/v2\/users\/8"}],"replies":[{"embeddable":true,"href":"https:\/\/www.doppelklicker.de\/blog\/wp-json\/wp\/v2\/comments?post=6637"}],"version-history":[{"count":0,"href":"https:\/\/www.doppelklicker.de\/blog\/wp-json\/wp\/v2\/posts\/6637\/revisions"}],"wp:featuredmedia":[{"embeddable":true,"href":"https:\/\/www.doppelklicker.de\/blog\/wp-json\/wp\/v2\/media\/6638"}],"wp:attachment":[{"href":"https:\/\/www.doppelklicker.de\/blog\/wp-json\/wp\/v2\/media?parent=6637"}],"wp:term":[{"taxonomy":"category","embeddable":true,"href":"https:\/\/www.doppelklicker.de\/blog\/wp-json\/wp\/v2\/categories?post=6637"},{"taxonomy":"post_tag","embeddable":true,"href":"https:\/\/www.doppelklicker.de\/blog\/wp-json\/wp\/v2\/tags?post=6637"}],"curies":[{"name":"wp","href":"https:\/\/api.w.org\/{rel}","templated":true}]}}