{"id":6676,"date":"2023-12-20T08:00:00","date_gmt":"2023-12-20T06:00:00","guid":{"rendered":"guid"},"modified":"2023-12-20T08:00:00","modified_gmt":"2023-12-20T06:00:00","slug":"heinze-architekturaward-2023","status":"publish","type":"post","link":"https:\/\/www.doppelklicker.de\/blog\/heinze-architekturaward-2023\/","title":{"rendered":"Heinze ArchitekturAWARD 2023: Rekordbeteiligung und hochkar\u00e4tige Jury"},"content":{"rendered":"<p>Im Rahmen des Klimafestivals fand am 23. November 2023 in der STATION Berlin die Verleihung des renommierten Heinze ArchitekturAWARD statt. Dieser Wettbewerb ehrt jedes Jahr die besten Nichtwohngeb\u00e4ude und erfreute sich in diesem Jahr einer gro\u00dfen Resonanz. Die beeindruckende Teilnahme von 390 Einreichungen von Architektur- und Planungsb\u00fcros zeigt das hohe Interesse an innovativen architektonischen Projekten. Zum ersten Mal waren auch Architekturb\u00fcros aus \u00d6sterreich vertreten und stellten ihre kreativen Projekte vor.<br \/>\n<!--more--><\/p>\n<h2>Jury bewertet Projekte nach Gesamtkonzept und Nachhaltigkeit<\/h2>\n<p>Die hochkar\u00e4tige Jury des Heinze ArchitekturAWARDs, bestehend aus namhaften Architekten und Fachleuten, hatte die schwierige Aufgabe, die Projekte anhand verschiedener Kriterien wie dem Gesamtkonzept, der Einzigartigkeit, der Innovation, der architektonischen Exzellenz, der Nachhaltigkeit sowie der \u00f6kologischen, \u00f6konomischen und soziokulturellen Qualit\u00e4t sorgf\u00e4ltig zu bewerten.<\/p>\n<p>Beim Heinze ArchitekturAWARD wurden insgesamt 13 Gewinnerinnen und Gewinner f\u00fcr ihre herausragenden Projekte ausgezeichnet. Neben einem Gesamtpreisgeld von 40.000 Euro erhielten sie eine AWARD-Troph\u00e4e und eine Urkunde als Anerkennung f\u00fcr ihre Leistungen. Die feierliche Laudatio wurde von den renommierten Professoren Much Untertrifaller und Anca Timofticiuc gehalten. Klaus F\u00fcner, Creative Director &#038; Head of Partner Relations bei der Heinze GmbH, moderierte charmant durch die Preisverleihung und \u00fcberreichte anschlie\u00dfend die drei Publikumspreise, f\u00fcr die online auf heinze.de abgestimmt wurde.<\/p>\n<p>Innauer-Matt Architekten ZT wurden f\u00fcr ihr Projekt &#8222;J\u00e4gerbau&#8220; im Bereich &#8222;Bestes Design&#8220; ausgezeichnet. Der Firmensitz im Stadtzentrum verk\u00f6rpert den Wunsch nach einer Gro\u00dfstadterfahrung.<\/p>\n<p>Die GWG Gesch\u00e4ftsstelle T\u00fcbingen von VON M wurde in der Kategorie &#8222;Bester Holz(hybrid)bau&#8220; f\u00fcr ihre au\u00dfergew\u00f6hnliche Architektur ausgezeichnet. Der kompakte und selbstbewusst platzierte Bauk\u00f6rper f\u00fcgt sich harmonisch in die Umgebung ein und besticht durch seine Flexibilit\u00e4t und Vielschichtigkeit.<\/p>\n<p>In der Kategorie &#8222;Beste Innovation&#8220; wurde das Projekt &#8222;IKEA der gute Nachbar&#8220; von querkraft architekten zt gmbh ausgezeichnet. Das M\u00f6belhaus-Konzept hebt sich durch seine nahtlose Einbindung in die st\u00e4dtische Umgebung sowie durch innovative L\u00f6sungen f\u00fcr die Nutzung und Gestaltung hervor. Es vereint Funktionalit\u00e4t und \u00c4sthetik auf innovative Weise.<\/p>\n<p>Der Kornversuchsspeicher von AFF Architekten GmbH wurde in der Kategorie &#8222;Beste Transformation&#8220; ausgezeichnet. Das Geb\u00e4ude war urspr\u00fcnglich f\u00fcr die Erforschung neuer Getreidelagerungsmethoden konzipiert und wurde nun behutsam in eine zeitgem\u00e4\u00dfe Nutzung \u00fcberf\u00fchrt. Die erfolgreiche Transformation des Geb\u00e4udes zeugt von einer gelungenen Verbindung von historischer Substanz und moderner Architektur.<\/p>\n<p>Das Projekt &#8222;Stadtbahn Karlsruhe &#8211; Neubau von sieben Haltestellen im Untergrund&#8220; von allmannwappner wurde mit dem Preis f\u00fcr das &#8222;Beste Interior Design&#8220; ausgezeichnet. Die U-Bahn-Haltestellen wurden mit einer modernen und \u00e4sthetischen Gestaltung konzipiert, die sowohl funktional als auch ansprechend ist. Das Projekt zeigt, wie durchdachtes Design den \u00f6ffentlichen Nahverkehr aufwerten und den Fahrg\u00e4sten eine angenehme und komfortable Reiseerfahrung bieten kann.<\/p>\n<p>Der Heinze ArchitekturAWARD w\u00fcrdigte auch vielversprechende junge Talente in der Architekturbranche. Die Fakult\u00e4t f\u00fcr Konservierung und Restauration des Det Kongelige Akademi Kobenhavn wurde in der Kategorie &#8222;Nachwuchspreis&#8220; f\u00fcr ihre beeindruckende Erweiterung der K\u00f6niglichen Kunstakademie ausgezeichnet.<\/p>\n<p>Das Projekt &#8222;Reiters Reserve Supreme Suites&#8220; von BEHF Ebner Hasenauer Ferenczy ZT GmbH wurde mit dem ersten Platz bei den Publikumspreisen des Heinze ArchitekturAWARD 2023 ausgezeichnet. Das Hotel im S\u00fcdburgenland \u00fcberzeugte durch seine nachhaltige Bauweise und die Verwendung hochwertiger Materialien.<\/p>\n<p>Auf den kommenden Seiten erhalten Sie ausf\u00fchrliche Informationen zu den Gewinnerprojekten des Heinze ArchitekturAWARD 2023 sowie weiterf\u00fchrende Informationen zum Wettbewerb. Der Erfolg dieses renommierten Wettbewerbs wurde durch die gro\u00dfz\u00fcgige Unterst\u00fctzung von James Hardie Europe, LUNOS und SALTO Systems erm\u00f6glicht.<\/p>\n<p>Der Heinze ArchitekturAWARD 2023 zeigt eindrucksvoll die Vielfalt und die innovativen Ans\u00e4tze der Architekturbranche auf. Die pr\u00e4mierten Projekte setzen neue Ma\u00dfst\u00e4be in Bezug auf Design, Nachhaltigkeit und Funktionalit\u00e4t und verdeutlichen \u00fcberzeugend den positiven Beitrag, den Architektur f\u00fcr die Gesellschaft leisten kann.<\/p>\n","protected":false},"excerpt":{"rendered":"<p>Im Rahmen des Klimafestivals fand am 23. November 2023 in der STATION Berlin die Verleihung des renommierten Heinze ArchitekturAWARD statt. Dieser Wettbewerb ehrt jedes Jahr die besten Nichtwohngeb\u00e4ude und erfreute sich in diesem Jahr einer gro\u00dfen Resonanz. Die beeindruckende Teilnahme von 390 Einreichungen von Architektur- und Planungsb\u00fcros zeigt das hohe Interesse an innovativen architektonischen Projekten.<\/p>\n<div class=\"read-more\"><a href=\"https:\/\/www.doppelklicker.de\/blog\/heinze-architekturaward-2023\/\" title=\"Jetzt alles lesen\">Jetzt alles lesen<\/a><\/div>\n","protected":false},"author":8,"featured_media":6677,"comment_status":"open","ping_status":"open","sticky":false,"template":"","format":"standard","meta":[],"categories":[3305],"tags":[],"yoast_head":"<!-- This site is optimized with the Yoast SEO plugin v18.2 - https:\/\/yoast.com\/wordpress\/plugins\/seo\/ -->\n<meta name=\"robots\" content=\"index, follow, max-snippet:-1, max-image-preview:large, max-video-preview:-1\" \/>\n<link rel=\"canonical\" href=\"https:\/\/www.doppelklicker.de\/blog\/heinze-architekturaward-2023\/\" \/>\n<meta property=\"og:locale\" content=\"de_DE\" \/>\n<meta property=\"og:type\" content=\"article\" \/>\n<meta property=\"og:title\" content=\"Heinze ArchitekturAWARD 2023: Rekordbeteiligung und hochkar\u00e4tige Jury\" \/>\n<meta property=\"og:description\" content=\"Im Rahmen des Klimafestivals fand am 23. November 2023 in der STATION Berlin die Verleihung des renommierten Heinze ArchitekturAWARD statt. Dieser Wettbewerb ehrt jedes Jahr die besten Nichtwohngeb\u00e4ude und erfreute sich in diesem Jahr einer gro\u00dfen Resonanz. Die beeindruckende Teilnahme von 390 Einreichungen von Architektur- und Planungsb\u00fcros zeigt das hohe Interesse an innovativen architektonischen Projekten.Jetzt alles lesen\" \/>\n<meta property=\"og:url\" content=\"https:\/\/www.doppelklicker.de\/blog\/heinze-architekturaward-2023\/\" \/>\n<meta property=\"og:site_name\" content=\"Aus Mainz.\" \/>\n<meta property=\"article:published_time\" content=\"2023-12-20T06:00:00+00:00\" \/>\n<meta property=\"og:image\" content=\"https:\/\/www.doppelklicker.de\/blog\/wp-content\/uploads\/2023\/12\/heinze-architekturaward-2023-auszeichnung-innovative-15364.jpg\" \/>\n\t<meta property=\"og:image:width\" content=\"1280\" \/>\n\t<meta property=\"og:image:height\" content=\"615\" \/>\n\t<meta property=\"og:image:type\" content=\"image\/jpeg\" \/>\n<meta name=\"twitter:card\" content=\"summary_large_image\" \/>\n<meta name=\"twitter:label1\" content=\"Verfasst von\" \/>\n\t<meta name=\"twitter:data1\" content=\"Iris Martin\" \/>\n\t<meta name=\"twitter:label2\" content=\"Gesch\u00e4tzte Lesezeit\" \/>\n\t<meta name=\"twitter:data2\" content=\"3 Minuten\" \/>\n<script type=\"application\/ld+json\" class=\"yoast-schema-graph\">{\"@context\":\"https:\/\/schema.org\",\"@graph\":[{\"@type\":\"WebSite\",\"@id\":\"https:\/\/www.doppelklicker.de\/blog\/#website\",\"url\":\"https:\/\/www.doppelklicker.de\/blog\/\",\"name\":\"Aus Mainz.\",\"description\":\"F\u00fcr die Welt.\",\"potentialAction\":[{\"@type\":\"SearchAction\",\"target\":{\"@type\":\"EntryPoint\",\"urlTemplate\":\"https:\/\/www.doppelklicker.de\/blog\/?s={search_term_string}\"},\"query-input\":\"required name=search_term_string\"}],\"inLanguage\":\"de-DE\"},{\"@type\":\"ImageObject\",\"@id\":\"https:\/\/www.doppelklicker.de\/blog\/heinze-architekturaward-2023\/#primaryimage\",\"inLanguage\":\"de-DE\",\"url\":\"https:\/\/www.doppelklicker.de\/blog\/wp-content\/uploads\/2023\/12\/heinze-architekturaward-2023-auszeichnung-innovative-15364.jpg\",\"contentUrl\":\"https:\/\/www.doppelklicker.de\/blog\/wp-content\/uploads\/2023\/12\/heinze-architekturaward-2023-auszeichnung-innovative-15364.jpg\",\"width\":1280,\"height\":615,\"caption\":\"Heinze ArchitekturAWARD 2023: Rekordbeteiligung und hochkar\u00e4tige Jury (Foto: Brigida Gonzalez)\"},{\"@type\":\"WebPage\",\"@id\":\"https:\/\/www.doppelklicker.de\/blog\/heinze-architekturaward-2023\/#webpage\",\"url\":\"https:\/\/www.doppelklicker.de\/blog\/heinze-architekturaward-2023\/\",\"name\":\"Heinze ArchitekturAWARD 2023: Rekordbeteiligung und hochkar\u00e4tige Jury\",\"isPartOf\":{\"@id\":\"https:\/\/www.doppelklicker.de\/blog\/#website\"},\"primaryImageOfPage\":{\"@id\":\"https:\/\/www.doppelklicker.de\/blog\/heinze-architekturaward-2023\/#primaryimage\"},\"datePublished\":\"2023-12-20T06:00:00+00:00\",\"dateModified\":\"2023-12-20T06:00:00+00:00\",\"author\":{\"@id\":\"https:\/\/www.doppelklicker.de\/blog\/#\/schema\/person\/08dcac172bdb025e8ff433488184668a\"},\"breadcrumb\":{\"@id\":\"https:\/\/www.doppelklicker.de\/blog\/heinze-architekturaward-2023\/#breadcrumb\"},\"inLanguage\":\"de-DE\",\"potentialAction\":[{\"@type\":\"ReadAction\",\"target\":[\"https:\/\/www.doppelklicker.de\/blog\/heinze-architekturaward-2023\/\"]}]},{\"@type\":\"BreadcrumbList\",\"@id\":\"https:\/\/www.doppelklicker.de\/blog\/heinze-architekturaward-2023\/#breadcrumb\",\"itemListElement\":[{\"@type\":\"ListItem\",\"position\":1,\"name\":\"Startseite\",\"item\":\"https:\/\/www.doppelklicker.de\/blog\/\"},{\"@type\":\"ListItem\",\"position\":2,\"name\":\"Heinze ArchitekturAWARD 2023: Rekordbeteiligung und hochkar\u00e4tige Jury\"}]},{\"@type\":\"Person\",\"@id\":\"https:\/\/www.doppelklicker.de\/blog\/#\/schema\/person\/08dcac172bdb025e8ff433488184668a\",\"name\":\"Iris Martin\",\"image\":{\"@type\":\"ImageObject\",\"@id\":\"https:\/\/www.doppelklicker.de\/blog\/#personlogo\",\"inLanguage\":\"de-DE\",\"url\":\"https:\/\/secure.gravatar.com\/avatar\/82fdaa093be0b9686b531f99fcb54d15?s=96&d=wp_user_avatar&r=g\",\"contentUrl\":\"https:\/\/secure.gravatar.com\/avatar\/82fdaa093be0b9686b531f99fcb54d15?s=96&d=wp_user_avatar&r=g\",\"caption\":\"Iris Martin\"},\"url\":\"https:\/\/www.doppelklicker.de\/blog\/author\/iris-martin\/\"}]}<\/script>\n<!-- \/ Yoast SEO plugin. -->","yoast_head_json":{"robots":{"index":"index","follow":"follow","max-snippet":"max-snippet:-1","max-image-preview":"max-image-preview:large","max-video-preview":"max-video-preview:-1"},"canonical":"https:\/\/www.doppelklicker.de\/blog\/heinze-architekturaward-2023\/","og_locale":"de_DE","og_type":"article","og_title":"Heinze ArchitekturAWARD 2023: Rekordbeteiligung und hochkar\u00e4tige Jury","og_description":"Im Rahmen des Klimafestivals fand am 23. November 2023 in der STATION Berlin die Verleihung des renommierten Heinze ArchitekturAWARD statt. Dieser Wettbewerb ehrt jedes Jahr die besten Nichtwohngeb\u00e4ude und erfreute sich in diesem Jahr einer gro\u00dfen Resonanz. Die beeindruckende Teilnahme von 390 Einreichungen von Architektur- und Planungsb\u00fcros zeigt das hohe Interesse an innovativen architektonischen Projekten.Jetzt alles lesen","og_url":"https:\/\/www.doppelklicker.de\/blog\/heinze-architekturaward-2023\/","og_site_name":"Aus Mainz.","article_published_time":"2023-12-20T06:00:00+00:00","og_image":[{"width":1280,"height":615,"url":"https:\/\/www.doppelklicker.de\/blog\/wp-content\/uploads\/2023\/12\/heinze-architekturaward-2023-auszeichnung-innovative-15364.jpg","type":"image\/jpeg"}],"twitter_card":"summary_large_image","twitter_misc":{"Verfasst von":"Iris Martin","Gesch\u00e4tzte Lesezeit":"3 Minuten"},"schema":{"@context":"https:\/\/schema.org","@graph":[{"@type":"WebSite","@id":"https:\/\/www.doppelklicker.de\/blog\/#website","url":"https:\/\/www.doppelklicker.de\/blog\/","name":"Aus Mainz.","description":"F\u00fcr die Welt.","potentialAction":[{"@type":"SearchAction","target":{"@type":"EntryPoint","urlTemplate":"https:\/\/www.doppelklicker.de\/blog\/?s={search_term_string}"},"query-input":"required name=search_term_string"}],"inLanguage":"de-DE"},{"@type":"ImageObject","@id":"https:\/\/www.doppelklicker.de\/blog\/heinze-architekturaward-2023\/#primaryimage","inLanguage":"de-DE","url":"https:\/\/www.doppelklicker.de\/blog\/wp-content\/uploads\/2023\/12\/heinze-architekturaward-2023-auszeichnung-innovative-15364.jpg","contentUrl":"https:\/\/www.doppelklicker.de\/blog\/wp-content\/uploads\/2023\/12\/heinze-architekturaward-2023-auszeichnung-innovative-15364.jpg","width":1280,"height":615,"caption":"Heinze ArchitekturAWARD 2023: Rekordbeteiligung und hochkar\u00e4tige Jury (Foto: Brigida Gonzalez)"},{"@type":"WebPage","@id":"https:\/\/www.doppelklicker.de\/blog\/heinze-architekturaward-2023\/#webpage","url":"https:\/\/www.doppelklicker.de\/blog\/heinze-architekturaward-2023\/","name":"Heinze ArchitekturAWARD 2023: Rekordbeteiligung und hochkar\u00e4tige Jury","isPartOf":{"@id":"https:\/\/www.doppelklicker.de\/blog\/#website"},"primaryImageOfPage":{"@id":"https:\/\/www.doppelklicker.de\/blog\/heinze-architekturaward-2023\/#primaryimage"},"datePublished":"2023-12-20T06:00:00+00:00","dateModified":"2023-12-20T06:00:00+00:00","author":{"@id":"https:\/\/www.doppelklicker.de\/blog\/#\/schema\/person\/08dcac172bdb025e8ff433488184668a"},"breadcrumb":{"@id":"https:\/\/www.doppelklicker.de\/blog\/heinze-architekturaward-2023\/#breadcrumb"},"inLanguage":"de-DE","potentialAction":[{"@type":"ReadAction","target":["https:\/\/www.doppelklicker.de\/blog\/heinze-architekturaward-2023\/"]}]},{"@type":"BreadcrumbList","@id":"https:\/\/www.doppelklicker.de\/blog\/heinze-architekturaward-2023\/#breadcrumb","itemListElement":[{"@type":"ListItem","position":1,"name":"Startseite","item":"https:\/\/www.doppelklicker.de\/blog\/"},{"@type":"ListItem","position":2,"name":"Heinze ArchitekturAWARD 2023: Rekordbeteiligung und hochkar\u00e4tige Jury"}]},{"@type":"Person","@id":"https:\/\/www.doppelklicker.de\/blog\/#\/schema\/person\/08dcac172bdb025e8ff433488184668a","name":"Iris Martin","image":{"@type":"ImageObject","@id":"https:\/\/www.doppelklicker.de\/blog\/#personlogo","inLanguage":"de-DE","url":"https:\/\/secure.gravatar.com\/avatar\/82fdaa093be0b9686b531f99fcb54d15?s=96&d=wp_user_avatar&r=g","contentUrl":"https:\/\/secure.gravatar.com\/avatar\/82fdaa093be0b9686b531f99fcb54d15?s=96&d=wp_user_avatar&r=g","caption":"Iris Martin"},"url":"https:\/\/www.doppelklicker.de\/blog\/author\/iris-martin\/"}]}},"_links":{"self":[{"href":"https:\/\/www.doppelklicker.de\/blog\/wp-json\/wp\/v2\/posts\/6676"}],"collection":[{"href":"https:\/\/www.doppelklicker.de\/blog\/wp-json\/wp\/v2\/posts"}],"about":[{"href":"https:\/\/www.doppelklicker.de\/blog\/wp-json\/wp\/v2\/types\/post"}],"author":[{"embeddable":true,"href":"https:\/\/www.doppelklicker.de\/blog\/wp-json\/wp\/v2\/users\/8"}],"replies":[{"embeddable":true,"href":"https:\/\/www.doppelklicker.de\/blog\/wp-json\/wp\/v2\/comments?post=6676"}],"version-history":[{"count":0,"href":"https:\/\/www.doppelklicker.de\/blog\/wp-json\/wp\/v2\/posts\/6676\/revisions"}],"wp:featuredmedia":[{"embeddable":true,"href":"https:\/\/www.doppelklicker.de\/blog\/wp-json\/wp\/v2\/media\/6677"}],"wp:attachment":[{"href":"https:\/\/www.doppelklicker.de\/blog\/wp-json\/wp\/v2\/media?parent=6676"}],"wp:term":[{"taxonomy":"category","embeddable":true,"href":"https:\/\/www.doppelklicker.de\/blog\/wp-json\/wp\/v2\/categories?post=6676"},{"taxonomy":"post_tag","embeddable":true,"href":"https:\/\/www.doppelklicker.de\/blog\/wp-json\/wp\/v2\/tags?post=6676"}],"curies":[{"name":"wp","href":"https:\/\/api.w.org\/{rel}","templated":true}]}}