{"id":6702,"date":"2023-12-27T09:00:00","date_gmt":"2023-12-27T07:00:00","guid":{"rendered":"guid"},"modified":"2023-12-27T09:00:00","modified_gmt":"2023-12-27T07:00:00","slug":"gesundheitsversorgung-gewaltsamer-angriff-koban","status":"publish","type":"post","link":"https:\/\/www.doppelklicker.de\/blog\/gesundheitsversorgung-gewaltsamer-angriff-koban\/","title":{"rendered":"Armut und Gesundheit k\u00e4mpft weiter trotz Angriffs auf Ambulanz"},"content":{"rendered":"<p>Die medizinische Ambulanz von Armut und Gesundheit in Kobane wurde durch einen gezielt Angriff des t\u00fcrkischen Milit\u00e4rs zerst\u00f6rt. Dieser Gewaltakt ist Teil eines v\u00f6lkerrechtswidrigen Krieges gegen die kurdische Region in Nordsyrien. Die Zerst\u00f6rung der Ambulanz hat schwerwiegende Auswirkungen auf die Gesundheitsversorgung der betroffenen Bev\u00f6lkerung. Trotz dieser R\u00fcckschl\u00e4ge wird Armut und Gesundheit weiterhin ihre Anstrengungen fortsetzen, um den Opfern von Krieg, Armut und Umweltkatastrophen zu helfen.<br \/>\n<!--more--><\/p>\n<div id=\"ez-toc-container\" class=\"ez-toc-v2_0_16 counter-hierarchy\">\n<div class=\"ez-toc-title-container\">\n<p class=\"ez-toc-title\">Inhaltsverzeichnis: Das erwartet Sie in diesem Artikel<\/p>\n<span class=\"ez-toc-title-toggle\"><a class=\"ez-toc-pull-right ez-toc-btn ez-toc-btn-xs ez-toc-btn-default ez-toc-toggle\" style=\"display: none;\"><i class=\"ez-toc-glyphicon ez-toc-icon-toggle\"><\/i><\/a><\/span><\/div>\n<nav><ul class=\"ez-toc-list ez-toc-list-level-1\"><li class=\"ez-toc-page-1 ez-toc-heading-level-2\"><a class=\"ez-toc-link ez-toc-heading-1\" href=\"https:\/\/www.doppelklicker.de\/blog\/gesundheitsversorgung-gewaltsamer-angriff-koban\/#armut-und-gesundheit-unterstuetzung-fuer-kobane-durch-ambulanz\" title=\"Armut und Gesundheit: Unterst\u00fctzung f\u00fcr Kobane durch Ambulanz\">Armut und Gesundheit: Unterst\u00fctzung f\u00fcr Kobane durch Ambulanz<\/a><\/li><li class=\"ez-toc-page-1 ez-toc-heading-level-2\"><a class=\"ez-toc-link ez-toc-heading-2\" href=\"https:\/\/www.doppelklicker.de\/blog\/gesundheitsversorgung-gewaltsamer-angriff-koban\/#ambulanz-in-kobane-durch-raketenangriff-zerstoert\" title=\"Ambulanz in Kobane durch Raketenangriff zerst\u00f6rt\">Ambulanz in Kobane durch Raketenangriff zerst\u00f6rt<\/a><\/li><li class=\"ez-toc-page-1 ez-toc-heading-level-2\"><a class=\"ez-toc-link ez-toc-heading-3\" href=\"https:\/\/www.doppelklicker.de\/blog\/gesundheitsversorgung-gewaltsamer-angriff-koban\/#ein-arzt-auf-der-flucht-vor-dem-is-dr-basrawi-alis-mut\" title=\"Ein Arzt auf der Flucht vor dem IS: Dr. Basrawi Ali&#8217;s Mut\">Ein Arzt auf der Flucht vor dem IS: Dr. Basrawi Ali&#8217;s Mut<\/a><\/li><li class=\"ez-toc-page-1 ez-toc-heading-level-2\"><a class=\"ez-toc-link ez-toc-heading-4\" href=\"https:\/\/www.doppelklicker.de\/blog\/gesundheitsversorgung-gewaltsamer-angriff-koban\/#kriegsfolgen-in-kobane-armut-und-gesundheit-unterstuetzt-weiterhin\" title=\"Kriegsfolgen in Kobane: Armut und Gesundheit unterst\u00fctzt weiterhin\">Kriegsfolgen in Kobane: Armut und Gesundheit unterst\u00fctzt weiterhin<\/a><\/li><li class=\"ez-toc-page-1 ez-toc-heading-level-2\"><a class=\"ez-toc-link ez-toc-heading-5\" href=\"https:\/\/www.doppelklicker.de\/blog\/gesundheitsversorgung-gewaltsamer-angriff-koban\/#kampf-gegen-den-terror-armut-und-gesundheit-fordert-schadensersatz\" title=\"Kampf gegen den Terror: Armut und Gesundheit fordert Schadensersatz\">Kampf gegen den Terror: Armut und Gesundheit fordert Schadensersatz<\/a><\/li><\/ul><\/nav><\/div>\n<h2><span class=\"ez-toc-section\" id=\"armut-und-gesundheit-unterstuetzung-fuer-kobane-durch-ambulanz\"><\/span>Armut und Gesundheit: Unterst\u00fctzung f\u00fcr Kobane durch Ambulanz<span class=\"ez-toc-section-end\"><\/span><\/h2>\n<p>Armut und Gesundheit in Deutschland e. V. (a+G) hat seit dem 01.01.2017 eine medizinische Ambulanz in Kobane etabliert. Das Hauptziel dieser Einrichtung besteht darin, die gef\u00e4hrdete Zivilbev\u00f6lkerung in dieser Region zu unterst\u00fctzen. Indem sie eine medizinische Versorgung bereitstellt, tr\u00e4gt der Verein dazu bei, die Gesundheit der Menschen vor Ort zu f\u00f6rdern und ihnen in schwierigen Zeiten beizustehen.<\/p>\n<p>Patienten mit Diabetes mellitus Erkrankungen fanden in der medizinischen Ambulanz in Kobane eine wichtige Anlaufstelle. Die Ambulanz trug ma\u00dfgeblich zur Aufrechterhaltung der Gesundheitsversorgung in dieser gef\u00e4hrdeten Region bei. Bedauerlicherweise wurde sie Ziel eines Angriffs, was nun zu erheblichen Konsequenzen f\u00fcr die Bev\u00f6lkerung f\u00fchrt.<\/p>\n<h2><span class=\"ez-toc-section\" id=\"ambulanz-in-kobane-durch-raketenangriff-zerstoert\"><\/span>Ambulanz in Kobane durch Raketenangriff zerst\u00f6rt<span class=\"ez-toc-section-end\"><\/span><\/h2>\n<p>Durch einen Raketen- oder Drohnenangriff des t\u00fcrkischen Milit\u00e4rs wurde am 25.12.2023 die medizinische Ambulanz in Kobane zerst\u00f6rt. Gl\u00fccklicherweise befanden sich zu diesem Zeitpunkt keine Mitarbeiter oder Patienten in der Einrichtung, so dass keine k\u00f6rperlichen Verletzungen verzeichnet wurden.<\/p>\n<p>Die Zerst\u00f6rung der medizinischen Ambulanz und anderer medizinischer Einrichtungen in der Umgebung hat katastrophale Folgen f\u00fcr die Bev\u00f6lkerung von Kobane. Ohne diese Einrichtungen sind die Menschen vor Ort von einer angemessenen medizinischen Versorgung abgeschnitten, was zu einem Anstieg der Krankheitsf\u00e4lle und einer Verschlechterung des Gesundheitszustands f\u00fchren kann. Die Notwendigkeit f\u00fcr den Wiederaufbau und die Unterst\u00fctzung der medizinischen Infrastruktur in der Region ist dringend geboten, um das Wohlergehen der Bev\u00f6lkerung zu gew\u00e4hrleisten.<\/p>\n<h2><span class=\"ez-toc-section\" id=\"ein-arzt-auf-der-flucht-vor-dem-is-dr-basrawi-alis-mut\"><\/span>Ein Arzt auf der Flucht vor dem IS: Dr. Basrawi Ali&#8217;s Mut<span class=\"ez-toc-section-end\"><\/span><\/h2>\n<p>Der Leiter der Ambulanz, Dr. Basrawi Ali, hat pers\u00f6nlich unter dem IS-Terror gelitten. Er arbeitete als Arzt in Kobane und k\u00fcmmerte sich um die medizinische Versorgung von Opfern mit schwersten Kriegsverletzungen. Aufgrund der zunehmenden Bedrohung musste er jedoch nach Deutschland fliehen und hat sich mit seiner Familie im Saarland eine neue Heimat aufgebaut.<\/p>\n<p>Trotz der st\u00e4ndigen Bedrohung setzt Dr. Basrawi Ali seine Arbeit in Kobane fort, um die Gesundheitsversorgung sicherzustellen. Er war nur einen Tag vor dem Angriff in Deutschland angekommen und blieb zum Gl\u00fcck unverletzt.<\/p>\n<h2><span class=\"ez-toc-section\" id=\"kriegsfolgen-in-kobane-armut-und-gesundheit-unterstuetzt-weiterhin\"><\/span>Kriegsfolgen in Kobane: Armut und Gesundheit unterst\u00fctzt weiterhin<span class=\"ez-toc-section-end\"><\/span><\/h2>\n<p>Seit vielen Jahren engagiert sich Armut und Gesundheit f\u00fcr Opfer von Krieg, Armut, Naturkatastrophen und Terrorismus auf der ganzen Welt. Im vergangenen Jahr haben sie sich besonders f\u00fcr die Opfer der Erdbebenkatastrophe in der T\u00fcrkei eingesetzt. Trotz des Angriffs auf die Ambulanz in Kobane werden sie nicht aufgeben und weiterhin f\u00fcr die Bed\u00fcrfnisse der Opfer k\u00e4mpfen.<\/p>\n<h2><span class=\"ez-toc-section\" id=\"kampf-gegen-den-terror-armut-und-gesundheit-fordert-schadensersatz\"><\/span>Kampf gegen den Terror: Armut und Gesundheit fordert Schadensersatz<span class=\"ez-toc-section-end\"><\/span><\/h2>\n<p>Prof. Dr. Gerhard Trabert, Vorstandsvorsitzender von Armut und Gesundheit, betont, dass der Verein nicht vor dem Terror zur\u00fcckweichen wird. Um den entstandenen Schaden durch die Zerst\u00f6rung der Ambulanz in Kobane zu regeln, beabsichtigt der Verein, Schadenersatzanspr\u00fcche gegen das t\u00fcrkische Generalkonsulat in Mainz geltend zu machen. Die finanziellen Mittel, die dadurch erlangt werden, sollen f\u00fcr den Wiederaufbau und die Unterst\u00fctzung der medizinischen Versorgung vor Ort verwendet werden. Armut und Gesundheit setzt sich weiterhin f\u00fcr die Betroffenen ein und k\u00e4mpft f\u00fcr ihre Rechte.<\/p>\n<p>Angesichts der Zerst\u00f6rung der medizinischen Ambulanz in Kobane durch das t\u00fcrkische Milit\u00e4r ist es von entscheidender Bedeutung, die medizinische Versorgung f\u00fcr die Bev\u00f6lkerung wiederherzustellen. In Zusammenarbeit mit der schweizerischen Hilfsorganisation &#8222;\u00c4rzte f\u00fcr \u00c4rzte&#8220; plant Armut und Gesundheit in Deutschland e. V. (a+G) den Bau einer neuen Ambulanz. Durch diese Kooperation werden die Ressourcen und das Fachwissen beider Organisationen geb\u00fcndelt, um eine effektive und nachhaltige Gesundheitsversorgung sicherzustellen.<\/p>\n<p>Der gewaltsame Angriff auf die medizinische Ambulanz in Kobane stellt einen eklatanten Versto\u00df gegen das V\u00f6lkerrecht dar und gef\u00e4hrdet die Gesundheitsversorgung der Zivilbev\u00f6lkerung vor Ort. Trotz dieser Herausforderung l\u00e4sst sich die Organisation Armut und Gesundheit nicht einsch\u00fcchtern und wird weiterhin unerm\u00fcdlich f\u00fcr die Belange der Opfer von Krieg, Armut und Umweltkatastrophen eintreten. Durch den geplanten Aufbau einer neuen medizinischen Einrichtung soll die Versorgung wieder gew\u00e4hrleistet werden.<\/p>\n<p>Im Anschluss an den gewaltsamen Angriff auf die medizinische Ambulanz in Kobane plant Armut und Gesundheit den Aufbau einer neuen Einrichtung, um die medizinische Versorgung vor Ort sicherzustellen. Die neue Ambulanz wird es erm\u00f6glichen, dass die bedrohte Bev\u00f6lkerung weiterhin die dringend ben\u00f6tigte medizinische Unterst\u00fctzung erh\u00e4lt. Besonders Patienten mit Diabetes mellitus werden von dieser Ma\u00dfnahme profitieren und die notwendige Behandlung erhalten.<\/p>\n<p>Quelle: Verein Armut und Gesundheit<\/p>\n","protected":false},"excerpt":{"rendered":"<p>Die medizinische Ambulanz von Armut und Gesundheit in Kobane wurde durch einen gezielt Angriff des t\u00fcrkischen Milit\u00e4rs zerst\u00f6rt. Dieser Gewaltakt ist Teil eines v\u00f6lkerrechtswidrigen Krieges gegen die kurdische Region in Nordsyrien. Die Zerst\u00f6rung der Ambulanz hat schwerwiegende Auswirkungen auf die Gesundheitsversorgung der betroffenen Bev\u00f6lkerung. Trotz dieser R\u00fcckschl\u00e4ge wird Armut und Gesundheit weiterhin ihre Anstrengungen fortsetzen,<\/p>\n<div class=\"read-more\"><a href=\"https:\/\/www.doppelklicker.de\/blog\/gesundheitsversorgung-gewaltsamer-angriff-koban\/\" title=\"Jetzt alles lesen\">Jetzt alles lesen<\/a><\/div>\n","protected":false},"author":8,"featured_media":6703,"comment_status":"open","ping_status":"open","sticky":false,"template":"","format":"standard","meta":[],"categories":[3305],"tags":[],"yoast_head":"<!-- This site is optimized with the Yoast SEO plugin v18.2 - https:\/\/yoast.com\/wordpress\/plugins\/seo\/ -->\n<meta name=\"robots\" content=\"index, follow, max-snippet:-1, max-image-preview:large, max-video-preview:-1\" \/>\n<link rel=\"canonical\" href=\"https:\/\/www.doppelklicker.de\/blog\/gesundheitsversorgung-gewaltsamer-angriff-koban\/\" \/>\n<meta property=\"og:locale\" content=\"de_DE\" \/>\n<meta property=\"og:type\" content=\"article\" \/>\n<meta property=\"og:title\" content=\"Armut und Gesundheit k\u00e4mpft weiter trotz Angriffs auf Ambulanz\" \/>\n<meta property=\"og:description\" content=\"Die medizinische Ambulanz von Armut und Gesundheit in Kobane wurde durch einen gezielt Angriff des t\u00fcrkischen Milit\u00e4rs zerst\u00f6rt. Dieser Gewaltakt ist Teil eines v\u00f6lkerrechtswidrigen Krieges gegen die kurdische Region in Nordsyrien. Die Zerst\u00f6rung der Ambulanz hat schwerwiegende Auswirkungen auf die Gesundheitsversorgung der betroffenen Bev\u00f6lkerung. Trotz dieser R\u00fcckschl\u00e4ge wird Armut und Gesundheit weiterhin ihre Anstrengungen fortsetzen,Jetzt alles lesen\" \/>\n<meta property=\"og:url\" content=\"https:\/\/www.doppelklicker.de\/blog\/gesundheitsversorgung-gewaltsamer-angriff-koban\/\" \/>\n<meta property=\"og:site_name\" content=\"Aus Mainz.\" \/>\n<meta property=\"article:published_time\" content=\"2023-12-27T07:00:00+00:00\" \/>\n<meta property=\"og:image\" content=\"https:\/\/www.doppelklicker.de\/blog\/wp-content\/uploads\/2023\/12\/tuerkisches-militaer-zerstoert-ambulanz-kobane-konsequenzen-und-15558.jpg\" \/>\n\t<meta property=\"og:image:width\" content=\"1280\" \/>\n\t<meta property=\"og:image:height\" content=\"615\" \/>\n\t<meta property=\"og:image:type\" content=\"image\/jpeg\" \/>\n<meta name=\"twitter:card\" content=\"summary_large_image\" \/>\n<meta name=\"twitter:label1\" content=\"Verfasst von\" \/>\n\t<meta name=\"twitter:data1\" content=\"Iris Martin\" \/>\n\t<meta name=\"twitter:label2\" content=\"Gesch\u00e4tzte Lesezeit\" \/>\n\t<meta name=\"twitter:data2\" content=\"4 Minuten\" \/>\n<script type=\"application\/ld+json\" class=\"yoast-schema-graph\">{\"@context\":\"https:\/\/schema.org\",\"@graph\":[{\"@type\":\"WebSite\",\"@id\":\"https:\/\/www.doppelklicker.de\/blog\/#website\",\"url\":\"https:\/\/www.doppelklicker.de\/blog\/\",\"name\":\"Aus Mainz.\",\"description\":\"F\u00fcr die Welt.\",\"potentialAction\":[{\"@type\":\"SearchAction\",\"target\":{\"@type\":\"EntryPoint\",\"urlTemplate\":\"https:\/\/www.doppelklicker.de\/blog\/?s={search_term_string}\"},\"query-input\":\"required name=search_term_string\"}],\"inLanguage\":\"de-DE\"},{\"@type\":\"ImageObject\",\"@id\":\"https:\/\/www.doppelklicker.de\/blog\/gesundheitsversorgung-gewaltsamer-angriff-koban\/#primaryimage\",\"inLanguage\":\"de-DE\",\"url\":\"https:\/\/www.doppelklicker.de\/blog\/wp-content\/uploads\/2023\/12\/tuerkisches-militaer-zerstoert-ambulanz-kobane-konsequenzen-und-15558.jpg\",\"contentUrl\":\"https:\/\/www.doppelklicker.de\/blog\/wp-content\/uploads\/2023\/12\/tuerkisches-militaer-zerstoert-ambulanz-kobane-konsequenzen-und-15558.jpg\",\"width\":1280,\"height\":615,\"caption\":\"T\u00fcrkisches Milit\u00e4r zerst\u00f6rt Ambulanz in Kobane - Konsequenzen und (Foto: Armut und Gesundheit in Deutschland e. V. (a+G))\"},{\"@type\":\"WebPage\",\"@id\":\"https:\/\/www.doppelklicker.de\/blog\/gesundheitsversorgung-gewaltsamer-angriff-koban\/#webpage\",\"url\":\"https:\/\/www.doppelklicker.de\/blog\/gesundheitsversorgung-gewaltsamer-angriff-koban\/\",\"name\":\"Armut und Gesundheit k\u00e4mpft weiter trotz Angriffs auf Ambulanz\",\"isPartOf\":{\"@id\":\"https:\/\/www.doppelklicker.de\/blog\/#website\"},\"primaryImageOfPage\":{\"@id\":\"https:\/\/www.doppelklicker.de\/blog\/gesundheitsversorgung-gewaltsamer-angriff-koban\/#primaryimage\"},\"datePublished\":\"2023-12-27T07:00:00+00:00\",\"dateModified\":\"2023-12-27T07:00:00+00:00\",\"author\":{\"@id\":\"https:\/\/www.doppelklicker.de\/blog\/#\/schema\/person\/08dcac172bdb025e8ff433488184668a\"},\"breadcrumb\":{\"@id\":\"https:\/\/www.doppelklicker.de\/blog\/gesundheitsversorgung-gewaltsamer-angriff-koban\/#breadcrumb\"},\"inLanguage\":\"de-DE\",\"potentialAction\":[{\"@type\":\"ReadAction\",\"target\":[\"https:\/\/www.doppelklicker.de\/blog\/gesundheitsversorgung-gewaltsamer-angriff-koban\/\"]}]},{\"@type\":\"BreadcrumbList\",\"@id\":\"https:\/\/www.doppelklicker.de\/blog\/gesundheitsversorgung-gewaltsamer-angriff-koban\/#breadcrumb\",\"itemListElement\":[{\"@type\":\"ListItem\",\"position\":1,\"name\":\"Startseite\",\"item\":\"https:\/\/www.doppelklicker.de\/blog\/\"},{\"@type\":\"ListItem\",\"position\":2,\"name\":\"Armut und Gesundheit k\u00e4mpft weiter trotz Angriffs auf Ambulanz\"}]},{\"@type\":\"Person\",\"@id\":\"https:\/\/www.doppelklicker.de\/blog\/#\/schema\/person\/08dcac172bdb025e8ff433488184668a\",\"name\":\"Iris Martin\",\"image\":{\"@type\":\"ImageObject\",\"@id\":\"https:\/\/www.doppelklicker.de\/blog\/#personlogo\",\"inLanguage\":\"de-DE\",\"url\":\"https:\/\/secure.gravatar.com\/avatar\/82fdaa093be0b9686b531f99fcb54d15?s=96&d=wp_user_avatar&r=g\",\"contentUrl\":\"https:\/\/secure.gravatar.com\/avatar\/82fdaa093be0b9686b531f99fcb54d15?s=96&d=wp_user_avatar&r=g\",\"caption\":\"Iris Martin\"},\"url\":\"https:\/\/www.doppelklicker.de\/blog\/author\/iris-martin\/\"}]}<\/script>\n<!-- \/ Yoast SEO plugin. -->","yoast_head_json":{"robots":{"index":"index","follow":"follow","max-snippet":"max-snippet:-1","max-image-preview":"max-image-preview:large","max-video-preview":"max-video-preview:-1"},"canonical":"https:\/\/www.doppelklicker.de\/blog\/gesundheitsversorgung-gewaltsamer-angriff-koban\/","og_locale":"de_DE","og_type":"article","og_title":"Armut und Gesundheit k\u00e4mpft weiter trotz Angriffs auf Ambulanz","og_description":"Die medizinische Ambulanz von Armut und Gesundheit in Kobane wurde durch einen gezielt Angriff des t\u00fcrkischen Milit\u00e4rs zerst\u00f6rt. Dieser Gewaltakt ist Teil eines v\u00f6lkerrechtswidrigen Krieges gegen die kurdische Region in Nordsyrien. Die Zerst\u00f6rung der Ambulanz hat schwerwiegende Auswirkungen auf die Gesundheitsversorgung der betroffenen Bev\u00f6lkerung. Trotz dieser R\u00fcckschl\u00e4ge wird Armut und Gesundheit weiterhin ihre Anstrengungen fortsetzen,Jetzt alles lesen","og_url":"https:\/\/www.doppelklicker.de\/blog\/gesundheitsversorgung-gewaltsamer-angriff-koban\/","og_site_name":"Aus Mainz.","article_published_time":"2023-12-27T07:00:00+00:00","og_image":[{"width":1280,"height":615,"url":"https:\/\/www.doppelklicker.de\/blog\/wp-content\/uploads\/2023\/12\/tuerkisches-militaer-zerstoert-ambulanz-kobane-konsequenzen-und-15558.jpg","type":"image\/jpeg"}],"twitter_card":"summary_large_image","twitter_misc":{"Verfasst von":"Iris Martin","Gesch\u00e4tzte Lesezeit":"4 Minuten"},"schema":{"@context":"https:\/\/schema.org","@graph":[{"@type":"WebSite","@id":"https:\/\/www.doppelklicker.de\/blog\/#website","url":"https:\/\/www.doppelklicker.de\/blog\/","name":"Aus Mainz.","description":"F\u00fcr die Welt.","potentialAction":[{"@type":"SearchAction","target":{"@type":"EntryPoint","urlTemplate":"https:\/\/www.doppelklicker.de\/blog\/?s={search_term_string}"},"query-input":"required name=search_term_string"}],"inLanguage":"de-DE"},{"@type":"ImageObject","@id":"https:\/\/www.doppelklicker.de\/blog\/gesundheitsversorgung-gewaltsamer-angriff-koban\/#primaryimage","inLanguage":"de-DE","url":"https:\/\/www.doppelklicker.de\/blog\/wp-content\/uploads\/2023\/12\/tuerkisches-militaer-zerstoert-ambulanz-kobane-konsequenzen-und-15558.jpg","contentUrl":"https:\/\/www.doppelklicker.de\/blog\/wp-content\/uploads\/2023\/12\/tuerkisches-militaer-zerstoert-ambulanz-kobane-konsequenzen-und-15558.jpg","width":1280,"height":615,"caption":"T\u00fcrkisches Milit\u00e4r zerst\u00f6rt Ambulanz in Kobane - Konsequenzen und (Foto: Armut und Gesundheit in Deutschland e. V. (a+G))"},{"@type":"WebPage","@id":"https:\/\/www.doppelklicker.de\/blog\/gesundheitsversorgung-gewaltsamer-angriff-koban\/#webpage","url":"https:\/\/www.doppelklicker.de\/blog\/gesundheitsversorgung-gewaltsamer-angriff-koban\/","name":"Armut und Gesundheit k\u00e4mpft weiter trotz Angriffs auf Ambulanz","isPartOf":{"@id":"https:\/\/www.doppelklicker.de\/blog\/#website"},"primaryImageOfPage":{"@id":"https:\/\/www.doppelklicker.de\/blog\/gesundheitsversorgung-gewaltsamer-angriff-koban\/#primaryimage"},"datePublished":"2023-12-27T07:00:00+00:00","dateModified":"2023-12-27T07:00:00+00:00","author":{"@id":"https:\/\/www.doppelklicker.de\/blog\/#\/schema\/person\/08dcac172bdb025e8ff433488184668a"},"breadcrumb":{"@id":"https:\/\/www.doppelklicker.de\/blog\/gesundheitsversorgung-gewaltsamer-angriff-koban\/#breadcrumb"},"inLanguage":"de-DE","potentialAction":[{"@type":"ReadAction","target":["https:\/\/www.doppelklicker.de\/blog\/gesundheitsversorgung-gewaltsamer-angriff-koban\/"]}]},{"@type":"BreadcrumbList","@id":"https:\/\/www.doppelklicker.de\/blog\/gesundheitsversorgung-gewaltsamer-angriff-koban\/#breadcrumb","itemListElement":[{"@type":"ListItem","position":1,"name":"Startseite","item":"https:\/\/www.doppelklicker.de\/blog\/"},{"@type":"ListItem","position":2,"name":"Armut und Gesundheit k\u00e4mpft weiter trotz Angriffs auf Ambulanz"}]},{"@type":"Person","@id":"https:\/\/www.doppelklicker.de\/blog\/#\/schema\/person\/08dcac172bdb025e8ff433488184668a","name":"Iris Martin","image":{"@type":"ImageObject","@id":"https:\/\/www.doppelklicker.de\/blog\/#personlogo","inLanguage":"de-DE","url":"https:\/\/secure.gravatar.com\/avatar\/82fdaa093be0b9686b531f99fcb54d15?s=96&d=wp_user_avatar&r=g","contentUrl":"https:\/\/secure.gravatar.com\/avatar\/82fdaa093be0b9686b531f99fcb54d15?s=96&d=wp_user_avatar&r=g","caption":"Iris Martin"},"url":"https:\/\/www.doppelklicker.de\/blog\/author\/iris-martin\/"}]}},"_links":{"self":[{"href":"https:\/\/www.doppelklicker.de\/blog\/wp-json\/wp\/v2\/posts\/6702"}],"collection":[{"href":"https:\/\/www.doppelklicker.de\/blog\/wp-json\/wp\/v2\/posts"}],"about":[{"href":"https:\/\/www.doppelklicker.de\/blog\/wp-json\/wp\/v2\/types\/post"}],"author":[{"embeddable":true,"href":"https:\/\/www.doppelklicker.de\/blog\/wp-json\/wp\/v2\/users\/8"}],"replies":[{"embeddable":true,"href":"https:\/\/www.doppelklicker.de\/blog\/wp-json\/wp\/v2\/comments?post=6702"}],"version-history":[{"count":0,"href":"https:\/\/www.doppelklicker.de\/blog\/wp-json\/wp\/v2\/posts\/6702\/revisions"}],"wp:featuredmedia":[{"embeddable":true,"href":"https:\/\/www.doppelklicker.de\/blog\/wp-json\/wp\/v2\/media\/6703"}],"wp:attachment":[{"href":"https:\/\/www.doppelklicker.de\/blog\/wp-json\/wp\/v2\/media?parent=6702"}],"wp:term":[{"taxonomy":"category","embeddable":true,"href":"https:\/\/www.doppelklicker.de\/blog\/wp-json\/wp\/v2\/categories?post=6702"},{"taxonomy":"post_tag","embeddable":true,"href":"https:\/\/www.doppelklicker.de\/blog\/wp-json\/wp\/v2\/tags?post=6702"}],"curies":[{"name":"wp","href":"https:\/\/api.w.org\/{rel}","templated":true}]}}