{"id":6705,"date":"2023-01-02T09:00:00","date_gmt":"2023-01-02T07:00:00","guid":{"rendered":"guid"},"modified":"2023-01-02T09:00:00","modified_gmt":"2023-01-02T07:00:00","slug":"markus-soeder-erhaelt-die-goldene-narrenschelle","status":"publish","type":"post","link":"https:\/\/www.doppelklicker.de\/blog\/markus-soeder-erhaelt-die-goldene-narrenschelle\/","title":{"rendered":"Markus S\u00f6der: Ausgezeichnet als Meister der Verwandlung"},"content":{"rendered":"<p>Markus S\u00f6der, der Bayerische Ministerpr\u00e4sident, erhielt k\u00fcrzlich die Goldene Narrenschelle f\u00fcr seine bemerkenswerte F\u00e4higkeit, die Gem\u00fcter der Menschen zu bewegen. Diese hoch angesehene Auszeichnung wird am 7. Februar 2023 im Europa-Park in Rust verliehen. Als kontroverser Politiker hat S\u00f6der in den letzten Jahren seine Parteifreunde gleicherma\u00dfen begeistert und aufgew\u00fchlt. Seine schillernde Pers\u00f6nlichkeit und seine polarisierende Wirkung machen ihn zu einer einzigartigen Figur in der deutschen Politiklandschaft.<br \/>\n<!--more--><\/p>\n<div id=\"ez-toc-container\" class=\"ez-toc-v2_0_16 counter-hierarchy\">\n<div class=\"ez-toc-title-container\">\n<p class=\"ez-toc-title\">Inhaltsverzeichnis: Das erwartet Sie in diesem Artikel<\/p>\n<span class=\"ez-toc-title-toggle\"><a class=\"ez-toc-pull-right ez-toc-btn ez-toc-btn-xs ez-toc-btn-default ez-toc-toggle\" style=\"display: none;\"><i class=\"ez-toc-glyphicon ez-toc-icon-toggle\"><\/i><\/a><\/span><\/div>\n<nav><ul class=\"ez-toc-list ez-toc-list-level-1\"><li class=\"ez-toc-page-1 ez-toc-heading-level-2\"><a class=\"ez-toc-link ez-toc-heading-1\" href=\"https:\/\/www.doppelklicker.de\/blog\/markus-soeder-erhaelt-die-goldene-narrenschelle\/#markus-soeder-ein-wandelbarer-akteur-in-politik-und-fasching\" title=\"Markus S\u00f6der: Ein wandelbarer Akteur in Politik und Fasching\">Markus S\u00f6der: Ein wandelbarer Akteur in Politik und Fasching<\/a><\/li><li class=\"ez-toc-page-1 ez-toc-heading-level-2\"><a class=\"ez-toc-link ez-toc-heading-2\" href=\"https:\/\/www.doppelklicker.de\/blog\/markus-soeder-erhaelt-die-goldene-narrenschelle\/#markus-soeder-politiker-und-faschingsfreund-mit-schlagfertiger-sprache\" title=\"Markus S\u00f6der: Politiker und Faschingsfreund mit schlagfertiger Sprache\">Markus S\u00f6der: Politiker und Faschingsfreund mit schlagfertiger Sprache<\/a><\/li><li class=\"ez-toc-page-1 ez-toc-heading-level-2\"><a class=\"ez-toc-link ez-toc-heading-3\" href=\"https:\/\/www.doppelklicker.de\/blog\/markus-soeder-erhaelt-die-goldene-narrenschelle\/#markus-soeder-erhaelt-goldene-narrenschelle-fuer-politisch-naerrische-possen\" title=\"Markus S\u00f6der erh\u00e4lt Goldene Narrenschelle f\u00fcr politisch-n\u00e4rrische Possen\">Markus S\u00f6der erh\u00e4lt Goldene Narrenschelle f\u00fcr politisch-n\u00e4rrische Possen<\/a><\/li><li class=\"ez-toc-page-1 ez-toc-heading-level-2\"><a class=\"ez-toc-link ez-toc-heading-4\" href=\"https:\/\/www.doppelklicker.de\/blog\/markus-soeder-erhaelt-die-goldene-narrenschelle\/#winfried-kretschmann-haelt-laudatio-bei-verleihung-der-goldenen-narrenschelle\" title=\"Winfried Kretschmann h\u00e4lt Laudatio bei Verleihung der Goldenen Narrenschelle\">Winfried Kretschmann h\u00e4lt Laudatio bei Verleihung der Goldenen Narrenschelle<\/a><\/li><li class=\"ez-toc-page-1 ez-toc-heading-level-2\"><a class=\"ez-toc-link ez-toc-heading-5\" href=\"https:\/\/www.doppelklicker.de\/blog\/markus-soeder-erhaelt-die-goldene-narrenschelle\/#markus-soeder-ein-einzigartiger-politiker-mit-schillernder-persoenlichkeit\" title=\"Markus S\u00f6der: Ein einzigartiger Politiker mit schillernder Pers\u00f6nlichkeit\">Markus S\u00f6der: Ein einzigartiger Politiker mit schillernder Pers\u00f6nlichkeit<\/a><\/li><\/ul><\/nav><\/div>\n<h2><span class=\"ez-toc-section\" id=\"markus-soeder-ein-wandelbarer-akteur-in-politik-und-fasching\"><\/span>Markus S\u00f6der: Ein wandelbarer Akteur in Politik und Fasching<span class=\"ez-toc-section-end\"><\/span><\/h2>\n<p>Markus S\u00f6der ist eine \u00e4u\u00dferst vielseitige Pers\u00f6nlichkeit, die nicht nur in der Politik, sondern auch im Fasching gl\u00e4nzt. Er ist bekannt f\u00fcr seine Liebe zum Verkleiden und Maskieren, was auch in seiner politischen Karriere deutlich wird. Seine erstaunliche Transformation vom Saulus zum Paulus hat viele seiner Parteikollegen \u00fcberrascht und ihn als Quotenstar unter den CDU-\/CSU-Kanzlerkandidaten etabliert. S\u00f6der ist ein wandelbarer Akteur, der es versteht, sich seinen unterschiedlichen Rollen anzupassen.<\/p>\n<h2><span class=\"ez-toc-section\" id=\"markus-soeder-politiker-und-faschingsfreund-mit-schlagfertiger-sprache\"><\/span>Markus S\u00f6der: Politiker und Faschingsfreund mit schlagfertiger Sprache<span class=\"ez-toc-section-end\"><\/span><\/h2>\n<p>Markus S\u00f6der ist nicht nur ein bekannter Politiker, sondern auch ein leidenschaftlicher Unterst\u00fctzer des Faschings. Seine eloquente und humorvolle Art macht ihn zu einem beliebten Kandidaten f\u00fcr Veranstaltungen im schw\u00e4bisch-alemannischen Raum. Er setzt sich aktiv f\u00fcr den Erhalt und die F\u00f6rderung des Dialektes ein und hat bereits verschiedene Auszeichnungen f\u00fcr seine Verdienste erhalten. Es bleibt spannend, ob er sich auch zur schw\u00e4bisch-alemannischen Fastnacht bekennen wird.<\/p>\n<h2><span class=\"ez-toc-section\" id=\"markus-soeder-erhaelt-goldene-narrenschelle-fuer-politisch-naerrische-possen\"><\/span>Markus S\u00f6der erh\u00e4lt Goldene Narrenschelle f\u00fcr politisch-n\u00e4rrische Possen<span class=\"ez-toc-section-end\"><\/span><\/h2>\n<p>Markus S\u00f6der wird f\u00fcr seine politisch-n\u00e4rrischen Possen und sein starkes Bekenntnis zu den heimischen Br\u00e4uchen mit der Goldenen Narrenschelle geehrt. Trotz der Kritik, die er einstecken musste, hat er es sich nicht nehmen lassen, die Staatsg\u00e4ste beim G7-Gipfel mit einem authentisch-bayrischen Empfang zu begr\u00fc\u00dfen. Seine F\u00e4higkeit, mit Worten zu jonglieren und sich in verschiedene Rollen zu verwandeln, macht ihn zu einer einzigartigen Pers\u00f6nlichkeit in der deutschen Politik.<\/p>\n<h2><span class=\"ez-toc-section\" id=\"winfried-kretschmann-haelt-laudatio-bei-verleihung-der-goldenen-narrenschelle\"><\/span>Winfried Kretschmann h\u00e4lt Laudatio bei Verleihung der Goldenen Narrenschelle<span class=\"ez-toc-section-end\"><\/span><\/h2>\n<p>Bei der Verleihung der Goldenen Narrenschelle wird Ministerpr\u00e4sident Winfried Kretschmann eine w\u00fcrdigende Rede \u00fcber Markus S\u00f6der halten, in der er dessen politische Leistungen und sein Engagement f\u00fcr den Fasching lobt. VSAN-Pr\u00e4sident Roland Wehrle wird die Gr\u00fcnde f\u00fcr die Vergabe der Narrenschelle an S\u00f6der erl\u00e4utern und auf seine Verdienste um die F\u00f6rderung des Faschings eingehen. S\u00f6der wird als 16. Narrenschellentr\u00e4ger in die illustre Liste prominenter Pers\u00f6nlichkeiten aufgenommen.<\/p>\n<h2><span class=\"ez-toc-section\" id=\"markus-soeder-ein-einzigartiger-politiker-mit-schillernder-persoenlichkeit\"><\/span>Markus S\u00f6der: Ein einzigartiger Politiker mit schillernder Pers\u00f6nlichkeit<span class=\"ez-toc-section-end\"><\/span><\/h2>\n<p>Markus S\u00f6der f\u00e4llt zweifellos durch seine schillernde Pers\u00f6nlichkeit in der deutschen Politik auf. Seine F\u00e4higkeit, sich zu verwandeln und sein Engagement f\u00fcr den Fasching, machen ihn zu einem einzigartigen Politiker. Die Verleihung der Goldenen Narrenschelle an S\u00f6der ist eine Anerkennung f\u00fcr seine politisch-n\u00e4rrischen Possen und sein Bekenntnis zu den heimischen Br\u00e4uchen. Es wird interessant sein, seine weitere Entwicklung zu beobachten und zu sehen, welche \u00dcberraschungen er noch f\u00fcr uns bereith\u00e4lt.<\/p>\n","protected":false},"excerpt":{"rendered":"<p>Markus S\u00f6der, der Bayerische Ministerpr\u00e4sident, erhielt k\u00fcrzlich die Goldene Narrenschelle f\u00fcr seine bemerkenswerte F\u00e4higkeit, die Gem\u00fcter der Menschen zu bewegen. Diese hoch angesehene Auszeichnung wird am 7. Februar 2023 im Europa-Park in Rust verliehen. Als kontroverser Politiker hat S\u00f6der in den letzten Jahren seine Parteifreunde gleicherma\u00dfen begeistert und aufgew\u00fchlt. Seine schillernde Pers\u00f6nlichkeit und seine polarisierende<\/p>\n<div class=\"read-more\"><a href=\"https:\/\/www.doppelklicker.de\/blog\/markus-soeder-erhaelt-die-goldene-narrenschelle\/\" title=\"Jetzt alles lesen\">Jetzt alles lesen<\/a><\/div>\n","protected":false},"author":8,"featured_media":6707,"comment_status":"open","ping_status":"open","sticky":false,"template":"","format":"standard","meta":[],"categories":[3305],"tags":[],"yoast_head":"<!-- This site is optimized with the Yoast SEO plugin v18.2 - https:\/\/yoast.com\/wordpress\/plugins\/seo\/ -->\n<meta name=\"robots\" content=\"index, follow, max-snippet:-1, max-image-preview:large, max-video-preview:-1\" \/>\n<link rel=\"canonical\" href=\"https:\/\/www.doppelklicker.de\/blog\/markus-soeder-erhaelt-die-goldene-narrenschelle\/\" \/>\n<meta property=\"og:locale\" content=\"de_DE\" \/>\n<meta property=\"og:type\" content=\"article\" \/>\n<meta property=\"og:title\" content=\"Markus S\u00f6der: Ausgezeichnet als Meister der Verwandlung\" \/>\n<meta property=\"og:description\" content=\"Markus S\u00f6der, der Bayerische Ministerpr\u00e4sident, erhielt k\u00fcrzlich die Goldene Narrenschelle f\u00fcr seine bemerkenswerte F\u00e4higkeit, die Gem\u00fcter der Menschen zu bewegen. Diese hoch angesehene Auszeichnung wird am 7. Februar 2023 im Europa-Park in Rust verliehen. Als kontroverser Politiker hat S\u00f6der in den letzten Jahren seine Parteifreunde gleicherma\u00dfen begeistert und aufgew\u00fchlt. Seine schillernde Pers\u00f6nlichkeit und seine polarisierendeJetzt alles lesen\" \/>\n<meta property=\"og:url\" content=\"https:\/\/www.doppelklicker.de\/blog\/markus-soeder-erhaelt-die-goldene-narrenschelle\/\" \/>\n<meta property=\"og:site_name\" content=\"Aus Mainz.\" \/>\n<meta property=\"article:published_time\" content=\"2023-01-02T07:00:00+00:00\" \/>\n<meta property=\"og:image\" content=\"https:\/\/www.doppelklicker.de\/blog\/wp-content\/uploads\/2024\/01\/markus-soeder-ausgezeichnet-als-meister-verwandlung-15575.jpg\" \/>\n\t<meta property=\"og:image:width\" content=\"1280\" \/>\n\t<meta property=\"og:image:height\" content=\"615\" \/>\n\t<meta property=\"og:image:type\" content=\"image\/jpeg\" \/>\n<meta name=\"twitter:card\" content=\"summary_large_image\" \/>\n<meta name=\"twitter:label1\" content=\"Verfasst von\" \/>\n\t<meta name=\"twitter:data1\" content=\"Iris Martin\" \/>\n\t<meta name=\"twitter:label2\" content=\"Gesch\u00e4tzte Lesezeit\" \/>\n\t<meta name=\"twitter:data2\" content=\"3 Minuten\" \/>\n<script type=\"application\/ld+json\" class=\"yoast-schema-graph\">{\"@context\":\"https:\/\/schema.org\",\"@graph\":[{\"@type\":\"WebSite\",\"@id\":\"https:\/\/www.doppelklicker.de\/blog\/#website\",\"url\":\"https:\/\/www.doppelklicker.de\/blog\/\",\"name\":\"Aus Mainz.\",\"description\":\"F\u00fcr die Welt.\",\"potentialAction\":[{\"@type\":\"SearchAction\",\"target\":{\"@type\":\"EntryPoint\",\"urlTemplate\":\"https:\/\/www.doppelklicker.de\/blog\/?s={search_term_string}\"},\"query-input\":\"required name=search_term_string\"}],\"inLanguage\":\"de-DE\"},{\"@type\":\"ImageObject\",\"@id\":\"https:\/\/www.doppelklicker.de\/blog\/markus-soeder-erhaelt-die-goldene-narrenschelle\/#primaryimage\",\"inLanguage\":\"de-DE\",\"url\":\"https:\/\/www.doppelklicker.de\/blog\/wp-content\/uploads\/2024\/01\/markus-soeder-ausgezeichnet-als-meister-verwandlung-15575.jpg\",\"contentUrl\":\"https:\/\/www.doppelklicker.de\/blog\/wp-content\/uploads\/2024\/01\/markus-soeder-ausgezeichnet-als-meister-verwandlung-15575.jpg\",\"width\":1280,\"height\":615,\"caption\":\"Markus S\u00f6der: Ausgezeichnet als Meister der Verwandlung (Foto: Bayerische Staatskanzlei)\"},{\"@type\":\"WebPage\",\"@id\":\"https:\/\/www.doppelklicker.de\/blog\/markus-soeder-erhaelt-die-goldene-narrenschelle\/#webpage\",\"url\":\"https:\/\/www.doppelklicker.de\/blog\/markus-soeder-erhaelt-die-goldene-narrenschelle\/\",\"name\":\"Markus S\u00f6der: Ausgezeichnet als Meister der Verwandlung\",\"isPartOf\":{\"@id\":\"https:\/\/www.doppelklicker.de\/blog\/#website\"},\"primaryImageOfPage\":{\"@id\":\"https:\/\/www.doppelklicker.de\/blog\/markus-soeder-erhaelt-die-goldene-narrenschelle\/#primaryimage\"},\"datePublished\":\"2023-01-02T07:00:00+00:00\",\"dateModified\":\"2023-01-02T07:00:00+00:00\",\"author\":{\"@id\":\"https:\/\/www.doppelklicker.de\/blog\/#\/schema\/person\/08dcac172bdb025e8ff433488184668a\"},\"breadcrumb\":{\"@id\":\"https:\/\/www.doppelklicker.de\/blog\/markus-soeder-erhaelt-die-goldene-narrenschelle\/#breadcrumb\"},\"inLanguage\":\"de-DE\",\"potentialAction\":[{\"@type\":\"ReadAction\",\"target\":[\"https:\/\/www.doppelklicker.de\/blog\/markus-soeder-erhaelt-die-goldene-narrenschelle\/\"]}]},{\"@type\":\"BreadcrumbList\",\"@id\":\"https:\/\/www.doppelklicker.de\/blog\/markus-soeder-erhaelt-die-goldene-narrenschelle\/#breadcrumb\",\"itemListElement\":[{\"@type\":\"ListItem\",\"position\":1,\"name\":\"Startseite\",\"item\":\"https:\/\/www.doppelklicker.de\/blog\/\"},{\"@type\":\"ListItem\",\"position\":2,\"name\":\"Markus S\u00f6der: Ausgezeichnet als Meister der Verwandlung\"}]},{\"@type\":\"Person\",\"@id\":\"https:\/\/www.doppelklicker.de\/blog\/#\/schema\/person\/08dcac172bdb025e8ff433488184668a\",\"name\":\"Iris Martin\",\"image\":{\"@type\":\"ImageObject\",\"@id\":\"https:\/\/www.doppelklicker.de\/blog\/#personlogo\",\"inLanguage\":\"de-DE\",\"url\":\"https:\/\/secure.gravatar.com\/avatar\/82fdaa093be0b9686b531f99fcb54d15?s=96&d=wp_user_avatar&r=g\",\"contentUrl\":\"https:\/\/secure.gravatar.com\/avatar\/82fdaa093be0b9686b531f99fcb54d15?s=96&d=wp_user_avatar&r=g\",\"caption\":\"Iris Martin\"},\"url\":\"https:\/\/www.doppelklicker.de\/blog\/author\/iris-martin\/\"}]}<\/script>\n<!-- \/ Yoast SEO plugin. -->","yoast_head_json":{"robots":{"index":"index","follow":"follow","max-snippet":"max-snippet:-1","max-image-preview":"max-image-preview:large","max-video-preview":"max-video-preview:-1"},"canonical":"https:\/\/www.doppelklicker.de\/blog\/markus-soeder-erhaelt-die-goldene-narrenschelle\/","og_locale":"de_DE","og_type":"article","og_title":"Markus S\u00f6der: Ausgezeichnet als Meister der Verwandlung","og_description":"Markus S\u00f6der, der Bayerische Ministerpr\u00e4sident, erhielt k\u00fcrzlich die Goldene Narrenschelle f\u00fcr seine bemerkenswerte F\u00e4higkeit, die Gem\u00fcter der Menschen zu bewegen. Diese hoch angesehene Auszeichnung wird am 7. Februar 2023 im Europa-Park in Rust verliehen. Als kontroverser Politiker hat S\u00f6der in den letzten Jahren seine Parteifreunde gleicherma\u00dfen begeistert und aufgew\u00fchlt. Seine schillernde Pers\u00f6nlichkeit und seine polarisierendeJetzt alles lesen","og_url":"https:\/\/www.doppelklicker.de\/blog\/markus-soeder-erhaelt-die-goldene-narrenschelle\/","og_site_name":"Aus Mainz.","article_published_time":"2023-01-02T07:00:00+00:00","og_image":[{"width":1280,"height":615,"url":"https:\/\/www.doppelklicker.de\/blog\/wp-content\/uploads\/2024\/01\/markus-soeder-ausgezeichnet-als-meister-verwandlung-15575.jpg","type":"image\/jpeg"}],"twitter_card":"summary_large_image","twitter_misc":{"Verfasst von":"Iris Martin","Gesch\u00e4tzte Lesezeit":"3 Minuten"},"schema":{"@context":"https:\/\/schema.org","@graph":[{"@type":"WebSite","@id":"https:\/\/www.doppelklicker.de\/blog\/#website","url":"https:\/\/www.doppelklicker.de\/blog\/","name":"Aus Mainz.","description":"F\u00fcr die Welt.","potentialAction":[{"@type":"SearchAction","target":{"@type":"EntryPoint","urlTemplate":"https:\/\/www.doppelklicker.de\/blog\/?s={search_term_string}"},"query-input":"required name=search_term_string"}],"inLanguage":"de-DE"},{"@type":"ImageObject","@id":"https:\/\/www.doppelklicker.de\/blog\/markus-soeder-erhaelt-die-goldene-narrenschelle\/#primaryimage","inLanguage":"de-DE","url":"https:\/\/www.doppelklicker.de\/blog\/wp-content\/uploads\/2024\/01\/markus-soeder-ausgezeichnet-als-meister-verwandlung-15575.jpg","contentUrl":"https:\/\/www.doppelklicker.de\/blog\/wp-content\/uploads\/2024\/01\/markus-soeder-ausgezeichnet-als-meister-verwandlung-15575.jpg","width":1280,"height":615,"caption":"Markus S\u00f6der: Ausgezeichnet als Meister der Verwandlung (Foto: Bayerische Staatskanzlei)"},{"@type":"WebPage","@id":"https:\/\/www.doppelklicker.de\/blog\/markus-soeder-erhaelt-die-goldene-narrenschelle\/#webpage","url":"https:\/\/www.doppelklicker.de\/blog\/markus-soeder-erhaelt-die-goldene-narrenschelle\/","name":"Markus S\u00f6der: Ausgezeichnet als Meister der Verwandlung","isPartOf":{"@id":"https:\/\/www.doppelklicker.de\/blog\/#website"},"primaryImageOfPage":{"@id":"https:\/\/www.doppelklicker.de\/blog\/markus-soeder-erhaelt-die-goldene-narrenschelle\/#primaryimage"},"datePublished":"2023-01-02T07:00:00+00:00","dateModified":"2023-01-02T07:00:00+00:00","author":{"@id":"https:\/\/www.doppelklicker.de\/blog\/#\/schema\/person\/08dcac172bdb025e8ff433488184668a"},"breadcrumb":{"@id":"https:\/\/www.doppelklicker.de\/blog\/markus-soeder-erhaelt-die-goldene-narrenschelle\/#breadcrumb"},"inLanguage":"de-DE","potentialAction":[{"@type":"ReadAction","target":["https:\/\/www.doppelklicker.de\/blog\/markus-soeder-erhaelt-die-goldene-narrenschelle\/"]}]},{"@type":"BreadcrumbList","@id":"https:\/\/www.doppelklicker.de\/blog\/markus-soeder-erhaelt-die-goldene-narrenschelle\/#breadcrumb","itemListElement":[{"@type":"ListItem","position":1,"name":"Startseite","item":"https:\/\/www.doppelklicker.de\/blog\/"},{"@type":"ListItem","position":2,"name":"Markus S\u00f6der: Ausgezeichnet als Meister der Verwandlung"}]},{"@type":"Person","@id":"https:\/\/www.doppelklicker.de\/blog\/#\/schema\/person\/08dcac172bdb025e8ff433488184668a","name":"Iris Martin","image":{"@type":"ImageObject","@id":"https:\/\/www.doppelklicker.de\/blog\/#personlogo","inLanguage":"de-DE","url":"https:\/\/secure.gravatar.com\/avatar\/82fdaa093be0b9686b531f99fcb54d15?s=96&d=wp_user_avatar&r=g","contentUrl":"https:\/\/secure.gravatar.com\/avatar\/82fdaa093be0b9686b531f99fcb54d15?s=96&d=wp_user_avatar&r=g","caption":"Iris Martin"},"url":"https:\/\/www.doppelklicker.de\/blog\/author\/iris-martin\/"}]}},"_links":{"self":[{"href":"https:\/\/www.doppelklicker.de\/blog\/wp-json\/wp\/v2\/posts\/6705"}],"collection":[{"href":"https:\/\/www.doppelklicker.de\/blog\/wp-json\/wp\/v2\/posts"}],"about":[{"href":"https:\/\/www.doppelklicker.de\/blog\/wp-json\/wp\/v2\/types\/post"}],"author":[{"embeddable":true,"href":"https:\/\/www.doppelklicker.de\/blog\/wp-json\/wp\/v2\/users\/8"}],"replies":[{"embeddable":true,"href":"https:\/\/www.doppelklicker.de\/blog\/wp-json\/wp\/v2\/comments?post=6705"}],"version-history":[{"count":0,"href":"https:\/\/www.doppelklicker.de\/blog\/wp-json\/wp\/v2\/posts\/6705\/revisions"}],"wp:featuredmedia":[{"embeddable":true,"href":"https:\/\/www.doppelklicker.de\/blog\/wp-json\/wp\/v2\/media\/6707"}],"wp:attachment":[{"href":"https:\/\/www.doppelklicker.de\/blog\/wp-json\/wp\/v2\/media?parent=6705"}],"wp:term":[{"taxonomy":"category","embeddable":true,"href":"https:\/\/www.doppelklicker.de\/blog\/wp-json\/wp\/v2\/categories?post=6705"},{"taxonomy":"post_tag","embeddable":true,"href":"https:\/\/www.doppelklicker.de\/blog\/wp-json\/wp\/v2\/tags?post=6705"}],"curies":[{"name":"wp","href":"https:\/\/api.w.org\/{rel}","templated":true}]}}