{"id":6710,"date":"2024-01-02T14:00:00","date_gmt":"2024-01-02T12:00:00","guid":{"rendered":"guid"},"modified":"2024-01-02T14:00:00","modified_gmt":"2024-01-02T12:00:00","slug":"kinder-lebensmittel-werbegesetz-oezdemir-breite-ablehnung","status":"publish","type":"post","link":"https:\/\/www.doppelklicker.de\/blog\/kinder-lebensmittel-werbegesetz-oezdemir-breite-ablehnung\/","title":{"rendered":"Verb\u00e4nde betonen in Schreiben an Minister: Schutz von Kindern nicht Hauptziel"},"content":{"rendered":"<p>Die Ablehnung des aktuellen Referentenentwurfs des KLWG durch 34 Verb\u00e4nde der Lebensmittel- und Werbewirtschaft sorgt f\u00fcr Diskussionen. Die Verb\u00e4nde, angef\u00fchrt vom Lebensmittelverband Deutschland und dem Zentralverband der deutschen Werbewirtschaft, haben dem BMEL ihre ablehnende Position verdeutlicht. Sie sehen in dem Entwurf eine Gef\u00e4hrdung der Wirtschaft, der Medien und des Gesundheitsschutzes.<br \/>\n<!--more--><\/p>\n<h2>Verb\u00e4nde kritisieren KLWG-Referentenentwurf: Auswirkungen auf Kommunikationsma\u00dfnahmen in Medien<\/h2>\n<p>Der Referentenentwurf des KLWG basiert auf dem WHO-N\u00e4hrwertprofil-Modell f\u00fcr Europa 2023 und hat einen Einfluss auf rund 70 Prozent aller Lebensmittel. Dies betrifft nicht nur die Werbung f\u00fcr Kinder, sondern auch nahezu jegliche andere Kommunikationsma\u00dfnahmen in den relevanten Medienformaten.<\/p>\n<p>Der KLWG-Entwurf wird von den Verb\u00e4nden als wirtschafts- und innovationsfeindlich kritisiert, da er rund 70 Prozent der Lebensmittel als &#8222;ungesund&#8220; einstuft und ihre Bewerbung verbietet. Dies stellt eine erhebliche Einschr\u00e4nkung der marktwirtschaftlichen Prinzipien dar.<\/p>\n<p>Die wissenschaftlichen Studien, die als Begr\u00fcndung f\u00fcr das Gesetz herangezogen werden, k\u00f6nnen keine eindeutige Verbindung zwischen Werbung und kindlichem \u00dcbergewicht nachweisen, so die Kritik der Verb\u00e4nde.<\/p>\n<p>Die Verb\u00e4nde haben auch rechtliche Einw\u00e4nde gegen den KLWG-Entwurf erhoben. Die Rundfunkkommission der Bundesl\u00e4nder sieht keine ausreichende rechtliche Grundlage f\u00fcr das geplante Gesetz. Ein umfassendes Gutachten von Prof. Dr. Martin Burgi best\u00e4tigt die Kritikpunkte der Verb\u00e4nde und verdeutlicht die rechtlichen Probleme des Entwurfs.<\/p>\n<p>Die Verb\u00e4nde haben ihre Ablehnung des aktuellen Gesetzesentwurfs in einem Schreiben an Bundesminister Cem \u00d6zdemir ausf\u00fchrlich dargelegt. Sie betonen, dass ihr Anliegen nicht der Schutz von Kindern ist, sondern die \u00dcberzeugung, dass der vorliegende Entwurf nicht die gew\u00fcnschten Ergebnisse bringen wird. Stattdessen setzen sie auf zielgerichtete Ma\u00dfnahmen wie Ern\u00e4hrungs- und Medienbildung, Bewegungsf\u00f6rderung und ein vielf\u00e4ltiges Angebot an Lebensmitteln, um eine gesunde Ern\u00e4hrung zu f\u00f6rdern.<\/p>\n<p>Die ablehnende Haltung der Verb\u00e4nde zeigt, dass der Referentenentwurf des KLWG auf starke Kritik st\u00f6\u00dft. Die Verb\u00e4nde sehen in dem Entwurf eine potenzielle Gef\u00e4hrdung f\u00fcr die Wirtschaft, die Medien und den Schutz der Gesundheit. Es bleibt abzuwarten, wie das Bundesministerium f\u00fcr Ern\u00e4hrung und Landwirtschaft auf diese Kritik reagieren wird und ob \u00c4nderungen am Gesetzesentwurf vorgenommen werden.<\/p>\n","protected":false},"excerpt":{"rendered":"<p>Die Ablehnung des aktuellen Referentenentwurfs des KLWG durch 34 Verb\u00e4nde der Lebensmittel- und Werbewirtschaft sorgt f\u00fcr Diskussionen. Die Verb\u00e4nde, angef\u00fchrt vom Lebensmittelverband Deutschland und dem Zentralverband der deutschen Werbewirtschaft, haben dem BMEL ihre ablehnende Position verdeutlicht. Sie sehen in dem Entwurf eine Gef\u00e4hrdung der Wirtschaft, der Medien und des Gesundheitsschutzes.<\/p>\n","protected":false},"author":8,"featured_media":6711,"comment_status":"open","ping_status":"open","sticky":false,"template":"","format":"standard","meta":[],"categories":[3305],"tags":[],"yoast_head":"<!-- This site is optimized with the Yoast SEO plugin v18.2 - https:\/\/yoast.com\/wordpress\/plugins\/seo\/ -->\n<meta name=\"robots\" content=\"index, follow, max-snippet:-1, max-image-preview:large, max-video-preview:-1\" \/>\n<link rel=\"canonical\" href=\"https:\/\/www.doppelklicker.de\/blog\/kinder-lebensmittel-werbegesetz-oezdemir-breite-ablehnung\/\" \/>\n<meta property=\"og:locale\" content=\"de_DE\" \/>\n<meta property=\"og:type\" content=\"article\" \/>\n<meta property=\"og:title\" content=\"Verb\u00e4nde betonen in Schreiben an Minister: Schutz von Kindern nicht Hauptziel\" \/>\n<meta property=\"og:description\" content=\"Die Ablehnung des aktuellen Referentenentwurfs des KLWG durch 34 Verb\u00e4nde der Lebensmittel- und Werbewirtschaft sorgt f\u00fcr Diskussionen. Die Verb\u00e4nde, angef\u00fchrt vom Lebensmittelverband Deutschland und dem Zentralverband der deutschen Werbewirtschaft, haben dem BMEL ihre ablehnende Position verdeutlicht. Sie sehen in dem Entwurf eine Gef\u00e4hrdung der Wirtschaft, der Medien und des Gesundheitsschutzes.\" \/>\n<meta property=\"og:url\" content=\"https:\/\/www.doppelklicker.de\/blog\/kinder-lebensmittel-werbegesetz-oezdemir-breite-ablehnung\/\" \/>\n<meta property=\"og:site_name\" content=\"Aus Mainz.\" \/>\n<meta property=\"article:published_time\" content=\"2024-01-02T12:00:00+00:00\" \/>\n<meta property=\"og:image\" content=\"https:\/\/www.doppelklicker.de\/blog\/wp-content\/uploads\/2024\/01\/verbaende-lehnen-referentenentwurf-des-klwg-ab-15641.jpg\" \/>\n\t<meta property=\"og:image:width\" content=\"1280\" \/>\n\t<meta property=\"og:image:height\" content=\"615\" \/>\n\t<meta property=\"og:image:type\" content=\"image\/jpeg\" \/>\n<meta name=\"twitter:card\" content=\"summary_large_image\" \/>\n<meta name=\"twitter:label1\" content=\"Verfasst von\" \/>\n\t<meta name=\"twitter:data1\" content=\"Iris Martin\" \/>\n\t<meta name=\"twitter:label2\" content=\"Gesch\u00e4tzte Lesezeit\" \/>\n\t<meta name=\"twitter:data2\" content=\"2 Minuten\" \/>\n<script type=\"application\/ld+json\" class=\"yoast-schema-graph\">{\"@context\":\"https:\/\/schema.org\",\"@graph\":[{\"@type\":\"WebSite\",\"@id\":\"https:\/\/www.doppelklicker.de\/blog\/#website\",\"url\":\"https:\/\/www.doppelklicker.de\/blog\/\",\"name\":\"Aus Mainz.\",\"description\":\"F\u00fcr die Welt.\",\"potentialAction\":[{\"@type\":\"SearchAction\",\"target\":{\"@type\":\"EntryPoint\",\"urlTemplate\":\"https:\/\/www.doppelklicker.de\/blog\/?s={search_term_string}\"},\"query-input\":\"required name=search_term_string\"}],\"inLanguage\":\"de-DE\"},{\"@type\":\"ImageObject\",\"@id\":\"https:\/\/www.doppelklicker.de\/blog\/kinder-lebensmittel-werbegesetz-oezdemir-breite-ablehnung\/#primaryimage\",\"inLanguage\":\"de-DE\",\"url\":\"https:\/\/www.doppelklicker.de\/blog\/wp-content\/uploads\/2024\/01\/verbaende-lehnen-referentenentwurf-des-klwg-ab-15641.jpg\",\"contentUrl\":\"https:\/\/www.doppelklicker.de\/blog\/wp-content\/uploads\/2024\/01\/verbaende-lehnen-referentenentwurf-des-klwg-ab-15641.jpg\",\"width\":1280,\"height\":615,\"caption\":\"Verb\u00e4nde betonen in Schreiben an Minister: Schutz von Kindern nicht Hauptziel (Foto: AdobeStock - bird_saranyoo 658734377)\"},{\"@type\":\"WebPage\",\"@id\":\"https:\/\/www.doppelklicker.de\/blog\/kinder-lebensmittel-werbegesetz-oezdemir-breite-ablehnung\/#webpage\",\"url\":\"https:\/\/www.doppelklicker.de\/blog\/kinder-lebensmittel-werbegesetz-oezdemir-breite-ablehnung\/\",\"name\":\"Verb\u00e4nde betonen in Schreiben an Minister: Schutz von Kindern nicht Hauptziel\",\"isPartOf\":{\"@id\":\"https:\/\/www.doppelklicker.de\/blog\/#website\"},\"primaryImageOfPage\":{\"@id\":\"https:\/\/www.doppelklicker.de\/blog\/kinder-lebensmittel-werbegesetz-oezdemir-breite-ablehnung\/#primaryimage\"},\"datePublished\":\"2024-01-02T12:00:00+00:00\",\"dateModified\":\"2024-01-02T12:00:00+00:00\",\"author\":{\"@id\":\"https:\/\/www.doppelklicker.de\/blog\/#\/schema\/person\/08dcac172bdb025e8ff433488184668a\"},\"breadcrumb\":{\"@id\":\"https:\/\/www.doppelklicker.de\/blog\/kinder-lebensmittel-werbegesetz-oezdemir-breite-ablehnung\/#breadcrumb\"},\"inLanguage\":\"de-DE\",\"potentialAction\":[{\"@type\":\"ReadAction\",\"target\":[\"https:\/\/www.doppelklicker.de\/blog\/kinder-lebensmittel-werbegesetz-oezdemir-breite-ablehnung\/\"]}]},{\"@type\":\"BreadcrumbList\",\"@id\":\"https:\/\/www.doppelklicker.de\/blog\/kinder-lebensmittel-werbegesetz-oezdemir-breite-ablehnung\/#breadcrumb\",\"itemListElement\":[{\"@type\":\"ListItem\",\"position\":1,\"name\":\"Startseite\",\"item\":\"https:\/\/www.doppelklicker.de\/blog\/\"},{\"@type\":\"ListItem\",\"position\":2,\"name\":\"Verb\u00e4nde betonen in Schreiben an Minister: Schutz von Kindern nicht Hauptziel\"}]},{\"@type\":\"Person\",\"@id\":\"https:\/\/www.doppelklicker.de\/blog\/#\/schema\/person\/08dcac172bdb025e8ff433488184668a\",\"name\":\"Iris Martin\",\"image\":{\"@type\":\"ImageObject\",\"@id\":\"https:\/\/www.doppelklicker.de\/blog\/#personlogo\",\"inLanguage\":\"de-DE\",\"url\":\"https:\/\/secure.gravatar.com\/avatar\/82fdaa093be0b9686b531f99fcb54d15?s=96&d=wp_user_avatar&r=g\",\"contentUrl\":\"https:\/\/secure.gravatar.com\/avatar\/82fdaa093be0b9686b531f99fcb54d15?s=96&d=wp_user_avatar&r=g\",\"caption\":\"Iris Martin\"},\"url\":\"https:\/\/www.doppelklicker.de\/blog\/author\/iris-martin\/\"}]}<\/script>\n<!-- \/ Yoast SEO plugin. -->","yoast_head_json":{"robots":{"index":"index","follow":"follow","max-snippet":"max-snippet:-1","max-image-preview":"max-image-preview:large","max-video-preview":"max-video-preview:-1"},"canonical":"https:\/\/www.doppelklicker.de\/blog\/kinder-lebensmittel-werbegesetz-oezdemir-breite-ablehnung\/","og_locale":"de_DE","og_type":"article","og_title":"Verb\u00e4nde betonen in Schreiben an Minister: Schutz von Kindern nicht Hauptziel","og_description":"Die Ablehnung des aktuellen Referentenentwurfs des KLWG durch 34 Verb\u00e4nde der Lebensmittel- und Werbewirtschaft sorgt f\u00fcr Diskussionen. Die Verb\u00e4nde, angef\u00fchrt vom Lebensmittelverband Deutschland und dem Zentralverband der deutschen Werbewirtschaft, haben dem BMEL ihre ablehnende Position verdeutlicht. Sie sehen in dem Entwurf eine Gef\u00e4hrdung der Wirtschaft, der Medien und des Gesundheitsschutzes.","og_url":"https:\/\/www.doppelklicker.de\/blog\/kinder-lebensmittel-werbegesetz-oezdemir-breite-ablehnung\/","og_site_name":"Aus Mainz.","article_published_time":"2024-01-02T12:00:00+00:00","og_image":[{"width":1280,"height":615,"url":"https:\/\/www.doppelklicker.de\/blog\/wp-content\/uploads\/2024\/01\/verbaende-lehnen-referentenentwurf-des-klwg-ab-15641.jpg","type":"image\/jpeg"}],"twitter_card":"summary_large_image","twitter_misc":{"Verfasst von":"Iris Martin","Gesch\u00e4tzte Lesezeit":"2 Minuten"},"schema":{"@context":"https:\/\/schema.org","@graph":[{"@type":"WebSite","@id":"https:\/\/www.doppelklicker.de\/blog\/#website","url":"https:\/\/www.doppelklicker.de\/blog\/","name":"Aus Mainz.","description":"F\u00fcr die Welt.","potentialAction":[{"@type":"SearchAction","target":{"@type":"EntryPoint","urlTemplate":"https:\/\/www.doppelklicker.de\/blog\/?s={search_term_string}"},"query-input":"required name=search_term_string"}],"inLanguage":"de-DE"},{"@type":"ImageObject","@id":"https:\/\/www.doppelklicker.de\/blog\/kinder-lebensmittel-werbegesetz-oezdemir-breite-ablehnung\/#primaryimage","inLanguage":"de-DE","url":"https:\/\/www.doppelklicker.de\/blog\/wp-content\/uploads\/2024\/01\/verbaende-lehnen-referentenentwurf-des-klwg-ab-15641.jpg","contentUrl":"https:\/\/www.doppelklicker.de\/blog\/wp-content\/uploads\/2024\/01\/verbaende-lehnen-referentenentwurf-des-klwg-ab-15641.jpg","width":1280,"height":615,"caption":"Verb\u00e4nde betonen in Schreiben an Minister: Schutz von Kindern nicht Hauptziel (Foto: AdobeStock - bird_saranyoo 658734377)"},{"@type":"WebPage","@id":"https:\/\/www.doppelklicker.de\/blog\/kinder-lebensmittel-werbegesetz-oezdemir-breite-ablehnung\/#webpage","url":"https:\/\/www.doppelklicker.de\/blog\/kinder-lebensmittel-werbegesetz-oezdemir-breite-ablehnung\/","name":"Verb\u00e4nde betonen in Schreiben an Minister: Schutz von Kindern nicht Hauptziel","isPartOf":{"@id":"https:\/\/www.doppelklicker.de\/blog\/#website"},"primaryImageOfPage":{"@id":"https:\/\/www.doppelklicker.de\/blog\/kinder-lebensmittel-werbegesetz-oezdemir-breite-ablehnung\/#primaryimage"},"datePublished":"2024-01-02T12:00:00+00:00","dateModified":"2024-01-02T12:00:00+00:00","author":{"@id":"https:\/\/www.doppelklicker.de\/blog\/#\/schema\/person\/08dcac172bdb025e8ff433488184668a"},"breadcrumb":{"@id":"https:\/\/www.doppelklicker.de\/blog\/kinder-lebensmittel-werbegesetz-oezdemir-breite-ablehnung\/#breadcrumb"},"inLanguage":"de-DE","potentialAction":[{"@type":"ReadAction","target":["https:\/\/www.doppelklicker.de\/blog\/kinder-lebensmittel-werbegesetz-oezdemir-breite-ablehnung\/"]}]},{"@type":"BreadcrumbList","@id":"https:\/\/www.doppelklicker.de\/blog\/kinder-lebensmittel-werbegesetz-oezdemir-breite-ablehnung\/#breadcrumb","itemListElement":[{"@type":"ListItem","position":1,"name":"Startseite","item":"https:\/\/www.doppelklicker.de\/blog\/"},{"@type":"ListItem","position":2,"name":"Verb\u00e4nde betonen in Schreiben an Minister: Schutz von Kindern nicht Hauptziel"}]},{"@type":"Person","@id":"https:\/\/www.doppelklicker.de\/blog\/#\/schema\/person\/08dcac172bdb025e8ff433488184668a","name":"Iris Martin","image":{"@type":"ImageObject","@id":"https:\/\/www.doppelklicker.de\/blog\/#personlogo","inLanguage":"de-DE","url":"https:\/\/secure.gravatar.com\/avatar\/82fdaa093be0b9686b531f99fcb54d15?s=96&d=wp_user_avatar&r=g","contentUrl":"https:\/\/secure.gravatar.com\/avatar\/82fdaa093be0b9686b531f99fcb54d15?s=96&d=wp_user_avatar&r=g","caption":"Iris Martin"},"url":"https:\/\/www.doppelklicker.de\/blog\/author\/iris-martin\/"}]}},"_links":{"self":[{"href":"https:\/\/www.doppelklicker.de\/blog\/wp-json\/wp\/v2\/posts\/6710"}],"collection":[{"href":"https:\/\/www.doppelklicker.de\/blog\/wp-json\/wp\/v2\/posts"}],"about":[{"href":"https:\/\/www.doppelklicker.de\/blog\/wp-json\/wp\/v2\/types\/post"}],"author":[{"embeddable":true,"href":"https:\/\/www.doppelklicker.de\/blog\/wp-json\/wp\/v2\/users\/8"}],"replies":[{"embeddable":true,"href":"https:\/\/www.doppelklicker.de\/blog\/wp-json\/wp\/v2\/comments?post=6710"}],"version-history":[{"count":0,"href":"https:\/\/www.doppelklicker.de\/blog\/wp-json\/wp\/v2\/posts\/6710\/revisions"}],"wp:featuredmedia":[{"embeddable":true,"href":"https:\/\/www.doppelklicker.de\/blog\/wp-json\/wp\/v2\/media\/6711"}],"wp:attachment":[{"href":"https:\/\/www.doppelklicker.de\/blog\/wp-json\/wp\/v2\/media?parent=6710"}],"wp:term":[{"taxonomy":"category","embeddable":true,"href":"https:\/\/www.doppelklicker.de\/blog\/wp-json\/wp\/v2\/categories?post=6710"},{"taxonomy":"post_tag","embeddable":true,"href":"https:\/\/www.doppelklicker.de\/blog\/wp-json\/wp\/v2\/tags?post=6710"}],"curies":[{"name":"wp","href":"https:\/\/api.w.org\/{rel}","templated":true}]}}