{"id":6730,"date":"2023-12-14T09:00:00","date_gmt":"2023-12-14T07:00:00","guid":{"rendered":"guid"},"modified":"2023-12-14T09:00:00","modified_gmt":"2023-12-14T07:00:00","slug":"hoehere-atomstrompreise-in-frankreich","status":"publish","type":"post","link":"https:\/\/www.doppelklicker.de\/blog\/hoehere-atomstrompreise-in-frankreich\/","title":{"rendered":"Herausforderungen und Chancen f\u00fcr EDF: steigende Atomstrompreise in Frankreich"},"content":{"rendered":"<p>Die franz\u00f6sische Regierung und EDF haben sich darauf geeinigt, den Preis f\u00fcr Atomstrom ab 2026 um 67 Prozent auf 7 ct\/kWh zu erh\u00f6hen. Diese Entscheidung wirft Fragen auf, wie sich dies auf die Verbraucher auswirken wird. Es ist m\u00f6glich, dass die h\u00f6heren Kosten die Verbraucher dazu ermutigen, alternative Energiequellen wie Offshore-Windenergie zu nutzen, was zu einem verst\u00e4rkten Ausbau erneuerbarer Energien in Frankreich f\u00fchren k\u00f6nnte.<br \/>\n<!--more--><\/p>\n<div id=\"ez-toc-container\" class=\"ez-toc-v2_0_16 counter-hierarchy\">\n<div class=\"ez-toc-title-container\">\n<p class=\"ez-toc-title\">Inhaltsverzeichnis: Das erwartet Sie in diesem Artikel<\/p>\n<span class=\"ez-toc-title-toggle\"><a class=\"ez-toc-pull-right ez-toc-btn ez-toc-btn-xs ez-toc-btn-default ez-toc-toggle\" style=\"display: none;\"><i class=\"ez-toc-glyphicon ez-toc-icon-toggle\"><\/i><\/a><\/span><\/div>\n<nav><ul class=\"ez-toc-list ez-toc-list-level-1\"><li class=\"ez-toc-page-1 ez-toc-heading-level-2\"><a class=\"ez-toc-link ez-toc-heading-1\" href=\"https:\/\/www.doppelklicker.de\/blog\/hoehere-atomstrompreise-in-frankreich\/#atomstrompreise-in-frankreich-steigen-ab-2026-drastisch-an\" title=\"Atomstrompreise in Frankreich steigen ab 2026 drastisch an\">Atomstrompreise in Frankreich steigen ab 2026 drastisch an<\/a><\/li><li class=\"ez-toc-page-1 ez-toc-heading-level-2\"><a class=\"ez-toc-link ez-toc-heading-2\" href=\"https:\/\/www.doppelklicker.de\/blog\/hoehere-atomstrompreise-in-frankreich\/#franzoesischer-ausbau-der-offshore-windenergie-geplant\" title=\"Franz\u00f6sischer Ausbau der Offshore-Windenergie geplant\">Franz\u00f6sischer Ausbau der Offshore-Windenergie geplant<\/a><\/li><li class=\"ez-toc-page-1 ez-toc-heading-level-2\"><a class=\"ez-toc-link ez-toc-heading-3\" href=\"https:\/\/www.doppelklicker.de\/blog\/hoehere-atomstrompreise-in-frankreich\/#edf-verzoegerungen-bei-akw-neubau-und-finanzierung\" title=\"EDF: Verz\u00f6gerungen bei AKW-Neubau und Finanzierung\">EDF: Verz\u00f6gerungen bei AKW-Neubau und Finanzierung<\/a><\/li><li class=\"ez-toc-page-1 ez-toc-heading-level-2\"><a class=\"ez-toc-link ez-toc-heading-4\" href=\"https:\/\/www.doppelklicker.de\/blog\/hoehere-atomstrompreise-in-frankreich\/#gruener-wasserstoff-offshore-windenergie-als-basis-fuer-produktion-in-frankreich\" title=\"Gr\u00fcner Wasserstoff: Offshore-Windenergie als Basis f\u00fcr Produktion in Frankreich\">Gr\u00fcner Wasserstoff: Offshore-Windenergie als Basis f\u00fcr Produktion in Frankreich<\/a><\/li><li class=\"ez-toc-page-1 ez-toc-heading-level-2\"><a class=\"ez-toc-link ez-toc-heading-5\" href=\"https:\/\/www.doppelklicker.de\/blog\/hoehere-atomstrompreise-in-frankreich\/#frankreichs-energiezukunft-mehr-offshore-windenergie-weniger-atomstrom\" title=\"Frankreichs Energiezukunft: Mehr Offshore-Windenergie, weniger Atomstrom\">Frankreichs Energiezukunft: Mehr Offshore-Windenergie, weniger Atomstrom<\/a><\/li><\/ul><\/nav><\/div>\n<h2><span class=\"ez-toc-section\" id=\"atomstrompreise-in-frankreich-steigen-ab-2026-drastisch-an\"><\/span>Atomstrompreise in Frankreich steigen ab 2026 drastisch an<span class=\"ez-toc-section-end\"><\/span><\/h2>\n<p>Das Arenh-System, das bisher den Verkauf von Strom zu staatlich gedeckelten Preisen an Wettbewerber vorsah, l\u00e4uft Ende 2025 aus. Ab 2026 wird der Preis f\u00fcr franz\u00f6sischen Atomstrom auf 7 ct\/kWh steigen. Um die Auswirkungen auf die Verbraucher abzufedern, wird EDF einen Teil der Einnahmen \u00fcber 7,8 &#8211; 8,0 ct\/kWh und \u00fcber 11,0 ct\/kWh r\u00fcckerstatten.<\/p>\n<h2><span class=\"ez-toc-section\" id=\"franzoesischer-ausbau-der-offshore-windenergie-geplant\"><\/span>Franz\u00f6sischer Ausbau der Offshore-Windenergie geplant<span class=\"ez-toc-section-end\"><\/span><\/h2>\n<p>Durch die Erh\u00f6hung der Atomstrompreise in Frankreich wird die zuk\u00fcnftige Energiepolitik des Landes ma\u00dfgeblich beeinflusst. Die Regierung hat sich das Ziel gesetzt, den Ausbau der Offshore-Windenergie voranzutreiben und bis 2025 Offshore-Windparks mit einer Leistung von 10.000 MW zu errichten. Bis 2035 soll die Kapazit\u00e4t der Offshore-Windkraft auf 18.000 MW und bis 2050 auf 45.000 MW erh\u00f6ht werden, um die Nutzung von Atomstrom zu reduzieren.<\/p>\n<h2><span class=\"ez-toc-section\" id=\"edf-verzoegerungen-bei-akw-neubau-und-finanzierung\"><\/span>EDF: Verz\u00f6gerungen bei AKW-Neubau und Finanzierung<span class=\"ez-toc-section-end\"><\/span><\/h2>\n<p>EDF steht vor einer gewaltigen Aufgabe, da das Unternehmen nicht nur mit einer erheblichen Verschuldung zu k\u00e4mpfen hat, sondern auch die Kosten f\u00fcr die Verl\u00e4ngerung der Laufzeit seiner Atomkraftwerke und den Bau neuer Anlagen bew\u00e4ltigen muss. Dennoch hat EDF entschieden, dass der erste neue franz\u00f6sische Atomreaktor erst im Jahr 2035 in Betrieb gehen wird.<\/p>\n<h2><span class=\"ez-toc-section\" id=\"gruener-wasserstoff-offshore-windenergie-als-basis-fuer-produktion-in-frankreich\"><\/span>Gr\u00fcner Wasserstoff: Offshore-Windenergie als Basis f\u00fcr Produktion in Frankreich<span class=\"ez-toc-section-end\"><\/span><\/h2>\n<p>Frankreich setzt auf den Ausbau der Offshore-Windenergie, um seine Energieversorgung auf erneuerbare Energien umzustellen. Neben herk\u00f6mmlichen Offshore-Windparks werden auch schwimmende Offshore-Windparks eingesetzt. Zudem werden Konzepte zur Produktion von gr\u00fcnem Wasserstoff direkt an den Offshore-Windkraftanlagen umgesetzt. Mit dem Offshore-Pilotprojekt Sealhyfe hat das Unternehmen Lhyfe einen bedeutenden Meilenstein in der gr\u00fcnen Wasserstoffproduktion erreicht.<\/p>\n<h2><span class=\"ez-toc-section\" id=\"frankreichs-energiezukunft-mehr-offshore-windenergie-weniger-atomstrom\"><\/span>Frankreichs Energiezukunft: Mehr Offshore-Windenergie, weniger Atomstrom<span class=\"ez-toc-section-end\"><\/span><\/h2>\n<p>Die geplante Erh\u00f6hung der Atomstrompreise in Frankreich stellt Verbraucher und den staatlichen Energieversorger EDF vor Herausforderungen, da dies h\u00f6here Kosten f\u00fcr Strom mit sich bringt. Gleichzeitig bietet der Ausbau der Offshore-Windenergie und die Produktion von gr\u00fcnem Wasserstoff vielversprechende M\u00f6glichkeiten f\u00fcr eine nachhaltige Energiezukunft. Frankreich geht damit einen wichtigen Schritt in Richtung erneuerbare Energien und kann seine Abh\u00e4ngigkeit von Atomstrom reduzieren.<\/p>\n","protected":false},"excerpt":{"rendered":"<p>Die franz\u00f6sische Regierung und EDF haben sich darauf geeinigt, den Preis f\u00fcr Atomstrom ab 2026 um 67 Prozent auf 7 ct\/kWh zu erh\u00f6hen. Diese Entscheidung wirft Fragen auf, wie sich dies auf die Verbraucher auswirken wird. Es ist m\u00f6glich, dass die h\u00f6heren Kosten die Verbraucher dazu ermutigen, alternative Energiequellen wie Offshore-Windenergie zu nutzen, was zu<\/p>\n<div class=\"read-more\"><a href=\"https:\/\/www.doppelklicker.de\/blog\/hoehere-atomstrompreise-in-frankreich\/\" title=\"Jetzt alles lesen\">Jetzt alles lesen<\/a><\/div>\n","protected":false},"author":8,"featured_media":6731,"comment_status":"open","ping_status":"open","sticky":false,"template":"","format":"standard","meta":[],"categories":[3305],"tags":[],"yoast_head":"<!-- This site is optimized with the Yoast SEO plugin v18.2 - https:\/\/yoast.com\/wordpress\/plugins\/seo\/ -->\n<meta name=\"robots\" content=\"index, follow, max-snippet:-1, max-image-preview:large, max-video-preview:-1\" \/>\n<link rel=\"canonical\" href=\"https:\/\/www.doppelklicker.de\/blog\/hoehere-atomstrompreise-in-frankreich\/\" \/>\n<meta property=\"og:locale\" content=\"de_DE\" \/>\n<meta property=\"og:type\" content=\"article\" \/>\n<meta property=\"og:title\" content=\"Herausforderungen und Chancen f\u00fcr EDF: steigende Atomstrompreise in Frankreich\" \/>\n<meta property=\"og:description\" content=\"Die franz\u00f6sische Regierung und EDF haben sich darauf geeinigt, den Preis f\u00fcr Atomstrom ab 2026 um 67 Prozent auf 7 ct\/kWh zu erh\u00f6hen. Diese Entscheidung wirft Fragen auf, wie sich dies auf die Verbraucher auswirken wird. Es ist m\u00f6glich, dass die h\u00f6heren Kosten die Verbraucher dazu ermutigen, alternative Energiequellen wie Offshore-Windenergie zu nutzen, was zuJetzt alles lesen\" \/>\n<meta property=\"og:url\" content=\"https:\/\/www.doppelklicker.de\/blog\/hoehere-atomstrompreise-in-frankreich\/\" \/>\n<meta property=\"og:site_name\" content=\"Aus Mainz.\" \/>\n<meta property=\"article:published_time\" content=\"2023-12-14T07:00:00+00:00\" \/>\n<meta property=\"og:image\" content=\"https:\/\/www.doppelklicker.de\/blog\/wp-content\/uploads\/2024\/01\/atomstrompreise-frankreich-steigen-drastisch-ab-2026-15757.jpg\" \/>\n\t<meta property=\"og:image:width\" content=\"1280\" \/>\n\t<meta property=\"og:image:height\" content=\"615\" \/>\n\t<meta property=\"og:image:type\" content=\"image\/jpeg\" \/>\n<meta name=\"twitter:card\" content=\"summary_large_image\" \/>\n<meta name=\"twitter:label1\" content=\"Verfasst von\" \/>\n\t<meta name=\"twitter:data1\" content=\"Iris Martin\" \/>\n\t<meta name=\"twitter:label2\" content=\"Gesch\u00e4tzte Lesezeit\" \/>\n\t<meta name=\"twitter:data2\" content=\"2 Minuten\" \/>\n<script type=\"application\/ld+json\" class=\"yoast-schema-graph\">{\"@context\":\"https:\/\/schema.org\",\"@graph\":[{\"@type\":\"WebSite\",\"@id\":\"https:\/\/www.doppelklicker.de\/blog\/#website\",\"url\":\"https:\/\/www.doppelklicker.de\/blog\/\",\"name\":\"Aus Mainz.\",\"description\":\"F\u00fcr die Welt.\",\"potentialAction\":[{\"@type\":\"SearchAction\",\"target\":{\"@type\":\"EntryPoint\",\"urlTemplate\":\"https:\/\/www.doppelklicker.de\/blog\/?s={search_term_string}\"},\"query-input\":\"required name=search_term_string\"}],\"inLanguage\":\"de-DE\"},{\"@type\":\"ImageObject\",\"@id\":\"https:\/\/www.doppelklicker.de\/blog\/hoehere-atomstrompreise-in-frankreich\/#primaryimage\",\"inLanguage\":\"de-DE\",\"url\":\"https:\/\/www.doppelklicker.de\/blog\/wp-content\/uploads\/2024\/01\/atomstrompreise-frankreich-steigen-drastisch-ab-2026-15757.jpg\",\"contentUrl\":\"https:\/\/www.doppelklicker.de\/blog\/wp-content\/uploads\/2024\/01\/atomstrompreise-frankreich-steigen-drastisch-ab-2026-15757.jpg\",\"width\":1280,\"height\":615,\"caption\":\"Herausforderungen und Chancen f\u00fcr EDF: steigende Atomstrompreise in Frankreich (Foto: AdobeStock - olrat 378130902)\"},{\"@type\":\"WebPage\",\"@id\":\"https:\/\/www.doppelklicker.de\/blog\/hoehere-atomstrompreise-in-frankreich\/#webpage\",\"url\":\"https:\/\/www.doppelklicker.de\/blog\/hoehere-atomstrompreise-in-frankreich\/\",\"name\":\"Herausforderungen und Chancen f\u00fcr EDF: steigende Atomstrompreise in Frankreich\",\"isPartOf\":{\"@id\":\"https:\/\/www.doppelklicker.de\/blog\/#website\"},\"primaryImageOfPage\":{\"@id\":\"https:\/\/www.doppelklicker.de\/blog\/hoehere-atomstrompreise-in-frankreich\/#primaryimage\"},\"datePublished\":\"2023-12-14T07:00:00+00:00\",\"dateModified\":\"2023-12-14T07:00:00+00:00\",\"author\":{\"@id\":\"https:\/\/www.doppelklicker.de\/blog\/#\/schema\/person\/08dcac172bdb025e8ff433488184668a\"},\"breadcrumb\":{\"@id\":\"https:\/\/www.doppelklicker.de\/blog\/hoehere-atomstrompreise-in-frankreich\/#breadcrumb\"},\"inLanguage\":\"de-DE\",\"potentialAction\":[{\"@type\":\"ReadAction\",\"target\":[\"https:\/\/www.doppelklicker.de\/blog\/hoehere-atomstrompreise-in-frankreich\/\"]}]},{\"@type\":\"BreadcrumbList\",\"@id\":\"https:\/\/www.doppelklicker.de\/blog\/hoehere-atomstrompreise-in-frankreich\/#breadcrumb\",\"itemListElement\":[{\"@type\":\"ListItem\",\"position\":1,\"name\":\"Startseite\",\"item\":\"https:\/\/www.doppelklicker.de\/blog\/\"},{\"@type\":\"ListItem\",\"position\":2,\"name\":\"Herausforderungen und Chancen f\u00fcr EDF: steigende Atomstrompreise in Frankreich\"}]},{\"@type\":\"Person\",\"@id\":\"https:\/\/www.doppelklicker.de\/blog\/#\/schema\/person\/08dcac172bdb025e8ff433488184668a\",\"name\":\"Iris Martin\",\"image\":{\"@type\":\"ImageObject\",\"@id\":\"https:\/\/www.doppelklicker.de\/blog\/#personlogo\",\"inLanguage\":\"de-DE\",\"url\":\"https:\/\/secure.gravatar.com\/avatar\/82fdaa093be0b9686b531f99fcb54d15?s=96&d=wp_user_avatar&r=g\",\"contentUrl\":\"https:\/\/secure.gravatar.com\/avatar\/82fdaa093be0b9686b531f99fcb54d15?s=96&d=wp_user_avatar&r=g\",\"caption\":\"Iris Martin\"},\"url\":\"https:\/\/www.doppelklicker.de\/blog\/author\/iris-martin\/\"}]}<\/script>\n<!-- \/ Yoast SEO plugin. -->","yoast_head_json":{"robots":{"index":"index","follow":"follow","max-snippet":"max-snippet:-1","max-image-preview":"max-image-preview:large","max-video-preview":"max-video-preview:-1"},"canonical":"https:\/\/www.doppelklicker.de\/blog\/hoehere-atomstrompreise-in-frankreich\/","og_locale":"de_DE","og_type":"article","og_title":"Herausforderungen und Chancen f\u00fcr EDF: steigende Atomstrompreise in Frankreich","og_description":"Die franz\u00f6sische Regierung und EDF haben sich darauf geeinigt, den Preis f\u00fcr Atomstrom ab 2026 um 67 Prozent auf 7 ct\/kWh zu erh\u00f6hen. Diese Entscheidung wirft Fragen auf, wie sich dies auf die Verbraucher auswirken wird. Es ist m\u00f6glich, dass die h\u00f6heren Kosten die Verbraucher dazu ermutigen, alternative Energiequellen wie Offshore-Windenergie zu nutzen, was zuJetzt alles lesen","og_url":"https:\/\/www.doppelklicker.de\/blog\/hoehere-atomstrompreise-in-frankreich\/","og_site_name":"Aus Mainz.","article_published_time":"2023-12-14T07:00:00+00:00","og_image":[{"width":1280,"height":615,"url":"https:\/\/www.doppelklicker.de\/blog\/wp-content\/uploads\/2024\/01\/atomstrompreise-frankreich-steigen-drastisch-ab-2026-15757.jpg","type":"image\/jpeg"}],"twitter_card":"summary_large_image","twitter_misc":{"Verfasst von":"Iris Martin","Gesch\u00e4tzte Lesezeit":"2 Minuten"},"schema":{"@context":"https:\/\/schema.org","@graph":[{"@type":"WebSite","@id":"https:\/\/www.doppelklicker.de\/blog\/#website","url":"https:\/\/www.doppelklicker.de\/blog\/","name":"Aus Mainz.","description":"F\u00fcr die Welt.","potentialAction":[{"@type":"SearchAction","target":{"@type":"EntryPoint","urlTemplate":"https:\/\/www.doppelklicker.de\/blog\/?s={search_term_string}"},"query-input":"required name=search_term_string"}],"inLanguage":"de-DE"},{"@type":"ImageObject","@id":"https:\/\/www.doppelklicker.de\/blog\/hoehere-atomstrompreise-in-frankreich\/#primaryimage","inLanguage":"de-DE","url":"https:\/\/www.doppelklicker.de\/blog\/wp-content\/uploads\/2024\/01\/atomstrompreise-frankreich-steigen-drastisch-ab-2026-15757.jpg","contentUrl":"https:\/\/www.doppelklicker.de\/blog\/wp-content\/uploads\/2024\/01\/atomstrompreise-frankreich-steigen-drastisch-ab-2026-15757.jpg","width":1280,"height":615,"caption":"Herausforderungen und Chancen f\u00fcr EDF: steigende Atomstrompreise in Frankreich (Foto: AdobeStock - olrat 378130902)"},{"@type":"WebPage","@id":"https:\/\/www.doppelklicker.de\/blog\/hoehere-atomstrompreise-in-frankreich\/#webpage","url":"https:\/\/www.doppelklicker.de\/blog\/hoehere-atomstrompreise-in-frankreich\/","name":"Herausforderungen und Chancen f\u00fcr EDF: steigende Atomstrompreise in Frankreich","isPartOf":{"@id":"https:\/\/www.doppelklicker.de\/blog\/#website"},"primaryImageOfPage":{"@id":"https:\/\/www.doppelklicker.de\/blog\/hoehere-atomstrompreise-in-frankreich\/#primaryimage"},"datePublished":"2023-12-14T07:00:00+00:00","dateModified":"2023-12-14T07:00:00+00:00","author":{"@id":"https:\/\/www.doppelklicker.de\/blog\/#\/schema\/person\/08dcac172bdb025e8ff433488184668a"},"breadcrumb":{"@id":"https:\/\/www.doppelklicker.de\/blog\/hoehere-atomstrompreise-in-frankreich\/#breadcrumb"},"inLanguage":"de-DE","potentialAction":[{"@type":"ReadAction","target":["https:\/\/www.doppelklicker.de\/blog\/hoehere-atomstrompreise-in-frankreich\/"]}]},{"@type":"BreadcrumbList","@id":"https:\/\/www.doppelklicker.de\/blog\/hoehere-atomstrompreise-in-frankreich\/#breadcrumb","itemListElement":[{"@type":"ListItem","position":1,"name":"Startseite","item":"https:\/\/www.doppelklicker.de\/blog\/"},{"@type":"ListItem","position":2,"name":"Herausforderungen und Chancen f\u00fcr EDF: steigende Atomstrompreise in Frankreich"}]},{"@type":"Person","@id":"https:\/\/www.doppelklicker.de\/blog\/#\/schema\/person\/08dcac172bdb025e8ff433488184668a","name":"Iris Martin","image":{"@type":"ImageObject","@id":"https:\/\/www.doppelklicker.de\/blog\/#personlogo","inLanguage":"de-DE","url":"https:\/\/secure.gravatar.com\/avatar\/82fdaa093be0b9686b531f99fcb54d15?s=96&d=wp_user_avatar&r=g","contentUrl":"https:\/\/secure.gravatar.com\/avatar\/82fdaa093be0b9686b531f99fcb54d15?s=96&d=wp_user_avatar&r=g","caption":"Iris Martin"},"url":"https:\/\/www.doppelklicker.de\/blog\/author\/iris-martin\/"}]}},"_links":{"self":[{"href":"https:\/\/www.doppelklicker.de\/blog\/wp-json\/wp\/v2\/posts\/6730"}],"collection":[{"href":"https:\/\/www.doppelklicker.de\/blog\/wp-json\/wp\/v2\/posts"}],"about":[{"href":"https:\/\/www.doppelklicker.de\/blog\/wp-json\/wp\/v2\/types\/post"}],"author":[{"embeddable":true,"href":"https:\/\/www.doppelklicker.de\/blog\/wp-json\/wp\/v2\/users\/8"}],"replies":[{"embeddable":true,"href":"https:\/\/www.doppelklicker.de\/blog\/wp-json\/wp\/v2\/comments?post=6730"}],"version-history":[{"count":0,"href":"https:\/\/www.doppelklicker.de\/blog\/wp-json\/wp\/v2\/posts\/6730\/revisions"}],"wp:featuredmedia":[{"embeddable":true,"href":"https:\/\/www.doppelklicker.de\/blog\/wp-json\/wp\/v2\/media\/6731"}],"wp:attachment":[{"href":"https:\/\/www.doppelklicker.de\/blog\/wp-json\/wp\/v2\/media?parent=6730"}],"wp:term":[{"taxonomy":"category","embeddable":true,"href":"https:\/\/www.doppelklicker.de\/blog\/wp-json\/wp\/v2\/categories?post=6730"},{"taxonomy":"post_tag","embeddable":true,"href":"https:\/\/www.doppelklicker.de\/blog\/wp-json\/wp\/v2\/tags?post=6730"}],"curies":[{"name":"wp","href":"https:\/\/api.w.org\/{rel}","templated":true}]}}