{"id":6749,"date":"2023-12-27T11:00:00","date_gmt":"2023-12-27T09:00:00","guid":{"rendered":"guid"},"modified":"2023-12-27T11:00:00","modified_gmt":"2023-12-27T09:00:00","slug":"hautpflege-im-winter-neurodermitis","status":"publish","type":"post","link":"https:\/\/www.doppelklicker.de\/blog\/hautpflege-im-winter-neurodermitis\/","title":{"rendered":"Hilfe bei Neurodermitis: Die Deutsche Haut- und Allergiehilfe"},"content":{"rendered":"<p>Die kalte Jahreszeit kann f\u00fcr Menschen mit Neurodermitis zu einer Herausforderung werden. Die wechselnden Temperaturen und die trockene Heizungsluft k\u00f6nnen die Haut zus\u00e4tzlich belasten. Um Krankheitssch\u00fcbe zu vermeiden, ist eine konsequente Hautpflege unerl\u00e4sslich. Dabei sollte auf fettreiche Pflegeprodukte zur\u00fcckgegriffen werden, um die gest\u00f6rte Hautbarriere zu stabilisieren. Zudem ist es wichtig, die Haut regelm\u00e4\u00dfig zu pflegen und auf ausreichende Feuchtigkeitszufuhr zu achten.<br \/>\n<!--more--><\/p>\n<div id=\"ez-toc-container\" class=\"ez-toc-v2_0_16 counter-hierarchy\">\n<div class=\"ez-toc-title-container\">\n<p class=\"ez-toc-title\">Inhaltsverzeichnis: Das erwartet Sie in diesem Artikel<\/p>\n<span class=\"ez-toc-title-toggle\"><a class=\"ez-toc-pull-right ez-toc-btn ez-toc-btn-xs ez-toc-btn-default ez-toc-toggle\" style=\"display: none;\"><i class=\"ez-toc-glyphicon ez-toc-icon-toggle\"><\/i><\/a><\/span><\/div>\n<nav><ul class=\"ez-toc-list ez-toc-list-level-1\"><li class=\"ez-toc-page-1 ez-toc-heading-level-2\"><a class=\"ez-toc-link ez-toc-heading-1\" href=\"https:\/\/www.doppelklicker.de\/blog\/hautpflege-im-winter-neurodermitis\/#neurodermitis-schuebe-im-winter-vermeiden-wichtige-massnahmen\" title=\"Neurodermitis-Sch\u00fcbe im Winter vermeiden: Wichtige Ma\u00dfnahmen\">Neurodermitis-Sch\u00fcbe im Winter vermeiden: Wichtige Ma\u00dfnahmen<\/a><\/li><li class=\"ez-toc-page-1 ez-toc-heading-level-2\"><a class=\"ez-toc-link ez-toc-heading-2\" href=\"https:\/\/www.doppelklicker.de\/blog\/hautpflege-im-winter-neurodermitis\/#pflege-der-gestoerten-hautbarriere-zur-vorbeugung-von-schueben\" title=\"Pflege der gest\u00f6rten Hautbarriere zur Vorbeugung von Sch\u00fcben\">Pflege der gest\u00f6rten Hautbarriere zur Vorbeugung von Sch\u00fcben<\/a><\/li><li class=\"ez-toc-page-1 ez-toc-heading-level-2\"><a class=\"ez-toc-link ez-toc-heading-3\" href=\"https:\/\/www.doppelklicker.de\/blog\/hautpflege-im-winter-neurodermitis\/#hautarztbesuch-bei-akuten-schueben-produktwahl-und-wirkstaerken\" title=\"Hautarztbesuch bei akuten Sch\u00fcben: Produktwahl und Wirkst\u00e4rken\">Hautarztbesuch bei akuten Sch\u00fcben: Produktwahl und Wirkst\u00e4rken<\/a><\/li><li class=\"ez-toc-page-1 ez-toc-heading-level-2\"><a class=\"ez-toc-link ez-toc-heading-4\" href=\"https:\/\/www.doppelklicker.de\/blog\/hautpflege-im-winter-neurodermitis\/#behandlung-der-neurodermitis-infos-und-tipps-fuer-betroffene\" title=\"Behandlung der Neurodermitis: Infos und Tipps f\u00fcr Betroffene\">Behandlung der Neurodermitis: Infos und Tipps f\u00fcr Betroffene<\/a><\/li><\/ul><\/nav><\/div>\n<h2><span class=\"ez-toc-section\" id=\"neurodermitis-schuebe-im-winter-vermeiden-wichtige-massnahmen\"><\/span>Neurodermitis-Sch\u00fcbe im Winter vermeiden: Wichtige Ma\u00dfnahmen<span class=\"ez-toc-section-end\"><\/span><\/h2>\n<p>F\u00fcr Menschen mit Neurodermitis ist die kalte Jahreszeit eine besondere Herausforderung, da ihre Haut von Natur aus bereits trocken ist. Im Winter werden sie zus\u00e4tzlich belastet, unter anderem durch trockene Heizungsluft, K\u00e4lte, Wind und einen Mangel an Ceramiden. Diese Faktoren f\u00fchren zu einer Reduzierung der Lipidschicht, die Teil der Hautbarriere ist. Diese Schicht ist normalerweise daf\u00fcr verantwortlich, die Haut vor \u00e4u\u00dferen Einfl\u00fcssen zu sch\u00fctzen. Wenn die Hautbarriere gest\u00f6rt oder reduziert ist, haben Neurodermitis-Patienten ein erh\u00f6htes Risiko f\u00fcr entz\u00fcndliche Sch\u00fcbe, da Bakterien und Fremdk\u00f6rper leichter in die Haut eindringen k\u00f6nnen.<\/p>\n<h2><span class=\"ez-toc-section\" id=\"pflege-der-gestoerten-hautbarriere-zur-vorbeugung-von-schueben\"><\/span>Pflege der gest\u00f6rten Hautbarriere zur Vorbeugung von Sch\u00fcben<span class=\"ez-toc-section-end\"><\/span><\/h2>\n<p>Die regelm\u00e4\u00dfige Hautpflege, auch Basistherapie genannt, ist ein wichtiger Bestandteil der Behandlung von Neurodermitis. Ihr Ziel ist es, die gest\u00f6rte Hautbarriere zu stabilisieren und das Auftreten von Krankheitssch\u00fcben zu verhindern oder zu lindern. Durch die konsequente Pflege kann der Einsatz von Medikamenten reduziert werden. Besonders im Winter ist es ratsam, auf fetthaltigere Pflegeprodukte zur\u00fcckzugreifen, um die trockene Haut ausreichend zu pflegen und vor \u00e4u\u00dferen Einfl\u00fcssen zu sch\u00fctzen.<\/p>\n<h2><span class=\"ez-toc-section\" id=\"hautarztbesuch-bei-akuten-schueben-produktwahl-und-wirkstaerken\"><\/span>Hautarztbesuch bei akuten Sch\u00fcben: Produktwahl und Wirkst\u00e4rken<span class=\"ez-toc-section-end\"><\/span><\/h2>\n<p>Wenn Sie an akuten oder schweren Sch\u00fcben von Neurodermitis leiden, sollten Sie einen Hautarzt konsultieren. Der Arzt kann eine entz\u00fcndungshemmende Salbe mit Kortison verschreiben, wobei er die Wirkst\u00e4rke entsprechend der Schwere der Symptome anpasst. In einigen F\u00e4llen k\u00f6nnen topische Cremes und Salben nicht ausreichend sein, und der Arzt kann Medikamente empfehlen, die im gesamten K\u00f6rper wirken, wie zum Beispiel Tabletten oder Biologika, die injiziert werden.<\/p>\n<h2><span class=\"ez-toc-section\" id=\"behandlung-der-neurodermitis-infos-und-tipps-fuer-betroffene\"><\/span>Behandlung der Neurodermitis: Infos und Tipps f\u00fcr Betroffene<span class=\"ez-toc-section-end\"><\/span><\/h2>\n<p>Die Deutsche Haut- und Allergiehilfe unterst\u00fctzt Menschen mit Neurodermitis dabei, ihre Lebensqualit\u00e4t zu verbessern. Sie stellt umfassende Informationen \u00fcber bew\u00e4hrte und innovative Behandlungsm\u00f6glichkeiten sowie Strategien f\u00fcr den Umgang mit der Erkrankung im Alltag zur Verf\u00fcgung. Die Brosch\u00fcre &#8222;Behandlung der Neurodermitis&#8220; kann kostenlos von der Website der Deutschen Haut- und Allergiehilfe DHA e.V. heruntergeladen werden. Betroffene erhalten hier wertvolle Tipps und Empfehlungen, um ihre Neurodermitis effektiv zu behandeln.<\/p>\n<p>Eine gute Hautpflege ist f\u00fcr Menschen mit Neurodermitis im Winter besonders wichtig, um Beschwerden zu lindern. Durch die Stabilisierung der gest\u00f6rten Hautbarriere kann das Risiko von entz\u00fcndlichen Sch\u00fcben verringert werden. Bei akuten Sch\u00fcben ist es ratsam, einen Hautarzt aufzusuchen, der eine passende Behandlung verschreiben kann. Die Deutsche Haut- und Allergiehilfe bietet umfassende Informationen und Unterst\u00fctzung f\u00fcr Neurodermitis-Patienten, um ihnen bei der Verbesserung ihrer Lebensqualit\u00e4t zu helfen.<\/p>\n","protected":false},"excerpt":{"rendered":"<p>Die kalte Jahreszeit kann f\u00fcr Menschen mit Neurodermitis zu einer Herausforderung werden. Die wechselnden Temperaturen und die trockene Heizungsluft k\u00f6nnen die Haut zus\u00e4tzlich belasten. Um Krankheitssch\u00fcbe zu vermeiden, ist eine konsequente Hautpflege unerl\u00e4sslich. Dabei sollte auf fettreiche Pflegeprodukte zur\u00fcckgegriffen werden, um die gest\u00f6rte Hautbarriere zu stabilisieren. Zudem ist es wichtig, die Haut regelm\u00e4\u00dfig zu pflegen<\/p>\n<div class=\"read-more\"><a href=\"https:\/\/www.doppelklicker.de\/blog\/hautpflege-im-winter-neurodermitis\/\" title=\"Jetzt alles lesen\">Jetzt alles lesen<\/a><\/div>\n","protected":false},"author":8,"featured_media":6750,"comment_status":"open","ping_status":"open","sticky":false,"template":"","format":"standard","meta":[],"categories":[3305],"tags":[],"yoast_head":"<!-- This site is optimized with the Yoast SEO plugin v18.2 - https:\/\/yoast.com\/wordpress\/plugins\/seo\/ -->\n<meta name=\"robots\" content=\"index, follow, max-snippet:-1, max-image-preview:large, max-video-preview:-1\" \/>\n<link rel=\"canonical\" href=\"https:\/\/www.doppelklicker.de\/blog\/hautpflege-im-winter-neurodermitis\/\" \/>\n<meta property=\"og:locale\" content=\"de_DE\" \/>\n<meta property=\"og:type\" content=\"article\" \/>\n<meta property=\"og:title\" content=\"Hilfe bei Neurodermitis: Die Deutsche Haut- und Allergiehilfe\" \/>\n<meta property=\"og:description\" content=\"Die kalte Jahreszeit kann f\u00fcr Menschen mit Neurodermitis zu einer Herausforderung werden. Die wechselnden Temperaturen und die trockene Heizungsluft k\u00f6nnen die Haut zus\u00e4tzlich belasten. Um Krankheitssch\u00fcbe zu vermeiden, ist eine konsequente Hautpflege unerl\u00e4sslich. Dabei sollte auf fettreiche Pflegeprodukte zur\u00fcckgegriffen werden, um die gest\u00f6rte Hautbarriere zu stabilisieren. Zudem ist es wichtig, die Haut regelm\u00e4\u00dfig zu pflegenJetzt alles lesen\" \/>\n<meta property=\"og:url\" content=\"https:\/\/www.doppelklicker.de\/blog\/hautpflege-im-winter-neurodermitis\/\" \/>\n<meta property=\"og:site_name\" content=\"Aus Mainz.\" \/>\n<meta property=\"article:published_time\" content=\"2023-12-27T09:00:00+00:00\" \/>\n<meta property=\"og:image\" content=\"https:\/\/www.doppelklicker.de\/blog\/wp-content\/uploads\/2024\/01\/neurodermitis-im-winter-tipps-zur-hautpflege-und-vorbeugung-15838.jpg\" \/>\n\t<meta property=\"og:image:width\" content=\"1280\" \/>\n\t<meta property=\"og:image:height\" content=\"615\" \/>\n\t<meta property=\"og:image:type\" content=\"image\/jpeg\" \/>\n<meta name=\"twitter:card\" content=\"summary_large_image\" \/>\n<meta name=\"twitter:label1\" content=\"Verfasst von\" \/>\n\t<meta name=\"twitter:data1\" content=\"Iris Martin\" \/>\n\t<meta name=\"twitter:label2\" content=\"Gesch\u00e4tzte Lesezeit\" \/>\n\t<meta name=\"twitter:data2\" content=\"3 Minuten\" \/>\n<script type=\"application\/ld+json\" class=\"yoast-schema-graph\">{\"@context\":\"https:\/\/schema.org\",\"@graph\":[{\"@type\":\"WebSite\",\"@id\":\"https:\/\/www.doppelklicker.de\/blog\/#website\",\"url\":\"https:\/\/www.doppelklicker.de\/blog\/\",\"name\":\"Aus Mainz.\",\"description\":\"F\u00fcr die Welt.\",\"potentialAction\":[{\"@type\":\"SearchAction\",\"target\":{\"@type\":\"EntryPoint\",\"urlTemplate\":\"https:\/\/www.doppelklicker.de\/blog\/?s={search_term_string}\"},\"query-input\":\"required name=search_term_string\"}],\"inLanguage\":\"de-DE\"},{\"@type\":\"ImageObject\",\"@id\":\"https:\/\/www.doppelklicker.de\/blog\/hautpflege-im-winter-neurodermitis\/#primaryimage\",\"inLanguage\":\"de-DE\",\"url\":\"https:\/\/www.doppelklicker.de\/blog\/wp-content\/uploads\/2024\/01\/neurodermitis-im-winter-tipps-zur-hautpflege-und-vorbeugung-15838.jpg\",\"contentUrl\":\"https:\/\/www.doppelklicker.de\/blog\/wp-content\/uploads\/2024\/01\/neurodermitis-im-winter-tipps-zur-hautpflege-und-vorbeugung-15838.jpg\",\"width\":1280,\"height\":615,\"caption\":\"Hilfe bei Neurodermitis: Die Deutsche Haut- und Allergiehilfe (Foto: AdobeStock - Dragana Gordic 247360648)\"},{\"@type\":\"WebPage\",\"@id\":\"https:\/\/www.doppelklicker.de\/blog\/hautpflege-im-winter-neurodermitis\/#webpage\",\"url\":\"https:\/\/www.doppelklicker.de\/blog\/hautpflege-im-winter-neurodermitis\/\",\"name\":\"Hilfe bei Neurodermitis: Die Deutsche Haut- und Allergiehilfe\",\"isPartOf\":{\"@id\":\"https:\/\/www.doppelklicker.de\/blog\/#website\"},\"primaryImageOfPage\":{\"@id\":\"https:\/\/www.doppelklicker.de\/blog\/hautpflege-im-winter-neurodermitis\/#primaryimage\"},\"datePublished\":\"2023-12-27T09:00:00+00:00\",\"dateModified\":\"2023-12-27T09:00:00+00:00\",\"author\":{\"@id\":\"https:\/\/www.doppelklicker.de\/blog\/#\/schema\/person\/08dcac172bdb025e8ff433488184668a\"},\"breadcrumb\":{\"@id\":\"https:\/\/www.doppelklicker.de\/blog\/hautpflege-im-winter-neurodermitis\/#breadcrumb\"},\"inLanguage\":\"de-DE\",\"potentialAction\":[{\"@type\":\"ReadAction\",\"target\":[\"https:\/\/www.doppelklicker.de\/blog\/hautpflege-im-winter-neurodermitis\/\"]}]},{\"@type\":\"BreadcrumbList\",\"@id\":\"https:\/\/www.doppelklicker.de\/blog\/hautpflege-im-winter-neurodermitis\/#breadcrumb\",\"itemListElement\":[{\"@type\":\"ListItem\",\"position\":1,\"name\":\"Startseite\",\"item\":\"https:\/\/www.doppelklicker.de\/blog\/\"},{\"@type\":\"ListItem\",\"position\":2,\"name\":\"Hilfe bei Neurodermitis: Die Deutsche Haut- und Allergiehilfe\"}]},{\"@type\":\"Person\",\"@id\":\"https:\/\/www.doppelklicker.de\/blog\/#\/schema\/person\/08dcac172bdb025e8ff433488184668a\",\"name\":\"Iris Martin\",\"image\":{\"@type\":\"ImageObject\",\"@id\":\"https:\/\/www.doppelklicker.de\/blog\/#personlogo\",\"inLanguage\":\"de-DE\",\"url\":\"https:\/\/secure.gravatar.com\/avatar\/82fdaa093be0b9686b531f99fcb54d15?s=96&d=wp_user_avatar&r=g\",\"contentUrl\":\"https:\/\/secure.gravatar.com\/avatar\/82fdaa093be0b9686b531f99fcb54d15?s=96&d=wp_user_avatar&r=g\",\"caption\":\"Iris Martin\"},\"url\":\"https:\/\/www.doppelklicker.de\/blog\/author\/iris-martin\/\"}]}<\/script>\n<!-- \/ Yoast SEO plugin. -->","yoast_head_json":{"robots":{"index":"index","follow":"follow","max-snippet":"max-snippet:-1","max-image-preview":"max-image-preview:large","max-video-preview":"max-video-preview:-1"},"canonical":"https:\/\/www.doppelklicker.de\/blog\/hautpflege-im-winter-neurodermitis\/","og_locale":"de_DE","og_type":"article","og_title":"Hilfe bei Neurodermitis: Die Deutsche Haut- und Allergiehilfe","og_description":"Die kalte Jahreszeit kann f\u00fcr Menschen mit Neurodermitis zu einer Herausforderung werden. Die wechselnden Temperaturen und die trockene Heizungsluft k\u00f6nnen die Haut zus\u00e4tzlich belasten. Um Krankheitssch\u00fcbe zu vermeiden, ist eine konsequente Hautpflege unerl\u00e4sslich. Dabei sollte auf fettreiche Pflegeprodukte zur\u00fcckgegriffen werden, um die gest\u00f6rte Hautbarriere zu stabilisieren. Zudem ist es wichtig, die Haut regelm\u00e4\u00dfig zu pflegenJetzt alles lesen","og_url":"https:\/\/www.doppelklicker.de\/blog\/hautpflege-im-winter-neurodermitis\/","og_site_name":"Aus Mainz.","article_published_time":"2023-12-27T09:00:00+00:00","og_image":[{"width":1280,"height":615,"url":"https:\/\/www.doppelklicker.de\/blog\/wp-content\/uploads\/2024\/01\/neurodermitis-im-winter-tipps-zur-hautpflege-und-vorbeugung-15838.jpg","type":"image\/jpeg"}],"twitter_card":"summary_large_image","twitter_misc":{"Verfasst von":"Iris Martin","Gesch\u00e4tzte Lesezeit":"3 Minuten"},"schema":{"@context":"https:\/\/schema.org","@graph":[{"@type":"WebSite","@id":"https:\/\/www.doppelklicker.de\/blog\/#website","url":"https:\/\/www.doppelklicker.de\/blog\/","name":"Aus Mainz.","description":"F\u00fcr die Welt.","potentialAction":[{"@type":"SearchAction","target":{"@type":"EntryPoint","urlTemplate":"https:\/\/www.doppelklicker.de\/blog\/?s={search_term_string}"},"query-input":"required name=search_term_string"}],"inLanguage":"de-DE"},{"@type":"ImageObject","@id":"https:\/\/www.doppelklicker.de\/blog\/hautpflege-im-winter-neurodermitis\/#primaryimage","inLanguage":"de-DE","url":"https:\/\/www.doppelklicker.de\/blog\/wp-content\/uploads\/2024\/01\/neurodermitis-im-winter-tipps-zur-hautpflege-und-vorbeugung-15838.jpg","contentUrl":"https:\/\/www.doppelklicker.de\/blog\/wp-content\/uploads\/2024\/01\/neurodermitis-im-winter-tipps-zur-hautpflege-und-vorbeugung-15838.jpg","width":1280,"height":615,"caption":"Hilfe bei Neurodermitis: Die Deutsche Haut- und Allergiehilfe (Foto: AdobeStock - Dragana Gordic 247360648)"},{"@type":"WebPage","@id":"https:\/\/www.doppelklicker.de\/blog\/hautpflege-im-winter-neurodermitis\/#webpage","url":"https:\/\/www.doppelklicker.de\/blog\/hautpflege-im-winter-neurodermitis\/","name":"Hilfe bei Neurodermitis: Die Deutsche Haut- und Allergiehilfe","isPartOf":{"@id":"https:\/\/www.doppelklicker.de\/blog\/#website"},"primaryImageOfPage":{"@id":"https:\/\/www.doppelklicker.de\/blog\/hautpflege-im-winter-neurodermitis\/#primaryimage"},"datePublished":"2023-12-27T09:00:00+00:00","dateModified":"2023-12-27T09:00:00+00:00","author":{"@id":"https:\/\/www.doppelklicker.de\/blog\/#\/schema\/person\/08dcac172bdb025e8ff433488184668a"},"breadcrumb":{"@id":"https:\/\/www.doppelklicker.de\/blog\/hautpflege-im-winter-neurodermitis\/#breadcrumb"},"inLanguage":"de-DE","potentialAction":[{"@type":"ReadAction","target":["https:\/\/www.doppelklicker.de\/blog\/hautpflege-im-winter-neurodermitis\/"]}]},{"@type":"BreadcrumbList","@id":"https:\/\/www.doppelklicker.de\/blog\/hautpflege-im-winter-neurodermitis\/#breadcrumb","itemListElement":[{"@type":"ListItem","position":1,"name":"Startseite","item":"https:\/\/www.doppelklicker.de\/blog\/"},{"@type":"ListItem","position":2,"name":"Hilfe bei Neurodermitis: Die Deutsche Haut- und Allergiehilfe"}]},{"@type":"Person","@id":"https:\/\/www.doppelklicker.de\/blog\/#\/schema\/person\/08dcac172bdb025e8ff433488184668a","name":"Iris Martin","image":{"@type":"ImageObject","@id":"https:\/\/www.doppelklicker.de\/blog\/#personlogo","inLanguage":"de-DE","url":"https:\/\/secure.gravatar.com\/avatar\/82fdaa093be0b9686b531f99fcb54d15?s=96&d=wp_user_avatar&r=g","contentUrl":"https:\/\/secure.gravatar.com\/avatar\/82fdaa093be0b9686b531f99fcb54d15?s=96&d=wp_user_avatar&r=g","caption":"Iris Martin"},"url":"https:\/\/www.doppelklicker.de\/blog\/author\/iris-martin\/"}]}},"_links":{"self":[{"href":"https:\/\/www.doppelklicker.de\/blog\/wp-json\/wp\/v2\/posts\/6749"}],"collection":[{"href":"https:\/\/www.doppelklicker.de\/blog\/wp-json\/wp\/v2\/posts"}],"about":[{"href":"https:\/\/www.doppelklicker.de\/blog\/wp-json\/wp\/v2\/types\/post"}],"author":[{"embeddable":true,"href":"https:\/\/www.doppelklicker.de\/blog\/wp-json\/wp\/v2\/users\/8"}],"replies":[{"embeddable":true,"href":"https:\/\/www.doppelklicker.de\/blog\/wp-json\/wp\/v2\/comments?post=6749"}],"version-history":[{"count":0,"href":"https:\/\/www.doppelklicker.de\/blog\/wp-json\/wp\/v2\/posts\/6749\/revisions"}],"wp:featuredmedia":[{"embeddable":true,"href":"https:\/\/www.doppelklicker.de\/blog\/wp-json\/wp\/v2\/media\/6750"}],"wp:attachment":[{"href":"https:\/\/www.doppelklicker.de\/blog\/wp-json\/wp\/v2\/media?parent=6749"}],"wp:term":[{"taxonomy":"category","embeddable":true,"href":"https:\/\/www.doppelklicker.de\/blog\/wp-json\/wp\/v2\/categories?post=6749"},{"taxonomy":"post_tag","embeddable":true,"href":"https:\/\/www.doppelklicker.de\/blog\/wp-json\/wp\/v2\/tags?post=6749"}],"curies":[{"name":"wp","href":"https:\/\/api.w.org\/{rel}","templated":true}]}}