{"id":6756,"date":"2023-11-30T10:00:00","date_gmt":"2023-11-30T08:00:00","guid":{"rendered":"guid"},"modified":"2023-11-30T10:00:00","modified_gmt":"2023-11-30T08:00:00","slug":"mosel-apollofalter-schmetterling-des-jahres-2024","status":"publish","type":"post","link":"https:\/\/www.doppelklicker.de\/blog\/mosel-apollofalter-schmetterling-des-jahres-2024\/","title":{"rendered":"Einzigartiger Schmetterling: Mosel-Apollofalter ist bedroht"},"content":{"rendered":"<p>Der Mosel-Apollofalter (Parnassius apollo ssp. vinningensis) wurde von der BUND NRW Naturschutzstiftung und der Arbeitsgemeinschaft Rheinisch-Westf\u00e4lischer Lepidopterologen e.V. zum Schmetterling des Jahres 2024 erkl\u00e4rt. Diese stark bedrohte Unterart des Apollofalters ist ausschlie\u00dflich im unteren Moseltal in Rheinland-Pfalz heimisch. Aufgrund seiner geografischen Isolation hat er sich zu einer einzigartigen Art entwickelt. Um das \u00dcberleben des Mosel-Apollofalters zu sichern, bedarf es dringend Ma\u00dfnahmen zur Reduzierung des Pestizideinsatzes im konventionellen Weinanbau und zum Schutz seiner Lebensr\u00e4ume.<br \/>\n<!--more--><\/p>\n<div id=\"ez-toc-container\" class=\"ez-toc-v2_0_16 counter-hierarchy\">\n<div class=\"ez-toc-title-container\">\n<p class=\"ez-toc-title\">Inhaltsverzeichnis: Das erwartet Sie in diesem Artikel<\/p>\n<span class=\"ez-toc-title-toggle\"><a class=\"ez-toc-pull-right ez-toc-btn ez-toc-btn-xs ez-toc-btn-default ez-toc-toggle\" style=\"display: none;\"><i class=\"ez-toc-glyphicon ez-toc-icon-toggle\"><\/i><\/a><\/span><\/div>\n<nav><ul class=\"ez-toc-list ez-toc-list-level-1\"><li class=\"ez-toc-page-1 ez-toc-heading-level-2\"><a class=\"ez-toc-link ez-toc-heading-1\" href=\"https:\/\/www.doppelklicker.de\/blog\/mosel-apollofalter-schmetterling-des-jahres-2024\/#konventioneller-weinbau-gefaehrdet-mosel-apollofalter-braucht-schutzmassnahmen\" title=\"Konventioneller Weinbau gef\u00e4hrdet: Mosel-Apollofalter braucht Schutzma\u00dfnahmen\">Konventioneller Weinbau gef\u00e4hrdet: Mosel-Apollofalter braucht Schutzma\u00dfnahmen<\/a><\/li><li class=\"ez-toc-page-1 ez-toc-heading-level-2\"><a class=\"ez-toc-link ez-toc-heading-2\" href=\"https:\/\/www.doppelklicker.de\/blog\/mosel-apollofalter-schmetterling-des-jahres-2024\/#majestaetischer-falter-in-gefahr-aussterben-des-mosel-apollofalters-droht\" title=\"Majest\u00e4tischer Falter in Gefahr: Aussterben des Mosel-Apollofalters droht\">Majest\u00e4tischer Falter in Gefahr: Aussterben des Mosel-Apollofalters droht<\/a><\/li><li class=\"ez-toc-page-1 ez-toc-heading-level-2\"><a class=\"ez-toc-link ez-toc-heading-3\" href=\"https:\/\/www.doppelklicker.de\/blog\/mosel-apollofalter-schmetterling-des-jahres-2024\/#behrmann-fordert-ende-des-uebermaessigen-pestizideinsatzes-im-moseltal\" title=\"Behrmann fordert Ende des \u00fcberm\u00e4\u00dfigen Pestizideinsatzes im Moseltal\">Behrmann fordert Ende des \u00fcberm\u00e4\u00dfigen Pestizideinsatzes im Moseltal<\/a><\/li><li class=\"ez-toc-page-1 ez-toc-heading-level-2\"><a class=\"ez-toc-link ez-toc-heading-4\" href=\"https:\/\/www.doppelklicker.de\/blog\/mosel-apollofalter-schmetterling-des-jahres-2024\/#der-mosel-apollofalter-schuetzenswerte-art-im-unteren-moseltal\" title=\"Der Mosel-Apollofalter &#8211; Sch\u00fctzenswerte Art im unteren Moseltal\">Der Mosel-Apollofalter &#8211; Sch\u00fctzenswerte Art im unteren Moseltal<\/a><\/li><\/ul><\/nav><\/div>\n<h2><span class=\"ez-toc-section\" id=\"konventioneller-weinbau-gefaehrdet-mosel-apollofalter-braucht-schutzmassnahmen\"><\/span>Konventioneller Weinbau gef\u00e4hrdet: Mosel-Apollofalter braucht Schutzma\u00dfnahmen<span class=\"ez-toc-section-end\"><\/span><\/h2>\n<p>Durch seine geografische Isolation ist der Mosel-Apollofalter zu einer einzigartigen Unterart geworden. Er besiedelt die Felsen im unteren Moseltal, obwohl er von konventionell bewirtschafteten Weinbergen umgeben ist. Leider ist die Anzahl der Falter seit 2012 stark gesunken, weshalb der Mosel-Apollofalter nun als streng gesch\u00fctzte Schmetterlingsart gilt.<\/p>\n<h2><span class=\"ez-toc-section\" id=\"majestaetischer-falter-in-gefahr-aussterben-des-mosel-apollofalters-droht\"><\/span>Majest\u00e4tischer Falter in Gefahr: Aussterben des Mosel-Apollofalters droht<span class=\"ez-toc-section-end\"><\/span><\/h2>\n<p>Der Mosel-Apollofalter steht aufgrund des Pestizideinsatzes im konventionellen Weinanbau kurz vor dem Aussterben. Jochen Behrmann von der BUND NRW Naturschutzstiftung warnt vor den verheerenden Folgen des Pestizideinsatzes f\u00fcr diese faszinierende Schmetterlingsart. Der Schutz des Mosel-Apollofalters erfordert dringend den Einsatz von Alternativen zum Pestizideinsatz.<\/p>\n<h2><span class=\"ez-toc-section\" id=\"behrmann-fordert-ende-des-uebermaessigen-pestizideinsatzes-im-moseltal\"><\/span>Behrmann fordert Ende des \u00fcberm\u00e4\u00dfigen Pestizideinsatzes im Moseltal<span class=\"ez-toc-section-end\"><\/span><\/h2>\n<p>Die regelm\u00e4\u00dfige Ausbringung von Pestiziden per Hubschrauber in den Steillagen nahe den Lebensr\u00e4umen des Mosel-Apollofalters verst\u00f6\u00dft gegen das bestehende Verbot. Die Giftstoffe verteilen sich weit \u00fcber die geplante Fl\u00e4che hinaus und verursachen erhebliche Sch\u00e4den an anderen Tieren und Pflanzen. Jochen Behrmann von der BUND NRW Naturschutzstiftung fordert ein Ende dieses \u00fcberm\u00e4\u00dfigen Pestizideinsatzes, um den Verlust an Artenvielfalt zu verhindern.<\/p>\n<h2><span class=\"ez-toc-section\" id=\"der-mosel-apollofalter-schuetzenswerte-art-im-unteren-moseltal\"><\/span>Der Mosel-Apollofalter &#8211; Sch\u00fctzenswerte Art im unteren Moseltal<span class=\"ez-toc-section-end\"><\/span><\/h2>\n<p>Der Mosel-Apollofalter beeindruckt mit einer Fl\u00fcgelspannweite von 65 bis 75 Millimetern und z\u00e4hlt zu den gr\u00f6\u00dften Tagfaltern in Deutschland. Seine Fl\u00fcgel sind wei\u00df beschuppt und die Hinterfl\u00fcgel sind mit zwei roten Augenflecken mit schwarzer Umrandung und wei\u00dfem Kern geschm\u00fcckt. Die Raupen des Mosel-Apollofalters ern\u00e4hren sich von der Wei\u00dfen Fetthenne, w\u00e4hrend die Falter ihren Nektar an blauvioletten Bl\u00fcten wie Flockenblumen und Kart\u00e4usernelken saugen.<\/p>\n<p>Der Mosel-Apollofalter ist eine faszinierende Schmetterlingsart, die aufgrund ihrer geografischen Isolation im unteren Moseltal zu einer einzigartigen Unterart geworden ist. Leider ist diese Art stark gef\u00e4hrdet, da der Einsatz von Pestiziden im konventionellen Weinanbau ihre Lebensr\u00e4ume und ihre Nahrungsquellen bedroht. Um den Verlust an Artenvielfalt zu stoppen, m\u00fcssen wir dringend den Einsatz von Pestiziden reduzieren und den Schutz der Lebensr\u00e4ume des Mosel-Apollofalters sicherstellen.<\/p>\n","protected":false},"excerpt":{"rendered":"<p>Der Mosel-Apollofalter (Parnassius apollo ssp. vinningensis) wurde von der BUND NRW Naturschutzstiftung und der Arbeitsgemeinschaft Rheinisch-Westf\u00e4lischer Lepidopterologen e.V. zum Schmetterling des Jahres 2024 erkl\u00e4rt. Diese stark bedrohte Unterart des Apollofalters ist ausschlie\u00dflich im unteren Moseltal in Rheinland-Pfalz heimisch. Aufgrund seiner geografischen Isolation hat er sich zu einer einzigartigen Art entwickelt. Um das \u00dcberleben des Mosel-Apollofalters<\/p>\n<div class=\"read-more\"><a href=\"https:\/\/www.doppelklicker.de\/blog\/mosel-apollofalter-schmetterling-des-jahres-2024\/\" title=\"Jetzt alles lesen\">Jetzt alles lesen<\/a><\/div>\n","protected":false},"author":8,"featured_media":6757,"comment_status":"open","ping_status":"open","sticky":false,"template":"","format":"standard","meta":[],"categories":[3305],"tags":[],"yoast_head":"<!-- This site is optimized with the Yoast SEO plugin v18.2 - https:\/\/yoast.com\/wordpress\/plugins\/seo\/ -->\n<meta name=\"robots\" content=\"index, follow, max-snippet:-1, max-image-preview:large, max-video-preview:-1\" \/>\n<link rel=\"canonical\" href=\"https:\/\/www.doppelklicker.de\/blog\/mosel-apollofalter-schmetterling-des-jahres-2024\/\" \/>\n<meta property=\"og:locale\" content=\"de_DE\" \/>\n<meta property=\"og:type\" content=\"article\" \/>\n<meta property=\"og:title\" content=\"Einzigartiger Schmetterling: Mosel-Apollofalter ist bedroht\" \/>\n<meta property=\"og:description\" content=\"Der Mosel-Apollofalter (Parnassius apollo ssp. vinningensis) wurde von der BUND NRW Naturschutzstiftung und der Arbeitsgemeinschaft Rheinisch-Westf\u00e4lischer Lepidopterologen e.V. zum Schmetterling des Jahres 2024 erkl\u00e4rt. Diese stark bedrohte Unterart des Apollofalters ist ausschlie\u00dflich im unteren Moseltal in Rheinland-Pfalz heimisch. Aufgrund seiner geografischen Isolation hat er sich zu einer einzigartigen Art entwickelt. Um das \u00dcberleben des Mosel-ApollofaltersJetzt alles lesen\" \/>\n<meta property=\"og:url\" content=\"https:\/\/www.doppelklicker.de\/blog\/mosel-apollofalter-schmetterling-des-jahres-2024\/\" \/>\n<meta property=\"og:site_name\" content=\"Aus Mainz.\" \/>\n<meta property=\"article:published_time\" content=\"2023-11-30T08:00:00+00:00\" \/>\n<meta property=\"og:image\" content=\"https:\/\/www.doppelklicker.de\/blog\/wp-content\/uploads\/2024\/01\/schmetterling-des-jahres-2024-mosel-apollofalter-gefahr-15858.jpg\" \/>\n\t<meta property=\"og:image:width\" content=\"1280\" \/>\n\t<meta property=\"og:image:height\" content=\"615\" \/>\n\t<meta property=\"og:image:type\" content=\"image\/jpeg\" \/>\n<meta name=\"twitter:card\" content=\"summary_large_image\" \/>\n<meta name=\"twitter:label1\" content=\"Verfasst von\" \/>\n\t<meta name=\"twitter:data1\" content=\"Iris Martin\" \/>\n\t<meta name=\"twitter:label2\" content=\"Gesch\u00e4tzte Lesezeit\" \/>\n\t<meta name=\"twitter:data2\" content=\"2 Minuten\" \/>\n<script type=\"application\/ld+json\" class=\"yoast-schema-graph\">{\"@context\":\"https:\/\/schema.org\",\"@graph\":[{\"@type\":\"WebSite\",\"@id\":\"https:\/\/www.doppelklicker.de\/blog\/#website\",\"url\":\"https:\/\/www.doppelklicker.de\/blog\/\",\"name\":\"Aus Mainz.\",\"description\":\"F\u00fcr die Welt.\",\"potentialAction\":[{\"@type\":\"SearchAction\",\"target\":{\"@type\":\"EntryPoint\",\"urlTemplate\":\"https:\/\/www.doppelklicker.de\/blog\/?s={search_term_string}\"},\"query-input\":\"required name=search_term_string\"}],\"inLanguage\":\"de-DE\"},{\"@type\":\"ImageObject\",\"@id\":\"https:\/\/www.doppelklicker.de\/blog\/mosel-apollofalter-schmetterling-des-jahres-2024\/#primaryimage\",\"inLanguage\":\"de-DE\",\"url\":\"https:\/\/www.doppelklicker.de\/blog\/wp-content\/uploads\/2024\/01\/schmetterling-des-jahres-2024-mosel-apollofalter-gefahr-15858.jpg\",\"contentUrl\":\"https:\/\/www.doppelklicker.de\/blog\/wp-content\/uploads\/2024\/01\/schmetterling-des-jahres-2024-mosel-apollofalter-gefahr-15858.jpg\",\"width\":1280,\"height\":615,\"caption\":\"Einzigartiger Schmetterling: Mosel-Apollofalter ist bedroht (Foto: AdobeStock - Tim's insects 468427059)\"},{\"@type\":\"WebPage\",\"@id\":\"https:\/\/www.doppelklicker.de\/blog\/mosel-apollofalter-schmetterling-des-jahres-2024\/#webpage\",\"url\":\"https:\/\/www.doppelklicker.de\/blog\/mosel-apollofalter-schmetterling-des-jahres-2024\/\",\"name\":\"Einzigartiger Schmetterling: Mosel-Apollofalter ist bedroht\",\"isPartOf\":{\"@id\":\"https:\/\/www.doppelklicker.de\/blog\/#website\"},\"primaryImageOfPage\":{\"@id\":\"https:\/\/www.doppelklicker.de\/blog\/mosel-apollofalter-schmetterling-des-jahres-2024\/#primaryimage\"},\"datePublished\":\"2023-11-30T08:00:00+00:00\",\"dateModified\":\"2023-11-30T08:00:00+00:00\",\"author\":{\"@id\":\"https:\/\/www.doppelklicker.de\/blog\/#\/schema\/person\/08dcac172bdb025e8ff433488184668a\"},\"breadcrumb\":{\"@id\":\"https:\/\/www.doppelklicker.de\/blog\/mosel-apollofalter-schmetterling-des-jahres-2024\/#breadcrumb\"},\"inLanguage\":\"de-DE\",\"potentialAction\":[{\"@type\":\"ReadAction\",\"target\":[\"https:\/\/www.doppelklicker.de\/blog\/mosel-apollofalter-schmetterling-des-jahres-2024\/\"]}]},{\"@type\":\"BreadcrumbList\",\"@id\":\"https:\/\/www.doppelklicker.de\/blog\/mosel-apollofalter-schmetterling-des-jahres-2024\/#breadcrumb\",\"itemListElement\":[{\"@type\":\"ListItem\",\"position\":1,\"name\":\"Startseite\",\"item\":\"https:\/\/www.doppelklicker.de\/blog\/\"},{\"@type\":\"ListItem\",\"position\":2,\"name\":\"Einzigartiger Schmetterling: Mosel-Apollofalter ist bedroht\"}]},{\"@type\":\"Person\",\"@id\":\"https:\/\/www.doppelklicker.de\/blog\/#\/schema\/person\/08dcac172bdb025e8ff433488184668a\",\"name\":\"Iris Martin\",\"image\":{\"@type\":\"ImageObject\",\"@id\":\"https:\/\/www.doppelklicker.de\/blog\/#personlogo\",\"inLanguage\":\"de-DE\",\"url\":\"https:\/\/secure.gravatar.com\/avatar\/82fdaa093be0b9686b531f99fcb54d15?s=96&d=wp_user_avatar&r=g\",\"contentUrl\":\"https:\/\/secure.gravatar.com\/avatar\/82fdaa093be0b9686b531f99fcb54d15?s=96&d=wp_user_avatar&r=g\",\"caption\":\"Iris Martin\"},\"url\":\"https:\/\/www.doppelklicker.de\/blog\/author\/iris-martin\/\"}]}<\/script>\n<!-- \/ Yoast SEO plugin. -->","yoast_head_json":{"robots":{"index":"index","follow":"follow","max-snippet":"max-snippet:-1","max-image-preview":"max-image-preview:large","max-video-preview":"max-video-preview:-1"},"canonical":"https:\/\/www.doppelklicker.de\/blog\/mosel-apollofalter-schmetterling-des-jahres-2024\/","og_locale":"de_DE","og_type":"article","og_title":"Einzigartiger Schmetterling: Mosel-Apollofalter ist bedroht","og_description":"Der Mosel-Apollofalter (Parnassius apollo ssp. vinningensis) wurde von der BUND NRW Naturschutzstiftung und der Arbeitsgemeinschaft Rheinisch-Westf\u00e4lischer Lepidopterologen e.V. zum Schmetterling des Jahres 2024 erkl\u00e4rt. Diese stark bedrohte Unterart des Apollofalters ist ausschlie\u00dflich im unteren Moseltal in Rheinland-Pfalz heimisch. Aufgrund seiner geografischen Isolation hat er sich zu einer einzigartigen Art entwickelt. Um das \u00dcberleben des Mosel-ApollofaltersJetzt alles lesen","og_url":"https:\/\/www.doppelklicker.de\/blog\/mosel-apollofalter-schmetterling-des-jahres-2024\/","og_site_name":"Aus Mainz.","article_published_time":"2023-11-30T08:00:00+00:00","og_image":[{"width":1280,"height":615,"url":"https:\/\/www.doppelklicker.de\/blog\/wp-content\/uploads\/2024\/01\/schmetterling-des-jahres-2024-mosel-apollofalter-gefahr-15858.jpg","type":"image\/jpeg"}],"twitter_card":"summary_large_image","twitter_misc":{"Verfasst von":"Iris Martin","Gesch\u00e4tzte Lesezeit":"2 Minuten"},"schema":{"@context":"https:\/\/schema.org","@graph":[{"@type":"WebSite","@id":"https:\/\/www.doppelklicker.de\/blog\/#website","url":"https:\/\/www.doppelklicker.de\/blog\/","name":"Aus Mainz.","description":"F\u00fcr die Welt.","potentialAction":[{"@type":"SearchAction","target":{"@type":"EntryPoint","urlTemplate":"https:\/\/www.doppelklicker.de\/blog\/?s={search_term_string}"},"query-input":"required name=search_term_string"}],"inLanguage":"de-DE"},{"@type":"ImageObject","@id":"https:\/\/www.doppelklicker.de\/blog\/mosel-apollofalter-schmetterling-des-jahres-2024\/#primaryimage","inLanguage":"de-DE","url":"https:\/\/www.doppelklicker.de\/blog\/wp-content\/uploads\/2024\/01\/schmetterling-des-jahres-2024-mosel-apollofalter-gefahr-15858.jpg","contentUrl":"https:\/\/www.doppelklicker.de\/blog\/wp-content\/uploads\/2024\/01\/schmetterling-des-jahres-2024-mosel-apollofalter-gefahr-15858.jpg","width":1280,"height":615,"caption":"Einzigartiger Schmetterling: Mosel-Apollofalter ist bedroht (Foto: AdobeStock - Tim's insects 468427059)"},{"@type":"WebPage","@id":"https:\/\/www.doppelklicker.de\/blog\/mosel-apollofalter-schmetterling-des-jahres-2024\/#webpage","url":"https:\/\/www.doppelklicker.de\/blog\/mosel-apollofalter-schmetterling-des-jahres-2024\/","name":"Einzigartiger Schmetterling: Mosel-Apollofalter ist bedroht","isPartOf":{"@id":"https:\/\/www.doppelklicker.de\/blog\/#website"},"primaryImageOfPage":{"@id":"https:\/\/www.doppelklicker.de\/blog\/mosel-apollofalter-schmetterling-des-jahres-2024\/#primaryimage"},"datePublished":"2023-11-30T08:00:00+00:00","dateModified":"2023-11-30T08:00:00+00:00","author":{"@id":"https:\/\/www.doppelklicker.de\/blog\/#\/schema\/person\/08dcac172bdb025e8ff433488184668a"},"breadcrumb":{"@id":"https:\/\/www.doppelklicker.de\/blog\/mosel-apollofalter-schmetterling-des-jahres-2024\/#breadcrumb"},"inLanguage":"de-DE","potentialAction":[{"@type":"ReadAction","target":["https:\/\/www.doppelklicker.de\/blog\/mosel-apollofalter-schmetterling-des-jahres-2024\/"]}]},{"@type":"BreadcrumbList","@id":"https:\/\/www.doppelklicker.de\/blog\/mosel-apollofalter-schmetterling-des-jahres-2024\/#breadcrumb","itemListElement":[{"@type":"ListItem","position":1,"name":"Startseite","item":"https:\/\/www.doppelklicker.de\/blog\/"},{"@type":"ListItem","position":2,"name":"Einzigartiger Schmetterling: Mosel-Apollofalter ist bedroht"}]},{"@type":"Person","@id":"https:\/\/www.doppelklicker.de\/blog\/#\/schema\/person\/08dcac172bdb025e8ff433488184668a","name":"Iris Martin","image":{"@type":"ImageObject","@id":"https:\/\/www.doppelklicker.de\/blog\/#personlogo","inLanguage":"de-DE","url":"https:\/\/secure.gravatar.com\/avatar\/82fdaa093be0b9686b531f99fcb54d15?s=96&d=wp_user_avatar&r=g","contentUrl":"https:\/\/secure.gravatar.com\/avatar\/82fdaa093be0b9686b531f99fcb54d15?s=96&d=wp_user_avatar&r=g","caption":"Iris Martin"},"url":"https:\/\/www.doppelklicker.de\/blog\/author\/iris-martin\/"}]}},"_links":{"self":[{"href":"https:\/\/www.doppelklicker.de\/blog\/wp-json\/wp\/v2\/posts\/6756"}],"collection":[{"href":"https:\/\/www.doppelklicker.de\/blog\/wp-json\/wp\/v2\/posts"}],"about":[{"href":"https:\/\/www.doppelklicker.de\/blog\/wp-json\/wp\/v2\/types\/post"}],"author":[{"embeddable":true,"href":"https:\/\/www.doppelklicker.de\/blog\/wp-json\/wp\/v2\/users\/8"}],"replies":[{"embeddable":true,"href":"https:\/\/www.doppelklicker.de\/blog\/wp-json\/wp\/v2\/comments?post=6756"}],"version-history":[{"count":0,"href":"https:\/\/www.doppelklicker.de\/blog\/wp-json\/wp\/v2\/posts\/6756\/revisions"}],"wp:featuredmedia":[{"embeddable":true,"href":"https:\/\/www.doppelklicker.de\/blog\/wp-json\/wp\/v2\/media\/6757"}],"wp:attachment":[{"href":"https:\/\/www.doppelklicker.de\/blog\/wp-json\/wp\/v2\/media?parent=6756"}],"wp:term":[{"taxonomy":"category","embeddable":true,"href":"https:\/\/www.doppelklicker.de\/blog\/wp-json\/wp\/v2\/categories?post=6756"},{"taxonomy":"post_tag","embeddable":true,"href":"https:\/\/www.doppelklicker.de\/blog\/wp-json\/wp\/v2\/tags?post=6756"}],"curies":[{"name":"wp","href":"https:\/\/api.w.org\/{rel}","templated":true}]}}