{"id":6764,"date":"2024-01-08T11:00:00","date_gmt":"2024-01-08T09:00:00","guid":{"rendered":"http:\/\/guid"},"modified":"2025-02-12T11:20:02","modified_gmt":"2025-02-12T09:20:02","slug":"glaeubiger-und-insolvenzverwalter-verklagen-rechtspfleger-wegen-verfahr","status":"publish","type":"post","link":"https:\/\/www.doppelklicker.de\/blog\/glaeubiger-und-insolvenzverwalter-verklagen-rechtspfleger-wegen-verfahr\/","title":{"rendered":"Gerichtsverfahren in M\u00fcnster wirft Fragen zur Justizrechtm\u00e4\u00dfigkeit auf"},"content":{"rendered":"<p>Das Amtsgericht M\u00fcnster steht vor einer wegweisenden Entscheidung, da es erstmals seit der Einf\u00fchrung der Insolvenzordnung im Jahr 1999 von Gl\u00e4ubigern und dem Insolvenzverwalter des K\u00fcchenherstellers alma, Heinrich Fritz Stellmach, wegen Verfahrensverschleppung verklagt wird. Die Beteiligten werfen einem Rechtspfleger Amtsmissbrauch vor und fordern Schadensersatz. Diese rechtliche Auseinandersetzung hat gro\u00dfe Bedeutung f\u00fcr die Praxis von Insolvenzgerichten und k\u00f6nnte das Vertrauen in die Justiz nachhaltig beeinflussen.<br \/>\n<!--more--><\/p>\n<h2>Klage gegen Rechtspfleger wegen Verfahrensverschleppung vor Gericht<\/h2>\n<p>Der Gl\u00e4ubigerausschuss hat im November 2023 einstimmig beschlossen, dass der Insolvenzverwalter den Rechtspfleger wegen Verfahrensverschleppung zur Verantwortung ziehen soll. Seit Dezember 2023 wird der Prozess vor dem Landgericht M\u00fcnster verhandelt. Sowohl Mitglieder des Gl\u00e4ubigerausschusses als auch der Insolvenzverwalter haben einen Befangenheitsantrag gegen den Rechtspfleger beim Amtsgericht M\u00fcnster eingereicht.<\/p>\n<p>Laut Insolvenzverwalter Stellmach k\u00f6nnte das Insolvenzverfahren bereits seit Ende 2013 abgeschlossen sein. Jedoch wurde seine Schlussrechnung, die er im Jahr 2017 eingereicht hat, bisher nicht bearbeitet. Rechtsanwalt Dieter Ungelenk, der Sprecher des Gl\u00e4ubigerausschusses, betont, dass die erfolgreiche Sanierung seit einem Jahrzehnt immer wieder verschoben und verz\u00f6gert wird. Dies wird als Angriff auf die Rechte der Gl\u00e4ubiger und ihre Autonomie betrachtet.<\/p>\n<p>Heinrich Fritz Stellmach, Insolvenzverwalter bei alma-K\u00fcchen, hat es geschafft, innerhalb weniger Monate eine \u00fcbertragende Sanierung durchzuf\u00fchren und somit 160 Arbeitspl\u00e4tze und 14 Verkaufsh\u00e4user zu sichern. Das Verfahren zur Verwertung des vorhandenen Verm\u00f6gens sollte eigentlich bereits Ende 2013 abgeschlossen sein. Allerdings hat der zust\u00e4ndige Rechtspfleger die Kassenpr\u00fcfungsberichte einer renommierten Wirtschaftspr\u00fcfungsgesellschaft ohne nachvollziehbare Gr\u00fcnde abgelehnt. Trotz wiederholter R\u00fcgen und Dialogangebote wurde die Schlussrechnung mit einer Insolvenzquote von 25 Prozent bis heute nicht bearbeitet.<\/p>\n<p>Der Rechtspfleger am Landgericht M\u00fcnster steht seit geraumer Zeit im Fokus der Beschwerdekammer. Es wird kritisiert, dass er eigenm\u00e4chtig handelt und nicht den geltenden Rechtsvorschriften folgt.<\/p>\n<p>Rechtsanwalt Dr. Robert Sieren bereitet aufgrund der vorliegenden Situation eine Sammelklage gegen das Land Nordrhein-Westfalen und den Rechtspfleger vor. Das Gutachten von Professor Dr. Stefan Smid best\u00e4tigt, dass der Rechtspfleger von Befangenheit belastet ist. Professor Dr. Hans Haarmeyer, ein anerkannter Insolvenzexperte, bezeichnet das Verhalten des Rechtspflegers als rechtswidrig und sch\u00e4dlich f\u00fcr das Ansehen der Justiz. Die Sammelklage zielt darauf ab, diese Vorw\u00fcrfe juristisch zu kl\u00e4ren und m\u00f6gliche Konsequenzen f\u00fcr den Rechtspfleger und das Land Nordrhein-Westfalen zu ermitteln.<\/p>\n<p>Nachdem der Rechtspfleger jahrelang unt\u00e4tig war, hat er endlich einen Sachverst\u00e4ndigen beauftragt, um m\u00f6gliche Schadensersatzanspr\u00fcche gegen den Insolvenzverwalter zu pr\u00fcfen. Der Insolvenzverwalter hofft nun auf eine schnelle Entscheidung des Gerichts, um das langwierige Verfahren endlich abschlie\u00dfen zu k\u00f6nnen. Allerdings warnt der Sprecher des Gl\u00e4ubigerausschusses davor, dass sich das Verfahren um weitere Jahre verz\u00f6gern k\u00f6nnte, wenn der abgelehnte Rechtspfleger weiterhin t\u00e4tig sein darf. Dies w\u00fcrde zu einem beispiellosen Debakel f\u00fcr alle Gl\u00e4ubiger f\u00fchren.<\/p>\n<p>Der aktuelle Fall am Amtsgericht M\u00fcnster erregt erhebliche \u00f6ffentliche Aufmerksamkeit. Die Eskalation im Insolvenzverfahren verdeutlicht die Problematik der Verfahrensverschleppung durch Schuldner. Die Klagen der Gl\u00e4ubiger und des Insolvenzverwalters werfen wichtige Fragen zur Rechtm\u00e4\u00dfigkeit des Handelns des Rechtspflegers auf. Die Entscheidung des Gerichts wird richtungsweisend f\u00fcr den Umgang mit \u00e4hnlichen F\u00e4llen sein und das Vertrauen in die Justiz nachhaltig beeinflussen. Es bleibt abzuwarten, ob das Verfahren endlich einen gerechten Abschluss finden wird.<\/p>\n<hr class=\"trenner\" >\n<h2>Update<\/h2>\n<p>Nach einer Verhandlung am 7. November 2024 vor dem Landgericht M\u00fcnster hat die Kanzlei Stellmach und Br\u00f6ckers ihre Schadenersatzklage gegen einen Rechtspfleger am Amtsgericht M\u00fcnster zur\u00fcckgezogen. Der Vorwurf der Verfahrensverschleppung im Insolvenzfall der Alma-K\u00fcchen Aloys Meyer GmbH &#038; Co. KG bleibt damit ohne rechtliche Folgen. Die Kl\u00e4gerseite tr\u00e4gt die Kosten des Verfahrens.<\/p>\n","protected":false},"excerpt":{"rendered":"<p>Das Amtsgericht M\u00fcnster steht vor einer wegweisenden Entscheidung, da es erstmals seit der Einf\u00fchrung der Insolvenzordnung im Jahr 1999 von Gl\u00e4ubigern und dem Insolvenzverwalter des K\u00fcchenherstellers alma, Heinrich Fritz Stellmach, wegen Verfahrensverschleppung verklagt wird. Die Beteiligten werfen einem Rechtspfleger Amtsmissbrauch vor und fordern Schadensersatz. Diese rechtliche Auseinandersetzung hat gro\u00dfe Bedeutung f\u00fcr die Praxis von Insolvenzgerichten<\/p>\n<div class=\"read-more\"><a href=\"https:\/\/www.doppelklicker.de\/blog\/glaeubiger-und-insolvenzverwalter-verklagen-rechtspfleger-wegen-verfahr\/\" title=\"Jetzt alles lesen\">Jetzt alles lesen<\/a><\/div>\n","protected":false},"author":8,"featured_media":6766,"comment_status":"open","ping_status":"open","sticky":false,"template":"","format":"standard","meta":[],"categories":[3305],"tags":[],"yoast_head":"<!-- This site is optimized with the Yoast SEO plugin v18.2 - https:\/\/yoast.com\/wordpress\/plugins\/seo\/ -->\n<meta name=\"robots\" content=\"index, follow, max-snippet:-1, max-image-preview:large, max-video-preview:-1\" \/>\n<link rel=\"canonical\" href=\"https:\/\/www.doppelklicker.de\/blog\/glaeubiger-und-insolvenzverwalter-verklagen-rechtspfleger-wegen-verfahr\/\" \/>\n<meta property=\"og:locale\" content=\"de_DE\" \/>\n<meta property=\"og:type\" content=\"article\" \/>\n<meta property=\"og:title\" content=\"Gerichtsverfahren in M\u00fcnster wirft Fragen zur Justizrechtm\u00e4\u00dfigkeit auf\" \/>\n<meta property=\"og:description\" content=\"Das Amtsgericht M\u00fcnster steht vor einer wegweisenden Entscheidung, da es erstmals seit der Einf\u00fchrung der Insolvenzordnung im Jahr 1999 von Gl\u00e4ubigern und dem Insolvenzverwalter des K\u00fcchenherstellers alma, Heinrich Fritz Stellmach, wegen Verfahrensverschleppung verklagt wird. Die Beteiligten werfen einem Rechtspfleger Amtsmissbrauch vor und fordern Schadensersatz. Diese rechtliche Auseinandersetzung hat gro\u00dfe Bedeutung f\u00fcr die Praxis von InsolvenzgerichtenJetzt alles lesen\" \/>\n<meta property=\"og:url\" content=\"https:\/\/www.doppelklicker.de\/blog\/glaeubiger-und-insolvenzverwalter-verklagen-rechtspfleger-wegen-verfahr\/\" \/>\n<meta property=\"og:site_name\" content=\"Aus Mainz.\" \/>\n<meta property=\"article:published_time\" content=\"2024-01-08T09:00:00+00:00\" \/>\n<meta property=\"article:modified_time\" content=\"2025-02-12T09:20:02+00:00\" \/>\n<meta property=\"og:image\" content=\"https:\/\/www.doppelklicker.de\/blog\/wp-content\/uploads\/2024\/01\/insolvenzgericht-muenster-wegen-verfahrensverschleppung-15927.jpg\" \/>\n\t<meta property=\"og:image:width\" content=\"1280\" \/>\n\t<meta property=\"og:image:height\" content=\"615\" \/>\n\t<meta property=\"og:image:type\" content=\"image\/jpeg\" \/>\n<meta name=\"twitter:card\" content=\"summary_large_image\" \/>\n<meta name=\"twitter:label1\" content=\"Verfasst von\" \/>\n\t<meta name=\"twitter:data1\" content=\"Iris Martin\" \/>\n\t<meta name=\"twitter:label2\" content=\"Gesch\u00e4tzte Lesezeit\" \/>\n\t<meta name=\"twitter:data2\" content=\"3 Minuten\" \/>\n<script type=\"application\/ld+json\" class=\"yoast-schema-graph\">{\"@context\":\"https:\/\/schema.org\",\"@graph\":[{\"@type\":\"WebSite\",\"@id\":\"https:\/\/www.doppelklicker.de\/blog\/#website\",\"url\":\"https:\/\/www.doppelklicker.de\/blog\/\",\"name\":\"Aus Mainz.\",\"description\":\"F\u00fcr die Welt.\",\"potentialAction\":[{\"@type\":\"SearchAction\",\"target\":{\"@type\":\"EntryPoint\",\"urlTemplate\":\"https:\/\/www.doppelklicker.de\/blog\/?s={search_term_string}\"},\"query-input\":\"required name=search_term_string\"}],\"inLanguage\":\"de-DE\"},{\"@type\":\"ImageObject\",\"@id\":\"https:\/\/www.doppelklicker.de\/blog\/glaeubiger-und-insolvenzverwalter-verklagen-rechtspfleger-wegen-verfahr\/#primaryimage\",\"inLanguage\":\"de-DE\",\"url\":\"https:\/\/www.doppelklicker.de\/blog\/wp-content\/uploads\/2024\/01\/insolvenzgericht-muenster-wegen-verfahrensverschleppung-15927.jpg\",\"contentUrl\":\"https:\/\/www.doppelklicker.de\/blog\/wp-content\/uploads\/2024\/01\/insolvenzgericht-muenster-wegen-verfahrensverschleppung-15927.jpg\",\"width\":1280,\"height\":615,\"caption\":\"Gerichtsverfahren in M\u00fcnster wirft Fragen zur Justizrechtm\u00e4\u00dfigkeit auf (Foto: AdobeStock - Marco2811 62420824)\"},{\"@type\":\"WebPage\",\"@id\":\"https:\/\/www.doppelklicker.de\/blog\/glaeubiger-und-insolvenzverwalter-verklagen-rechtspfleger-wegen-verfahr\/#webpage\",\"url\":\"https:\/\/www.doppelklicker.de\/blog\/glaeubiger-und-insolvenzverwalter-verklagen-rechtspfleger-wegen-verfahr\/\",\"name\":\"Gerichtsverfahren in M\u00fcnster wirft Fragen zur Justizrechtm\u00e4\u00dfigkeit auf\",\"isPartOf\":{\"@id\":\"https:\/\/www.doppelklicker.de\/blog\/#website\"},\"primaryImageOfPage\":{\"@id\":\"https:\/\/www.doppelklicker.de\/blog\/glaeubiger-und-insolvenzverwalter-verklagen-rechtspfleger-wegen-verfahr\/#primaryimage\"},\"datePublished\":\"2024-01-08T09:00:00+00:00\",\"dateModified\":\"2025-02-12T09:20:02+00:00\",\"author\":{\"@id\":\"https:\/\/www.doppelklicker.de\/blog\/#\/schema\/person\/08dcac172bdb025e8ff433488184668a\"},\"breadcrumb\":{\"@id\":\"https:\/\/www.doppelklicker.de\/blog\/glaeubiger-und-insolvenzverwalter-verklagen-rechtspfleger-wegen-verfahr\/#breadcrumb\"},\"inLanguage\":\"de-DE\",\"potentialAction\":[{\"@type\":\"ReadAction\",\"target\":[\"https:\/\/www.doppelklicker.de\/blog\/glaeubiger-und-insolvenzverwalter-verklagen-rechtspfleger-wegen-verfahr\/\"]}]},{\"@type\":\"BreadcrumbList\",\"@id\":\"https:\/\/www.doppelklicker.de\/blog\/glaeubiger-und-insolvenzverwalter-verklagen-rechtspfleger-wegen-verfahr\/#breadcrumb\",\"itemListElement\":[{\"@type\":\"ListItem\",\"position\":1,\"name\":\"Startseite\",\"item\":\"https:\/\/www.doppelklicker.de\/blog\/\"},{\"@type\":\"ListItem\",\"position\":2,\"name\":\"Gerichtsverfahren in M\u00fcnster wirft Fragen zur Justizrechtm\u00e4\u00dfigkeit auf\"}]},{\"@type\":\"Person\",\"@id\":\"https:\/\/www.doppelklicker.de\/blog\/#\/schema\/person\/08dcac172bdb025e8ff433488184668a\",\"name\":\"Iris Martin\",\"image\":{\"@type\":\"ImageObject\",\"@id\":\"https:\/\/www.doppelklicker.de\/blog\/#personlogo\",\"inLanguage\":\"de-DE\",\"url\":\"https:\/\/secure.gravatar.com\/avatar\/82fdaa093be0b9686b531f99fcb54d15?s=96&d=wp_user_avatar&r=g\",\"contentUrl\":\"https:\/\/secure.gravatar.com\/avatar\/82fdaa093be0b9686b531f99fcb54d15?s=96&d=wp_user_avatar&r=g\",\"caption\":\"Iris Martin\"},\"url\":\"https:\/\/www.doppelklicker.de\/blog\/author\/iris-martin\/\"}]}<\/script>\n<!-- \/ Yoast SEO plugin. -->","yoast_head_json":{"robots":{"index":"index","follow":"follow","max-snippet":"max-snippet:-1","max-image-preview":"max-image-preview:large","max-video-preview":"max-video-preview:-1"},"canonical":"https:\/\/www.doppelklicker.de\/blog\/glaeubiger-und-insolvenzverwalter-verklagen-rechtspfleger-wegen-verfahr\/","og_locale":"de_DE","og_type":"article","og_title":"Gerichtsverfahren in M\u00fcnster wirft Fragen zur Justizrechtm\u00e4\u00dfigkeit auf","og_description":"Das Amtsgericht M\u00fcnster steht vor einer wegweisenden Entscheidung, da es erstmals seit der Einf\u00fchrung der Insolvenzordnung im Jahr 1999 von Gl\u00e4ubigern und dem Insolvenzverwalter des K\u00fcchenherstellers alma, Heinrich Fritz Stellmach, wegen Verfahrensverschleppung verklagt wird. Die Beteiligten werfen einem Rechtspfleger Amtsmissbrauch vor und fordern Schadensersatz. Diese rechtliche Auseinandersetzung hat gro\u00dfe Bedeutung f\u00fcr die Praxis von InsolvenzgerichtenJetzt alles lesen","og_url":"https:\/\/www.doppelklicker.de\/blog\/glaeubiger-und-insolvenzverwalter-verklagen-rechtspfleger-wegen-verfahr\/","og_site_name":"Aus Mainz.","article_published_time":"2024-01-08T09:00:00+00:00","article_modified_time":"2025-02-12T09:20:02+00:00","og_image":[{"width":1280,"height":615,"url":"https:\/\/www.doppelklicker.de\/blog\/wp-content\/uploads\/2024\/01\/insolvenzgericht-muenster-wegen-verfahrensverschleppung-15927.jpg","type":"image\/jpeg"}],"twitter_card":"summary_large_image","twitter_misc":{"Verfasst von":"Iris Martin","Gesch\u00e4tzte Lesezeit":"3 Minuten"},"schema":{"@context":"https:\/\/schema.org","@graph":[{"@type":"WebSite","@id":"https:\/\/www.doppelklicker.de\/blog\/#website","url":"https:\/\/www.doppelklicker.de\/blog\/","name":"Aus Mainz.","description":"F\u00fcr die Welt.","potentialAction":[{"@type":"SearchAction","target":{"@type":"EntryPoint","urlTemplate":"https:\/\/www.doppelklicker.de\/blog\/?s={search_term_string}"},"query-input":"required name=search_term_string"}],"inLanguage":"de-DE"},{"@type":"ImageObject","@id":"https:\/\/www.doppelklicker.de\/blog\/glaeubiger-und-insolvenzverwalter-verklagen-rechtspfleger-wegen-verfahr\/#primaryimage","inLanguage":"de-DE","url":"https:\/\/www.doppelklicker.de\/blog\/wp-content\/uploads\/2024\/01\/insolvenzgericht-muenster-wegen-verfahrensverschleppung-15927.jpg","contentUrl":"https:\/\/www.doppelklicker.de\/blog\/wp-content\/uploads\/2024\/01\/insolvenzgericht-muenster-wegen-verfahrensverschleppung-15927.jpg","width":1280,"height":615,"caption":"Gerichtsverfahren in M\u00fcnster wirft Fragen zur Justizrechtm\u00e4\u00dfigkeit auf (Foto: AdobeStock - Marco2811 62420824)"},{"@type":"WebPage","@id":"https:\/\/www.doppelklicker.de\/blog\/glaeubiger-und-insolvenzverwalter-verklagen-rechtspfleger-wegen-verfahr\/#webpage","url":"https:\/\/www.doppelklicker.de\/blog\/glaeubiger-und-insolvenzverwalter-verklagen-rechtspfleger-wegen-verfahr\/","name":"Gerichtsverfahren in M\u00fcnster wirft Fragen zur Justizrechtm\u00e4\u00dfigkeit auf","isPartOf":{"@id":"https:\/\/www.doppelklicker.de\/blog\/#website"},"primaryImageOfPage":{"@id":"https:\/\/www.doppelklicker.de\/blog\/glaeubiger-und-insolvenzverwalter-verklagen-rechtspfleger-wegen-verfahr\/#primaryimage"},"datePublished":"2024-01-08T09:00:00+00:00","dateModified":"2025-02-12T09:20:02+00:00","author":{"@id":"https:\/\/www.doppelklicker.de\/blog\/#\/schema\/person\/08dcac172bdb025e8ff433488184668a"},"breadcrumb":{"@id":"https:\/\/www.doppelklicker.de\/blog\/glaeubiger-und-insolvenzverwalter-verklagen-rechtspfleger-wegen-verfahr\/#breadcrumb"},"inLanguage":"de-DE","potentialAction":[{"@type":"ReadAction","target":["https:\/\/www.doppelklicker.de\/blog\/glaeubiger-und-insolvenzverwalter-verklagen-rechtspfleger-wegen-verfahr\/"]}]},{"@type":"BreadcrumbList","@id":"https:\/\/www.doppelklicker.de\/blog\/glaeubiger-und-insolvenzverwalter-verklagen-rechtspfleger-wegen-verfahr\/#breadcrumb","itemListElement":[{"@type":"ListItem","position":1,"name":"Startseite","item":"https:\/\/www.doppelklicker.de\/blog\/"},{"@type":"ListItem","position":2,"name":"Gerichtsverfahren in M\u00fcnster wirft Fragen zur Justizrechtm\u00e4\u00dfigkeit auf"}]},{"@type":"Person","@id":"https:\/\/www.doppelklicker.de\/blog\/#\/schema\/person\/08dcac172bdb025e8ff433488184668a","name":"Iris Martin","image":{"@type":"ImageObject","@id":"https:\/\/www.doppelklicker.de\/blog\/#personlogo","inLanguage":"de-DE","url":"https:\/\/secure.gravatar.com\/avatar\/82fdaa093be0b9686b531f99fcb54d15?s=96&d=wp_user_avatar&r=g","contentUrl":"https:\/\/secure.gravatar.com\/avatar\/82fdaa093be0b9686b531f99fcb54d15?s=96&d=wp_user_avatar&r=g","caption":"Iris Martin"},"url":"https:\/\/www.doppelklicker.de\/blog\/author\/iris-martin\/"}]}},"_links":{"self":[{"href":"https:\/\/www.doppelklicker.de\/blog\/wp-json\/wp\/v2\/posts\/6764"}],"collection":[{"href":"https:\/\/www.doppelklicker.de\/blog\/wp-json\/wp\/v2\/posts"}],"about":[{"href":"https:\/\/www.doppelklicker.de\/blog\/wp-json\/wp\/v2\/types\/post"}],"author":[{"embeddable":true,"href":"https:\/\/www.doppelklicker.de\/blog\/wp-json\/wp\/v2\/users\/8"}],"replies":[{"embeddable":true,"href":"https:\/\/www.doppelklicker.de\/blog\/wp-json\/wp\/v2\/comments?post=6764"}],"version-history":[{"count":1,"href":"https:\/\/www.doppelklicker.de\/blog\/wp-json\/wp\/v2\/posts\/6764\/revisions"}],"predecessor-version":[{"id":10085,"href":"https:\/\/www.doppelklicker.de\/blog\/wp-json\/wp\/v2\/posts\/6764\/revisions\/10085"}],"wp:featuredmedia":[{"embeddable":true,"href":"https:\/\/www.doppelklicker.de\/blog\/wp-json\/wp\/v2\/media\/6766"}],"wp:attachment":[{"href":"https:\/\/www.doppelklicker.de\/blog\/wp-json\/wp\/v2\/media?parent=6764"}],"wp:term":[{"taxonomy":"category","embeddable":true,"href":"https:\/\/www.doppelklicker.de\/blog\/wp-json\/wp\/v2\/categories?post=6764"},{"taxonomy":"post_tag","embeddable":true,"href":"https:\/\/www.doppelklicker.de\/blog\/wp-json\/wp\/v2\/tags?post=6764"}],"curies":[{"name":"wp","href":"https:\/\/api.w.org\/{rel}","templated":true}]}}