{"id":6821,"date":"2023-11-27T18:00:00","date_gmt":"2023-11-27T16:00:00","guid":{"rendered":"guid"},"modified":"2023-11-27T18:00:00","modified_gmt":"2023-11-27T16:00:00","slug":"kann-ein-mann-wirklich-feminist-sein-eduard-von-winterstein-theater","status":"publish","type":"post","link":"https:\/\/www.doppelklicker.de\/blog\/kann-ein-mann-wirklich-feminist-sein-eduard-von-winterstein-theater\/","title":{"rendered":"Geschlechterklischees auf den Kopf gestellt: Kom\u00f6die im Eduard-von-WintersteinTheater"},"content":{"rendered":"<p>Am 11. November 2023 feierte die Kom\u00f6die &#8222;Kann ein Mann wirklich Feminist sein?&#8220; von Samantha Ellis im Eduard-von-WintersteinTheater in Annaberg-Buchholz Premiere. Unter der Regie von Catharina May wird die Frage aufgeworfen, ob M\u00e4nner tats\u00e4chlich Feministen sein k\u00f6nnen. Die Vorstellung beginnt um 19:30 Uhr.<br \/>\n<!--more--><\/p>\n<h2>Hochzeit mit Hindernissen: Wenn Feminismus auf Machotum trifft<\/h2>\n<p>Die Kom\u00f6die &#8222;Kann ein Mann wirklich Feminist sein?&#8220; handelt von Kate und Steve, die sich auf einem Kost\u00fcmfest begegnen. Kate, die bisher nur an M\u00e4nner geraten ist, die sich als Machos entpuppten, trifft auf Steve, der als \u00fcberzeugter Feminist v\u00f6llig anders ist. Steve ist in einem Frauenprotestcamp aufgewachsen, w\u00e4hrend Kate aus einem wohlbeh\u00fcteten Elternhaus stammt. Trotz ihrer unterschiedlichen Hintergr\u00fcnde planen sie ihre Hochzeit. Doch sowohl Steves Mutter, eine Aktivistin, als auch Kates Vater, ein Gesch\u00e4ftsmann, sind skeptisch. Auch ihre Expartner versuchen, ihnen Steine in den Weg zu legen. Die Ehe droht bereits auf der Hochzeitsfeier zu scheitern, doch eine Flucht k\u00f6nnte das Happy-End retten.<\/p>\n<p>Samantha Ellis, eine englische Autorin, spielt in ihrer Kom\u00f6die von 2016 geschickt mit den g\u00e4ngigen Geschlechterklischees und deren Umkehrungen. Eine besondere Note erh\u00e4lt das St\u00fcck dadurch, dass nur zwei Darsteller_innen alle sechs Figuren verk\u00f6rpern. Nadja Schimonsky schl\u00fcpft dabei in die Rollen von &#8222;Kate&#8220;, &#8222;Carina&#8220; und &#8222;Morag&#8220;, w\u00e4hrend Rouven Klischies &#8222;Steve&#8220;, &#8222;Ross&#8220; und &#8222;Joe&#8220; spielt. F\u00fcr die Ausstattung des St\u00fccks ist Jenny Schleif verantwortlich.<\/p>\n<p>Die Premiere von Samantha Ellis&#8216; Kom\u00f6die &#8222;Kann ein Mann wirklich Feminist sein?&#8220; findet am Samstag, 11. November 2023, um 19:30 Uhr statt. Zus\u00e4tzlich gibt es weitere Vorstellungen am Mittwoch, 15. November 2023, um 19:30 Uhr, Samstag, 18. November 2023, um 19:30 Uhr, Freitag, 1. Dezember 2023, um 19:30 Uhr, Sonntag, 10. Dezember 2023, um 19:30 Uhr, Dienstag, 26. Dezember 2023, um 18:00 Uhr, Samstag, 6. Januar 2024, um 19:30 Uhr und Sonntag, 28. Januar 2024, um 15:00 Uhr.<\/p>\n<p>Wenn Sie die Premiere von &#8222;Kann ein Mann wirklich Feminist sein?&#8220; besuchen m\u00f6chten, sollten Sie mit Kartenpreisen von 22,00 ?, 19,00 ? und 13,50 ? rechnen. F\u00fcr die weiteren Vorstellungen liegen die Preise bei 20,00 ?, 17,00 ? und 10,50 ?. Es gibt au\u00dferdem spezielle Erm\u00e4\u00dfigungen f\u00fcr Rentner_innen, Menschen mit Schwerbehinderung, Arbeitslose, Inhaber_innen der S\u00e4chsischen Ehrenamtskarte sowie Sch\u00fcler, Studenten, Bundesfreiwilligendienstleistende, Inhaber des Sozialpasses und Familienpassinhaber.<\/p>\n<p>F\u00fcr alle Interessierten, die die Kom\u00f6die &#8222;Kann ein Mann wirklich Feminist sein?&#8220; im Eduard-von-WintersteinTheater sehen m\u00f6chten, besteht die M\u00f6glichkeit, die Karten im Serviceb\u00fcro der Erzgebirgischen Theater- und Orchester GmbH zu erwerben. Das B\u00fcro liegt am Markt 9 in 09456 Annaberg-Buchholz und ist von Montag bis Freitag von 10:00 bis 17:00 Uhr sowie samstags von 10:00 bis 13:00 Uhr ge\u00f6ffnet.<\/p>\n<p>Die Kom\u00f6die &#8222;Kann ein Mann wirklich Feminist sein?&#8220; im Eduard-von-WintersteinTheater verspricht einen Abend voller humorvoller Geschlechterklischees und deren Umkehrungen. Mit nur zwei Darsteller_innen, die sechs verschiedene Figuren verk\u00f6rpern, wird das St\u00fcck zu einer besonderen Herausforderung. Erleben Sie einen unterhaltsamen Abend voller Spa\u00df und \u00dcberraschungen und sichern Sie sich Ihre Karten.<\/p>\n","protected":false},"excerpt":{"rendered":"<p>Am 11. November 2023 feierte die Kom\u00f6die &#8222;Kann ein Mann wirklich Feminist sein?&#8220; von Samantha Ellis im Eduard-von-WintersteinTheater in Annaberg-Buchholz Premiere. Unter der Regie von Catharina May wird die Frage aufgeworfen, ob M\u00e4nner tats\u00e4chlich Feministen sein k\u00f6nnen. Die Vorstellung beginnt um 19:30 Uhr.<\/p>\n","protected":false},"author":8,"featured_media":6822,"comment_status":"open","ping_status":"open","sticky":false,"template":"","format":"standard","meta":[],"categories":[3305],"tags":[],"yoast_head":"<!-- This site is optimized with the Yoast SEO plugin v18.2 - https:\/\/yoast.com\/wordpress\/plugins\/seo\/ -->\n<meta name=\"robots\" content=\"index, follow, max-snippet:-1, max-image-preview:large, max-video-preview:-1\" \/>\n<link rel=\"canonical\" href=\"https:\/\/www.doppelklicker.de\/blog\/kann-ein-mann-wirklich-feminist-sein-eduard-von-winterstein-theater\/\" \/>\n<meta property=\"og:locale\" content=\"de_DE\" \/>\n<meta property=\"og:type\" content=\"article\" \/>\n<meta property=\"og:title\" content=\"Geschlechterklischees auf den Kopf gestellt: Kom\u00f6die im Eduard-von-WintersteinTheater\" \/>\n<meta property=\"og:description\" content=\"Am 11. November 2023 feierte die Kom\u00f6die &#8222;Kann ein Mann wirklich Feminist sein?&#8220; von Samantha Ellis im Eduard-von-WintersteinTheater in Annaberg-Buchholz Premiere. Unter der Regie von Catharina May wird die Frage aufgeworfen, ob M\u00e4nner tats\u00e4chlich Feministen sein k\u00f6nnen. Die Vorstellung beginnt um 19:30 Uhr.\" \/>\n<meta property=\"og:url\" content=\"https:\/\/www.doppelklicker.de\/blog\/kann-ein-mann-wirklich-feminist-sein-eduard-von-winterstein-theater\/\" \/>\n<meta property=\"og:site_name\" content=\"Aus Mainz.\" \/>\n<meta property=\"article:published_time\" content=\"2023-11-27T16:00:00+00:00\" \/>\n<meta property=\"og:image\" content=\"https:\/\/www.doppelklicker.de\/blog\/wp-content\/uploads\/2024\/01\/premiere-von-kann-mann-wirklich-feminist-seino-im-16202.jpg\" \/>\n\t<meta property=\"og:image:width\" content=\"1280\" \/>\n\t<meta property=\"og:image:height\" content=\"615\" \/>\n\t<meta property=\"og:image:type\" content=\"image\/jpeg\" \/>\n<meta name=\"twitter:card\" content=\"summary_large_image\" \/>\n<meta name=\"twitter:label1\" content=\"Verfasst von\" \/>\n\t<meta name=\"twitter:data1\" content=\"Iris Martin\" \/>\n\t<meta name=\"twitter:label2\" content=\"Gesch\u00e4tzte Lesezeit\" \/>\n\t<meta name=\"twitter:data2\" content=\"2 Minuten\" \/>\n<script type=\"application\/ld+json\" class=\"yoast-schema-graph\">{\"@context\":\"https:\/\/schema.org\",\"@graph\":[{\"@type\":\"WebSite\",\"@id\":\"https:\/\/www.doppelklicker.de\/blog\/#website\",\"url\":\"https:\/\/www.doppelklicker.de\/blog\/\",\"name\":\"Aus Mainz.\",\"description\":\"F\u00fcr die Welt.\",\"potentialAction\":[{\"@type\":\"SearchAction\",\"target\":{\"@type\":\"EntryPoint\",\"urlTemplate\":\"https:\/\/www.doppelklicker.de\/blog\/?s={search_term_string}\"},\"query-input\":\"required name=search_term_string\"}],\"inLanguage\":\"de-DE\"},{\"@type\":\"ImageObject\",\"@id\":\"https:\/\/www.doppelklicker.de\/blog\/kann-ein-mann-wirklich-feminist-sein-eduard-von-winterstein-theater\/#primaryimage\",\"inLanguage\":\"de-DE\",\"url\":\"https:\/\/www.doppelklicker.de\/blog\/wp-content\/uploads\/2024\/01\/premiere-von-kann-mann-wirklich-feminist-seino-im-16202.jpg\",\"contentUrl\":\"https:\/\/www.doppelklicker.de\/blog\/wp-content\/uploads\/2024\/01\/premiere-von-kann-mann-wirklich-feminist-seino-im-16202.jpg\",\"width\":1280,\"height\":615,\"caption\":\"Geschlechterklischees auf den Kopf gestellt: Kom\u00f6die im Eduard-von-WintersteinTheater (Foto: Dirk R\u00fcckschloss)\"},{\"@type\":\"WebPage\",\"@id\":\"https:\/\/www.doppelklicker.de\/blog\/kann-ein-mann-wirklich-feminist-sein-eduard-von-winterstein-theater\/#webpage\",\"url\":\"https:\/\/www.doppelklicker.de\/blog\/kann-ein-mann-wirklich-feminist-sein-eduard-von-winterstein-theater\/\",\"name\":\"Geschlechterklischees auf den Kopf gestellt: Kom\u00f6die im Eduard-von-WintersteinTheater\",\"isPartOf\":{\"@id\":\"https:\/\/www.doppelklicker.de\/blog\/#website\"},\"primaryImageOfPage\":{\"@id\":\"https:\/\/www.doppelklicker.de\/blog\/kann-ein-mann-wirklich-feminist-sein-eduard-von-winterstein-theater\/#primaryimage\"},\"datePublished\":\"2023-11-27T16:00:00+00:00\",\"dateModified\":\"2023-11-27T16:00:00+00:00\",\"author\":{\"@id\":\"https:\/\/www.doppelklicker.de\/blog\/#\/schema\/person\/08dcac172bdb025e8ff433488184668a\"},\"breadcrumb\":{\"@id\":\"https:\/\/www.doppelklicker.de\/blog\/kann-ein-mann-wirklich-feminist-sein-eduard-von-winterstein-theater\/#breadcrumb\"},\"inLanguage\":\"de-DE\",\"potentialAction\":[{\"@type\":\"ReadAction\",\"target\":[\"https:\/\/www.doppelklicker.de\/blog\/kann-ein-mann-wirklich-feminist-sein-eduard-von-winterstein-theater\/\"]}]},{\"@type\":\"BreadcrumbList\",\"@id\":\"https:\/\/www.doppelklicker.de\/blog\/kann-ein-mann-wirklich-feminist-sein-eduard-von-winterstein-theater\/#breadcrumb\",\"itemListElement\":[{\"@type\":\"ListItem\",\"position\":1,\"name\":\"Startseite\",\"item\":\"https:\/\/www.doppelklicker.de\/blog\/\"},{\"@type\":\"ListItem\",\"position\":2,\"name\":\"Geschlechterklischees auf den Kopf gestellt: Kom\u00f6die im Eduard-von-WintersteinTheater\"}]},{\"@type\":\"Person\",\"@id\":\"https:\/\/www.doppelklicker.de\/blog\/#\/schema\/person\/08dcac172bdb025e8ff433488184668a\",\"name\":\"Iris Martin\",\"image\":{\"@type\":\"ImageObject\",\"@id\":\"https:\/\/www.doppelklicker.de\/blog\/#personlogo\",\"inLanguage\":\"de-DE\",\"url\":\"https:\/\/secure.gravatar.com\/avatar\/82fdaa093be0b9686b531f99fcb54d15?s=96&d=wp_user_avatar&r=g\",\"contentUrl\":\"https:\/\/secure.gravatar.com\/avatar\/82fdaa093be0b9686b531f99fcb54d15?s=96&d=wp_user_avatar&r=g\",\"caption\":\"Iris Martin\"},\"url\":\"https:\/\/www.doppelklicker.de\/blog\/author\/iris-martin\/\"}]}<\/script>\n<!-- \/ Yoast SEO plugin. -->","yoast_head_json":{"robots":{"index":"index","follow":"follow","max-snippet":"max-snippet:-1","max-image-preview":"max-image-preview:large","max-video-preview":"max-video-preview:-1"},"canonical":"https:\/\/www.doppelklicker.de\/blog\/kann-ein-mann-wirklich-feminist-sein-eduard-von-winterstein-theater\/","og_locale":"de_DE","og_type":"article","og_title":"Geschlechterklischees auf den Kopf gestellt: Kom\u00f6die im Eduard-von-WintersteinTheater","og_description":"Am 11. November 2023 feierte die Kom\u00f6die &#8222;Kann ein Mann wirklich Feminist sein?&#8220; von Samantha Ellis im Eduard-von-WintersteinTheater in Annaberg-Buchholz Premiere. Unter der Regie von Catharina May wird die Frage aufgeworfen, ob M\u00e4nner tats\u00e4chlich Feministen sein k\u00f6nnen. Die Vorstellung beginnt um 19:30 Uhr.","og_url":"https:\/\/www.doppelklicker.de\/blog\/kann-ein-mann-wirklich-feminist-sein-eduard-von-winterstein-theater\/","og_site_name":"Aus Mainz.","article_published_time":"2023-11-27T16:00:00+00:00","og_image":[{"width":1280,"height":615,"url":"https:\/\/www.doppelklicker.de\/blog\/wp-content\/uploads\/2024\/01\/premiere-von-kann-mann-wirklich-feminist-seino-im-16202.jpg","type":"image\/jpeg"}],"twitter_card":"summary_large_image","twitter_misc":{"Verfasst von":"Iris Martin","Gesch\u00e4tzte Lesezeit":"2 Minuten"},"schema":{"@context":"https:\/\/schema.org","@graph":[{"@type":"WebSite","@id":"https:\/\/www.doppelklicker.de\/blog\/#website","url":"https:\/\/www.doppelklicker.de\/blog\/","name":"Aus Mainz.","description":"F\u00fcr die Welt.","potentialAction":[{"@type":"SearchAction","target":{"@type":"EntryPoint","urlTemplate":"https:\/\/www.doppelklicker.de\/blog\/?s={search_term_string}"},"query-input":"required name=search_term_string"}],"inLanguage":"de-DE"},{"@type":"ImageObject","@id":"https:\/\/www.doppelklicker.de\/blog\/kann-ein-mann-wirklich-feminist-sein-eduard-von-winterstein-theater\/#primaryimage","inLanguage":"de-DE","url":"https:\/\/www.doppelklicker.de\/blog\/wp-content\/uploads\/2024\/01\/premiere-von-kann-mann-wirklich-feminist-seino-im-16202.jpg","contentUrl":"https:\/\/www.doppelklicker.de\/blog\/wp-content\/uploads\/2024\/01\/premiere-von-kann-mann-wirklich-feminist-seino-im-16202.jpg","width":1280,"height":615,"caption":"Geschlechterklischees auf den Kopf gestellt: Kom\u00f6die im Eduard-von-WintersteinTheater (Foto: Dirk R\u00fcckschloss)"},{"@type":"WebPage","@id":"https:\/\/www.doppelklicker.de\/blog\/kann-ein-mann-wirklich-feminist-sein-eduard-von-winterstein-theater\/#webpage","url":"https:\/\/www.doppelklicker.de\/blog\/kann-ein-mann-wirklich-feminist-sein-eduard-von-winterstein-theater\/","name":"Geschlechterklischees auf den Kopf gestellt: Kom\u00f6die im Eduard-von-WintersteinTheater","isPartOf":{"@id":"https:\/\/www.doppelklicker.de\/blog\/#website"},"primaryImageOfPage":{"@id":"https:\/\/www.doppelklicker.de\/blog\/kann-ein-mann-wirklich-feminist-sein-eduard-von-winterstein-theater\/#primaryimage"},"datePublished":"2023-11-27T16:00:00+00:00","dateModified":"2023-11-27T16:00:00+00:00","author":{"@id":"https:\/\/www.doppelklicker.de\/blog\/#\/schema\/person\/08dcac172bdb025e8ff433488184668a"},"breadcrumb":{"@id":"https:\/\/www.doppelklicker.de\/blog\/kann-ein-mann-wirklich-feminist-sein-eduard-von-winterstein-theater\/#breadcrumb"},"inLanguage":"de-DE","potentialAction":[{"@type":"ReadAction","target":["https:\/\/www.doppelklicker.de\/blog\/kann-ein-mann-wirklich-feminist-sein-eduard-von-winterstein-theater\/"]}]},{"@type":"BreadcrumbList","@id":"https:\/\/www.doppelklicker.de\/blog\/kann-ein-mann-wirklich-feminist-sein-eduard-von-winterstein-theater\/#breadcrumb","itemListElement":[{"@type":"ListItem","position":1,"name":"Startseite","item":"https:\/\/www.doppelklicker.de\/blog\/"},{"@type":"ListItem","position":2,"name":"Geschlechterklischees auf den Kopf gestellt: Kom\u00f6die im Eduard-von-WintersteinTheater"}]},{"@type":"Person","@id":"https:\/\/www.doppelklicker.de\/blog\/#\/schema\/person\/08dcac172bdb025e8ff433488184668a","name":"Iris Martin","image":{"@type":"ImageObject","@id":"https:\/\/www.doppelklicker.de\/blog\/#personlogo","inLanguage":"de-DE","url":"https:\/\/secure.gravatar.com\/avatar\/82fdaa093be0b9686b531f99fcb54d15?s=96&d=wp_user_avatar&r=g","contentUrl":"https:\/\/secure.gravatar.com\/avatar\/82fdaa093be0b9686b531f99fcb54d15?s=96&d=wp_user_avatar&r=g","caption":"Iris Martin"},"url":"https:\/\/www.doppelklicker.de\/blog\/author\/iris-martin\/"}]}},"_links":{"self":[{"href":"https:\/\/www.doppelklicker.de\/blog\/wp-json\/wp\/v2\/posts\/6821"}],"collection":[{"href":"https:\/\/www.doppelklicker.de\/blog\/wp-json\/wp\/v2\/posts"}],"about":[{"href":"https:\/\/www.doppelklicker.de\/blog\/wp-json\/wp\/v2\/types\/post"}],"author":[{"embeddable":true,"href":"https:\/\/www.doppelklicker.de\/blog\/wp-json\/wp\/v2\/users\/8"}],"replies":[{"embeddable":true,"href":"https:\/\/www.doppelklicker.de\/blog\/wp-json\/wp\/v2\/comments?post=6821"}],"version-history":[{"count":0,"href":"https:\/\/www.doppelklicker.de\/blog\/wp-json\/wp\/v2\/posts\/6821\/revisions"}],"wp:featuredmedia":[{"embeddable":true,"href":"https:\/\/www.doppelklicker.de\/blog\/wp-json\/wp\/v2\/media\/6822"}],"wp:attachment":[{"href":"https:\/\/www.doppelklicker.de\/blog\/wp-json\/wp\/v2\/media?parent=6821"}],"wp:term":[{"taxonomy":"category","embeddable":true,"href":"https:\/\/www.doppelklicker.de\/blog\/wp-json\/wp\/v2\/categories?post=6821"},{"taxonomy":"post_tag","embeddable":true,"href":"https:\/\/www.doppelklicker.de\/blog\/wp-json\/wp\/v2\/tags?post=6821"}],"curies":[{"name":"wp","href":"https:\/\/api.w.org\/{rel}","templated":true}]}}