{"id":6823,"date":"2024-01-11T09:00:00","date_gmt":"2024-01-11T07:00:00","guid":{"rendered":"guid"},"modified":"2024-01-11T09:00:00","modified_gmt":"2024-01-11T07:00:00","slug":"b3-festival-des-bewegten-bildes-ein-rueckblick","status":"publish","type":"post","link":"https:\/\/www.doppelklicker.de\/blog\/b3-festival-des-bewegten-bildes-ein-rueckblick\/","title":{"rendered":"J\u00e4hrliches B3 Festival spiegelt Entwicklungsdynamik des bewegten Bildes wider"},"content":{"rendered":"<p>Das B3 Festival des bewegten Bildes in Frankfurt am Main wurde am Sonntag beendet. W\u00e4hrend neun Tagen wurden verschiedene Aspekte des bewegten Bildes gefeiert und neue M\u00f6glichkeiten des visuellen Geschichtenerz\u00e4hlens erforscht. Das Festival beeindruckte erneut mit rund 70 Filmen, 60 Kunstwerken und der Teilnahme von 50 K\u00fcnstlern und G\u00e4sten aus aller Welt.<br \/>\n<!--more--><\/p>\n<div id=\"ez-toc-container\" class=\"ez-toc-v2_0_16 counter-hierarchy\">\n<div class=\"ez-toc-title-container\">\n<p class=\"ez-toc-title\">Inhaltsverzeichnis: Das erwartet Sie in diesem Artikel<\/p>\n<span class=\"ez-toc-title-toggle\"><a class=\"ez-toc-pull-right ez-toc-btn ez-toc-btn-xs ez-toc-btn-default ez-toc-toggle\" style=\"display: none;\"><i class=\"ez-toc-glyphicon ez-toc-icon-toggle\"><\/i><\/a><\/span><\/div>\n<nav><ul class=\"ez-toc-list ez-toc-list-level-1\"><li class=\"ez-toc-page-1 ez-toc-heading-level-2\"><a class=\"ez-toc-link ez-toc-heading-1\" href=\"https:\/\/www.doppelklicker.de\/blog\/b3-festival-des-bewegten-bildes-ein-rueckblick\/#publikumszuspruch-grosses-interesse-an-b3-festival-in-frankfurt\" title=\"Publikumszuspruch: Gro\u00dfes Interesse an B3 Festival in Frankfurt\">Publikumszuspruch: Gro\u00dfes Interesse an B3 Festival in Frankfurt<\/a><\/li><li class=\"ez-toc-page-1 ez-toc-heading-level-2\"><a class=\"ez-toc-link ez-toc-heading-2\" href=\"https:\/\/www.doppelklicker.de\/blog\/b3-festival-des-bewegten-bildes-ein-rueckblick\/#b3-festival-immer-am-puls-der-entwicklung-des-visuellen-geschichtenerzaehlens\" title=\"B3 Festival: Immer am Puls der Entwicklung des visuellen Geschichtenerz\u00e4hlens\">B3 Festival: Immer am Puls der Entwicklung des visuellen Geschichtenerz\u00e4hlens<\/a><\/li><li class=\"ez-toc-page-1 ez-toc-heading-level-2\"><a class=\"ez-toc-link ez-toc-heading-3\" href=\"https:\/\/www.doppelklicker.de\/blog\/b3-festival-des-bewegten-bildes-ein-rueckblick\/#auftakt-des-festivals-mit-hochkaraetiger-gala-und-auszeichnungen\" title=\"Auftakt des Festivals mit hochkar\u00e4tiger Gala und Auszeichnungen\">Auftakt des Festivals mit hochkar\u00e4tiger Gala und Auszeichnungen<\/a><\/li><li class=\"ez-toc-page-1 ez-toc-heading-level-2\"><a class=\"ez-toc-link ez-toc-heading-4\" href=\"https:\/\/www.doppelklicker.de\/blog\/b3-festival-des-bewegten-bildes-ein-rueckblick\/#b3-konferenz-ki-als-werkzeug-fuer-kreatives-storytelling\" title=\"B3 Konferenz: KI als Werkzeug f\u00fcr kreatives Storytelling\">B3 Konferenz: KI als Werkzeug f\u00fcr kreatives Storytelling<\/a><\/li><li class=\"ez-toc-page-1 ez-toc-heading-level-2\"><a class=\"ez-toc-link ez-toc-heading-5\" href=\"https:\/\/www.doppelklicker.de\/blog\/b3-festival-des-bewegten-bildes-ein-rueckblick\/#auszeichnung-fuer-%e2%80%9ehaven-maureen-oconnell-gewinnt-besten-kurzfilm\" title=\"Auszeichnung f\u00fcr &#8222;HAVEN&#8220;: Maureen O&#8217;Connell gewinnt besten Kurzfilm\">Auszeichnung f\u00fcr &#8222;HAVEN&#8220;: Maureen O&#8217;Connell gewinnt besten Kurzfilm<\/a><\/li><li class=\"ez-toc-page-1 ez-toc-heading-level-2\"><a class=\"ez-toc-link ez-toc-heading-6\" href=\"https:\/\/www.doppelklicker.de\/blog\/b3-festival-des-bewegten-bildes-ein-rueckblick\/#internationale-b3-kuenstler-experimente-jenseits-des-klassischen-kinos-in-frankfurt\" title=\"Internationale B3-K\u00fcnstler: Experimente jenseits des klassischen Kinos in Frankfurt\">Internationale B3-K\u00fcnstler: Experimente jenseits des klassischen Kinos in Frankfurt<\/a><\/li><li class=\"ez-toc-page-1 ez-toc-heading-level-2\"><a class=\"ez-toc-link ez-toc-heading-7\" href=\"https:\/\/www.doppelklicker.de\/blog\/b3-festival-des-bewegten-bildes-ein-rueckblick\/#videoinstallation-%e2%80%9ehappily-ever-after-utopie-einer-gleichgeschlechtlichen-hochzeit-beleuchtet\" title=\"Videoinstallation &#8222;HAPPILY EVER AFTER&#8220;: Utopie einer gleichgeschlechtlichen Hochzeit beleuchtet\">Videoinstallation &#8222;HAPPILY EVER AFTER&#8220;: Utopie einer gleichgeschlechtlichen Hochzeit beleuchtet<\/a><\/li><li class=\"ez-toc-page-1 ez-toc-heading-level-2\"><a class=\"ez-toc-link ez-toc-heading-8\" href=\"https:\/\/www.doppelklicker.de\/blog\/b3-festival-des-bewegten-bildes-ein-rueckblick\/#b3-festival-und-frankfurter-buchmesse-intensivieren-zusammenarbeit\" title=\"B3 Festival und Frankfurter Buchmesse intensivieren Zusammenarbeit\">B3 Festival und Frankfurter Buchmesse intensivieren Zusammenarbeit<\/a><\/li><li class=\"ez-toc-page-1 ez-toc-heading-level-2\"><a class=\"ez-toc-link ez-toc-heading-9\" href=\"https:\/\/www.doppelklicker.de\/blog\/b3-festival-des-bewegten-bildes-ein-rueckblick\/#abschlussfoerderprogramm-hab-hessen-unterstuetzt-hessische-kunst-und-filmstudenten\" title=\"Abschlussf\u00f6rderprogramm HAB-Hessen unterst\u00fctzt hessische Kunst- und Filmstudenten\">Abschlussf\u00f6rderprogramm HAB-Hessen unterst\u00fctzt hessische Kunst- und Filmstudenten<\/a><\/li><li class=\"ez-toc-page-1 ez-toc-heading-level-2\"><a class=\"ez-toc-link ez-toc-heading-10\" href=\"https:\/\/www.doppelklicker.de\/blog\/b3-festival-des-bewegten-bildes-ein-rueckblick\/#erfolgreiches-b3-festival-setzt-impulse-fuer-den-bereich-des-bewegten-bildes\" title=\"Erfolgreiches B3 Festival setzt Impulse f\u00fcr den Bereich des bewegten Bildes\">Erfolgreiches B3 Festival setzt Impulse f\u00fcr den Bereich des bewegten Bildes<\/a><\/li><\/ul><\/nav><\/div>\n<h2><span class=\"ez-toc-section\" id=\"publikumszuspruch-grosses-interesse-an-b3-festival-in-frankfurt\"><\/span>Publikumszuspruch: Gro\u00dfes Interesse an B3 Festival in Frankfurt<span class=\"ez-toc-section-end\"><\/span><\/h2>\n<p>Das Festival stie\u00df auf gro\u00dfes Interesse beim Publikum, was sich in gut besuchten Veranstaltungen und einer rege gef\u00fchrten Teilnahme an Gespr\u00e4chen und Diskussionen widerspiegelte. Insgesamt z\u00e4hlten die Veranstalter 36.400 Besucher an den f\u00fcnf Veranstaltungsorten in der Frankfurter Innenstadt.<\/p>\n<h2><span class=\"ez-toc-section\" id=\"b3-festival-immer-am-puls-der-entwicklung-des-visuellen-geschichtenerzaehlens\"><\/span>B3 Festival: Immer am Puls der Entwicklung des visuellen Geschichtenerz\u00e4hlens<span class=\"ez-toc-section-end\"><\/span><\/h2>\n<p>Das B3 Festival ist ein bedeutendes Event f\u00fcr das bewegte Bild, das seit 2012 stattfindet und seit 2019 in enger Zusammenarbeit mit der Frankfurter Buchmesse organisiert wird. Durch die j\u00e4hrliche Taktung kann das Festival die rasante Entwicklung im Erz\u00e4hlen mit bewegten Bildern und den Einsatz neuer Technologien aufzeigen. Die diesj\u00e4hrige Ausgabe hat eindrucksvoll demonstriert, wie kreativ und vielf\u00e4ltig das visuelle Geschichtenerz\u00e4hlen sein kann.<\/p>\n<h2><span class=\"ez-toc-section\" id=\"auftakt-des-festivals-mit-hochkaraetiger-gala-und-auszeichnungen\"><\/span>Auftakt des Festivals mit hochkar\u00e4tiger Gala und Auszeichnungen<span class=\"ez-toc-section-end\"><\/span><\/h2>\n<p>Mit einer feierlichen Gala, moderiert von Julia Finkernagel und musikalisch begleitet von Dennis &#8222;Denyo&#8220; Lisk, wurde das Festival er\u00f6ffnet. Das Publikum konnte sich auf eine beeindruckende Auswahl von Filmen freuen, darunter auch Deutschlandpremieren aus 40 L\u00e4ndern. Besonders interessant waren die pers\u00f6nlichen Anwesenheiten der renommierten Regisseure Stephen Frears und Alice Troughton, die spannende Regiegespr\u00e4che f\u00fchrten. Eine besondere Auszeichnung erhielt der Film &#8222;THE LOST KING&#8220; von Stephen Frears, der als &#8222;Best Feature Film&#8220; mit einem B3 BEN Award pr\u00e4miert wurde.<\/p>\n<h2><span class=\"ez-toc-section\" id=\"b3-konferenz-ki-als-werkzeug-fuer-kreatives-storytelling\"><\/span>B3 Konferenz: KI als Werkzeug f\u00fcr kreatives Storytelling<span class=\"ez-toc-section-end\"><\/span><\/h2>\n<p>Die B3 Konferenz setzte einen Schwerpunkt auf die Anwendungsm\u00f6glichkeiten von K\u00fcnstlicher Intelligenz (KI) im Bereich des filmischen Erz\u00e4hlens. In zahlreichen Veranstaltungen wurde er\u00f6rtert, welches Potenzial KI in Bezug auf die Entwicklung und Produktion von Inhalten bietet und wie den damit verbundenen Herausforderungen begegnet werden kann. Dar\u00fcber hinaus wurde eine ausf\u00fchrliche Diskussion \u00fcber die ethischen Aspekte von Kunst und Film gef\u00fchrt.<\/p>\n<h2><span class=\"ez-toc-section\" id=\"auszeichnung-fuer-%e2%80%9ehaven-maureen-oconnell-gewinnt-besten-kurzfilm\"><\/span>Auszeichnung f\u00fcr &#8222;HAVEN&#8220;: Maureen O&#8217;Connell gewinnt besten Kurzfilm<span class=\"ez-toc-section-end\"><\/span><\/h2>\n<p>Der diesj\u00e4hrige Kurzfilmwettbewerb auf dem B3 Festival \u00fcbertraf das Interesse der Branche im Vergleich zum Vorjahr. Insgesamt wurden 110 Kurzfilme von Filmschaffenden aus 26 L\u00e4ndern eingereicht, was die hohe Resonanz auf den Wettbewerb verdeutlicht. Von den 27 ausgew\u00e4hlten Filmen wurden zwei mit dem renommierten B3 BEN Award ausgezeichnet. Die Regisseurin Maureen O&#8217;Connell erhielt den Preis f\u00fcr ihren herausragenden Kurzfilm &#8222;HAVEN&#8220;, w\u00e4hrend die Regisseurinnen Milena B\u00fchring, Klara Kirsch und Lisa Kaschubat den &#8222;Rotraut Pape Inspiration Award&#8220; f\u00fcr ihren experimentellen Kurzfilm &#8222;ECTORIDERS&#8220; gewannen.<\/p>\n<h2><span class=\"ez-toc-section\" id=\"internationale-b3-kuenstler-experimente-jenseits-des-klassischen-kinos-in-frankfurt\"><\/span>Internationale B3-K\u00fcnstler: Experimente jenseits des klassischen Kinos in Frankfurt<span class=\"ez-toc-section-end\"><\/span><\/h2>\n<p>Die ASTOR Film Lounge in Frankfurt fungiert nicht nur als Austragungsort f\u00fcr das B3 Filmfestival und die B3 Konferenz, sondern auch als Ort der Begegnung und des kulturellen Austauschs. Hier pr\u00e4sentieren internationale B3-K\u00fcnstler innovative und experimentelle Formate, die \u00fcber den Rahmen klassischer Kinofilme hinausgehen. Die Film Lounge schafft somit eine Plattform f\u00fcr zeitgen\u00f6ssische Kunst und f\u00f6rdert den Dialog zwischen K\u00fcnstlern und Publikum.<\/p>\n<h2><span class=\"ez-toc-section\" id=\"videoinstallation-%e2%80%9ehappily-ever-after-utopie-einer-gleichgeschlechtlichen-hochzeit-beleuchtet\"><\/span>Videoinstallation &#8222;HAPPILY EVER AFTER&#8220;: Utopie einer gleichgeschlechtlichen Hochzeit beleuchtet<span class=\"ez-toc-section-end\"><\/span><\/h2>\n<p>Das B3 Festival bot den Besuchern nicht nur einen Einblick in die neuesten Technologien wie k\u00fcnstliche Intelligenz und algorithmische Kunst, sondern setzte sich auch intensiv mit gesellschaftspolitischen Themen auseinander. K\u00fcnstlerinnen wie Katarzyna Perlak und Anna Ridler pr\u00e4sentierten dabei beeindruckende Werke, die aktuelle gesellschaftliche Herausforderungen aufgriffen. Die Videoinstallation &#8222;HAPPILY EVER AFTER&#8220; von Katarzyna Perlak beleuchtete beispielsweise die Vision einer gleichgeschlechtlichen Hochzeit, die in Polen mit homophober Gewalt konfrontiert ist. Das Werk &#8222;ANNO OXYPETALUM&#8220; von Anna Ridler wiederum zeigte die faszinierende Bewegung der Kaktusbl\u00fcten der &#8222;K\u00f6nigin der Nacht&#8220;.<\/p>\n<h2><span class=\"ez-toc-section\" id=\"b3-festival-und-frankfurter-buchmesse-intensivieren-zusammenarbeit\"><\/span>B3 Festival und Frankfurter Buchmesse intensivieren Zusammenarbeit<span class=\"ez-toc-section-end\"><\/span><\/h2>\n<p>Dank der engen Kooperation mit der Frankfurter Buchmesse konnte das B3 Festival seine Zusammenarbeit weiter ausbauen und festigen. Im Rahmen von THE ARTS+ wurde ein faszinierendes Gespr\u00e4ch mit Regisseur Behrooz Karamizade auf der Buchmesse pr\u00e4sentiert, das von der B3 organisiert wurde. Zudem stellten mehrere B3-K\u00fcnstler auf der Buchmesse neue VR-Projekte vor. Die B\u00fccher der Serie &#8222;The Grand Voyage&#8220; von Federico Solmi schufen eine Verbindung zwischen Buch und Videokunst.<\/p>\n<h2><span class=\"ez-toc-section\" id=\"abschlussfoerderprogramm-hab-hessen-unterstuetzt-hessische-kunst-und-filmstudenten\"><\/span>Abschlussf\u00f6rderprogramm HAB-Hessen unterst\u00fctzt hessische Kunst- und Filmstudenten<span class=\"ez-toc-section-end\"><\/span><\/h2>\n<p>Das B3 Talent Forum war erneut ein zentraler Bestandteil des Festivals. Im Rahmen der Initiative &#8222;HessenLab&#8220; erhielten 22 internationale Kreativ-Talente w\u00e4hrend eines Online-Mentoring-Programms individuelle Betreuung und Beratung. Das Abschlussf\u00f6rderprogramm &#8222;HAB-Hessen&#8220; unterst\u00fctzt hessische Studenten in Kunst-, Film- und Medienstudieng\u00e4ngen und f\u00f6rdert aktiv ihre kreative Entwicklung. Diese gezielte F\u00f6rderung erm\u00f6glicht es den Nachwuchstalenten, ihr Potenzial voll auszusch\u00f6pfen und ihre k\u00fcnstlerische Karriere voranzutreiben.<\/p>\n<h2><span class=\"ez-toc-section\" id=\"erfolgreiches-b3-festival-setzt-impulse-fuer-den-bereich-des-bewegten-bildes\"><\/span>Erfolgreiches B3 Festival setzt Impulse f\u00fcr den Bereich des bewegten Bildes<span class=\"ez-toc-section-end\"><\/span><\/h2>\n<p>Das B3 Festival des bewegten Bildes \u00fcberzeugte in diesem Jahr erneut mit einem vielseitigen Programm und namhaften G\u00e4sten. Ein zentrales Anliegen des Festivals war es, neue Technologien zu pr\u00e4sentieren und gesellschaftspolitische Themen zu diskutieren. Die F\u00f6rderung des Nachwuchses spielte dabei eine wichtige Rolle. Durch den gro\u00dfen Publikumszuspruch hat sich das Festival als feste Gr\u00f6\u00dfe im Bereich des bewegten Bildes etabliert. Wir sind gespannt auf die weiteren Entwicklungen und freuen uns auf das B3 Festival im Jahr 2024.<\/p>\n<p>Markieren Sie sich den Zeitraum! Vom 11. bis zum 20.10.2024 findet das B3 Festival des bewegten Bildes statt. Erleben Sie eine einzigartige Veranstaltung, bei der Filme, Kunstwerke und K\u00fcnstler aus aller Welt zusammenkommen. Das Festival bietet Ihnen die M\u00f6glichkeit, neue Technologien und kreative Ans\u00e4tze im Bereich des visuellen Geschichtenerz\u00e4hlens zu entdecken. Nehmen Sie an spannenden Diskussionen teil und lassen Sie sich von den vielf\u00e4ltigen Programmpunkten inspirieren. Seien Sie dabei und tauchen Sie in die Welt des bewegten Bildes ein.<\/p>\n","protected":false},"excerpt":{"rendered":"<p>Das B3 Festival des bewegten Bildes in Frankfurt am Main wurde am Sonntag beendet. W\u00e4hrend neun Tagen wurden verschiedene Aspekte des bewegten Bildes gefeiert und neue M\u00f6glichkeiten des visuellen Geschichtenerz\u00e4hlens erforscht. Das Festival beeindruckte erneut mit rund 70 Filmen, 60 Kunstwerken und der Teilnahme von 50 K\u00fcnstlern und G\u00e4sten aus aller Welt.<\/p>\n","protected":false},"author":8,"featured_media":6824,"comment_status":"open","ping_status":"open","sticky":false,"template":"","format":"standard","meta":[],"categories":[3305],"tags":[],"yoast_head":"<!-- This site is optimized with the Yoast SEO plugin v18.2 - https:\/\/yoast.com\/wordpress\/plugins\/seo\/ -->\n<meta name=\"robots\" content=\"index, follow, max-snippet:-1, max-image-preview:large, max-video-preview:-1\" \/>\n<link rel=\"canonical\" href=\"https:\/\/www.doppelklicker.de\/blog\/b3-festival-des-bewegten-bildes-ein-rueckblick\/\" \/>\n<meta property=\"og:locale\" content=\"de_DE\" \/>\n<meta property=\"og:type\" content=\"article\" \/>\n<meta property=\"og:title\" content=\"J\u00e4hrliches B3 Festival spiegelt Entwicklungsdynamik des bewegten Bildes wider\" \/>\n<meta property=\"og:description\" content=\"Das B3 Festival des bewegten Bildes in Frankfurt am Main wurde am Sonntag beendet. W\u00e4hrend neun Tagen wurden verschiedene Aspekte des bewegten Bildes gefeiert und neue M\u00f6glichkeiten des visuellen Geschichtenerz\u00e4hlens erforscht. Das Festival beeindruckte erneut mit rund 70 Filmen, 60 Kunstwerken und der Teilnahme von 50 K\u00fcnstlern und G\u00e4sten aus aller Welt.\" \/>\n<meta property=\"og:url\" content=\"https:\/\/www.doppelklicker.de\/blog\/b3-festival-des-bewegten-bildes-ein-rueckblick\/\" \/>\n<meta property=\"og:site_name\" content=\"Aus Mainz.\" \/>\n<meta property=\"article:published_time\" content=\"2024-01-11T07:00:00+00:00\" \/>\n<meta property=\"og:image\" content=\"https:\/\/www.doppelklicker.de\/blog\/wp-content\/uploads\/2024\/01\/b3-festival-des-bewegten-bildes-begeistert-vielfaeltigem-16209.jpg\" \/>\n\t<meta property=\"og:image:width\" content=\"1280\" \/>\n\t<meta property=\"og:image:height\" content=\"615\" \/>\n\t<meta property=\"og:image:type\" content=\"image\/jpeg\" \/>\n<meta name=\"twitter:card\" content=\"summary_large_image\" \/>\n<meta name=\"twitter:label1\" content=\"Verfasst von\" \/>\n\t<meta name=\"twitter:data1\" content=\"Iris Martin\" \/>\n\t<meta name=\"twitter:label2\" content=\"Gesch\u00e4tzte Lesezeit\" \/>\n\t<meta name=\"twitter:data2\" content=\"5 Minuten\" \/>\n<script type=\"application\/ld+json\" class=\"yoast-schema-graph\">{\"@context\":\"https:\/\/schema.org\",\"@graph\":[{\"@type\":\"WebSite\",\"@id\":\"https:\/\/www.doppelklicker.de\/blog\/#website\",\"url\":\"https:\/\/www.doppelklicker.de\/blog\/\",\"name\":\"Aus Mainz.\",\"description\":\"F\u00fcr die Welt.\",\"potentialAction\":[{\"@type\":\"SearchAction\",\"target\":{\"@type\":\"EntryPoint\",\"urlTemplate\":\"https:\/\/www.doppelklicker.de\/blog\/?s={search_term_string}\"},\"query-input\":\"required name=search_term_string\"}],\"inLanguage\":\"de-DE\"},{\"@type\":\"ImageObject\",\"@id\":\"https:\/\/www.doppelklicker.de\/blog\/b3-festival-des-bewegten-bildes-ein-rueckblick\/#primaryimage\",\"inLanguage\":\"de-DE\",\"url\":\"https:\/\/www.doppelklicker.de\/blog\/wp-content\/uploads\/2024\/01\/b3-festival-des-bewegten-bildes-begeistert-vielfaeltigem-16209.jpg\",\"contentUrl\":\"https:\/\/www.doppelklicker.de\/blog\/wp-content\/uploads\/2024\/01\/b3-festival-des-bewegten-bildes-begeistert-vielfaeltigem-16209.jpg\",\"width\":1280,\"height\":615,\"caption\":\"J\u00e4hrliches B3 Festival spiegelt Entwicklungsdynamik des bewegten Bildes wider (Foto: B3 Biennale)\"},{\"@type\":\"WebPage\",\"@id\":\"https:\/\/www.doppelklicker.de\/blog\/b3-festival-des-bewegten-bildes-ein-rueckblick\/#webpage\",\"url\":\"https:\/\/www.doppelklicker.de\/blog\/b3-festival-des-bewegten-bildes-ein-rueckblick\/\",\"name\":\"J\u00e4hrliches B3 Festival spiegelt Entwicklungsdynamik des bewegten Bildes wider\",\"isPartOf\":{\"@id\":\"https:\/\/www.doppelklicker.de\/blog\/#website\"},\"primaryImageOfPage\":{\"@id\":\"https:\/\/www.doppelklicker.de\/blog\/b3-festival-des-bewegten-bildes-ein-rueckblick\/#primaryimage\"},\"datePublished\":\"2024-01-11T07:00:00+00:00\",\"dateModified\":\"2024-01-11T07:00:00+00:00\",\"author\":{\"@id\":\"https:\/\/www.doppelklicker.de\/blog\/#\/schema\/person\/08dcac172bdb025e8ff433488184668a\"},\"breadcrumb\":{\"@id\":\"https:\/\/www.doppelklicker.de\/blog\/b3-festival-des-bewegten-bildes-ein-rueckblick\/#breadcrumb\"},\"inLanguage\":\"de-DE\",\"potentialAction\":[{\"@type\":\"ReadAction\",\"target\":[\"https:\/\/www.doppelklicker.de\/blog\/b3-festival-des-bewegten-bildes-ein-rueckblick\/\"]}]},{\"@type\":\"BreadcrumbList\",\"@id\":\"https:\/\/www.doppelklicker.de\/blog\/b3-festival-des-bewegten-bildes-ein-rueckblick\/#breadcrumb\",\"itemListElement\":[{\"@type\":\"ListItem\",\"position\":1,\"name\":\"Startseite\",\"item\":\"https:\/\/www.doppelklicker.de\/blog\/\"},{\"@type\":\"ListItem\",\"position\":2,\"name\":\"J\u00e4hrliches B3 Festival spiegelt Entwicklungsdynamik des bewegten Bildes wider\"}]},{\"@type\":\"Person\",\"@id\":\"https:\/\/www.doppelklicker.de\/blog\/#\/schema\/person\/08dcac172bdb025e8ff433488184668a\",\"name\":\"Iris Martin\",\"image\":{\"@type\":\"ImageObject\",\"@id\":\"https:\/\/www.doppelklicker.de\/blog\/#personlogo\",\"inLanguage\":\"de-DE\",\"url\":\"https:\/\/secure.gravatar.com\/avatar\/82fdaa093be0b9686b531f99fcb54d15?s=96&d=wp_user_avatar&r=g\",\"contentUrl\":\"https:\/\/secure.gravatar.com\/avatar\/82fdaa093be0b9686b531f99fcb54d15?s=96&d=wp_user_avatar&r=g\",\"caption\":\"Iris Martin\"},\"url\":\"https:\/\/www.doppelklicker.de\/blog\/author\/iris-martin\/\"}]}<\/script>\n<!-- \/ Yoast SEO plugin. -->","yoast_head_json":{"robots":{"index":"index","follow":"follow","max-snippet":"max-snippet:-1","max-image-preview":"max-image-preview:large","max-video-preview":"max-video-preview:-1"},"canonical":"https:\/\/www.doppelklicker.de\/blog\/b3-festival-des-bewegten-bildes-ein-rueckblick\/","og_locale":"de_DE","og_type":"article","og_title":"J\u00e4hrliches B3 Festival spiegelt Entwicklungsdynamik des bewegten Bildes wider","og_description":"Das B3 Festival des bewegten Bildes in Frankfurt am Main wurde am Sonntag beendet. W\u00e4hrend neun Tagen wurden verschiedene Aspekte des bewegten Bildes gefeiert und neue M\u00f6glichkeiten des visuellen Geschichtenerz\u00e4hlens erforscht. Das Festival beeindruckte erneut mit rund 70 Filmen, 60 Kunstwerken und der Teilnahme von 50 K\u00fcnstlern und G\u00e4sten aus aller Welt.","og_url":"https:\/\/www.doppelklicker.de\/blog\/b3-festival-des-bewegten-bildes-ein-rueckblick\/","og_site_name":"Aus Mainz.","article_published_time":"2024-01-11T07:00:00+00:00","og_image":[{"width":1280,"height":615,"url":"https:\/\/www.doppelklicker.de\/blog\/wp-content\/uploads\/2024\/01\/b3-festival-des-bewegten-bildes-begeistert-vielfaeltigem-16209.jpg","type":"image\/jpeg"}],"twitter_card":"summary_large_image","twitter_misc":{"Verfasst von":"Iris Martin","Gesch\u00e4tzte Lesezeit":"5 Minuten"},"schema":{"@context":"https:\/\/schema.org","@graph":[{"@type":"WebSite","@id":"https:\/\/www.doppelklicker.de\/blog\/#website","url":"https:\/\/www.doppelklicker.de\/blog\/","name":"Aus Mainz.","description":"F\u00fcr die Welt.","potentialAction":[{"@type":"SearchAction","target":{"@type":"EntryPoint","urlTemplate":"https:\/\/www.doppelklicker.de\/blog\/?s={search_term_string}"},"query-input":"required name=search_term_string"}],"inLanguage":"de-DE"},{"@type":"ImageObject","@id":"https:\/\/www.doppelklicker.de\/blog\/b3-festival-des-bewegten-bildes-ein-rueckblick\/#primaryimage","inLanguage":"de-DE","url":"https:\/\/www.doppelklicker.de\/blog\/wp-content\/uploads\/2024\/01\/b3-festival-des-bewegten-bildes-begeistert-vielfaeltigem-16209.jpg","contentUrl":"https:\/\/www.doppelklicker.de\/blog\/wp-content\/uploads\/2024\/01\/b3-festival-des-bewegten-bildes-begeistert-vielfaeltigem-16209.jpg","width":1280,"height":615,"caption":"J\u00e4hrliches B3 Festival spiegelt Entwicklungsdynamik des bewegten Bildes wider (Foto: B3 Biennale)"},{"@type":"WebPage","@id":"https:\/\/www.doppelklicker.de\/blog\/b3-festival-des-bewegten-bildes-ein-rueckblick\/#webpage","url":"https:\/\/www.doppelklicker.de\/blog\/b3-festival-des-bewegten-bildes-ein-rueckblick\/","name":"J\u00e4hrliches B3 Festival spiegelt Entwicklungsdynamik des bewegten Bildes wider","isPartOf":{"@id":"https:\/\/www.doppelklicker.de\/blog\/#website"},"primaryImageOfPage":{"@id":"https:\/\/www.doppelklicker.de\/blog\/b3-festival-des-bewegten-bildes-ein-rueckblick\/#primaryimage"},"datePublished":"2024-01-11T07:00:00+00:00","dateModified":"2024-01-11T07:00:00+00:00","author":{"@id":"https:\/\/www.doppelklicker.de\/blog\/#\/schema\/person\/08dcac172bdb025e8ff433488184668a"},"breadcrumb":{"@id":"https:\/\/www.doppelklicker.de\/blog\/b3-festival-des-bewegten-bildes-ein-rueckblick\/#breadcrumb"},"inLanguage":"de-DE","potentialAction":[{"@type":"ReadAction","target":["https:\/\/www.doppelklicker.de\/blog\/b3-festival-des-bewegten-bildes-ein-rueckblick\/"]}]},{"@type":"BreadcrumbList","@id":"https:\/\/www.doppelklicker.de\/blog\/b3-festival-des-bewegten-bildes-ein-rueckblick\/#breadcrumb","itemListElement":[{"@type":"ListItem","position":1,"name":"Startseite","item":"https:\/\/www.doppelklicker.de\/blog\/"},{"@type":"ListItem","position":2,"name":"J\u00e4hrliches B3 Festival spiegelt Entwicklungsdynamik des bewegten Bildes wider"}]},{"@type":"Person","@id":"https:\/\/www.doppelklicker.de\/blog\/#\/schema\/person\/08dcac172bdb025e8ff433488184668a","name":"Iris Martin","image":{"@type":"ImageObject","@id":"https:\/\/www.doppelklicker.de\/blog\/#personlogo","inLanguage":"de-DE","url":"https:\/\/secure.gravatar.com\/avatar\/82fdaa093be0b9686b531f99fcb54d15?s=96&d=wp_user_avatar&r=g","contentUrl":"https:\/\/secure.gravatar.com\/avatar\/82fdaa093be0b9686b531f99fcb54d15?s=96&d=wp_user_avatar&r=g","caption":"Iris Martin"},"url":"https:\/\/www.doppelklicker.de\/blog\/author\/iris-martin\/"}]}},"_links":{"self":[{"href":"https:\/\/www.doppelklicker.de\/blog\/wp-json\/wp\/v2\/posts\/6823"}],"collection":[{"href":"https:\/\/www.doppelklicker.de\/blog\/wp-json\/wp\/v2\/posts"}],"about":[{"href":"https:\/\/www.doppelklicker.de\/blog\/wp-json\/wp\/v2\/types\/post"}],"author":[{"embeddable":true,"href":"https:\/\/www.doppelklicker.de\/blog\/wp-json\/wp\/v2\/users\/8"}],"replies":[{"embeddable":true,"href":"https:\/\/www.doppelklicker.de\/blog\/wp-json\/wp\/v2\/comments?post=6823"}],"version-history":[{"count":0,"href":"https:\/\/www.doppelklicker.de\/blog\/wp-json\/wp\/v2\/posts\/6823\/revisions"}],"wp:featuredmedia":[{"embeddable":true,"href":"https:\/\/www.doppelklicker.de\/blog\/wp-json\/wp\/v2\/media\/6824"}],"wp:attachment":[{"href":"https:\/\/www.doppelklicker.de\/blog\/wp-json\/wp\/v2\/media?parent=6823"}],"wp:term":[{"taxonomy":"category","embeddable":true,"href":"https:\/\/www.doppelklicker.de\/blog\/wp-json\/wp\/v2\/categories?post=6823"},{"taxonomy":"post_tag","embeddable":true,"href":"https:\/\/www.doppelklicker.de\/blog\/wp-json\/wp\/v2\/tags?post=6823"}],"curies":[{"name":"wp","href":"https:\/\/api.w.org\/{rel}","templated":true}]}}