{"id":6841,"date":"2024-01-22T12:00:00","date_gmt":"2024-01-22T10:00:00","guid":{"rendered":"guid"},"modified":"2024-01-22T12:00:00","modified_gmt":"2024-01-22T10:00:00","slug":"die-vielseitige-tarte-eine-herzhafte-alternative-zum-suessen-klassiker","status":"publish","type":"post","link":"https:\/\/www.doppelklicker.de\/blog\/die-vielseitige-tarte-eine-herzhafte-alternative-zum-suessen-klassiker\/","title":{"rendered":"Die Tarte &#8211; ein Hingucker auf dem Esstisch"},"content":{"rendered":"<p>Die Tarte ist ein franz\u00f6sischer Kuchen, der f\u00fcr seinen geschmacksneutralen M\u00fcrbeteig bekannt ist. Normalerweise wird er mit s\u00fc\u00dfen F\u00fcllungen wie \u00c4pfeln, Zitronen oder Schokolade zubereitet. Jedoch kann die Tarte auch herzhaft sein und somit als raffinierte Speise f\u00fcr das Fr\u00fchst\u00fcck, Mittag- oder Abendessen dienen. Die Kartoffel-Marketing GmbH zeigt, wie man eine w\u00fcrzige Tarte zubereitet und stellt das Rezept f\u00fcr eine Spiral-Gem\u00fcsetarte zur Verf\u00fcgung.<br \/>\n<!--more--><\/p>\n<h2>Franz\u00f6sische Tarte: Genuss f\u00fcr jede Tageszeit garantiert<\/h2>\n<p>Als franz\u00f6sische Spezialit\u00e4t ist die Tarte ein flexibles Geb\u00e4ck, das zu jeder Tageszeit genossen werden kann. Ob als s\u00fc\u00dfe Versuchung zum Fr\u00fchst\u00fcck oder Dessert oder als herzhaftes Gericht zum Mittag- oder Abendessen, die Tarte \u00fcberzeugt mit ihrem vielseitigen Geschmack. Die Spiral-Gem\u00fcsetarte ist dabei eine besonders interessante Variation, die mit ihrer bunten Gem\u00fcsef\u00fcllung f\u00fcr ein wahres Aromenfeuerwerk sorgt.<\/p>\n<h2>Perfekte Konsistenz: Tarte mit Kartoffeln und Gem\u00fcse dank Ei, Sahne und K\u00e4se<\/h2>\n<p>Eine w\u00fcrzige Tarte entfaltet ihr volles Aroma durch die Verbindung von Kartoffeln und verschiedenen Gem\u00fcsesorten. Gemeinsam erzeugen sie eine geschmackliche Vielfalt und eine einzigartige Konsistenz. Die im Ofen gekochten Kartoffeln und das weichgewordene Gem\u00fcse bilden einen spannenden Kontrast zum knusprigen M\u00fcrbeteig. Der Guss aus Ei, Sahne und K\u00e4se verhindert ein zu feuchtes Ergebnis. Durch das spiralf\u00f6rmige Anordnen des Gem\u00fcses wird die Tarte nicht nur geschmacklich, sondern auch optisch zu einem Highlight.<\/p>\n<h2>Rezept: Knusprige Tarte mit saftigem Gem\u00fcse und w\u00fcrziger Note<\/h2>\n<p>F\u00fcr eine k\u00f6stliche Spiral-Gem\u00fcsetarte schneidet man zun\u00e4chst Butter in kleine St\u00fccke und gibt sie zusammen mit Mehl in eine Sch\u00fcssel. Ein Ei und Salz werden hinzugef\u00fcgt und alles wird zu einem glatten Teig verknetet. Der Teig wird auf einer bemehlten Arbeitsfl\u00e4che ausgerollt und in eine Tarteform gelegt. \u00dcberstehender Teigrand wird abgeschnitten und der Boden mit einer Gabel eingestochen. Der Teig wird f\u00fcr 30 Minuten gek\u00fchlt, um ihn fest werden zu lassen.<\/p>\n<p>Dr\u00fccken Sie das Anfangsst\u00fcck in die Mitte der Tarte und wickeln Sie es dann weiter, bis der Rand der Form erreicht ist.<\/p>\n<p>Die Tarte wird abschlie\u00dfend bei einer Temperatur von 180\u00b0C f\u00fcr 40 Minuten gebacken, bis sie eine goldbraune und knusprige Oberfl\u00e4che hat. Sie kann sowohl warm als auch kalt serviert werden und passt hervorragend zu einem frischen Salat. Sollte keine Tarteform zur Verf\u00fcgung stehen, kann eine Springform verwendet werden, die entweder mit Backpapier ausgelegt oder gut eingefettet wird.<\/p>\n<p>Die Tarte ist ein franz\u00f6sischer Kuchen, der durch seinen geschmacksneutralen M\u00fcrbeteig besticht. Er kann sowohl als s\u00fc\u00dfes Fr\u00fchst\u00fcck oder Dessert, als auch als herzhaftes Gericht f\u00fcr das Mittag- oder Abendessen serviert werden. Die Spiral-Gem\u00fcsetarte bietet eine interessante Kombination aus verschiedenen Gem\u00fcsesorten und Kartoffeln, die durch den knusprigen Teig und den cremigen Guss zu einem wahren Geschmackserlebnis wird. Probieren Sie es aus und lassen Sie sich von der Kreativit\u00e4t der Tarte \u00fcberraschen.<\/p>\n","protected":false},"excerpt":{"rendered":"<p>Die Tarte ist ein franz\u00f6sischer Kuchen, der f\u00fcr seinen geschmacksneutralen M\u00fcrbeteig bekannt ist. Normalerweise wird er mit s\u00fc\u00dfen F\u00fcllungen wie \u00c4pfeln, Zitronen oder Schokolade zubereitet. Jedoch kann die Tarte auch herzhaft sein und somit als raffinierte Speise f\u00fcr das Fr\u00fchst\u00fcck, Mittag- oder Abendessen dienen. Die Kartoffel-Marketing GmbH zeigt, wie man eine w\u00fcrzige Tarte zubereitet und<\/p>\n<div class=\"read-more\"><a href=\"https:\/\/www.doppelklicker.de\/blog\/die-vielseitige-tarte-eine-herzhafte-alternative-zum-suessen-klassiker\/\" title=\"Jetzt alles lesen\">Jetzt alles lesen<\/a><\/div>\n","protected":false},"author":8,"featured_media":6844,"comment_status":"open","ping_status":"open","sticky":false,"template":"","format":"standard","meta":[],"categories":[3305],"tags":[],"yoast_head":"<!-- This site is optimized with the Yoast SEO plugin v18.2 - https:\/\/yoast.com\/wordpress\/plugins\/seo\/ -->\n<meta name=\"robots\" content=\"index, follow, max-snippet:-1, max-image-preview:large, max-video-preview:-1\" \/>\n<meta property=\"og:locale\" content=\"de_DE\" \/>\n<meta property=\"og:type\" content=\"article\" \/>\n<meta property=\"og:title\" content=\"Die Tarte - ein Hingucker auf dem Esstisch\" \/>\n<meta property=\"og:description\" content=\"Die Tarte ist ein franz\u00f6sischer Kuchen, der f\u00fcr seinen geschmacksneutralen M\u00fcrbeteig bekannt ist. Normalerweise wird er mit s\u00fc\u00dfen F\u00fcllungen wie \u00c4pfeln, Zitronen oder Schokolade zubereitet. Jedoch kann die Tarte auch herzhaft sein und somit als raffinierte Speise f\u00fcr das Fr\u00fchst\u00fcck, Mittag- oder Abendessen dienen. Die Kartoffel-Marketing GmbH zeigt, wie man eine w\u00fcrzige Tarte zubereitet undJetzt alles lesen\" \/>\n<meta property=\"og:url\" content=\"https:\/\/www.doppelklicker.de\/blog\/?p=6841\" \/>\n<meta property=\"og:site_name\" content=\"Aus Mainz.\" \/>\n<meta property=\"article:published_time\" content=\"2024-01-22T10:00:00+00:00\" \/>\n<meta property=\"og:image\" content=\"https:\/\/www.doppelklicker.de\/blog\/wp-content\/uploads\/2024\/01\/tarte-jeden-geschmack-und-jede-mahlzeit-16321.jpg\" \/>\n\t<meta property=\"og:image:width\" content=\"1280\" \/>\n\t<meta property=\"og:image:height\" content=\"615\" \/>\n\t<meta property=\"og:image:type\" content=\"image\/jpeg\" \/>\n<meta name=\"twitter:card\" content=\"summary_large_image\" \/>\n<meta name=\"twitter:label1\" content=\"Verfasst von\" \/>\n\t<meta name=\"twitter:data1\" content=\"Iris Martin\" \/>\n\t<meta name=\"twitter:label2\" content=\"Gesch\u00e4tzte Lesezeit\" \/>\n\t<meta name=\"twitter:data2\" content=\"2 Minuten\" \/>\n<script type=\"application\/ld+json\" class=\"yoast-schema-graph\">{\"@context\":\"https:\/\/schema.org\",\"@graph\":[{\"@type\":\"WebSite\",\"@id\":\"https:\/\/www.doppelklicker.de\/blog\/#website\",\"url\":\"https:\/\/www.doppelklicker.de\/blog\/\",\"name\":\"Aus Mainz.\",\"description\":\"F\u00fcr die Welt.\",\"potentialAction\":[{\"@type\":\"SearchAction\",\"target\":{\"@type\":\"EntryPoint\",\"urlTemplate\":\"https:\/\/www.doppelklicker.de\/blog\/?s={search_term_string}\"},\"query-input\":\"required name=search_term_string\"}],\"inLanguage\":\"de-DE\"},{\"@type\":\"ImageObject\",\"@id\":\"https:\/\/www.doppelklicker.de\/blog\/?p=6841#primaryimage\",\"inLanguage\":\"de-DE\",\"url\":\"https:\/\/www.doppelklicker.de\/blog\/wp-content\/uploads\/2024\/01\/tarte-jeden-geschmack-und-jede-mahlzeit-16321.jpg\",\"contentUrl\":\"https:\/\/www.doppelklicker.de\/blog\/wp-content\/uploads\/2024\/01\/tarte-jeden-geschmack-und-jede-mahlzeit-16321.jpg\",\"width\":1280,\"height\":615,\"caption\":\"Die Tarte - ein Hingucker auf dem Esstisch (Foto: AdobeStock - cwa 639662713)\"},{\"@type\":\"WebPage\",\"@id\":\"https:\/\/www.doppelklicker.de\/blog\/?p=6841#webpage\",\"url\":\"https:\/\/www.doppelklicker.de\/blog\/?p=6841\",\"name\":\"Die Tarte - ein Hingucker auf dem Esstisch\",\"isPartOf\":{\"@id\":\"https:\/\/www.doppelklicker.de\/blog\/#website\"},\"primaryImageOfPage\":{\"@id\":\"https:\/\/www.doppelklicker.de\/blog\/?p=6841#primaryimage\"},\"datePublished\":\"2024-01-22T10:00:00+00:00\",\"dateModified\":\"2024-01-22T10:00:00+00:00\",\"author\":{\"@id\":\"https:\/\/www.doppelklicker.de\/blog\/#\/schema\/person\/08dcac172bdb025e8ff433488184668a\"},\"breadcrumb\":{\"@id\":\"https:\/\/www.doppelklicker.de\/blog\/?p=6841#breadcrumb\"},\"inLanguage\":\"de-DE\",\"potentialAction\":[{\"@type\":\"ReadAction\",\"target\":[\"https:\/\/www.doppelklicker.de\/blog\/?p=6841\"]}]},{\"@type\":\"BreadcrumbList\",\"@id\":\"https:\/\/www.doppelklicker.de\/blog\/?p=6841#breadcrumb\",\"itemListElement\":[{\"@type\":\"ListItem\",\"position\":1,\"name\":\"Startseite\",\"item\":\"https:\/\/www.doppelklicker.de\/blog\/\"},{\"@type\":\"ListItem\",\"position\":2,\"name\":\"Die Tarte &#8211; ein Hingucker auf dem Esstisch\"}]},{\"@type\":\"Person\",\"@id\":\"https:\/\/www.doppelklicker.de\/blog\/#\/schema\/person\/08dcac172bdb025e8ff433488184668a\",\"name\":\"Iris Martin\",\"image\":{\"@type\":\"ImageObject\",\"@id\":\"https:\/\/www.doppelklicker.de\/blog\/#personlogo\",\"inLanguage\":\"de-DE\",\"url\":\"https:\/\/secure.gravatar.com\/avatar\/82fdaa093be0b9686b531f99fcb54d15?s=96&d=wp_user_avatar&r=g\",\"contentUrl\":\"https:\/\/secure.gravatar.com\/avatar\/82fdaa093be0b9686b531f99fcb54d15?s=96&d=wp_user_avatar&r=g\",\"caption\":\"Iris Martin\"},\"url\":\"https:\/\/www.doppelklicker.de\/blog\/author\/iris-martin\/\"}]}<\/script>\n<!-- \/ Yoast SEO plugin. -->","yoast_head_json":{"robots":{"index":"index","follow":"follow","max-snippet":"max-snippet:-1","max-image-preview":"max-image-preview:large","max-video-preview":"max-video-preview:-1"},"og_locale":"de_DE","og_type":"article","og_title":"Die Tarte - ein Hingucker auf dem Esstisch","og_description":"Die Tarte ist ein franz\u00f6sischer Kuchen, der f\u00fcr seinen geschmacksneutralen M\u00fcrbeteig bekannt ist. Normalerweise wird er mit s\u00fc\u00dfen F\u00fcllungen wie \u00c4pfeln, Zitronen oder Schokolade zubereitet. Jedoch kann die Tarte auch herzhaft sein und somit als raffinierte Speise f\u00fcr das Fr\u00fchst\u00fcck, Mittag- oder Abendessen dienen. Die Kartoffel-Marketing GmbH zeigt, wie man eine w\u00fcrzige Tarte zubereitet undJetzt alles lesen","og_url":"https:\/\/www.doppelklicker.de\/blog\/?p=6841","og_site_name":"Aus Mainz.","article_published_time":"2024-01-22T10:00:00+00:00","og_image":[{"width":1280,"height":615,"url":"https:\/\/www.doppelklicker.de\/blog\/wp-content\/uploads\/2024\/01\/tarte-jeden-geschmack-und-jede-mahlzeit-16321.jpg","type":"image\/jpeg"}],"twitter_card":"summary_large_image","twitter_misc":{"Verfasst von":"Iris Martin","Gesch\u00e4tzte Lesezeit":"2 Minuten"},"schema":{"@context":"https:\/\/schema.org","@graph":[{"@type":"WebSite","@id":"https:\/\/www.doppelklicker.de\/blog\/#website","url":"https:\/\/www.doppelklicker.de\/blog\/","name":"Aus Mainz.","description":"F\u00fcr die Welt.","potentialAction":[{"@type":"SearchAction","target":{"@type":"EntryPoint","urlTemplate":"https:\/\/www.doppelklicker.de\/blog\/?s={search_term_string}"},"query-input":"required name=search_term_string"}],"inLanguage":"de-DE"},{"@type":"ImageObject","@id":"https:\/\/www.doppelklicker.de\/blog\/?p=6841#primaryimage","inLanguage":"de-DE","url":"https:\/\/www.doppelklicker.de\/blog\/wp-content\/uploads\/2024\/01\/tarte-jeden-geschmack-und-jede-mahlzeit-16321.jpg","contentUrl":"https:\/\/www.doppelklicker.de\/blog\/wp-content\/uploads\/2024\/01\/tarte-jeden-geschmack-und-jede-mahlzeit-16321.jpg","width":1280,"height":615,"caption":"Die Tarte - ein Hingucker auf dem Esstisch (Foto: AdobeStock - cwa 639662713)"},{"@type":"WebPage","@id":"https:\/\/www.doppelklicker.de\/blog\/?p=6841#webpage","url":"https:\/\/www.doppelklicker.de\/blog\/?p=6841","name":"Die Tarte - ein Hingucker auf dem Esstisch","isPartOf":{"@id":"https:\/\/www.doppelklicker.de\/blog\/#website"},"primaryImageOfPage":{"@id":"https:\/\/www.doppelklicker.de\/blog\/?p=6841#primaryimage"},"datePublished":"2024-01-22T10:00:00+00:00","dateModified":"2024-01-22T10:00:00+00:00","author":{"@id":"https:\/\/www.doppelklicker.de\/blog\/#\/schema\/person\/08dcac172bdb025e8ff433488184668a"},"breadcrumb":{"@id":"https:\/\/www.doppelklicker.de\/blog\/?p=6841#breadcrumb"},"inLanguage":"de-DE","potentialAction":[{"@type":"ReadAction","target":["https:\/\/www.doppelklicker.de\/blog\/?p=6841"]}]},{"@type":"BreadcrumbList","@id":"https:\/\/www.doppelklicker.de\/blog\/?p=6841#breadcrumb","itemListElement":[{"@type":"ListItem","position":1,"name":"Startseite","item":"https:\/\/www.doppelklicker.de\/blog\/"},{"@type":"ListItem","position":2,"name":"Die Tarte &#8211; ein Hingucker auf dem Esstisch"}]},{"@type":"Person","@id":"https:\/\/www.doppelklicker.de\/blog\/#\/schema\/person\/08dcac172bdb025e8ff433488184668a","name":"Iris Martin","image":{"@type":"ImageObject","@id":"https:\/\/www.doppelklicker.de\/blog\/#personlogo","inLanguage":"de-DE","url":"https:\/\/secure.gravatar.com\/avatar\/82fdaa093be0b9686b531f99fcb54d15?s=96&d=wp_user_avatar&r=g","contentUrl":"https:\/\/secure.gravatar.com\/avatar\/82fdaa093be0b9686b531f99fcb54d15?s=96&d=wp_user_avatar&r=g","caption":"Iris Martin"},"url":"https:\/\/www.doppelklicker.de\/blog\/author\/iris-martin\/"}]}},"_links":{"self":[{"href":"https:\/\/www.doppelklicker.de\/blog\/wp-json\/wp\/v2\/posts\/6841"}],"collection":[{"href":"https:\/\/www.doppelklicker.de\/blog\/wp-json\/wp\/v2\/posts"}],"about":[{"href":"https:\/\/www.doppelklicker.de\/blog\/wp-json\/wp\/v2\/types\/post"}],"author":[{"embeddable":true,"href":"https:\/\/www.doppelklicker.de\/blog\/wp-json\/wp\/v2\/users\/8"}],"replies":[{"embeddable":true,"href":"https:\/\/www.doppelklicker.de\/blog\/wp-json\/wp\/v2\/comments?post=6841"}],"version-history":[{"count":0,"href":"https:\/\/www.doppelklicker.de\/blog\/wp-json\/wp\/v2\/posts\/6841\/revisions"}],"wp:featuredmedia":[{"embeddable":true,"href":"https:\/\/www.doppelklicker.de\/blog\/wp-json\/wp\/v2\/media\/6844"}],"wp:attachment":[{"href":"https:\/\/www.doppelklicker.de\/blog\/wp-json\/wp\/v2\/media?parent=6841"}],"wp:term":[{"taxonomy":"category","embeddable":true,"href":"https:\/\/www.doppelklicker.de\/blog\/wp-json\/wp\/v2\/categories?post=6841"},{"taxonomy":"post_tag","embeddable":true,"href":"https:\/\/www.doppelklicker.de\/blog\/wp-json\/wp\/v2\/tags?post=6841"}],"curies":[{"name":"wp","href":"https:\/\/api.w.org\/{rel}","templated":true}]}}