{"id":6851,"date":"2024-01-22T13:00:00","date_gmt":"2024-01-22T11:00:00","guid":{"rendered":"guid"},"modified":"2024-01-22T13:00:00","modified_gmt":"2024-01-22T11:00:00","slug":"franz-xaver-bogner-ein-meister-des-bayerischen-fernsehens","status":"publish","type":"post","link":"https:\/\/www.doppelklicker.de\/blog\/franz-xaver-bogner-ein-meister-des-bayerischen-fernsehens\/","title":{"rendered":"Franz Xaver Bogner feiert 75. Geburtstag &#8211; TV-Abend mit &#8222;M\u00fcnchen 7"},"content":{"rendered":"<p>Am 13. Januar 2024 ehrt das BR Fernsehen den bekannten Regisseur und Autor Franz Xaver Bogner anl\u00e4sslich seines 75. Geburtstags mit einem besonderen Fernsehabend. Ab 20.15 Uhr werden vier ausgew\u00e4hlte Folgen aus den Anf\u00e4ngen der beliebten Serie &#8222;M\u00fcnchen 7&#8220; ausgestrahlt. Diese Produktion hat durch einzigartige Szenen, wie die legend\u00e4re Ehrenrunde von Polizist Xaver Bartl mitten zwischen den Ritterfiguren im Glockenspiel des Rathauses oder die beeindruckende Aktion der Revierpolizisten beim Versuch, ein Verkehrschaos vor der Oper zu ordnen, bereits Fernsehgeschichte geschrieben und sind bis heute im Ged\u00e4chtnis der Zuschauer.<br \/>\n<!--more--><\/p>\n<h2>Neue Serie &#8222;Moni&#8217;s Grill&#8220; mit Monika Gruber ab Januar<\/h2>\n<p>Franz Xaver Bogner pr\u00e4sentiert uns nicht nur seine erfolgreiche Serie &#8222;Moni&#8217;s Grill&#8220;, sondern auch seine neueste Produktion &#8222;Himmel, Herrgott, Sakrament&#8220;. Ab dem 11. Januar k\u00f6nnen wir drei aufeinanderfolgende Donnerstage mit Monika Gruber in der Hauptrolle genie\u00dfen. Diese Folgen sind zudem in der ARD Mediathek verf\u00fcgbar. Doch damit nicht genug, denn auch seine Serie &#8222;Himmel, Herrgott, Sakrament&#8220; ist noch bis zum 26. April 2024 in der ARD Mediathek zu sehen, nachdem sie im Herbst mit gro\u00dfem Erfolg gestartet ist.<\/p>\n<p>Die Serie &#8222;Himmel, Herrgott, Sakrament&#8220; ist eine sechsteilige Produktion, die auf dem gleichnamigen Sachbuch von Rainer Maria Schie\u00dfler basiert. Die Handlung dreht sich um die katholische Pfarrgemeinde St. Maximilian in M\u00fcnchen, deren Leiter Schie\u00dfler ist. In den Hauptrollen dieser Serie sind bekannte Schauspieler wie Stephan Zinner, Anne Sch\u00e4fer und Erwin Steinhauer zu sehen. Zus\u00e4tzlich zur Serie gibt es in der ARD Audiothek auch den Podcast der Bayern 2-Sendung &#8222;Eins zu Eins. Der Talk&#8220; mit Franz Xaver Bogner.<\/p>\n<p>Franz Xaver Bogner ist ein renommierter Autor und Regisseur, der sich auf die Darstellung von charmanten Schurken, liebenswerten Verlierern und starken Pers\u00f6nlichkeiten spezialisiert hat. Durch seine einzigartigen Serien hat er dazu beigetragen, dass der Bayerische Rundfunk zu einem wichtigen Teil der bayerischen Fernsehkultur geworden ist. Serien wie &#8222;Irgendwie und Sowieso&#8220;, &#8222;Zur Freiheit&#8220; und &#8222;M\u00fcnchen 7&#8220; sind mittlerweile als Klassiker etabliert und begeistern die Zuschauer mit ihrem einzigartigen Humor und ihrer Authentizit\u00e4t.<\/p>\n<p>Franz Xaver Bogner absolvierte seine Ausbildung an der Hochschule f\u00fcr Fernsehen und Film mit dem Ziel, Dokumentarfilmer zu werden. Jedoch erkannte er schnell, dass sein Talent eher im humoristischen Bereich liegt. Mit der Serie &#8222;Familie Meier&#8220; gelang ihm der Durchbruch im Genre der &#8222;Bayerischen Serie&#8220;, das zu seinem Markenzeichen wurde. Sein Erfolg erreichte seinen H\u00f6hepunkt mit der Kultserie &#8222;Irgendwie und Sowieso&#8220; im Jahr 1986. F\u00fcr seine herausragende Arbeit wurde Bogner mit dem Bayerischen Verdienstorden und anderen Auszeichnungen geehrt.<\/p>\n<p>Am 13. Januar 2024 k\u00f6nnen sich die Zuschauer auf ein Fernsehhighlight freuen: die Ausstrahlung von vier Folgen der beliebten Serie &#8222;M\u00fcnchen 7&#8220; von Franz Xaver Bogner. Der Abend beginnt um 20.15 Uhr mit der ersten Folge &#8222;Zu sp\u00e4t&#8220;, gefolgt von &#8222;Eine komische Oper&#8220; um 21.00 Uhr, &#8222;Mit rechten Dingen&#8220; um 21.50 Uhr und &#8222;Schichtwechsel&#8220; um 22.40 Uhr. Diese humorvolle Serie verspricht beste Unterhaltung und ist ein absolutes Muss f\u00fcr Fans des bayerischen Fernsehens.<\/p>\n<p>Moni&#8217;s Grill&#8220; ist eine faszinierende Serie, die das Beste aus den Genres Serie und Talk vereint. In einem charmanten Speiselokal im Herzen von M\u00fcnchen treffen sich ungleiche Schwestern und prominente Talkg\u00e4ste, die direkt aus der U-Bahn in den Gastraum gelangen. Dabei verschwimmen die Grenzen zwischen realer Unterhaltung und fiktiver Handlung, was der Serie einen einzigartigen Reiz verleiht.<\/p>\n<p>Die Serie &#8222;Moni&#8217;s Grill&#8220; pr\u00e4sentiert ein hochkar\u00e4tiges Schauspielensemble, bestehend aus Monika Gruber, Christine Neubauer und Sarah Camp. Die Zuschauer k\u00f6nnen sich auf ein unterhaltsames Fernseherlebnis freuen, das am 11. Januar 2024 um 23.15 Uhr mit den ersten beiden Folgen startet. In den darauffolgenden Wochen werden die Folgen 4 und 5 am 18. Januar 2024 zur gleichen Uhrzeit ausgestrahlt, gefolgt von den Folgen 6 und 7 am 25. Januar 2024 ebenfalls um 23.15 Uhr. Die gesamte Serie ist ab dem 11. Januar 2024 f\u00fcr ein Jahr in der ARD Mediathek verf\u00fcgbar.<\/p>\n<p>Franz Xaver Bogner hat sich als Autor und Regisseur einen Namen im bayerischen Fernsehen gemacht. Seine Serien wie &#8222;M\u00fcnchen 7&#8220;, &#8222;Moni&#8217;s Grill&#8220; und &#8222;Himmel, Herrgott, Sakrament&#8220; haben Kultstatus erreicht und bieten den Zuschauern eine einzigartige Mischung aus Humor und Herzlichkeit. Bogner begeistert mit seinen Werken und bleibt ein fester Bestandteil der deutschen Fernsehlandschaft.<\/p>\n","protected":false},"excerpt":{"rendered":"<p>Am 13. Januar 2024 ehrt das BR Fernsehen den bekannten Regisseur und Autor Franz Xaver Bogner anl\u00e4sslich seines 75. Geburtstags mit einem besonderen Fernsehabend. Ab 20.15 Uhr werden vier ausgew\u00e4hlte Folgen aus den Anf\u00e4ngen der beliebten Serie &#8222;M\u00fcnchen 7&#8220; ausgestrahlt. Diese Produktion hat durch einzigartige Szenen, wie die legend\u00e4re Ehrenrunde von Polizist Xaver Bartl mitten<\/p>\n<div class=\"read-more\"><a href=\"https:\/\/www.doppelklicker.de\/blog\/franz-xaver-bogner-ein-meister-des-bayerischen-fernsehens\/\" title=\"Jetzt alles lesen\">Jetzt alles lesen<\/a><\/div>\n","protected":false},"author":8,"featured_media":6852,"comment_status":"open","ping_status":"open","sticky":false,"template":"","format":"standard","meta":[],"categories":[3305],"tags":[],"yoast_head":"<!-- This site is optimized with the Yoast SEO plugin v18.2 - https:\/\/yoast.com\/wordpress\/plugins\/seo\/ -->\n<meta name=\"robots\" content=\"index, follow, max-snippet:-1, max-image-preview:large, max-video-preview:-1\" \/>\n<link rel=\"canonical\" href=\"https:\/\/www.doppelklicker.de\/blog\/franz-xaver-bogner-ein-meister-des-bayerischen-fernsehens\/\" \/>\n<meta property=\"og:locale\" content=\"de_DE\" \/>\n<meta property=\"og:type\" content=\"article\" \/>\n<meta property=\"og:title\" content=\"Franz Xaver Bogner feiert 75. Geburtstag - TV-Abend mit &quot;M\u00fcnchen 7\" \/>\n<meta property=\"og:description\" content=\"Am 13. Januar 2024 ehrt das BR Fernsehen den bekannten Regisseur und Autor Franz Xaver Bogner anl\u00e4sslich seines 75. Geburtstags mit einem besonderen Fernsehabend. Ab 20.15 Uhr werden vier ausgew\u00e4hlte Folgen aus den Anf\u00e4ngen der beliebten Serie &#8222;M\u00fcnchen 7&#8220; ausgestrahlt. Diese Produktion hat durch einzigartige Szenen, wie die legend\u00e4re Ehrenrunde von Polizist Xaver Bartl mittenJetzt alles lesen\" \/>\n<meta property=\"og:url\" content=\"https:\/\/www.doppelklicker.de\/blog\/franz-xaver-bogner-ein-meister-des-bayerischen-fernsehens\/\" \/>\n<meta property=\"og:site_name\" content=\"Aus Mainz.\" \/>\n<meta property=\"article:published_time\" content=\"2024-01-22T11:00:00+00:00\" \/>\n<meta property=\"og:image\" content=\"https:\/\/www.doppelklicker.de\/blog\/wp-content\/uploads\/2024\/01\/franz-xaver-bogner-feiert-75-geburtstag-tv-abend-muenchen-16418.jpg\" \/>\n\t<meta property=\"og:image:width\" content=\"1280\" \/>\n\t<meta property=\"og:image:height\" content=\"615\" \/>\n\t<meta property=\"og:image:type\" content=\"image\/jpeg\" \/>\n<meta name=\"twitter:card\" content=\"summary_large_image\" \/>\n<meta name=\"twitter:label1\" content=\"Verfasst von\" \/>\n\t<meta name=\"twitter:data1\" content=\"Iris Martin\" \/>\n\t<meta name=\"twitter:label2\" content=\"Gesch\u00e4tzte Lesezeit\" \/>\n\t<meta name=\"twitter:data2\" content=\"3 Minuten\" \/>\n<script type=\"application\/ld+json\" class=\"yoast-schema-graph\">{\"@context\":\"https:\/\/schema.org\",\"@graph\":[{\"@type\":\"WebSite\",\"@id\":\"https:\/\/www.doppelklicker.de\/blog\/#website\",\"url\":\"https:\/\/www.doppelklicker.de\/blog\/\",\"name\":\"Aus Mainz.\",\"description\":\"F\u00fcr die Welt.\",\"potentialAction\":[{\"@type\":\"SearchAction\",\"target\":{\"@type\":\"EntryPoint\",\"urlTemplate\":\"https:\/\/www.doppelklicker.de\/blog\/?s={search_term_string}\"},\"query-input\":\"required name=search_term_string\"}],\"inLanguage\":\"de-DE\"},{\"@type\":\"ImageObject\",\"@id\":\"https:\/\/www.doppelklicker.de\/blog\/franz-xaver-bogner-ein-meister-des-bayerischen-fernsehens\/#primaryimage\",\"inLanguage\":\"de-DE\",\"url\":\"https:\/\/www.doppelklicker.de\/blog\/wp-content\/uploads\/2024\/01\/franz-xaver-bogner-feiert-75-geburtstag-tv-abend-muenchen-16418.jpg\",\"contentUrl\":\"https:\/\/www.doppelklicker.de\/blog\/wp-content\/uploads\/2024\/01\/franz-xaver-bogner-feiert-75-geburtstag-tv-abend-muenchen-16418.jpg\",\"width\":1280,\"height\":615,\"caption\":\"Franz Xaver Bogner feiert 75. Geburtstag - TV-Abend mit \\\"M\u00fcnchen 7 (Foto: BR\/G\u00fcnther Reisp)\"},{\"@type\":\"WebPage\",\"@id\":\"https:\/\/www.doppelklicker.de\/blog\/franz-xaver-bogner-ein-meister-des-bayerischen-fernsehens\/#webpage\",\"url\":\"https:\/\/www.doppelklicker.de\/blog\/franz-xaver-bogner-ein-meister-des-bayerischen-fernsehens\/\",\"name\":\"Franz Xaver Bogner feiert 75. Geburtstag - TV-Abend mit \\\"M\u00fcnchen 7\",\"isPartOf\":{\"@id\":\"https:\/\/www.doppelklicker.de\/blog\/#website\"},\"primaryImageOfPage\":{\"@id\":\"https:\/\/www.doppelklicker.de\/blog\/franz-xaver-bogner-ein-meister-des-bayerischen-fernsehens\/#primaryimage\"},\"datePublished\":\"2024-01-22T11:00:00+00:00\",\"dateModified\":\"2024-01-22T11:00:00+00:00\",\"author\":{\"@id\":\"https:\/\/www.doppelklicker.de\/blog\/#\/schema\/person\/08dcac172bdb025e8ff433488184668a\"},\"breadcrumb\":{\"@id\":\"https:\/\/www.doppelklicker.de\/blog\/franz-xaver-bogner-ein-meister-des-bayerischen-fernsehens\/#breadcrumb\"},\"inLanguage\":\"de-DE\",\"potentialAction\":[{\"@type\":\"ReadAction\",\"target\":[\"https:\/\/www.doppelklicker.de\/blog\/franz-xaver-bogner-ein-meister-des-bayerischen-fernsehens\/\"]}]},{\"@type\":\"BreadcrumbList\",\"@id\":\"https:\/\/www.doppelklicker.de\/blog\/franz-xaver-bogner-ein-meister-des-bayerischen-fernsehens\/#breadcrumb\",\"itemListElement\":[{\"@type\":\"ListItem\",\"position\":1,\"name\":\"Startseite\",\"item\":\"https:\/\/www.doppelklicker.de\/blog\/\"},{\"@type\":\"ListItem\",\"position\":2,\"name\":\"Franz Xaver Bogner feiert 75. Geburtstag &#8211; TV-Abend mit &#8222;M\u00fcnchen 7\"}]},{\"@type\":\"Person\",\"@id\":\"https:\/\/www.doppelklicker.de\/blog\/#\/schema\/person\/08dcac172bdb025e8ff433488184668a\",\"name\":\"Iris Martin\",\"image\":{\"@type\":\"ImageObject\",\"@id\":\"https:\/\/www.doppelklicker.de\/blog\/#personlogo\",\"inLanguage\":\"de-DE\",\"url\":\"https:\/\/secure.gravatar.com\/avatar\/82fdaa093be0b9686b531f99fcb54d15?s=96&d=wp_user_avatar&r=g\",\"contentUrl\":\"https:\/\/secure.gravatar.com\/avatar\/82fdaa093be0b9686b531f99fcb54d15?s=96&d=wp_user_avatar&r=g\",\"caption\":\"Iris Martin\"},\"url\":\"https:\/\/www.doppelklicker.de\/blog\/author\/iris-martin\/\"}]}<\/script>\n<!-- \/ Yoast SEO plugin. -->","yoast_head_json":{"robots":{"index":"index","follow":"follow","max-snippet":"max-snippet:-1","max-image-preview":"max-image-preview:large","max-video-preview":"max-video-preview:-1"},"canonical":"https:\/\/www.doppelklicker.de\/blog\/franz-xaver-bogner-ein-meister-des-bayerischen-fernsehens\/","og_locale":"de_DE","og_type":"article","og_title":"Franz Xaver Bogner feiert 75. Geburtstag - TV-Abend mit \"M\u00fcnchen 7","og_description":"Am 13. Januar 2024 ehrt das BR Fernsehen den bekannten Regisseur und Autor Franz Xaver Bogner anl\u00e4sslich seines 75. Geburtstags mit einem besonderen Fernsehabend. Ab 20.15 Uhr werden vier ausgew\u00e4hlte Folgen aus den Anf\u00e4ngen der beliebten Serie &#8222;M\u00fcnchen 7&#8220; ausgestrahlt. Diese Produktion hat durch einzigartige Szenen, wie die legend\u00e4re Ehrenrunde von Polizist Xaver Bartl mittenJetzt alles lesen","og_url":"https:\/\/www.doppelklicker.de\/blog\/franz-xaver-bogner-ein-meister-des-bayerischen-fernsehens\/","og_site_name":"Aus Mainz.","article_published_time":"2024-01-22T11:00:00+00:00","og_image":[{"width":1280,"height":615,"url":"https:\/\/www.doppelklicker.de\/blog\/wp-content\/uploads\/2024\/01\/franz-xaver-bogner-feiert-75-geburtstag-tv-abend-muenchen-16418.jpg","type":"image\/jpeg"}],"twitter_card":"summary_large_image","twitter_misc":{"Verfasst von":"Iris Martin","Gesch\u00e4tzte Lesezeit":"3 Minuten"},"schema":{"@context":"https:\/\/schema.org","@graph":[{"@type":"WebSite","@id":"https:\/\/www.doppelklicker.de\/blog\/#website","url":"https:\/\/www.doppelklicker.de\/blog\/","name":"Aus Mainz.","description":"F\u00fcr die Welt.","potentialAction":[{"@type":"SearchAction","target":{"@type":"EntryPoint","urlTemplate":"https:\/\/www.doppelklicker.de\/blog\/?s={search_term_string}"},"query-input":"required name=search_term_string"}],"inLanguage":"de-DE"},{"@type":"ImageObject","@id":"https:\/\/www.doppelklicker.de\/blog\/franz-xaver-bogner-ein-meister-des-bayerischen-fernsehens\/#primaryimage","inLanguage":"de-DE","url":"https:\/\/www.doppelklicker.de\/blog\/wp-content\/uploads\/2024\/01\/franz-xaver-bogner-feiert-75-geburtstag-tv-abend-muenchen-16418.jpg","contentUrl":"https:\/\/www.doppelklicker.de\/blog\/wp-content\/uploads\/2024\/01\/franz-xaver-bogner-feiert-75-geburtstag-tv-abend-muenchen-16418.jpg","width":1280,"height":615,"caption":"Franz Xaver Bogner feiert 75. Geburtstag - TV-Abend mit \"M\u00fcnchen 7 (Foto: BR\/G\u00fcnther Reisp)"},{"@type":"WebPage","@id":"https:\/\/www.doppelklicker.de\/blog\/franz-xaver-bogner-ein-meister-des-bayerischen-fernsehens\/#webpage","url":"https:\/\/www.doppelklicker.de\/blog\/franz-xaver-bogner-ein-meister-des-bayerischen-fernsehens\/","name":"Franz Xaver Bogner feiert 75. Geburtstag - TV-Abend mit \"M\u00fcnchen 7","isPartOf":{"@id":"https:\/\/www.doppelklicker.de\/blog\/#website"},"primaryImageOfPage":{"@id":"https:\/\/www.doppelklicker.de\/blog\/franz-xaver-bogner-ein-meister-des-bayerischen-fernsehens\/#primaryimage"},"datePublished":"2024-01-22T11:00:00+00:00","dateModified":"2024-01-22T11:00:00+00:00","author":{"@id":"https:\/\/www.doppelklicker.de\/blog\/#\/schema\/person\/08dcac172bdb025e8ff433488184668a"},"breadcrumb":{"@id":"https:\/\/www.doppelklicker.de\/blog\/franz-xaver-bogner-ein-meister-des-bayerischen-fernsehens\/#breadcrumb"},"inLanguage":"de-DE","potentialAction":[{"@type":"ReadAction","target":["https:\/\/www.doppelklicker.de\/blog\/franz-xaver-bogner-ein-meister-des-bayerischen-fernsehens\/"]}]},{"@type":"BreadcrumbList","@id":"https:\/\/www.doppelklicker.de\/blog\/franz-xaver-bogner-ein-meister-des-bayerischen-fernsehens\/#breadcrumb","itemListElement":[{"@type":"ListItem","position":1,"name":"Startseite","item":"https:\/\/www.doppelklicker.de\/blog\/"},{"@type":"ListItem","position":2,"name":"Franz Xaver Bogner feiert 75. Geburtstag &#8211; TV-Abend mit &#8222;M\u00fcnchen 7"}]},{"@type":"Person","@id":"https:\/\/www.doppelklicker.de\/blog\/#\/schema\/person\/08dcac172bdb025e8ff433488184668a","name":"Iris Martin","image":{"@type":"ImageObject","@id":"https:\/\/www.doppelklicker.de\/blog\/#personlogo","inLanguage":"de-DE","url":"https:\/\/secure.gravatar.com\/avatar\/82fdaa093be0b9686b531f99fcb54d15?s=96&d=wp_user_avatar&r=g","contentUrl":"https:\/\/secure.gravatar.com\/avatar\/82fdaa093be0b9686b531f99fcb54d15?s=96&d=wp_user_avatar&r=g","caption":"Iris Martin"},"url":"https:\/\/www.doppelklicker.de\/blog\/author\/iris-martin\/"}]}},"_links":{"self":[{"href":"https:\/\/www.doppelklicker.de\/blog\/wp-json\/wp\/v2\/posts\/6851"}],"collection":[{"href":"https:\/\/www.doppelklicker.de\/blog\/wp-json\/wp\/v2\/posts"}],"about":[{"href":"https:\/\/www.doppelklicker.de\/blog\/wp-json\/wp\/v2\/types\/post"}],"author":[{"embeddable":true,"href":"https:\/\/www.doppelklicker.de\/blog\/wp-json\/wp\/v2\/users\/8"}],"replies":[{"embeddable":true,"href":"https:\/\/www.doppelklicker.de\/blog\/wp-json\/wp\/v2\/comments?post=6851"}],"version-history":[{"count":0,"href":"https:\/\/www.doppelklicker.de\/blog\/wp-json\/wp\/v2\/posts\/6851\/revisions"}],"wp:featuredmedia":[{"embeddable":true,"href":"https:\/\/www.doppelklicker.de\/blog\/wp-json\/wp\/v2\/media\/6852"}],"wp:attachment":[{"href":"https:\/\/www.doppelklicker.de\/blog\/wp-json\/wp\/v2\/media?parent=6851"}],"wp:term":[{"taxonomy":"category","embeddable":true,"href":"https:\/\/www.doppelklicker.de\/blog\/wp-json\/wp\/v2\/categories?post=6851"},{"taxonomy":"post_tag","embeddable":true,"href":"https:\/\/www.doppelklicker.de\/blog\/wp-json\/wp\/v2\/tags?post=6851"}],"curies":[{"name":"wp","href":"https:\/\/api.w.org\/{rel}","templated":true}]}}