{"id":6853,"date":"2024-01-02T15:00:00","date_gmt":"2024-01-02T13:00:00","guid":{"rendered":"guid"},"modified":"2024-01-02T15:00:00","modified_gmt":"2024-01-02T13:00:00","slug":"georges-bizets-die-perlenfischer-in-konzertanter-auffuehrung","status":"publish","type":"post","link":"https:\/\/www.doppelklicker.de\/blog\/georges-bizets-die-perlenfischer-in-konzertanter-auffuehrung\/","title":{"rendered":"Konzertante Auff\u00fchrung von Die Perlenfischer: Ein musikalisches Juwel kehrt zur\u00fcck"},"content":{"rendered":"<p>Die Perlenfischer von Georges Bizet kehren am 5. Januar 2024 in einer konzertanten Auff\u00fchrung auf die B\u00fchne des Staatstheaters am G\u00e4rtnerplatz zur\u00fcck. Das Publikum wird die Gelegenheit haben, in die faszinierende Welt der Perlenfischer auf Ceylon einzutauchen und eine Geschichte von Freundschaft, Liebe und Verrat zu erleben. Die musikalische Inszenierung verspricht ein unvergessliches Opernerlebnis, das durch die mitrei\u00dfende Musik und die packende Handlung begeistert.<br \/>\n<!--more--><\/p>\n<h2>Die Perlenfischer: Eine Geschichte von Freundschaft, Liebe und Verrat<\/h2>\n<p>In Georges Bizets Die Perlenfischer spielt sich eine dramatische Geschichte um Liebe, Freundschaft und Verrat ab. Der neu gew\u00e4hlte Anf\u00fchrer der Perlenfischer, Zurga, und sein Jugendfreund Nadir waren einst beide in dieselbe Frau verliebt. Um ihre Freundschaft zu bewahren, schworen sie ihrer Liebe zu der Priesterin Leila ab. Doch als Nadir Leila Jahre sp\u00e4ter in einer verschleierten Jungfrau erkennt, entflammen alte Gef\u00fchle erneut. Das Paar muss vor den w\u00fctenden Perlenfischern fliehen und ihr Leben steht auf dem Spiel, bis Zurga eingreift.<\/p>\n<p>Die Oper &#8222;Die Perlenfischer&#8220; von Georges Bizet wurde bei ihrer Premiere im Jahr 1863 in Paris nicht besonders erfolgreich aufgenommen. Trotzdem hat das Werk bis heute seinen Platz im Opernrepertoire behalten und gilt als Rarit\u00e4t. Die original Partitur-Autografie befindet sich in Privatbesitz, wodurch die urspr\u00fcngliche instrumentale Version des Werks lange Zeit unzug\u00e4nglich war. Erst im Jahr 2014 gelang es dem Musikwissenschaftler Hugh Macdonald, basierend auf der erhaltenen Violin-Direktionspartitur, eine rekonstruierte Fassung zu erstellen, die der Originalversion am n\u00e4chsten kommt.<\/p>\n<p>Die Oper &#8222;Die Perlenfischer&#8220; besteht aus 16 Musiknummern, die ineinander verschachtelt sind. Sie beeindruckt durch ihre exotische Thematik und die schillernde, lyrisch-expressive Partitur. Die Musik zeichnet sich durch weitgespannte Entwicklungsb\u00f6gen aus und konzentriert sich auf den Konflikt der vier Hauptcharaktere. Das Ergebnis ist ein faszinierendes Seelendrama, das auch in konzertanter Fassung ein mitrei\u00dfendes Opernerlebnis verspricht.<\/p>\n<p>Die konzertante Auff\u00fchrung von Die Perlenfischer am Staatstheater am G\u00e4rtnerplatz pr\u00e4sentiert dem Publikum unter der musikalischen Leitung von Sebastien Rouland und der Konzeption von Magdalena Schnitzler eine beeindruckende Darbietung. Die Besetzung besteht aus renommierten S\u00e4ngerinnen und S\u00e4ngern, darunter Jennifer OLoughlin als Leila, Lucian Krasznec als Nadir, Ludwig Mittelhammer als Zurga und Timos Sirlantzis als Nourabad. Begleitet werden sie vom Chor und Extrachor des Theaters sowie dem hauseigenen Orchester.<\/p>\n<p>Erleben Sie eine konzertante Auff\u00fchrung von Die Perlenfischer, bei der die Musik in franz\u00f6sischer Sprache erklingt und deutsche \u00dcbertitel f\u00fcr optimales Verst\u00e4ndnis sorgen. Die Spielzeitpremiere findet am 5. Januar 2024 um 19.30 Uhr statt und bietet eine einzigartige Gelegenheit, in die faszinierende Welt der Perlenfischer einzutauchen. Weitere Vorstellungen sind am 7. und 14. Januar 2024 geplant, sodass Sie mehrere Gelegenheiten haben, diese beeindruckende Oper zu erleben. Tickets k\u00f6nnen telefonisch unter der Nummer 089 2185 1960 oder online auf der Website www.gaertnerplatztheater.de erworben werden.<\/p>\n<p>Erleben Sie die unvergessliche R\u00fcckkehr von Georges Bizets Die Perlenfischer in einer konzertanten Auff\u00fchrung im Staatstheater am G\u00e4rtnerplatz. Tauchen Sie ein in die faszinierende Welt der Perlenfischer und lassen Sie sich von der mitrei\u00dfenden Musik und der packenden Handlung begeistern. Sichern Sie sich Ihre Tickets und seien Sie dabei, wenn dieses musikalische Juwel auf der B\u00fchne erstrahlt.<\/p>\n","protected":false},"excerpt":{"rendered":"<p>Die Perlenfischer von Georges Bizet kehren am 5. Januar 2024 in einer konzertanten Auff\u00fchrung auf die B\u00fchne des Staatstheaters am G\u00e4rtnerplatz zur\u00fcck. Das Publikum wird die Gelegenheit haben, in die faszinierende Welt der Perlenfischer auf Ceylon einzutauchen und eine Geschichte von Freundschaft, Liebe und Verrat zu erleben. Die musikalische Inszenierung verspricht ein unvergessliches Opernerlebnis, das<\/p>\n<div class=\"read-more\"><a href=\"https:\/\/www.doppelklicker.de\/blog\/georges-bizets-die-perlenfischer-in-konzertanter-auffuehrung\/\" title=\"Jetzt alles lesen\">Jetzt alles lesen<\/a><\/div>\n","protected":false},"author":8,"featured_media":6854,"comment_status":"open","ping_status":"open","sticky":false,"template":"","format":"standard","meta":[],"categories":[3305],"tags":[],"yoast_head":"<!-- This site is optimized with the Yoast SEO plugin v18.2 - https:\/\/yoast.com\/wordpress\/plugins\/seo\/ -->\n<meta name=\"robots\" content=\"index, follow, max-snippet:-1, max-image-preview:large, max-video-preview:-1\" \/>\n<link rel=\"canonical\" href=\"https:\/\/www.doppelklicker.de\/blog\/georges-bizets-die-perlenfischer-in-konzertanter-auffuehrung\/\" \/>\n<meta property=\"og:locale\" content=\"de_DE\" \/>\n<meta property=\"og:type\" content=\"article\" \/>\n<meta property=\"og:title\" content=\"Konzertante Auff\u00fchrung von Die Perlenfischer: Ein musikalisches Juwel kehrt zur\u00fcck\" \/>\n<meta property=\"og:description\" content=\"Die Perlenfischer von Georges Bizet kehren am 5. Januar 2024 in einer konzertanten Auff\u00fchrung auf die B\u00fchne des Staatstheaters am G\u00e4rtnerplatz zur\u00fcck. Das Publikum wird die Gelegenheit haben, in die faszinierende Welt der Perlenfischer auf Ceylon einzutauchen und eine Geschichte von Freundschaft, Liebe und Verrat zu erleben. Die musikalische Inszenierung verspricht ein unvergessliches Opernerlebnis, dasJetzt alles lesen\" \/>\n<meta property=\"og:url\" content=\"https:\/\/www.doppelklicker.de\/blog\/georges-bizets-die-perlenfischer-in-konzertanter-auffuehrung\/\" \/>\n<meta property=\"og:site_name\" content=\"Aus Mainz.\" \/>\n<meta property=\"article:published_time\" content=\"2024-01-02T13:00:00+00:00\" \/>\n<meta property=\"og:image\" content=\"https:\/\/www.doppelklicker.de\/blog\/wp-content\/uploads\/2024\/01\/konzertante-auffuehrung-von-perlenfischer-musikalisches-juwel-kehrt-16427.jpg\" \/>\n\t<meta property=\"og:image:width\" content=\"1280\" \/>\n\t<meta property=\"og:image:height\" content=\"615\" \/>\n\t<meta property=\"og:image:type\" content=\"image\/jpeg\" \/>\n<meta name=\"twitter:card\" content=\"summary_large_image\" \/>\n<meta name=\"twitter:label1\" content=\"Verfasst von\" \/>\n\t<meta name=\"twitter:data1\" content=\"Iris Martin\" \/>\n\t<meta name=\"twitter:label2\" content=\"Gesch\u00e4tzte Lesezeit\" \/>\n\t<meta name=\"twitter:data2\" content=\"3 Minuten\" \/>\n<script type=\"application\/ld+json\" class=\"yoast-schema-graph\">{\"@context\":\"https:\/\/schema.org\",\"@graph\":[{\"@type\":\"WebSite\",\"@id\":\"https:\/\/www.doppelklicker.de\/blog\/#website\",\"url\":\"https:\/\/www.doppelklicker.de\/blog\/\",\"name\":\"Aus Mainz.\",\"description\":\"F\u00fcr die Welt.\",\"potentialAction\":[{\"@type\":\"SearchAction\",\"target\":{\"@type\":\"EntryPoint\",\"urlTemplate\":\"https:\/\/www.doppelklicker.de\/blog\/?s={search_term_string}\"},\"query-input\":\"required name=search_term_string\"}],\"inLanguage\":\"de-DE\"},{\"@type\":\"ImageObject\",\"@id\":\"https:\/\/www.doppelklicker.de\/blog\/georges-bizets-die-perlenfischer-in-konzertanter-auffuehrung\/#primaryimage\",\"inLanguage\":\"de-DE\",\"url\":\"https:\/\/www.doppelklicker.de\/blog\/wp-content\/uploads\/2024\/01\/konzertante-auffuehrung-von-perlenfischer-musikalisches-juwel-kehrt-16427.jpg\",\"contentUrl\":\"https:\/\/www.doppelklicker.de\/blog\/wp-content\/uploads\/2024\/01\/konzertante-auffuehrung-von-perlenfischer-musikalisches-juwel-kehrt-16427.jpg\",\"width\":1280,\"height\":615,\"caption\":\"Konzertante Auff\u00fchrung von Die Perlenfischer: Ein musikalisches Juwel kehrt zur\u00fcck (Foto: Christian POGO Zach)\"},{\"@type\":\"WebPage\",\"@id\":\"https:\/\/www.doppelklicker.de\/blog\/georges-bizets-die-perlenfischer-in-konzertanter-auffuehrung\/#webpage\",\"url\":\"https:\/\/www.doppelklicker.de\/blog\/georges-bizets-die-perlenfischer-in-konzertanter-auffuehrung\/\",\"name\":\"Konzertante Auff\u00fchrung von Die Perlenfischer: Ein musikalisches Juwel kehrt zur\u00fcck\",\"isPartOf\":{\"@id\":\"https:\/\/www.doppelklicker.de\/blog\/#website\"},\"primaryImageOfPage\":{\"@id\":\"https:\/\/www.doppelklicker.de\/blog\/georges-bizets-die-perlenfischer-in-konzertanter-auffuehrung\/#primaryimage\"},\"datePublished\":\"2024-01-02T13:00:00+00:00\",\"dateModified\":\"2024-01-02T13:00:00+00:00\",\"author\":{\"@id\":\"https:\/\/www.doppelklicker.de\/blog\/#\/schema\/person\/08dcac172bdb025e8ff433488184668a\"},\"breadcrumb\":{\"@id\":\"https:\/\/www.doppelklicker.de\/blog\/georges-bizets-die-perlenfischer-in-konzertanter-auffuehrung\/#breadcrumb\"},\"inLanguage\":\"de-DE\",\"potentialAction\":[{\"@type\":\"ReadAction\",\"target\":[\"https:\/\/www.doppelklicker.de\/blog\/georges-bizets-die-perlenfischer-in-konzertanter-auffuehrung\/\"]}]},{\"@type\":\"BreadcrumbList\",\"@id\":\"https:\/\/www.doppelklicker.de\/blog\/georges-bizets-die-perlenfischer-in-konzertanter-auffuehrung\/#breadcrumb\",\"itemListElement\":[{\"@type\":\"ListItem\",\"position\":1,\"name\":\"Startseite\",\"item\":\"https:\/\/www.doppelklicker.de\/blog\/\"},{\"@type\":\"ListItem\",\"position\":2,\"name\":\"Konzertante Auff\u00fchrung von Die Perlenfischer: Ein musikalisches Juwel kehrt zur\u00fcck\"}]},{\"@type\":\"Person\",\"@id\":\"https:\/\/www.doppelklicker.de\/blog\/#\/schema\/person\/08dcac172bdb025e8ff433488184668a\",\"name\":\"Iris Martin\",\"image\":{\"@type\":\"ImageObject\",\"@id\":\"https:\/\/www.doppelklicker.de\/blog\/#personlogo\",\"inLanguage\":\"de-DE\",\"url\":\"https:\/\/secure.gravatar.com\/avatar\/82fdaa093be0b9686b531f99fcb54d15?s=96&d=wp_user_avatar&r=g\",\"contentUrl\":\"https:\/\/secure.gravatar.com\/avatar\/82fdaa093be0b9686b531f99fcb54d15?s=96&d=wp_user_avatar&r=g\",\"caption\":\"Iris Martin\"},\"url\":\"https:\/\/www.doppelklicker.de\/blog\/author\/iris-martin\/\"}]}<\/script>\n<!-- \/ Yoast SEO plugin. -->","yoast_head_json":{"robots":{"index":"index","follow":"follow","max-snippet":"max-snippet:-1","max-image-preview":"max-image-preview:large","max-video-preview":"max-video-preview:-1"},"canonical":"https:\/\/www.doppelklicker.de\/blog\/georges-bizets-die-perlenfischer-in-konzertanter-auffuehrung\/","og_locale":"de_DE","og_type":"article","og_title":"Konzertante Auff\u00fchrung von Die Perlenfischer: Ein musikalisches Juwel kehrt zur\u00fcck","og_description":"Die Perlenfischer von Georges Bizet kehren am 5. Januar 2024 in einer konzertanten Auff\u00fchrung auf die B\u00fchne des Staatstheaters am G\u00e4rtnerplatz zur\u00fcck. Das Publikum wird die Gelegenheit haben, in die faszinierende Welt der Perlenfischer auf Ceylon einzutauchen und eine Geschichte von Freundschaft, Liebe und Verrat zu erleben. Die musikalische Inszenierung verspricht ein unvergessliches Opernerlebnis, dasJetzt alles lesen","og_url":"https:\/\/www.doppelklicker.de\/blog\/georges-bizets-die-perlenfischer-in-konzertanter-auffuehrung\/","og_site_name":"Aus Mainz.","article_published_time":"2024-01-02T13:00:00+00:00","og_image":[{"width":1280,"height":615,"url":"https:\/\/www.doppelklicker.de\/blog\/wp-content\/uploads\/2024\/01\/konzertante-auffuehrung-von-perlenfischer-musikalisches-juwel-kehrt-16427.jpg","type":"image\/jpeg"}],"twitter_card":"summary_large_image","twitter_misc":{"Verfasst von":"Iris Martin","Gesch\u00e4tzte Lesezeit":"3 Minuten"},"schema":{"@context":"https:\/\/schema.org","@graph":[{"@type":"WebSite","@id":"https:\/\/www.doppelklicker.de\/blog\/#website","url":"https:\/\/www.doppelklicker.de\/blog\/","name":"Aus Mainz.","description":"F\u00fcr die Welt.","potentialAction":[{"@type":"SearchAction","target":{"@type":"EntryPoint","urlTemplate":"https:\/\/www.doppelklicker.de\/blog\/?s={search_term_string}"},"query-input":"required name=search_term_string"}],"inLanguage":"de-DE"},{"@type":"ImageObject","@id":"https:\/\/www.doppelklicker.de\/blog\/georges-bizets-die-perlenfischer-in-konzertanter-auffuehrung\/#primaryimage","inLanguage":"de-DE","url":"https:\/\/www.doppelklicker.de\/blog\/wp-content\/uploads\/2024\/01\/konzertante-auffuehrung-von-perlenfischer-musikalisches-juwel-kehrt-16427.jpg","contentUrl":"https:\/\/www.doppelklicker.de\/blog\/wp-content\/uploads\/2024\/01\/konzertante-auffuehrung-von-perlenfischer-musikalisches-juwel-kehrt-16427.jpg","width":1280,"height":615,"caption":"Konzertante Auff\u00fchrung von Die Perlenfischer: Ein musikalisches Juwel kehrt zur\u00fcck (Foto: Christian POGO Zach)"},{"@type":"WebPage","@id":"https:\/\/www.doppelklicker.de\/blog\/georges-bizets-die-perlenfischer-in-konzertanter-auffuehrung\/#webpage","url":"https:\/\/www.doppelklicker.de\/blog\/georges-bizets-die-perlenfischer-in-konzertanter-auffuehrung\/","name":"Konzertante Auff\u00fchrung von Die Perlenfischer: Ein musikalisches Juwel kehrt zur\u00fcck","isPartOf":{"@id":"https:\/\/www.doppelklicker.de\/blog\/#website"},"primaryImageOfPage":{"@id":"https:\/\/www.doppelklicker.de\/blog\/georges-bizets-die-perlenfischer-in-konzertanter-auffuehrung\/#primaryimage"},"datePublished":"2024-01-02T13:00:00+00:00","dateModified":"2024-01-02T13:00:00+00:00","author":{"@id":"https:\/\/www.doppelklicker.de\/blog\/#\/schema\/person\/08dcac172bdb025e8ff433488184668a"},"breadcrumb":{"@id":"https:\/\/www.doppelklicker.de\/blog\/georges-bizets-die-perlenfischer-in-konzertanter-auffuehrung\/#breadcrumb"},"inLanguage":"de-DE","potentialAction":[{"@type":"ReadAction","target":["https:\/\/www.doppelklicker.de\/blog\/georges-bizets-die-perlenfischer-in-konzertanter-auffuehrung\/"]}]},{"@type":"BreadcrumbList","@id":"https:\/\/www.doppelklicker.de\/blog\/georges-bizets-die-perlenfischer-in-konzertanter-auffuehrung\/#breadcrumb","itemListElement":[{"@type":"ListItem","position":1,"name":"Startseite","item":"https:\/\/www.doppelklicker.de\/blog\/"},{"@type":"ListItem","position":2,"name":"Konzertante Auff\u00fchrung von Die Perlenfischer: Ein musikalisches Juwel kehrt zur\u00fcck"}]},{"@type":"Person","@id":"https:\/\/www.doppelklicker.de\/blog\/#\/schema\/person\/08dcac172bdb025e8ff433488184668a","name":"Iris Martin","image":{"@type":"ImageObject","@id":"https:\/\/www.doppelklicker.de\/blog\/#personlogo","inLanguage":"de-DE","url":"https:\/\/secure.gravatar.com\/avatar\/82fdaa093be0b9686b531f99fcb54d15?s=96&d=wp_user_avatar&r=g","contentUrl":"https:\/\/secure.gravatar.com\/avatar\/82fdaa093be0b9686b531f99fcb54d15?s=96&d=wp_user_avatar&r=g","caption":"Iris Martin"},"url":"https:\/\/www.doppelklicker.de\/blog\/author\/iris-martin\/"}]}},"_links":{"self":[{"href":"https:\/\/www.doppelklicker.de\/blog\/wp-json\/wp\/v2\/posts\/6853"}],"collection":[{"href":"https:\/\/www.doppelklicker.de\/blog\/wp-json\/wp\/v2\/posts"}],"about":[{"href":"https:\/\/www.doppelklicker.de\/blog\/wp-json\/wp\/v2\/types\/post"}],"author":[{"embeddable":true,"href":"https:\/\/www.doppelklicker.de\/blog\/wp-json\/wp\/v2\/users\/8"}],"replies":[{"embeddable":true,"href":"https:\/\/www.doppelklicker.de\/blog\/wp-json\/wp\/v2\/comments?post=6853"}],"version-history":[{"count":0,"href":"https:\/\/www.doppelklicker.de\/blog\/wp-json\/wp\/v2\/posts\/6853\/revisions"}],"wp:featuredmedia":[{"embeddable":true,"href":"https:\/\/www.doppelklicker.de\/blog\/wp-json\/wp\/v2\/media\/6854"}],"wp:attachment":[{"href":"https:\/\/www.doppelklicker.de\/blog\/wp-json\/wp\/v2\/media?parent=6853"}],"wp:term":[{"taxonomy":"category","embeddable":true,"href":"https:\/\/www.doppelklicker.de\/blog\/wp-json\/wp\/v2\/categories?post=6853"},{"taxonomy":"post_tag","embeddable":true,"href":"https:\/\/www.doppelklicker.de\/blog\/wp-json\/wp\/v2\/tags?post=6853"}],"curies":[{"name":"wp","href":"https:\/\/api.w.org\/{rel}","templated":true}]}}