{"id":6885,"date":"2024-01-24T08:00:00","date_gmt":"2024-01-24T06:00:00","guid":{"rendered":"guid"},"modified":"2024-01-24T08:00:00","modified_gmt":"2024-01-24T06:00:00","slug":"bmw-m-motorsport-fahreraufgebote-fuer-imsa-saison-2024","status":"publish","type":"post","link":"https:\/\/www.doppelklicker.de\/blog\/bmw-m-motorsport-fahreraufgebote-fuer-imsa-saison-2024\/","title":{"rendered":"Erfolgreiche Deb\u00fctsaison motiviert BMW M Team RLL f\u00fcr kommende Saison"},"content":{"rendered":"<p>F\u00fcr die kommende IMSA-Saison 2024 hat das BMW M Team RLL die Fahreraufgebote bekannt gegeben. Besonderes Augenmerk liegt dabei auf den beiden BMW M Hybrid V8, die in der GTP-Klasse antreten werden. Im #25 Fahrzeug werden Connor De Phillippi und Nick Yelloly als bew\u00e4hrte Stammfahrer weiterhin im Einsatz sein, w\u00e4hrend im #24 Fahrzeug Jesse Krohn als neuer Partner von Philipp Eng ins Cockpit steigt. Zudem werden bei den Langstreckenrennen in Daytona, Sebring und Road Atlanta Augusto Farfus, Maxime Martin, Dries Vanthoor und Rene Rast das Team verst\u00e4rken.<br \/>\n<!--more--><\/p>\n<div id=\"ez-toc-container\" class=\"ez-toc-v2_0_16 counter-hierarchy\">\n<div class=\"ez-toc-title-container\">\n<p class=\"ez-toc-title\">Inhaltsverzeichnis: Das erwartet Sie in diesem Artikel<\/p>\n<span class=\"ez-toc-title-toggle\"><a class=\"ez-toc-pull-right ez-toc-btn ez-toc-btn-xs ez-toc-btn-default ez-toc-toggle\" style=\"display: none;\"><i class=\"ez-toc-glyphicon ez-toc-icon-toggle\"><\/i><\/a><\/span><\/div>\n<nav><ul class=\"ez-toc-list ez-toc-list-level-1\"><li class=\"ez-toc-page-1 ez-toc-heading-level-2\"><a class=\"ez-toc-link ez-toc-heading-1\" href=\"https:\/\/www.doppelklicker.de\/blog\/bmw-m-motorsport-fahreraufgebote-fuer-imsa-saison-2024\/#erfahrenes-und-erfolgreiches-team-fuer-bmw-m-team-rll-in-imsa-saison-2024\" title=\"Erfahrenes und erfolgreiches Team f\u00fcr BMW M Team RLL in IMSA-Saison 2024\">Erfahrenes und erfolgreiches Team f\u00fcr BMW M Team RLL in IMSA-Saison 2024<\/a><\/li><li class=\"ez-toc-page-1 ez-toc-heading-level-2\"><a class=\"ez-toc-link ez-toc-heading-2\" href=\"https:\/\/www.doppelklicker.de\/blog\/bmw-m-motorsport-fahreraufgebote-fuer-imsa-saison-2024\/#de-phillippi-yelloly-und-krohn-bereit-fuer-die-neue-saison\" title=\"De Phillippi, Yelloly und Krohn bereit f\u00fcr die neue Saison\">De Phillippi, Yelloly und Krohn bereit f\u00fcr die neue Saison<\/a><\/li><li class=\"ez-toc-page-1 ez-toc-heading-level-2\"><a class=\"ez-toc-link ez-toc-heading-3\" href=\"https:\/\/www.doppelklicker.de\/blog\/bmw-m-motorsport-fahreraufgebote-fuer-imsa-saison-2024\/#unterstuetzung-fuer-das-bmw-m-team-rll-bei-langstreckenrennen\" title=\"Unterst\u00fctzung f\u00fcr das BMW M Team RLL bei Langstreckenrennen\">Unterst\u00fctzung f\u00fcr das BMW M Team RLL bei Langstreckenrennen<\/a><\/li><li class=\"ez-toc-page-1 ez-toc-heading-level-2\"><a class=\"ez-toc-link ez-toc-heading-4\" href=\"https:\/\/www.doppelklicker.de\/blog\/bmw-m-motorsport-fahreraufgebote-fuer-imsa-saison-2024\/#bmw-m-team-rll-spannendes-fahreraufgebot-fuer-die-imsa-saison-2024\" title=\"BMW M Team RLL: Spannendes Fahreraufgebot f\u00fcr die IMSA-Saison 2024\">BMW M Team RLL: Spannendes Fahreraufgebot f\u00fcr die IMSA-Saison 2024<\/a><\/li><\/ul><\/nav><\/div>\n<h2><span class=\"ez-toc-section\" id=\"erfahrenes-und-erfolgreiches-team-fuer-bmw-m-team-rll-in-imsa-saison-2024\"><\/span>Erfahrenes und erfolgreiches Team f\u00fcr BMW M Team RLL in IMSA-Saison 2024<span class=\"ez-toc-section-end\"><\/span><\/h2>\n<p>Das BMW M Team RLL hat f\u00fcr die IMSA-Saison 2024 ein beeindruckendes Fahreraufgebot zusammengestellt. Im Fokus stehen die beiden BMW M Hybrid V8, die in der GTP-Klasse antreten werden. Mit den Stammfahrern De Phillippi und Yelloly, die bereits in der letzten Saison erfolgreich waren, hat das Team eine solide Basis. Erg\u00e4nzt werden sie durch den erfahrenen Krohn und Eng, die f\u00fcr Kontinuit\u00e4t und Erfahrung stehen. Zus\u00e4tzlich verst\u00e4rken Farfus, Martin, Vanthoor und Rast das Team bei den Langstreckenrennen. Diese Kombination aus erfahrenen Stammfahrern und starken Erg\u00e4nzungen verspricht eine spannende und erfolgreiche Saison.<\/p>\n<h2><span class=\"ez-toc-section\" id=\"de-phillippi-yelloly-und-krohn-bereit-fuer-die-neue-saison\"><\/span>De Phillippi, Yelloly und Krohn bereit f\u00fcr die neue Saison<span class=\"ez-toc-section-end\"><\/span><\/h2>\n<p>Nach einer erfolgreichen Deb\u00fctsaison sind die Fahrer Connor De Phillippi und Nick Yelloly voller Motivation f\u00fcr die kommende Saison. Mit einem Sieg und f\u00fcnf Podestpl\u00e4tzen haben sie bewiesen, dass sie auf dem richtigen Weg sind. Jesse Krohn, ein erfahrener Fahrer, kehrt ebenfalls zur\u00fcck und kann auf seine Erfolge, wie den Sieg bei den 24h Daytona, aufbauen. Das Team ist bereit, in der kommenden Saison um den Titel zu k\u00e4mpfen.<\/p>\n<h2><span class=\"ez-toc-section\" id=\"unterstuetzung-fuer-das-bmw-m-team-rll-bei-langstreckenrennen\"><\/span>Unterst\u00fctzung f\u00fcr das BMW M Team RLL bei Langstreckenrennen<span class=\"ez-toc-section-end\"><\/span><\/h2>\n<p>Das BMW M Team RLL kann bei den Langstreckenrennen in Daytona, Sebring und Road Atlanta auf die Unterst\u00fctzung der erfahrenen Fahrer Farfus und Martin z\u00e4hlen. Beide Fahrer haben bereits umfangreiche Erfahrungen mit dem LMDh-Fahrzeug gesammelt und k\u00f6nnen somit wertvolles Fachwissen in das Team einbringen. Dar\u00fcber hinaus verst\u00e4rken Vanthoor und Rast das Team beim 24-Stunden-Rennen von Daytona. Mit diesem starken Fahreraufgebot ist das BMW M Team RLL bestens vorbereitet, um bei den anspruchsvollen Endurance-Rennen erfolgreich zu sein.<\/p>\n<h2><span class=\"ez-toc-section\" id=\"bmw-m-team-rll-spannendes-fahreraufgebot-fuer-die-imsa-saison-2024\"><\/span>BMW M Team RLL: Spannendes Fahreraufgebot f\u00fcr die IMSA-Saison 2024<span class=\"ez-toc-section-end\"><\/span><\/h2>\n<p>Das Fahreraufgebot des BMW M Team RLL f\u00fcr die IMSA-Saison 2024 verspricht eine aufregende und spannende Zeit f\u00fcr Motorsportbegeisterte. Mit einer starken Kombination aus erfahrenen Stammfahrern und talentierten Neuzug\u00e4ngen ist das Team bestens aufgestellt, um in der GTP-Klasse anzutreten. Die Fahrer haben bereits bewiesen, dass sie erfolgreich sein k\u00f6nnen und sind hochmotiviert, in der neuen Saison um Siege und den Titel zu k\u00e4mpfen. Es wird sicherlich eine Saison voller Action und Nervenkitzel.<\/p>\n","protected":false},"excerpt":{"rendered":"<p>F\u00fcr die kommende IMSA-Saison 2024 hat das BMW M Team RLL die Fahreraufgebote bekannt gegeben. Besonderes Augenmerk liegt dabei auf den beiden BMW M Hybrid V8, die in der GTP-Klasse antreten werden. Im #25 Fahrzeug werden Connor De Phillippi und Nick Yelloly als bew\u00e4hrte Stammfahrer weiterhin im Einsatz sein, w\u00e4hrend im #24 Fahrzeug Jesse Krohn<\/p>\n<div class=\"read-more\"><a href=\"https:\/\/www.doppelklicker.de\/blog\/bmw-m-motorsport-fahreraufgebote-fuer-imsa-saison-2024\/\" title=\"Jetzt alles lesen\">Jetzt alles lesen<\/a><\/div>\n","protected":false},"author":8,"featured_media":6886,"comment_status":"open","ping_status":"open","sticky":false,"template":"","format":"standard","meta":[],"categories":[3305],"tags":[],"yoast_head":"<!-- This site is optimized with the Yoast SEO plugin v18.2 - https:\/\/yoast.com\/wordpress\/plugins\/seo\/ -->\n<meta name=\"robots\" content=\"index, follow, max-snippet:-1, max-image-preview:large, max-video-preview:-1\" \/>\n<link rel=\"canonical\" href=\"https:\/\/www.doppelklicker.de\/blog\/bmw-m-motorsport-fahreraufgebote-fuer-imsa-saison-2024\/\" \/>\n<meta property=\"og:locale\" content=\"de_DE\" \/>\n<meta property=\"og:type\" content=\"article\" \/>\n<meta property=\"og:title\" content=\"Erfolgreiche Deb\u00fctsaison motiviert BMW M Team RLL f\u00fcr kommende Saison\" \/>\n<meta property=\"og:description\" content=\"F\u00fcr die kommende IMSA-Saison 2024 hat das BMW M Team RLL die Fahreraufgebote bekannt gegeben. Besonderes Augenmerk liegt dabei auf den beiden BMW M Hybrid V8, die in der GTP-Klasse antreten werden. Im #25 Fahrzeug werden Connor De Phillippi und Nick Yelloly als bew\u00e4hrte Stammfahrer weiterhin im Einsatz sein, w\u00e4hrend im #24 Fahrzeug Jesse KrohnJetzt alles lesen\" \/>\n<meta property=\"og:url\" content=\"https:\/\/www.doppelklicker.de\/blog\/bmw-m-motorsport-fahreraufgebote-fuer-imsa-saison-2024\/\" \/>\n<meta property=\"og:site_name\" content=\"Aus Mainz.\" \/>\n<meta property=\"article:published_time\" content=\"2024-01-24T06:00:00+00:00\" \/>\n<meta property=\"og:image\" content=\"https:\/\/www.doppelklicker.de\/blog\/wp-content\/uploads\/2024\/01\/bmw-m-team-rll-praesentiert-starkes-fahreraufgebot-imsa-saison-16644.jpg\" \/>\n\t<meta property=\"og:image:width\" content=\"1280\" \/>\n\t<meta property=\"og:image:height\" content=\"615\" \/>\n\t<meta property=\"og:image:type\" content=\"image\/jpeg\" \/>\n<meta name=\"twitter:card\" content=\"summary_large_image\" \/>\n<meta name=\"twitter:label1\" content=\"Verfasst von\" \/>\n\t<meta name=\"twitter:data1\" content=\"Iris Martin\" \/>\n\t<meta name=\"twitter:label2\" content=\"Gesch\u00e4tzte Lesezeit\" \/>\n\t<meta name=\"twitter:data2\" content=\"2 Minuten\" \/>\n<script type=\"application\/ld+json\" class=\"yoast-schema-graph\">{\"@context\":\"https:\/\/schema.org\",\"@graph\":[{\"@type\":\"WebSite\",\"@id\":\"https:\/\/www.doppelklicker.de\/blog\/#website\",\"url\":\"https:\/\/www.doppelklicker.de\/blog\/\",\"name\":\"Aus Mainz.\",\"description\":\"F\u00fcr die Welt.\",\"potentialAction\":[{\"@type\":\"SearchAction\",\"target\":{\"@type\":\"EntryPoint\",\"urlTemplate\":\"https:\/\/www.doppelklicker.de\/blog\/?s={search_term_string}\"},\"query-input\":\"required name=search_term_string\"}],\"inLanguage\":\"de-DE\"},{\"@type\":\"ImageObject\",\"@id\":\"https:\/\/www.doppelklicker.de\/blog\/bmw-m-motorsport-fahreraufgebote-fuer-imsa-saison-2024\/#primaryimage\",\"inLanguage\":\"de-DE\",\"url\":\"https:\/\/www.doppelklicker.de\/blog\/wp-content\/uploads\/2024\/01\/bmw-m-team-rll-praesentiert-starkes-fahreraufgebot-imsa-saison-16644.jpg\",\"contentUrl\":\"https:\/\/www.doppelklicker.de\/blog\/wp-content\/uploads\/2024\/01\/bmw-m-team-rll-praesentiert-starkes-fahreraufgebot-imsa-saison-16644.jpg\",\"width\":1280,\"height\":615,\"caption\":\"Erfolgreiche Deb\u00fctsaison motiviert BMW M Team RLL f\u00fcr kommende Saison (Foto: BMW Group)\"},{\"@type\":\"WebPage\",\"@id\":\"https:\/\/www.doppelklicker.de\/blog\/bmw-m-motorsport-fahreraufgebote-fuer-imsa-saison-2024\/#webpage\",\"url\":\"https:\/\/www.doppelklicker.de\/blog\/bmw-m-motorsport-fahreraufgebote-fuer-imsa-saison-2024\/\",\"name\":\"Erfolgreiche Deb\u00fctsaison motiviert BMW M Team RLL f\u00fcr kommende Saison\",\"isPartOf\":{\"@id\":\"https:\/\/www.doppelklicker.de\/blog\/#website\"},\"primaryImageOfPage\":{\"@id\":\"https:\/\/www.doppelklicker.de\/blog\/bmw-m-motorsport-fahreraufgebote-fuer-imsa-saison-2024\/#primaryimage\"},\"datePublished\":\"2024-01-24T06:00:00+00:00\",\"dateModified\":\"2024-01-24T06:00:00+00:00\",\"author\":{\"@id\":\"https:\/\/www.doppelklicker.de\/blog\/#\/schema\/person\/08dcac172bdb025e8ff433488184668a\"},\"breadcrumb\":{\"@id\":\"https:\/\/www.doppelklicker.de\/blog\/bmw-m-motorsport-fahreraufgebote-fuer-imsa-saison-2024\/#breadcrumb\"},\"inLanguage\":\"de-DE\",\"potentialAction\":[{\"@type\":\"ReadAction\",\"target\":[\"https:\/\/www.doppelklicker.de\/blog\/bmw-m-motorsport-fahreraufgebote-fuer-imsa-saison-2024\/\"]}]},{\"@type\":\"BreadcrumbList\",\"@id\":\"https:\/\/www.doppelklicker.de\/blog\/bmw-m-motorsport-fahreraufgebote-fuer-imsa-saison-2024\/#breadcrumb\",\"itemListElement\":[{\"@type\":\"ListItem\",\"position\":1,\"name\":\"Startseite\",\"item\":\"https:\/\/www.doppelklicker.de\/blog\/\"},{\"@type\":\"ListItem\",\"position\":2,\"name\":\"Erfolgreiche Deb\u00fctsaison motiviert BMW M Team RLL f\u00fcr kommende Saison\"}]},{\"@type\":\"Person\",\"@id\":\"https:\/\/www.doppelklicker.de\/blog\/#\/schema\/person\/08dcac172bdb025e8ff433488184668a\",\"name\":\"Iris Martin\",\"image\":{\"@type\":\"ImageObject\",\"@id\":\"https:\/\/www.doppelklicker.de\/blog\/#personlogo\",\"inLanguage\":\"de-DE\",\"url\":\"https:\/\/secure.gravatar.com\/avatar\/82fdaa093be0b9686b531f99fcb54d15?s=96&d=wp_user_avatar&r=g\",\"contentUrl\":\"https:\/\/secure.gravatar.com\/avatar\/82fdaa093be0b9686b531f99fcb54d15?s=96&d=wp_user_avatar&r=g\",\"caption\":\"Iris Martin\"},\"url\":\"https:\/\/www.doppelklicker.de\/blog\/author\/iris-martin\/\"}]}<\/script>\n<!-- \/ Yoast SEO plugin. -->","yoast_head_json":{"robots":{"index":"index","follow":"follow","max-snippet":"max-snippet:-1","max-image-preview":"max-image-preview:large","max-video-preview":"max-video-preview:-1"},"canonical":"https:\/\/www.doppelklicker.de\/blog\/bmw-m-motorsport-fahreraufgebote-fuer-imsa-saison-2024\/","og_locale":"de_DE","og_type":"article","og_title":"Erfolgreiche Deb\u00fctsaison motiviert BMW M Team RLL f\u00fcr kommende Saison","og_description":"F\u00fcr die kommende IMSA-Saison 2024 hat das BMW M Team RLL die Fahreraufgebote bekannt gegeben. Besonderes Augenmerk liegt dabei auf den beiden BMW M Hybrid V8, die in der GTP-Klasse antreten werden. Im #25 Fahrzeug werden Connor De Phillippi und Nick Yelloly als bew\u00e4hrte Stammfahrer weiterhin im Einsatz sein, w\u00e4hrend im #24 Fahrzeug Jesse KrohnJetzt alles lesen","og_url":"https:\/\/www.doppelklicker.de\/blog\/bmw-m-motorsport-fahreraufgebote-fuer-imsa-saison-2024\/","og_site_name":"Aus Mainz.","article_published_time":"2024-01-24T06:00:00+00:00","og_image":[{"width":1280,"height":615,"url":"https:\/\/www.doppelklicker.de\/blog\/wp-content\/uploads\/2024\/01\/bmw-m-team-rll-praesentiert-starkes-fahreraufgebot-imsa-saison-16644.jpg","type":"image\/jpeg"}],"twitter_card":"summary_large_image","twitter_misc":{"Verfasst von":"Iris Martin","Gesch\u00e4tzte Lesezeit":"2 Minuten"},"schema":{"@context":"https:\/\/schema.org","@graph":[{"@type":"WebSite","@id":"https:\/\/www.doppelklicker.de\/blog\/#website","url":"https:\/\/www.doppelklicker.de\/blog\/","name":"Aus Mainz.","description":"F\u00fcr die Welt.","potentialAction":[{"@type":"SearchAction","target":{"@type":"EntryPoint","urlTemplate":"https:\/\/www.doppelklicker.de\/blog\/?s={search_term_string}"},"query-input":"required name=search_term_string"}],"inLanguage":"de-DE"},{"@type":"ImageObject","@id":"https:\/\/www.doppelklicker.de\/blog\/bmw-m-motorsport-fahreraufgebote-fuer-imsa-saison-2024\/#primaryimage","inLanguage":"de-DE","url":"https:\/\/www.doppelklicker.de\/blog\/wp-content\/uploads\/2024\/01\/bmw-m-team-rll-praesentiert-starkes-fahreraufgebot-imsa-saison-16644.jpg","contentUrl":"https:\/\/www.doppelklicker.de\/blog\/wp-content\/uploads\/2024\/01\/bmw-m-team-rll-praesentiert-starkes-fahreraufgebot-imsa-saison-16644.jpg","width":1280,"height":615,"caption":"Erfolgreiche Deb\u00fctsaison motiviert BMW M Team RLL f\u00fcr kommende Saison (Foto: BMW Group)"},{"@type":"WebPage","@id":"https:\/\/www.doppelklicker.de\/blog\/bmw-m-motorsport-fahreraufgebote-fuer-imsa-saison-2024\/#webpage","url":"https:\/\/www.doppelklicker.de\/blog\/bmw-m-motorsport-fahreraufgebote-fuer-imsa-saison-2024\/","name":"Erfolgreiche Deb\u00fctsaison motiviert BMW M Team RLL f\u00fcr kommende Saison","isPartOf":{"@id":"https:\/\/www.doppelklicker.de\/blog\/#website"},"primaryImageOfPage":{"@id":"https:\/\/www.doppelklicker.de\/blog\/bmw-m-motorsport-fahreraufgebote-fuer-imsa-saison-2024\/#primaryimage"},"datePublished":"2024-01-24T06:00:00+00:00","dateModified":"2024-01-24T06:00:00+00:00","author":{"@id":"https:\/\/www.doppelklicker.de\/blog\/#\/schema\/person\/08dcac172bdb025e8ff433488184668a"},"breadcrumb":{"@id":"https:\/\/www.doppelklicker.de\/blog\/bmw-m-motorsport-fahreraufgebote-fuer-imsa-saison-2024\/#breadcrumb"},"inLanguage":"de-DE","potentialAction":[{"@type":"ReadAction","target":["https:\/\/www.doppelklicker.de\/blog\/bmw-m-motorsport-fahreraufgebote-fuer-imsa-saison-2024\/"]}]},{"@type":"BreadcrumbList","@id":"https:\/\/www.doppelklicker.de\/blog\/bmw-m-motorsport-fahreraufgebote-fuer-imsa-saison-2024\/#breadcrumb","itemListElement":[{"@type":"ListItem","position":1,"name":"Startseite","item":"https:\/\/www.doppelklicker.de\/blog\/"},{"@type":"ListItem","position":2,"name":"Erfolgreiche Deb\u00fctsaison motiviert BMW M Team RLL f\u00fcr kommende Saison"}]},{"@type":"Person","@id":"https:\/\/www.doppelklicker.de\/blog\/#\/schema\/person\/08dcac172bdb025e8ff433488184668a","name":"Iris Martin","image":{"@type":"ImageObject","@id":"https:\/\/www.doppelklicker.de\/blog\/#personlogo","inLanguage":"de-DE","url":"https:\/\/secure.gravatar.com\/avatar\/82fdaa093be0b9686b531f99fcb54d15?s=96&d=wp_user_avatar&r=g","contentUrl":"https:\/\/secure.gravatar.com\/avatar\/82fdaa093be0b9686b531f99fcb54d15?s=96&d=wp_user_avatar&r=g","caption":"Iris Martin"},"url":"https:\/\/www.doppelklicker.de\/blog\/author\/iris-martin\/"}]}},"_links":{"self":[{"href":"https:\/\/www.doppelklicker.de\/blog\/wp-json\/wp\/v2\/posts\/6885"}],"collection":[{"href":"https:\/\/www.doppelklicker.de\/blog\/wp-json\/wp\/v2\/posts"}],"about":[{"href":"https:\/\/www.doppelklicker.de\/blog\/wp-json\/wp\/v2\/types\/post"}],"author":[{"embeddable":true,"href":"https:\/\/www.doppelklicker.de\/blog\/wp-json\/wp\/v2\/users\/8"}],"replies":[{"embeddable":true,"href":"https:\/\/www.doppelklicker.de\/blog\/wp-json\/wp\/v2\/comments?post=6885"}],"version-history":[{"count":0,"href":"https:\/\/www.doppelklicker.de\/blog\/wp-json\/wp\/v2\/posts\/6885\/revisions"}],"wp:featuredmedia":[{"embeddable":true,"href":"https:\/\/www.doppelklicker.de\/blog\/wp-json\/wp\/v2\/media\/6886"}],"wp:attachment":[{"href":"https:\/\/www.doppelklicker.de\/blog\/wp-json\/wp\/v2\/media?parent=6885"}],"wp:term":[{"taxonomy":"category","embeddable":true,"href":"https:\/\/www.doppelklicker.de\/blog\/wp-json\/wp\/v2\/categories?post=6885"},{"taxonomy":"post_tag","embeddable":true,"href":"https:\/\/www.doppelklicker.de\/blog\/wp-json\/wp\/v2\/tags?post=6885"}],"curies":[{"name":"wp","href":"https:\/\/api.w.org\/{rel}","templated":true}]}}