{"id":6889,"date":"2024-01-31T08:00:00","date_gmt":"2024-01-31T06:00:00","guid":{"rendered":"guid"},"modified":"2024-01-31T08:00:00","modified_gmt":"2024-01-31T06:00:00","slug":"bmw-m-team-wrt-fahreraufstellung-fuer-fia-world-endurance-champion","status":"publish","type":"post","link":"https:\/\/www.doppelklicker.de\/blog\/bmw-m-team-wrt-fahreraufstellung-fuer-fia-world-endurance-champion\/","title":{"rendered":"BMW M Team WRT: Erfahrene Fahrer f\u00fcr Hybrid V8 und GT3"},"content":{"rendered":"<p>Das BMW M Team WRT hat offiziell seine Fahrerbesetzung f\u00fcr die kommende Saison der FIA World Endurance Championship bekannt gegeben. Das Team wird mit zwei BMW M Hybrid V8 in der Hypercar-Klasse und zwei BMW M4 GT3 in der LMGT3-Klasse an den Start gehen. Durch die Kombination aus erfahrenen Fahrern und unterschiedlichen Fahrzeugtypen ist das Team gut aufgestellt, um spannende Rennen zu liefern und eine starke Leistung zu erbringen.<br \/>\n<!--more--><\/p>\n<h2>Erfahrene Langstreckenfahrer Vanthoor und van der Linde in BMW M Hybrid V8<\/h2>\n<p>Das BMW M Team WRT hat mit Dries Vanthoor aus Belgien und Sheldon van der Linde aus S\u00fcdafrika zwei erfahrene Langstreckenfahrer f\u00fcr die BMW M Hybrid V8 in der FIA WEC verpflichtet. Vanthoor hat bereits bei Testfahrten gezeigt, dass er den BMW M Hybrid V8 gut beherrscht, w\u00e4hrend van der Linde voller Vorfreude auf seine erste Teilnahme an einer offiziellen FIA-Weltmeisterschaft ist und zuversichtlich ist, sich schnell auf die neuen Strecken einzustellen.<\/p>\n<h2>Valentino Rossi und Augusto Farfus gemeinsam im BMW M4 GT3<\/h2>\n<p>Der neunfache Motorrad-Weltmeister Valentino Rossi und der brasilianische Fahrer Augusto Farfus werden als Team den BMW M4 GT3 steuern. Rossi konnte in der vergangenen Saison einen beeindruckenden Sieg auf der legend\u00e4ren Rennstrecke in Le Mans feiern und ist nun bereit f\u00fcr die neue Herausforderung in der FIA WEC. Farfus bringt seine langj\u00e4hrige Erfahrung und sein fahrerisches K\u00f6nnen in das LMGT3-Programm ein und ist zuversichtlich, dass er mit dem BMW M4 GT3 erfolgreich sein wird.<\/p>\n<h2>Erfahrene Piloten und vielseitige Fahrzeuge f\u00fcr BMW M Team WRT<\/h2>\n<p>Mit der offiziellen Bekanntgabe der Fahreraufstellung f\u00fcr die FIA World Endurance Championship 2024 hat das BMW M Team WRT einen bedeutsamen Schritt in Richtung eines erfolgreichen Comebacks get\u00e4tigt. Die Auswahl erfahrener Piloten f\u00fcr die Fahrerpositionen sowie die Entscheidung f\u00fcr vielseitige Fahrzeuge verdeutlichen die Ambitionen des Teams, in beiden Klassen starke Ergebnisse zu erzielen. Die Zuschauer k\u00f6nnen sich auf spannende Rennen und eine beeindruckende Leistung des BMW M Team WRT freuen.<\/p>\n","protected":false},"excerpt":{"rendered":"<p>Das BMW M Team WRT hat offiziell seine Fahrerbesetzung f\u00fcr die kommende Saison der FIA World Endurance Championship bekannt gegeben. Das Team wird mit zwei BMW M Hybrid V8 in der Hypercar-Klasse und zwei BMW M4 GT3 in der LMGT3-Klasse an den Start gehen. Durch die Kombination aus erfahrenen Fahrern und unterschiedlichen Fahrzeugtypen ist das<\/p>\n<div class=\"read-more\"><a href=\"https:\/\/www.doppelklicker.de\/blog\/bmw-m-team-wrt-fahreraufstellung-fuer-fia-world-endurance-champion\/\" title=\"Jetzt alles lesen\">Jetzt alles lesen<\/a><\/div>\n","protected":false},"author":8,"featured_media":6890,"comment_status":"open","ping_status":"open","sticky":false,"template":"","format":"standard","meta":[],"categories":[3305],"tags":[],"yoast_head":"<!-- This site is optimized with the Yoast SEO plugin v18.2 - https:\/\/yoast.com\/wordpress\/plugins\/seo\/ -->\n<meta name=\"robots\" content=\"index, follow, max-snippet:-1, max-image-preview:large, max-video-preview:-1\" \/>\n<link rel=\"canonical\" href=\"https:\/\/www.doppelklicker.de\/blog\/bmw-m-team-wrt-fahreraufstellung-fuer-fia-world-endurance-champion\/\" \/>\n<meta property=\"og:locale\" content=\"de_DE\" \/>\n<meta property=\"og:type\" content=\"article\" \/>\n<meta property=\"og:title\" content=\"BMW M Team WRT: Erfahrene Fahrer f\u00fcr Hybrid V8 und GT3\" \/>\n<meta property=\"og:description\" content=\"Das BMW M Team WRT hat offiziell seine Fahrerbesetzung f\u00fcr die kommende Saison der FIA World Endurance Championship bekannt gegeben. Das Team wird mit zwei BMW M Hybrid V8 in der Hypercar-Klasse und zwei BMW M4 GT3 in der LMGT3-Klasse an den Start gehen. Durch die Kombination aus erfahrenen Fahrern und unterschiedlichen Fahrzeugtypen ist dasJetzt alles lesen\" \/>\n<meta property=\"og:url\" content=\"https:\/\/www.doppelklicker.de\/blog\/bmw-m-team-wrt-fahreraufstellung-fuer-fia-world-endurance-champion\/\" \/>\n<meta property=\"og:site_name\" content=\"Aus Mainz.\" \/>\n<meta property=\"article:published_time\" content=\"2024-01-31T06:00:00+00:00\" \/>\n<meta property=\"og:image\" content=\"https:\/\/www.doppelklicker.de\/blog\/wp-content\/uploads\/2024\/01\/bmw-m-team-wrt-stellt-fahreraufstellung-fia-wec-2024-16650.jpg\" \/>\n\t<meta property=\"og:image:width\" content=\"1280\" \/>\n\t<meta property=\"og:image:height\" content=\"615\" \/>\n\t<meta property=\"og:image:type\" content=\"image\/jpeg\" \/>\n<meta name=\"twitter:card\" content=\"summary_large_image\" \/>\n<meta name=\"twitter:label1\" content=\"Verfasst von\" \/>\n\t<meta name=\"twitter:data1\" content=\"Iris Martin\" \/>\n\t<meta name=\"twitter:label2\" content=\"Gesch\u00e4tzte Lesezeit\" \/>\n\t<meta name=\"twitter:data2\" content=\"2 Minuten\" \/>\n<script type=\"application\/ld+json\" class=\"yoast-schema-graph\">{\"@context\":\"https:\/\/schema.org\",\"@graph\":[{\"@type\":\"WebSite\",\"@id\":\"https:\/\/www.doppelklicker.de\/blog\/#website\",\"url\":\"https:\/\/www.doppelklicker.de\/blog\/\",\"name\":\"Aus Mainz.\",\"description\":\"F\u00fcr die Welt.\",\"potentialAction\":[{\"@type\":\"SearchAction\",\"target\":{\"@type\":\"EntryPoint\",\"urlTemplate\":\"https:\/\/www.doppelklicker.de\/blog\/?s={search_term_string}\"},\"query-input\":\"required name=search_term_string\"}],\"inLanguage\":\"de-DE\"},{\"@type\":\"ImageObject\",\"@id\":\"https:\/\/www.doppelklicker.de\/blog\/bmw-m-team-wrt-fahreraufstellung-fuer-fia-world-endurance-champion\/#primaryimage\",\"inLanguage\":\"de-DE\",\"url\":\"https:\/\/www.doppelklicker.de\/blog\/wp-content\/uploads\/2024\/01\/bmw-m-team-wrt-stellt-fahreraufstellung-fia-wec-2024-16650.jpg\",\"contentUrl\":\"https:\/\/www.doppelklicker.de\/blog\/wp-content\/uploads\/2024\/01\/bmw-m-team-wrt-stellt-fahreraufstellung-fia-wec-2024-16650.jpg\",\"width\":1280,\"height\":615,\"caption\":\"BMW M Team WRT: Erfahrene Fahrer f\u00fcr Hybrid V8 und GT3 (Foto: BMW Group)\"},{\"@type\":\"WebPage\",\"@id\":\"https:\/\/www.doppelklicker.de\/blog\/bmw-m-team-wrt-fahreraufstellung-fuer-fia-world-endurance-champion\/#webpage\",\"url\":\"https:\/\/www.doppelklicker.de\/blog\/bmw-m-team-wrt-fahreraufstellung-fuer-fia-world-endurance-champion\/\",\"name\":\"BMW M Team WRT: Erfahrene Fahrer f\u00fcr Hybrid V8 und GT3\",\"isPartOf\":{\"@id\":\"https:\/\/www.doppelklicker.de\/blog\/#website\"},\"primaryImageOfPage\":{\"@id\":\"https:\/\/www.doppelklicker.de\/blog\/bmw-m-team-wrt-fahreraufstellung-fuer-fia-world-endurance-champion\/#primaryimage\"},\"datePublished\":\"2024-01-31T06:00:00+00:00\",\"dateModified\":\"2024-01-31T06:00:00+00:00\",\"author\":{\"@id\":\"https:\/\/www.doppelklicker.de\/blog\/#\/schema\/person\/08dcac172bdb025e8ff433488184668a\"},\"breadcrumb\":{\"@id\":\"https:\/\/www.doppelklicker.de\/blog\/bmw-m-team-wrt-fahreraufstellung-fuer-fia-world-endurance-champion\/#breadcrumb\"},\"inLanguage\":\"de-DE\",\"potentialAction\":[{\"@type\":\"ReadAction\",\"target\":[\"https:\/\/www.doppelklicker.de\/blog\/bmw-m-team-wrt-fahreraufstellung-fuer-fia-world-endurance-champion\/\"]}]},{\"@type\":\"BreadcrumbList\",\"@id\":\"https:\/\/www.doppelklicker.de\/blog\/bmw-m-team-wrt-fahreraufstellung-fuer-fia-world-endurance-champion\/#breadcrumb\",\"itemListElement\":[{\"@type\":\"ListItem\",\"position\":1,\"name\":\"Startseite\",\"item\":\"https:\/\/www.doppelklicker.de\/blog\/\"},{\"@type\":\"ListItem\",\"position\":2,\"name\":\"BMW M Team WRT: Erfahrene Fahrer f\u00fcr Hybrid V8 und GT3\"}]},{\"@type\":\"Person\",\"@id\":\"https:\/\/www.doppelklicker.de\/blog\/#\/schema\/person\/08dcac172bdb025e8ff433488184668a\",\"name\":\"Iris Martin\",\"image\":{\"@type\":\"ImageObject\",\"@id\":\"https:\/\/www.doppelklicker.de\/blog\/#personlogo\",\"inLanguage\":\"de-DE\",\"url\":\"https:\/\/secure.gravatar.com\/avatar\/82fdaa093be0b9686b531f99fcb54d15?s=96&d=wp_user_avatar&r=g\",\"contentUrl\":\"https:\/\/secure.gravatar.com\/avatar\/82fdaa093be0b9686b531f99fcb54d15?s=96&d=wp_user_avatar&r=g\",\"caption\":\"Iris Martin\"},\"url\":\"https:\/\/www.doppelklicker.de\/blog\/author\/iris-martin\/\"}]}<\/script>\n<!-- \/ Yoast SEO plugin. -->","yoast_head_json":{"robots":{"index":"index","follow":"follow","max-snippet":"max-snippet:-1","max-image-preview":"max-image-preview:large","max-video-preview":"max-video-preview:-1"},"canonical":"https:\/\/www.doppelklicker.de\/blog\/bmw-m-team-wrt-fahreraufstellung-fuer-fia-world-endurance-champion\/","og_locale":"de_DE","og_type":"article","og_title":"BMW M Team WRT: Erfahrene Fahrer f\u00fcr Hybrid V8 und GT3","og_description":"Das BMW M Team WRT hat offiziell seine Fahrerbesetzung f\u00fcr die kommende Saison der FIA World Endurance Championship bekannt gegeben. Das Team wird mit zwei BMW M Hybrid V8 in der Hypercar-Klasse und zwei BMW M4 GT3 in der LMGT3-Klasse an den Start gehen. Durch die Kombination aus erfahrenen Fahrern und unterschiedlichen Fahrzeugtypen ist dasJetzt alles lesen","og_url":"https:\/\/www.doppelklicker.de\/blog\/bmw-m-team-wrt-fahreraufstellung-fuer-fia-world-endurance-champion\/","og_site_name":"Aus Mainz.","article_published_time":"2024-01-31T06:00:00+00:00","og_image":[{"width":1280,"height":615,"url":"https:\/\/www.doppelklicker.de\/blog\/wp-content\/uploads\/2024\/01\/bmw-m-team-wrt-stellt-fahreraufstellung-fia-wec-2024-16650.jpg","type":"image\/jpeg"}],"twitter_card":"summary_large_image","twitter_misc":{"Verfasst von":"Iris Martin","Gesch\u00e4tzte Lesezeit":"2 Minuten"},"schema":{"@context":"https:\/\/schema.org","@graph":[{"@type":"WebSite","@id":"https:\/\/www.doppelklicker.de\/blog\/#website","url":"https:\/\/www.doppelklicker.de\/blog\/","name":"Aus Mainz.","description":"F\u00fcr die Welt.","potentialAction":[{"@type":"SearchAction","target":{"@type":"EntryPoint","urlTemplate":"https:\/\/www.doppelklicker.de\/blog\/?s={search_term_string}"},"query-input":"required name=search_term_string"}],"inLanguage":"de-DE"},{"@type":"ImageObject","@id":"https:\/\/www.doppelklicker.de\/blog\/bmw-m-team-wrt-fahreraufstellung-fuer-fia-world-endurance-champion\/#primaryimage","inLanguage":"de-DE","url":"https:\/\/www.doppelklicker.de\/blog\/wp-content\/uploads\/2024\/01\/bmw-m-team-wrt-stellt-fahreraufstellung-fia-wec-2024-16650.jpg","contentUrl":"https:\/\/www.doppelklicker.de\/blog\/wp-content\/uploads\/2024\/01\/bmw-m-team-wrt-stellt-fahreraufstellung-fia-wec-2024-16650.jpg","width":1280,"height":615,"caption":"BMW M Team WRT: Erfahrene Fahrer f\u00fcr Hybrid V8 und GT3 (Foto: BMW Group)"},{"@type":"WebPage","@id":"https:\/\/www.doppelklicker.de\/blog\/bmw-m-team-wrt-fahreraufstellung-fuer-fia-world-endurance-champion\/#webpage","url":"https:\/\/www.doppelklicker.de\/blog\/bmw-m-team-wrt-fahreraufstellung-fuer-fia-world-endurance-champion\/","name":"BMW M Team WRT: Erfahrene Fahrer f\u00fcr Hybrid V8 und GT3","isPartOf":{"@id":"https:\/\/www.doppelklicker.de\/blog\/#website"},"primaryImageOfPage":{"@id":"https:\/\/www.doppelklicker.de\/blog\/bmw-m-team-wrt-fahreraufstellung-fuer-fia-world-endurance-champion\/#primaryimage"},"datePublished":"2024-01-31T06:00:00+00:00","dateModified":"2024-01-31T06:00:00+00:00","author":{"@id":"https:\/\/www.doppelklicker.de\/blog\/#\/schema\/person\/08dcac172bdb025e8ff433488184668a"},"breadcrumb":{"@id":"https:\/\/www.doppelklicker.de\/blog\/bmw-m-team-wrt-fahreraufstellung-fuer-fia-world-endurance-champion\/#breadcrumb"},"inLanguage":"de-DE","potentialAction":[{"@type":"ReadAction","target":["https:\/\/www.doppelklicker.de\/blog\/bmw-m-team-wrt-fahreraufstellung-fuer-fia-world-endurance-champion\/"]}]},{"@type":"BreadcrumbList","@id":"https:\/\/www.doppelklicker.de\/blog\/bmw-m-team-wrt-fahreraufstellung-fuer-fia-world-endurance-champion\/#breadcrumb","itemListElement":[{"@type":"ListItem","position":1,"name":"Startseite","item":"https:\/\/www.doppelklicker.de\/blog\/"},{"@type":"ListItem","position":2,"name":"BMW M Team WRT: Erfahrene Fahrer f\u00fcr Hybrid V8 und GT3"}]},{"@type":"Person","@id":"https:\/\/www.doppelklicker.de\/blog\/#\/schema\/person\/08dcac172bdb025e8ff433488184668a","name":"Iris Martin","image":{"@type":"ImageObject","@id":"https:\/\/www.doppelklicker.de\/blog\/#personlogo","inLanguage":"de-DE","url":"https:\/\/secure.gravatar.com\/avatar\/82fdaa093be0b9686b531f99fcb54d15?s=96&d=wp_user_avatar&r=g","contentUrl":"https:\/\/secure.gravatar.com\/avatar\/82fdaa093be0b9686b531f99fcb54d15?s=96&d=wp_user_avatar&r=g","caption":"Iris Martin"},"url":"https:\/\/www.doppelklicker.de\/blog\/author\/iris-martin\/"}]}},"_links":{"self":[{"href":"https:\/\/www.doppelklicker.de\/blog\/wp-json\/wp\/v2\/posts\/6889"}],"collection":[{"href":"https:\/\/www.doppelklicker.de\/blog\/wp-json\/wp\/v2\/posts"}],"about":[{"href":"https:\/\/www.doppelklicker.de\/blog\/wp-json\/wp\/v2\/types\/post"}],"author":[{"embeddable":true,"href":"https:\/\/www.doppelklicker.de\/blog\/wp-json\/wp\/v2\/users\/8"}],"replies":[{"embeddable":true,"href":"https:\/\/www.doppelklicker.de\/blog\/wp-json\/wp\/v2\/comments?post=6889"}],"version-history":[{"count":0,"href":"https:\/\/www.doppelklicker.de\/blog\/wp-json\/wp\/v2\/posts\/6889\/revisions"}],"wp:featuredmedia":[{"embeddable":true,"href":"https:\/\/www.doppelklicker.de\/blog\/wp-json\/wp\/v2\/media\/6890"}],"wp:attachment":[{"href":"https:\/\/www.doppelklicker.de\/blog\/wp-json\/wp\/v2\/media?parent=6889"}],"wp:term":[{"taxonomy":"category","embeddable":true,"href":"https:\/\/www.doppelklicker.de\/blog\/wp-json\/wp\/v2\/categories?post=6889"},{"taxonomy":"post_tag","embeddable":true,"href":"https:\/\/www.doppelklicker.de\/blog\/wp-json\/wp\/v2\/tags?post=6889"}],"curies":[{"name":"wp","href":"https:\/\/api.w.org\/{rel}","templated":true}]}}