{"id":6932,"date":"2024-03-26T08:00:00","date_gmt":"2024-03-26T06:00:00","guid":{"rendered":"guid"},"modified":"2024-03-26T08:00:00","modified_gmt":"2024-03-26T06:00:00","slug":"diabetes-neue-technologien-verbessern-den-umgang-mit-volkskrankheit","status":"publish","type":"post","link":"https:\/\/www.doppelklicker.de\/blog\/diabetes-neue-technologien-verbessern-den-umgang-mit-volkskrankheit\/","title":{"rendered":"Weltdiabetestag am UKJ: Expertenvortr\u00e4ge und Kochen mit Fokus auf Diabetes"},"content":{"rendered":"<p>Am Universit\u00e4tsklinikum Jena (UKJ) findet der Weltdiabetestag statt, der Patientinnen und Patienten, Angeh\u00f6rigen und Medizininteressierten die Gelegenheit bietet, sich \u00fcber die neuesten Entwicklungen im Umgang mit Diabetes zu informieren. In Deutschland sind etwa sechs Millionen Menschen von Diabetes Typ 2 und Diabetes Typ 1 betroffen. Dank individueller Beratung und modernster Technologien k\u00f6nnen sie ihre Erkrankung effektiv bew\u00e4ltigen und ihre Lebensqualit\u00e4t erhalten.<br \/>\n<!--more--><\/p>\n<h2>Medizinische Betreuung: Verringert das Risiko von Diabetes-Folgeerkrankungen<\/h2>\n<p>Diabetes ist eine komplexe Krankheit, die eine spezifische Behandlung erfordert, um ernsthafte Folgeerkrankungen zu verhindern. Ein erh\u00f6hter Blutzuckerspiegel kann zu Sch\u00e4den an den Gef\u00e4\u00dfen f\u00fchren und das Risiko f\u00fcr Schlaganfall, Herzinfarkt, Nierenleiden, Amputationen oder Erblindung erh\u00f6hen. Durch eine angemessene medizinische Betreuung und modernste Technologien k\u00f6nnen diese Risiken jedoch effektiv kontrolliert und minimiert werden.<\/p>\n<p>Das Universit\u00e4tsklinikum Jena hat k\u00fcrzlich die Rezertifizierung als Diabeteszentrum von der Deutschen Diabetes Gesellschaft (DDG) erhalten. Diese Auszeichnung wurde f\u00fcr die vorbildliche interdisziplin\u00e4re Zusammenarbeit zwischen \u00c4rzten und Diabetesberatern verliehen. Durch diese Zusammenarbeit wird eine hohe Qualit\u00e4t in der Behandlung von Diabetespatienten sichergestellt. Das Universit\u00e4tsklinikum Jena bietet eine individuell angepasste und ganzheitliche Betreuung f\u00fcr Menschen mit Diabetes. Die enge Zusammenarbeit erm\u00f6glicht es, die neuesten Behandlungsmethoden und Technologien effektiv einzusetzen, um den Patienten die bestm\u00f6gliche Versorgung zu bieten.<\/p>\n<p>Am 14. November findet am Universit\u00e4tsklinikum Jena der Weltdiabetestag statt. Das Programm umfasst eine Vielzahl von Vortr\u00e4gen, in denen die Diabetesexperten des Klinikums Fragen zu verschiedenen Themen wie Ern\u00e4hrung, Laborwerten und Folgeerkrankungen beantworten. Ein besonderer Schwerpunkt liegt dabei auf der Verbindung von Demenz, Gebrechlichkeit und Diabetes und der Bedeutung dieser Zusammenh\u00e4nge f\u00fcr die Behandlung und Betreuung von Diabetikern.<\/p>\n<p>Neben Vortr\u00e4gen und Beratungen bietet der Diabetestag am Universit\u00e4tsklinikum Jena auch die M\u00f6glichkeit des gemeinsamen Kochens. Hier k\u00f6nnen Teilnehmer direkt mit den Experten des Klinikums sprechen und ihre Fragen stellen. Die Kochaktivit\u00e4ten konzentrieren sich dabei auf Diabetes und \u00dcbergewicht und geben den Teilnehmern praktische Tipps und Anleitungen zur gesunden Ern\u00e4hrung. Dies erm\u00f6glicht es den Teilnehmern, ihr Wissen zu erweitern und konkrete Anwendungen f\u00fcr den Alltag zu erlernen.<\/p>\n<p>Um den Umgang mit Diabetes zu erleichtern, setzt das Universit\u00e4tsklinikum Jena auf hochmoderne technische Unterst\u00fctzungssysteme. Ein herausragendes Beispiel daf\u00fcr ist der Glukosesensor, der als innovatives Mess- und Fr\u00fchwarnsystem zur Blutzuckerbestimmung erfolgreich eingesetzt wird. Durch die Implantation des Sensors unter die Haut erhalten Patienten bei Unterzuckerung rechtzeitig Warnsignale, um m\u00f6gliche Symptome wie Herzrasen, Kopfschmerzen und Bewusstseinsst\u00f6rungen zu verhindern. Dar\u00fcber hinaus erm\u00f6glicht der Sensor eine pr\u00e4zise Dokumentation des Blutzuckerverlaufs, ohne dass wiederholt gestochen werden muss.<\/p>\n<p>Am 14. November standen Dr. Guido Kramer und sein Team vom Zentrum f\u00fcr Diabetestechnologie am UKJ als kompetente Ansprechpartner zur Verf\u00fcgung. Sie waren bereit, Fragen zu den Chancen und Risiken der modernen Diabetestechnologie zu beantworten. Die Experten informierten \u00fcber innovative L\u00f6sungen, die Menschen mit Diabetes dabei unterst\u00fctzen, ihren Alltag besser zu bew\u00e4ltigen. Dabei gaben sie wertvolle Hinweise zur effektiven Anwendung der technologischen M\u00f6glichkeiten.<\/p>\n<p>Der Weltdiabetestag am Universit\u00e4tsklinikum Jena stellt eine herausragende Gelegenheit dar, sich \u00fcber die neuesten Entwicklungen im Umgang mit Diabetes zu informieren. Durch individuelle Beratung und modernste Technologien k\u00f6nnen Patientinnen und Patienten von den zahlreichen Vorteilen profitieren. Die exzellente Qualit\u00e4t in der Diabetesbehandlung am UKJ wurde durch die Rezertifizierung als Diabeteszentrum der Deutschen Diabetes Gesellschaft (DDG) k\u00fcrzlich best\u00e4tigt. Diese Anerkennung ist ein weiterer Ansporn f\u00fcr das Klinikum, die Patientinnen und Patienten optimal zu behandeln.<\/p>\n","protected":false},"excerpt":{"rendered":"<p>Am Universit\u00e4tsklinikum Jena (UKJ) findet der Weltdiabetestag statt, der Patientinnen und Patienten, Angeh\u00f6rigen und Medizininteressierten die Gelegenheit bietet, sich \u00fcber die neuesten Entwicklungen im Umgang mit Diabetes zu informieren. In Deutschland sind etwa sechs Millionen Menschen von Diabetes Typ 2 und Diabetes Typ 1 betroffen. Dank individueller Beratung und modernster Technologien k\u00f6nnen sie ihre Erkrankung<\/p>\n<div class=\"read-more\"><a href=\"https:\/\/www.doppelklicker.de\/blog\/diabetes-neue-technologien-verbessern-den-umgang-mit-volkskrankheit\/\" title=\"Jetzt alles lesen\">Jetzt alles lesen<\/a><\/div>\n","protected":false},"author":8,"featured_media":6934,"comment_status":"open","ping_status":"open","sticky":false,"template":"","format":"standard","meta":[],"categories":[3305],"tags":[],"yoast_head":"<!-- This site is optimized with the Yoast SEO plugin v18.2 - https:\/\/yoast.com\/wordpress\/plugins\/seo\/ -->\n<meta name=\"robots\" content=\"index, follow, max-snippet:-1, max-image-preview:large, max-video-preview:-1\" \/>\n<meta property=\"og:locale\" content=\"de_DE\" \/>\n<meta property=\"og:type\" content=\"article\" \/>\n<meta property=\"og:title\" content=\"Weltdiabetestag am UKJ: Expertenvortr\u00e4ge und Kochen mit Fokus auf Diabetes\" \/>\n<meta property=\"og:description\" content=\"Am Universit\u00e4tsklinikum Jena (UKJ) findet der Weltdiabetestag statt, der Patientinnen und Patienten, Angeh\u00f6rigen und Medizininteressierten die Gelegenheit bietet, sich \u00fcber die neuesten Entwicklungen im Umgang mit Diabetes zu informieren. In Deutschland sind etwa sechs Millionen Menschen von Diabetes Typ 2 und Diabetes Typ 1 betroffen. Dank individueller Beratung und modernster Technologien k\u00f6nnen sie ihre ErkrankungJetzt alles lesen\" \/>\n<meta property=\"og:url\" content=\"https:\/\/www.doppelklicker.de\/blog\/?p=6932\" \/>\n<meta property=\"og:site_name\" content=\"Aus Mainz.\" \/>\n<meta property=\"article:published_time\" content=\"2024-03-26T06:00:00+00:00\" \/>\n<meta property=\"og:image\" content=\"https:\/\/www.doppelklicker.de\/blog\/wp-content\/uploads\/2024\/01\/neueste-entwicklungen-im-umgang-diabetes-beim-weltdiabetestag-am-16926.jpg\" \/>\n\t<meta property=\"og:image:width\" content=\"1280\" \/>\n\t<meta property=\"og:image:height\" content=\"615\" \/>\n\t<meta property=\"og:image:type\" content=\"image\/jpeg\" \/>\n<meta name=\"twitter:card\" content=\"summary_large_image\" \/>\n<meta name=\"twitter:label1\" content=\"Verfasst von\" \/>\n\t<meta name=\"twitter:data1\" content=\"Iris Martin\" \/>\n\t<meta name=\"twitter:label2\" content=\"Gesch\u00e4tzte Lesezeit\" \/>\n\t<meta name=\"twitter:data2\" content=\"3 Minuten\" \/>\n<script type=\"application\/ld+json\" class=\"yoast-schema-graph\">{\"@context\":\"https:\/\/schema.org\",\"@graph\":[{\"@type\":\"WebSite\",\"@id\":\"https:\/\/www.doppelklicker.de\/blog\/#website\",\"url\":\"https:\/\/www.doppelklicker.de\/blog\/\",\"name\":\"Aus Mainz.\",\"description\":\"F\u00fcr die Welt.\",\"potentialAction\":[{\"@type\":\"SearchAction\",\"target\":{\"@type\":\"EntryPoint\",\"urlTemplate\":\"https:\/\/www.doppelklicker.de\/blog\/?s={search_term_string}\"},\"query-input\":\"required name=search_term_string\"}],\"inLanguage\":\"de-DE\"},{\"@type\":\"ImageObject\",\"@id\":\"https:\/\/www.doppelklicker.de\/blog\/?p=6932#primaryimage\",\"inLanguage\":\"de-DE\",\"url\":\"https:\/\/www.doppelklicker.de\/blog\/wp-content\/uploads\/2024\/01\/neueste-entwicklungen-im-umgang-diabetes-beim-weltdiabetestag-am-16926.jpg\",\"contentUrl\":\"https:\/\/www.doppelklicker.de\/blog\/wp-content\/uploads\/2024\/01\/neueste-entwicklungen-im-umgang-diabetes-beim-weltdiabetestag-am-16926.jpg\",\"width\":1280,\"height\":615,\"caption\":\"Weltdiabetestag am UKJ: Expertenvortr\u00e4ge und Kochen mit Fokus auf Diabetes (Foto: AdobeStock - 2ragon 703598163)\"},{\"@type\":\"WebPage\",\"@id\":\"https:\/\/www.doppelklicker.de\/blog\/?p=6932#webpage\",\"url\":\"https:\/\/www.doppelklicker.de\/blog\/?p=6932\",\"name\":\"Weltdiabetestag am UKJ: Expertenvortr\u00e4ge und Kochen mit Fokus auf Diabetes\",\"isPartOf\":{\"@id\":\"https:\/\/www.doppelklicker.de\/blog\/#website\"},\"primaryImageOfPage\":{\"@id\":\"https:\/\/www.doppelklicker.de\/blog\/?p=6932#primaryimage\"},\"datePublished\":\"2024-03-26T06:00:00+00:00\",\"dateModified\":\"2024-03-26T06:00:00+00:00\",\"author\":{\"@id\":\"https:\/\/www.doppelklicker.de\/blog\/#\/schema\/person\/08dcac172bdb025e8ff433488184668a\"},\"breadcrumb\":{\"@id\":\"https:\/\/www.doppelklicker.de\/blog\/?p=6932#breadcrumb\"},\"inLanguage\":\"de-DE\",\"potentialAction\":[{\"@type\":\"ReadAction\",\"target\":[\"https:\/\/www.doppelklicker.de\/blog\/?p=6932\"]}]},{\"@type\":\"BreadcrumbList\",\"@id\":\"https:\/\/www.doppelklicker.de\/blog\/?p=6932#breadcrumb\",\"itemListElement\":[{\"@type\":\"ListItem\",\"position\":1,\"name\":\"Startseite\",\"item\":\"https:\/\/www.doppelklicker.de\/blog\/\"},{\"@type\":\"ListItem\",\"position\":2,\"name\":\"Weltdiabetestag am UKJ: Expertenvortr\u00e4ge und Kochen mit Fokus auf Diabetes\"}]},{\"@type\":\"Person\",\"@id\":\"https:\/\/www.doppelklicker.de\/blog\/#\/schema\/person\/08dcac172bdb025e8ff433488184668a\",\"name\":\"Iris Martin\",\"image\":{\"@type\":\"ImageObject\",\"@id\":\"https:\/\/www.doppelklicker.de\/blog\/#personlogo\",\"inLanguage\":\"de-DE\",\"url\":\"https:\/\/secure.gravatar.com\/avatar\/82fdaa093be0b9686b531f99fcb54d15?s=96&d=wp_user_avatar&r=g\",\"contentUrl\":\"https:\/\/secure.gravatar.com\/avatar\/82fdaa093be0b9686b531f99fcb54d15?s=96&d=wp_user_avatar&r=g\",\"caption\":\"Iris Martin\"},\"url\":\"https:\/\/www.doppelklicker.de\/blog\/author\/iris-martin\/\"}]}<\/script>\n<!-- \/ Yoast SEO plugin. -->","yoast_head_json":{"robots":{"index":"index","follow":"follow","max-snippet":"max-snippet:-1","max-image-preview":"max-image-preview:large","max-video-preview":"max-video-preview:-1"},"og_locale":"de_DE","og_type":"article","og_title":"Weltdiabetestag am UKJ: Expertenvortr\u00e4ge und Kochen mit Fokus auf Diabetes","og_description":"Am Universit\u00e4tsklinikum Jena (UKJ) findet der Weltdiabetestag statt, der Patientinnen und Patienten, Angeh\u00f6rigen und Medizininteressierten die Gelegenheit bietet, sich \u00fcber die neuesten Entwicklungen im Umgang mit Diabetes zu informieren. In Deutschland sind etwa sechs Millionen Menschen von Diabetes Typ 2 und Diabetes Typ 1 betroffen. Dank individueller Beratung und modernster Technologien k\u00f6nnen sie ihre ErkrankungJetzt alles lesen","og_url":"https:\/\/www.doppelklicker.de\/blog\/?p=6932","og_site_name":"Aus Mainz.","article_published_time":"2024-03-26T06:00:00+00:00","og_image":[{"width":1280,"height":615,"url":"https:\/\/www.doppelklicker.de\/blog\/wp-content\/uploads\/2024\/01\/neueste-entwicklungen-im-umgang-diabetes-beim-weltdiabetestag-am-16926.jpg","type":"image\/jpeg"}],"twitter_card":"summary_large_image","twitter_misc":{"Verfasst von":"Iris Martin","Gesch\u00e4tzte Lesezeit":"3 Minuten"},"schema":{"@context":"https:\/\/schema.org","@graph":[{"@type":"WebSite","@id":"https:\/\/www.doppelklicker.de\/blog\/#website","url":"https:\/\/www.doppelklicker.de\/blog\/","name":"Aus Mainz.","description":"F\u00fcr die Welt.","potentialAction":[{"@type":"SearchAction","target":{"@type":"EntryPoint","urlTemplate":"https:\/\/www.doppelklicker.de\/blog\/?s={search_term_string}"},"query-input":"required name=search_term_string"}],"inLanguage":"de-DE"},{"@type":"ImageObject","@id":"https:\/\/www.doppelklicker.de\/blog\/?p=6932#primaryimage","inLanguage":"de-DE","url":"https:\/\/www.doppelklicker.de\/blog\/wp-content\/uploads\/2024\/01\/neueste-entwicklungen-im-umgang-diabetes-beim-weltdiabetestag-am-16926.jpg","contentUrl":"https:\/\/www.doppelklicker.de\/blog\/wp-content\/uploads\/2024\/01\/neueste-entwicklungen-im-umgang-diabetes-beim-weltdiabetestag-am-16926.jpg","width":1280,"height":615,"caption":"Weltdiabetestag am UKJ: Expertenvortr\u00e4ge und Kochen mit Fokus auf Diabetes (Foto: AdobeStock - 2ragon 703598163)"},{"@type":"WebPage","@id":"https:\/\/www.doppelklicker.de\/blog\/?p=6932#webpage","url":"https:\/\/www.doppelklicker.de\/blog\/?p=6932","name":"Weltdiabetestag am UKJ: Expertenvortr\u00e4ge und Kochen mit Fokus auf Diabetes","isPartOf":{"@id":"https:\/\/www.doppelklicker.de\/blog\/#website"},"primaryImageOfPage":{"@id":"https:\/\/www.doppelklicker.de\/blog\/?p=6932#primaryimage"},"datePublished":"2024-03-26T06:00:00+00:00","dateModified":"2024-03-26T06:00:00+00:00","author":{"@id":"https:\/\/www.doppelklicker.de\/blog\/#\/schema\/person\/08dcac172bdb025e8ff433488184668a"},"breadcrumb":{"@id":"https:\/\/www.doppelklicker.de\/blog\/?p=6932#breadcrumb"},"inLanguage":"de-DE","potentialAction":[{"@type":"ReadAction","target":["https:\/\/www.doppelklicker.de\/blog\/?p=6932"]}]},{"@type":"BreadcrumbList","@id":"https:\/\/www.doppelklicker.de\/blog\/?p=6932#breadcrumb","itemListElement":[{"@type":"ListItem","position":1,"name":"Startseite","item":"https:\/\/www.doppelklicker.de\/blog\/"},{"@type":"ListItem","position":2,"name":"Weltdiabetestag am UKJ: Expertenvortr\u00e4ge und Kochen mit Fokus auf Diabetes"}]},{"@type":"Person","@id":"https:\/\/www.doppelklicker.de\/blog\/#\/schema\/person\/08dcac172bdb025e8ff433488184668a","name":"Iris Martin","image":{"@type":"ImageObject","@id":"https:\/\/www.doppelklicker.de\/blog\/#personlogo","inLanguage":"de-DE","url":"https:\/\/secure.gravatar.com\/avatar\/82fdaa093be0b9686b531f99fcb54d15?s=96&d=wp_user_avatar&r=g","contentUrl":"https:\/\/secure.gravatar.com\/avatar\/82fdaa093be0b9686b531f99fcb54d15?s=96&d=wp_user_avatar&r=g","caption":"Iris Martin"},"url":"https:\/\/www.doppelklicker.de\/blog\/author\/iris-martin\/"}]}},"_links":{"self":[{"href":"https:\/\/www.doppelklicker.de\/blog\/wp-json\/wp\/v2\/posts\/6932"}],"collection":[{"href":"https:\/\/www.doppelklicker.de\/blog\/wp-json\/wp\/v2\/posts"}],"about":[{"href":"https:\/\/www.doppelklicker.de\/blog\/wp-json\/wp\/v2\/types\/post"}],"author":[{"embeddable":true,"href":"https:\/\/www.doppelklicker.de\/blog\/wp-json\/wp\/v2\/users\/8"}],"replies":[{"embeddable":true,"href":"https:\/\/www.doppelklicker.de\/blog\/wp-json\/wp\/v2\/comments?post=6932"}],"version-history":[{"count":0,"href":"https:\/\/www.doppelklicker.de\/blog\/wp-json\/wp\/v2\/posts\/6932\/revisions"}],"wp:featuredmedia":[{"embeddable":true,"href":"https:\/\/www.doppelklicker.de\/blog\/wp-json\/wp\/v2\/media\/6934"}],"wp:attachment":[{"href":"https:\/\/www.doppelklicker.de\/blog\/wp-json\/wp\/v2\/media?parent=6932"}],"wp:term":[{"taxonomy":"category","embeddable":true,"href":"https:\/\/www.doppelklicker.de\/blog\/wp-json\/wp\/v2\/categories?post=6932"},{"taxonomy":"post_tag","embeddable":true,"href":"https:\/\/www.doppelklicker.de\/blog\/wp-json\/wp\/v2\/tags?post=6932"}],"curies":[{"name":"wp","href":"https:\/\/api.w.org\/{rel}","templated":true}]}}