{"id":6951,"date":"2023-07-12T09:00:00","date_gmt":"2023-07-12T07:00:00","guid":{"rendered":"guid"},"modified":"2023-07-12T09:00:00","modified_gmt":"2023-07-12T07:00:00","slug":"flughaefen-neuhardenberg-zielona-gora-babimost-zusammenarbeit","status":"publish","type":"post","link":"https:\/\/www.doppelklicker.de\/blog\/flughaefen-neuhardenberg-zielona-gora-babimost-zusammenarbeit\/","title":{"rendered":"Flugh\u00e4fen Neuhardenberg und Zielona Gora-Babimost kooperieren f\u00fcr Wirtschaftswachstum"},"content":{"rendered":"<p>Im Bestreben, die regionale Wirtschaft zu st\u00e4rken, haben die Flugh\u00e4fen Neuhardenberg und Zielona Gora-Babimost beschlossen, ihre Zusammenarbeit zu intensivieren. Mit ihren jeweiligen regionalen Kompetenzen erg\u00e4nzen sich die Flugh\u00e4fen ideal und bieten eine ausgezeichnete Infrastruktur im deutsch-polnischen Grenzraum. Bei einem Treffen mit Vertretern aus Wirtschaft und dem Flughafen Neuhardenberg wurden konkrete Schritte besprochen, um diese Zusammenarbeit erfolgreich umzusetzen.<br \/>\n<!--more--><\/p>\n<div id=\"ez-toc-container\" class=\"ez-toc-v2_0_16 counter-hierarchy\">\n<div class=\"ez-toc-title-container\">\n<p class=\"ez-toc-title\">Inhaltsverzeichnis: Das erwartet Sie in diesem Artikel<\/p>\n<span class=\"ez-toc-title-toggle\"><a class=\"ez-toc-pull-right ez-toc-btn ez-toc-btn-xs ez-toc-btn-default ez-toc-toggle\" style=\"display: none;\"><i class=\"ez-toc-glyphicon ez-toc-icon-toggle\"><\/i><\/a><\/span><\/div>\n<nav><ul class=\"ez-toc-list ez-toc-list-level-1\"><li class=\"ez-toc-page-1 ez-toc-heading-level-2\"><a class=\"ez-toc-link ez-toc-heading-1\" href=\"https:\/\/www.doppelklicker.de\/blog\/flughaefen-neuhardenberg-zielona-gora-babimost-zusammenarbeit\/#enge-zusammenarbeit-der-flughaefen-neuhardenberg-und-zielona-gora-babimost\" title=\"Enge Zusammenarbeit der Flugh\u00e4fen Neuhardenberg und Zielona Gora-Babimost\">Enge Zusammenarbeit der Flugh\u00e4fen Neuhardenberg und Zielona Gora-Babimost<\/a><\/li><li class=\"ez-toc-page-1 ez-toc-heading-level-2\"><a class=\"ez-toc-link ez-toc-heading-2\" href=\"https:\/\/www.doppelklicker.de\/blog\/flughaefen-neuhardenberg-zielona-gora-babimost-zusammenarbeit\/#flughaefen-nutzen-regionale-kompetenz-fuer-wirtschaftliche-zusammenarbeit\" title=\"Flugh\u00e4fen nutzen regionale Kompetenz f\u00fcr wirtschaftliche Zusammenarbeit\">Flugh\u00e4fen nutzen regionale Kompetenz f\u00fcr wirtschaftliche Zusammenarbeit<\/a><\/li><li class=\"ez-toc-page-1 ez-toc-heading-level-2\"><a class=\"ez-toc-link ez-toc-heading-3\" href=\"https:\/\/www.doppelklicker.de\/blog\/flughaefen-neuhardenberg-zielona-gora-babimost-zusammenarbeit\/#luftfahrzeugwartung-und-allgemeine-luftfahrt-schwerpunkte-am-flughafen-neuhardenberg\" title=\"Luftfahrzeugwartung und allgemeine Luftfahrt: Schwerpunkte am Flughafen Neuhardenberg\">Luftfahrzeugwartung und allgemeine Luftfahrt: Schwerpunkte am Flughafen Neuhardenberg<\/a><\/li><li class=\"ez-toc-page-1 ez-toc-heading-level-2\"><a class=\"ez-toc-link ez-toc-heading-4\" href=\"https:\/\/www.doppelklicker.de\/blog\/flughaefen-neuhardenberg-zielona-gora-babimost-zusammenarbeit\/#regionale-flughaefen-kooperieren-vorteile-fuer-wirtschaft-und-luftverkehr\" title=\"Regionale Flugh\u00e4fen kooperieren: Vorteile f\u00fcr Wirtschaft und Luftverkehr\">Regionale Flugh\u00e4fen kooperieren: Vorteile f\u00fcr Wirtschaft und Luftverkehr<\/a><\/li><\/ul><\/nav><\/div>\n<h2><span class=\"ez-toc-section\" id=\"enge-zusammenarbeit-der-flughaefen-neuhardenberg-und-zielona-gora-babimost\"><\/span>Enge Zusammenarbeit der Flugh\u00e4fen Neuhardenberg und Zielona Gora-Babimost<span class=\"ez-toc-section-end\"><\/span><\/h2>\n<p>In verschiedenen Bereichen sieht Uwe H\u00e4dicke, Gesch\u00e4ftsf\u00fchrer des Flughafens Neuhardenberg, gro\u00dfes Potenzial f\u00fcr eine enge Zusammenarbeit. Insbesondere die Entwicklung neuer Treibstoffe f\u00fcr Flugzeuge und die dazugeh\u00f6rige Forschung bieten M\u00f6glichkeiten f\u00fcr innovative L\u00f6sungen. Zudem k\u00f6nnen auch die Pilotenausbildung, der Katastrophenschutz und die Umsetzung europ\u00e4ischer Vorgaben im Luftrecht in einer partnerschaftlichen Kooperation effizient umgesetzt werden.<\/p>\n<p>Die polnische Delegation hat gro\u00dfes Interesse an den Aktivit\u00e4ten des Flughafens Neuhardenberg und der M\u00f6glichkeit einer wirtschaftlichen Zusammenarbeit mit dem Flughafen Zielona Gora-Babimost bekundet. Diese Kooperation im Bereich der Flugh\u00e4fen ist Teil eines umfassenden Dialogs, der darauf abzielt, neue M\u00f6glichkeiten f\u00fcr die deutsch-polnische Zusammenarbeit in der regionalen Wirtschaft zu erschlie\u00dfen.<\/p>\n<h2><span class=\"ez-toc-section\" id=\"flughaefen-nutzen-regionale-kompetenz-fuer-wirtschaftliche-zusammenarbeit\"><\/span>Flugh\u00e4fen nutzen regionale Kompetenz f\u00fcr wirtschaftliche Zusammenarbeit<span class=\"ez-toc-section-end\"><\/span><\/h2>\n<p>Die enge Zusammenarbeit der Flugh\u00e4fen Neuhardenberg und Zielona Gora-Babimost verspricht zahlreiche Vorteile f\u00fcr die regionale Wirtschaft. Durch die Nutzung ihrer regionalen Kompetenz und die partnerschaftliche Kooperation k\u00f6nnen beide Flugh\u00e4fen ihre St\u00e4rken optimal ausspielen. W\u00e4hrend der Flughafen Zielona Gora-Babimost bereits seine M\u00f6glichkeiten als Airport voll ausnutzen kann, wartet der Flugplatz Neuhardenberg noch auf die Genehmigung f\u00fcr Instrumentenanfl\u00fcge. Dennoch sind beide Flugh\u00e4fen entschlossen, ihre Kr\u00e4fte zu b\u00fcndeln und die regionale Wirtschaft zu unterst\u00fctzen. Diese enge Zusammenarbeit wird zweifellos positive Auswirkungen auf die Wirtschaft in der deutsch-polnischen Grenzregion haben.<\/p>\n<h2><span class=\"ez-toc-section\" id=\"luftfahrzeugwartung-und-allgemeine-luftfahrt-schwerpunkte-am-flughafen-neuhardenberg\"><\/span>Luftfahrzeugwartung und allgemeine Luftfahrt: Schwerpunkte am Flughafen Neuhardenberg<span class=\"ez-toc-section-end\"><\/span><\/h2>\n<p>Ein herausragendes Merkmal des Flughafens Neuhardenberg ist die Start- und Landebahn mit einer L\u00e4nge von 2.400 Metern, die au\u00dferhalb des BER in Brandenburg die l\u00e4ngste ist. Mit etwa 9.000 Flugbewegungen pro Jahr ist er ein wichtiger Dreh- und Angelpunkt f\u00fcr die regionale Business Aviation. Neben der Wartung von Luftfahrzeugen bietet der Flughafen auch eine umfangreiche Ausbildung in flugaffinen Berufen an. Dar\u00fcber hinaus steht er der allgemeinen Luftfahrt zur Verf\u00fcgung und ist ein engagierter Partner der Wirtschaft in der deutschen Hauptstadtregion.<\/p>\n<p>Der Flughafen Zielona Gora-Babimost in der Woiwodschaft Lubuskie ist der gr\u00f6\u00dfte Flughafen in der Region. Seine beeindruckende Landebahn erstreckt sich \u00fcber 2.500 Meter und bietet somit ausreichend Platz f\u00fcr Flugzeuge aller Art. J\u00e4hrlich werden hier rund 42.000 Flugg\u00e4ste abgefertigt, die von diesem Flughafen aus Direktfl\u00fcge nach Warschau und anderen nationalen und internationalen Zielen in Anspruch nehmen k\u00f6nnen. Der Flughafen spielt somit eine wichtige Rolle f\u00fcr die regionale und \u00fcberregionale Mobilit\u00e4t.<\/p>\n<h2><span class=\"ez-toc-section\" id=\"regionale-flughaefen-kooperieren-vorteile-fuer-wirtschaft-und-luftverkehr\"><\/span>Regionale Flugh\u00e4fen kooperieren: Vorteile f\u00fcr Wirtschaft und Luftverkehr<span class=\"ez-toc-section-end\"><\/span><\/h2>\n<p>Die enge Zusammenarbeit der Flugh\u00e4fen Neuhardenberg und Zielona Gora-Babimost er\u00f6ffnet vielf\u00e4ltige Vorteile f\u00fcr die regionale Wirtschaft. Durch die Nutzung ihrer regionalen Kompetenz und die partnerschaftliche Kooperation k\u00f6nnen beide Flugh\u00e4fen ihre St\u00e4rken optimal ausspielen. Die gemeinsame Entwicklung und Forschung neuer Treibstoffe f\u00fcr Luftfahrzeuge erm\u00f6glicht innovative L\u00f6sungen und tr\u00e4gt zur nachhaltigen Entwicklung bei. Die Zusammenarbeit unterst\u00fctzt auch die Ausbildung von Piloten und schafft Synergien im Katastrophenschutz. Durch eine effiziente Umsetzung europ\u00e4ischer Vorgaben im Luftrecht werden Rechtssicherheit und einheitliche Standards gew\u00e4hrleistet. Die enge Zusammenarbeit der Flugh\u00e4fen Neuhardenberg und Zielona Gora-Babimost wird zweifellos die regionale Wirtschaft in der deutsch-polnischen Grenzregion st\u00e4rken.<\/p>\n","protected":false},"excerpt":{"rendered":"<p>Im Bestreben, die regionale Wirtschaft zu st\u00e4rken, haben die Flugh\u00e4fen Neuhardenberg und Zielona Gora-Babimost beschlossen, ihre Zusammenarbeit zu intensivieren. Mit ihren jeweiligen regionalen Kompetenzen erg\u00e4nzen sich die Flugh\u00e4fen ideal und bieten eine ausgezeichnete Infrastruktur im deutsch-polnischen Grenzraum. Bei einem Treffen mit Vertretern aus Wirtschaft und dem Flughafen Neuhardenberg wurden konkrete Schritte besprochen, um diese Zusammenarbeit<\/p>\n<div class=\"read-more\"><a href=\"https:\/\/www.doppelklicker.de\/blog\/flughaefen-neuhardenberg-zielona-gora-babimost-zusammenarbeit\/\" title=\"Jetzt alles lesen\">Jetzt alles lesen<\/a><\/div>\n","protected":false},"author":8,"featured_media":6952,"comment_status":"open","ping_status":"open","sticky":false,"template":"","format":"standard","meta":[],"categories":[3305],"tags":[],"yoast_head":"<!-- This site is optimized with the Yoast SEO plugin v18.2 - https:\/\/yoast.com\/wordpress\/plugins\/seo\/ -->\n<meta name=\"robots\" content=\"index, follow, max-snippet:-1, max-image-preview:large, max-video-preview:-1\" \/>\n<link rel=\"canonical\" href=\"https:\/\/www.doppelklicker.de\/blog\/flughaefen-neuhardenberg-zielona-gora-babimost-zusammenarbeit\/\" \/>\n<meta property=\"og:locale\" content=\"de_DE\" \/>\n<meta property=\"og:type\" content=\"article\" \/>\n<meta property=\"og:title\" content=\"Flugh\u00e4fen Neuhardenberg und Zielona Gora-Babimost kooperieren f\u00fcr Wirtschaftswachstum\" \/>\n<meta property=\"og:description\" content=\"Im Bestreben, die regionale Wirtschaft zu st\u00e4rken, haben die Flugh\u00e4fen Neuhardenberg und Zielona Gora-Babimost beschlossen, ihre Zusammenarbeit zu intensivieren. Mit ihren jeweiligen regionalen Kompetenzen erg\u00e4nzen sich die Flugh\u00e4fen ideal und bieten eine ausgezeichnete Infrastruktur im deutsch-polnischen Grenzraum. Bei einem Treffen mit Vertretern aus Wirtschaft und dem Flughafen Neuhardenberg wurden konkrete Schritte besprochen, um diese ZusammenarbeitJetzt alles lesen\" \/>\n<meta property=\"og:url\" content=\"https:\/\/www.doppelklicker.de\/blog\/flughaefen-neuhardenberg-zielona-gora-babimost-zusammenarbeit\/\" \/>\n<meta property=\"og:site_name\" content=\"Aus Mainz.\" \/>\n<meta property=\"article:published_time\" content=\"2023-07-12T07:00:00+00:00\" \/>\n<meta property=\"og:image\" content=\"https:\/\/www.doppelklicker.de\/blog\/wp-content\/uploads\/2024\/01\/flughaefen-neuhardenberg-und-zielona-gora-babimost-staerken-regionale-17136.jpg\" \/>\n\t<meta property=\"og:image:width\" content=\"1280\" \/>\n\t<meta property=\"og:image:height\" content=\"615\" \/>\n\t<meta property=\"og:image:type\" content=\"image\/jpeg\" \/>\n<meta name=\"twitter:card\" content=\"summary_large_image\" \/>\n<meta name=\"twitter:label1\" content=\"Verfasst von\" \/>\n\t<meta name=\"twitter:data1\" content=\"Iris Martin\" \/>\n\t<meta name=\"twitter:label2\" content=\"Gesch\u00e4tzte Lesezeit\" \/>\n\t<meta name=\"twitter:data2\" content=\"3 Minuten\" \/>\n<script type=\"application\/ld+json\" class=\"yoast-schema-graph\">{\"@context\":\"https:\/\/schema.org\",\"@graph\":[{\"@type\":\"WebSite\",\"@id\":\"https:\/\/www.doppelklicker.de\/blog\/#website\",\"url\":\"https:\/\/www.doppelklicker.de\/blog\/\",\"name\":\"Aus Mainz.\",\"description\":\"F\u00fcr die Welt.\",\"potentialAction\":[{\"@type\":\"SearchAction\",\"target\":{\"@type\":\"EntryPoint\",\"urlTemplate\":\"https:\/\/www.doppelklicker.de\/blog\/?s={search_term_string}\"},\"query-input\":\"required name=search_term_string\"}],\"inLanguage\":\"de-DE\"},{\"@type\":\"ImageObject\",\"@id\":\"https:\/\/www.doppelklicker.de\/blog\/flughaefen-neuhardenberg-zielona-gora-babimost-zusammenarbeit\/#primaryimage\",\"inLanguage\":\"de-DE\",\"url\":\"https:\/\/www.doppelklicker.de\/blog\/wp-content\/uploads\/2024\/01\/flughaefen-neuhardenberg-und-zielona-gora-babimost-staerken-regionale-17136.jpg\",\"contentUrl\":\"https:\/\/www.doppelklicker.de\/blog\/wp-content\/uploads\/2024\/01\/flughaefen-neuhardenberg-und-zielona-gora-babimost-staerken-regionale-17136.jpg\",\"width\":1280,\"height\":615,\"caption\":\"Flugh\u00e4fen Neuhardenberg und Zielona Gora-Babimost kooperieren f\u00fcr Wirtschaftswachstum (Foto: IHK OSTBRANDENBURG)\"},{\"@type\":\"WebPage\",\"@id\":\"https:\/\/www.doppelklicker.de\/blog\/flughaefen-neuhardenberg-zielona-gora-babimost-zusammenarbeit\/#webpage\",\"url\":\"https:\/\/www.doppelklicker.de\/blog\/flughaefen-neuhardenberg-zielona-gora-babimost-zusammenarbeit\/\",\"name\":\"Flugh\u00e4fen Neuhardenberg und Zielona Gora-Babimost kooperieren f\u00fcr Wirtschaftswachstum\",\"isPartOf\":{\"@id\":\"https:\/\/www.doppelklicker.de\/blog\/#website\"},\"primaryImageOfPage\":{\"@id\":\"https:\/\/www.doppelklicker.de\/blog\/flughaefen-neuhardenberg-zielona-gora-babimost-zusammenarbeit\/#primaryimage\"},\"datePublished\":\"2023-07-12T07:00:00+00:00\",\"dateModified\":\"2023-07-12T07:00:00+00:00\",\"author\":{\"@id\":\"https:\/\/www.doppelklicker.de\/blog\/#\/schema\/person\/08dcac172bdb025e8ff433488184668a\"},\"breadcrumb\":{\"@id\":\"https:\/\/www.doppelklicker.de\/blog\/flughaefen-neuhardenberg-zielona-gora-babimost-zusammenarbeit\/#breadcrumb\"},\"inLanguage\":\"de-DE\",\"potentialAction\":[{\"@type\":\"ReadAction\",\"target\":[\"https:\/\/www.doppelklicker.de\/blog\/flughaefen-neuhardenberg-zielona-gora-babimost-zusammenarbeit\/\"]}]},{\"@type\":\"BreadcrumbList\",\"@id\":\"https:\/\/www.doppelklicker.de\/blog\/flughaefen-neuhardenberg-zielona-gora-babimost-zusammenarbeit\/#breadcrumb\",\"itemListElement\":[{\"@type\":\"ListItem\",\"position\":1,\"name\":\"Startseite\",\"item\":\"https:\/\/www.doppelklicker.de\/blog\/\"},{\"@type\":\"ListItem\",\"position\":2,\"name\":\"Flugh\u00e4fen Neuhardenberg und Zielona Gora-Babimost kooperieren f\u00fcr Wirtschaftswachstum\"}]},{\"@type\":\"Person\",\"@id\":\"https:\/\/www.doppelklicker.de\/blog\/#\/schema\/person\/08dcac172bdb025e8ff433488184668a\",\"name\":\"Iris Martin\",\"image\":{\"@type\":\"ImageObject\",\"@id\":\"https:\/\/www.doppelklicker.de\/blog\/#personlogo\",\"inLanguage\":\"de-DE\",\"url\":\"https:\/\/secure.gravatar.com\/avatar\/82fdaa093be0b9686b531f99fcb54d15?s=96&d=wp_user_avatar&r=g\",\"contentUrl\":\"https:\/\/secure.gravatar.com\/avatar\/82fdaa093be0b9686b531f99fcb54d15?s=96&d=wp_user_avatar&r=g\",\"caption\":\"Iris Martin\"},\"url\":\"https:\/\/www.doppelklicker.de\/blog\/author\/iris-martin\/\"}]}<\/script>\n<!-- \/ Yoast SEO plugin. -->","yoast_head_json":{"robots":{"index":"index","follow":"follow","max-snippet":"max-snippet:-1","max-image-preview":"max-image-preview:large","max-video-preview":"max-video-preview:-1"},"canonical":"https:\/\/www.doppelklicker.de\/blog\/flughaefen-neuhardenberg-zielona-gora-babimost-zusammenarbeit\/","og_locale":"de_DE","og_type":"article","og_title":"Flugh\u00e4fen Neuhardenberg und Zielona Gora-Babimost kooperieren f\u00fcr Wirtschaftswachstum","og_description":"Im Bestreben, die regionale Wirtschaft zu st\u00e4rken, haben die Flugh\u00e4fen Neuhardenberg und Zielona Gora-Babimost beschlossen, ihre Zusammenarbeit zu intensivieren. Mit ihren jeweiligen regionalen Kompetenzen erg\u00e4nzen sich die Flugh\u00e4fen ideal und bieten eine ausgezeichnete Infrastruktur im deutsch-polnischen Grenzraum. Bei einem Treffen mit Vertretern aus Wirtschaft und dem Flughafen Neuhardenberg wurden konkrete Schritte besprochen, um diese ZusammenarbeitJetzt alles lesen","og_url":"https:\/\/www.doppelklicker.de\/blog\/flughaefen-neuhardenberg-zielona-gora-babimost-zusammenarbeit\/","og_site_name":"Aus Mainz.","article_published_time":"2023-07-12T07:00:00+00:00","og_image":[{"width":1280,"height":615,"url":"https:\/\/www.doppelklicker.de\/blog\/wp-content\/uploads\/2024\/01\/flughaefen-neuhardenberg-und-zielona-gora-babimost-staerken-regionale-17136.jpg","type":"image\/jpeg"}],"twitter_card":"summary_large_image","twitter_misc":{"Verfasst von":"Iris Martin","Gesch\u00e4tzte Lesezeit":"3 Minuten"},"schema":{"@context":"https:\/\/schema.org","@graph":[{"@type":"WebSite","@id":"https:\/\/www.doppelklicker.de\/blog\/#website","url":"https:\/\/www.doppelklicker.de\/blog\/","name":"Aus Mainz.","description":"F\u00fcr die Welt.","potentialAction":[{"@type":"SearchAction","target":{"@type":"EntryPoint","urlTemplate":"https:\/\/www.doppelklicker.de\/blog\/?s={search_term_string}"},"query-input":"required name=search_term_string"}],"inLanguage":"de-DE"},{"@type":"ImageObject","@id":"https:\/\/www.doppelklicker.de\/blog\/flughaefen-neuhardenberg-zielona-gora-babimost-zusammenarbeit\/#primaryimage","inLanguage":"de-DE","url":"https:\/\/www.doppelklicker.de\/blog\/wp-content\/uploads\/2024\/01\/flughaefen-neuhardenberg-und-zielona-gora-babimost-staerken-regionale-17136.jpg","contentUrl":"https:\/\/www.doppelklicker.de\/blog\/wp-content\/uploads\/2024\/01\/flughaefen-neuhardenberg-und-zielona-gora-babimost-staerken-regionale-17136.jpg","width":1280,"height":615,"caption":"Flugh\u00e4fen Neuhardenberg und Zielona Gora-Babimost kooperieren f\u00fcr Wirtschaftswachstum (Foto: IHK OSTBRANDENBURG)"},{"@type":"WebPage","@id":"https:\/\/www.doppelklicker.de\/blog\/flughaefen-neuhardenberg-zielona-gora-babimost-zusammenarbeit\/#webpage","url":"https:\/\/www.doppelklicker.de\/blog\/flughaefen-neuhardenberg-zielona-gora-babimost-zusammenarbeit\/","name":"Flugh\u00e4fen Neuhardenberg und Zielona Gora-Babimost kooperieren f\u00fcr Wirtschaftswachstum","isPartOf":{"@id":"https:\/\/www.doppelklicker.de\/blog\/#website"},"primaryImageOfPage":{"@id":"https:\/\/www.doppelklicker.de\/blog\/flughaefen-neuhardenberg-zielona-gora-babimost-zusammenarbeit\/#primaryimage"},"datePublished":"2023-07-12T07:00:00+00:00","dateModified":"2023-07-12T07:00:00+00:00","author":{"@id":"https:\/\/www.doppelklicker.de\/blog\/#\/schema\/person\/08dcac172bdb025e8ff433488184668a"},"breadcrumb":{"@id":"https:\/\/www.doppelklicker.de\/blog\/flughaefen-neuhardenberg-zielona-gora-babimost-zusammenarbeit\/#breadcrumb"},"inLanguage":"de-DE","potentialAction":[{"@type":"ReadAction","target":["https:\/\/www.doppelklicker.de\/blog\/flughaefen-neuhardenberg-zielona-gora-babimost-zusammenarbeit\/"]}]},{"@type":"BreadcrumbList","@id":"https:\/\/www.doppelklicker.de\/blog\/flughaefen-neuhardenberg-zielona-gora-babimost-zusammenarbeit\/#breadcrumb","itemListElement":[{"@type":"ListItem","position":1,"name":"Startseite","item":"https:\/\/www.doppelklicker.de\/blog\/"},{"@type":"ListItem","position":2,"name":"Flugh\u00e4fen Neuhardenberg und Zielona Gora-Babimost kooperieren f\u00fcr Wirtschaftswachstum"}]},{"@type":"Person","@id":"https:\/\/www.doppelklicker.de\/blog\/#\/schema\/person\/08dcac172bdb025e8ff433488184668a","name":"Iris Martin","image":{"@type":"ImageObject","@id":"https:\/\/www.doppelklicker.de\/blog\/#personlogo","inLanguage":"de-DE","url":"https:\/\/secure.gravatar.com\/avatar\/82fdaa093be0b9686b531f99fcb54d15?s=96&d=wp_user_avatar&r=g","contentUrl":"https:\/\/secure.gravatar.com\/avatar\/82fdaa093be0b9686b531f99fcb54d15?s=96&d=wp_user_avatar&r=g","caption":"Iris Martin"},"url":"https:\/\/www.doppelklicker.de\/blog\/author\/iris-martin\/"}]}},"_links":{"self":[{"href":"https:\/\/www.doppelklicker.de\/blog\/wp-json\/wp\/v2\/posts\/6951"}],"collection":[{"href":"https:\/\/www.doppelklicker.de\/blog\/wp-json\/wp\/v2\/posts"}],"about":[{"href":"https:\/\/www.doppelklicker.de\/blog\/wp-json\/wp\/v2\/types\/post"}],"author":[{"embeddable":true,"href":"https:\/\/www.doppelklicker.de\/blog\/wp-json\/wp\/v2\/users\/8"}],"replies":[{"embeddable":true,"href":"https:\/\/www.doppelklicker.de\/blog\/wp-json\/wp\/v2\/comments?post=6951"}],"version-history":[{"count":0,"href":"https:\/\/www.doppelklicker.de\/blog\/wp-json\/wp\/v2\/posts\/6951\/revisions"}],"wp:featuredmedia":[{"embeddable":true,"href":"https:\/\/www.doppelklicker.de\/blog\/wp-json\/wp\/v2\/media\/6952"}],"wp:attachment":[{"href":"https:\/\/www.doppelklicker.de\/blog\/wp-json\/wp\/v2\/media?parent=6951"}],"wp:term":[{"taxonomy":"category","embeddable":true,"href":"https:\/\/www.doppelklicker.de\/blog\/wp-json\/wp\/v2\/categories?post=6951"},{"taxonomy":"post_tag","embeddable":true,"href":"https:\/\/www.doppelklicker.de\/blog\/wp-json\/wp\/v2\/tags?post=6951"}],"curies":[{"name":"wp","href":"https:\/\/api.w.org\/{rel}","templated":true}]}}