{"id":6971,"date":"2024-02-05T16:00:00","date_gmt":"2024-02-05T14:00:00","guid":{"rendered":"guid"},"modified":"2024-02-05T16:00:00","modified_gmt":"2024-02-05T14:00:00","slug":"stadtforum-ii-weiteres-gebaeude-fuer-verwaltung-fuer-107-millionen-euro","status":"publish","type":"post","link":"https:\/\/www.doppelklicker.de\/blog\/stadtforum-ii-weiteres-gebaeude-fuer-verwaltung-fuer-107-millionen-euro\/","title":{"rendered":"Transparente Entscheidung: Verwaltungskonzentration am Ferdinandplatz geplant"},"content":{"rendered":"<p>Trotz der noch nicht abgeschlossenen Fertigstellung des Stadtforums in Dresden, werden bereits Pl\u00e4ne f\u00fcr einen weiteren Bau in der Stadt geschmiedet. Das bisher nicht \u00f6ffentliche Konzept &#8222;Standortkonzept zur Ausrichtung der Verwaltungsunterbringung 2030+&#8220; sieht vor, ein neues Geb\u00e4ude am Ferdinandplatz zu errichten. Durch die Konzentration von bis zu zwei Drittel der Verwaltungsmitarbeiter um das Stadtforum und dem Neuen Rathaus soll die Effizienz der Verwaltungsunterbringung gesteigert und langfristig Kosten eingespart werden. Die gesch\u00e4tzten Baukosten belaufen sich auf 107 Millionen Euro.<br \/>\n<!--more--><\/p>\n<h2>Mietverh\u00e4ltnisse in anderen Stadtteilen auslaufend: Neues Geb\u00e4ude am Ferdinandplatz<\/h2>\n<p>Mit diesem Projekt soll erreicht werden, dass bis zu zwei Drittel der derzeit 7900 Mitarbeiter der Verwaltung in einem Geb\u00e4ude-Ensemble um das Stadtforum und das Neue Rathaus zusammengef\u00fchrt werden. Dadurch wird die Kommunikation und Zusammenarbeit innerhalb der Verwaltung verbessert. Gleichzeitig wird angestrebt, die immer kostspieligeren Mietverh\u00e4ltnisse in anderen Stadtteilen wie dem World Trade Center, der Cityherberge und der Ostra-Allee zu beenden.<\/p>\n<p>Die unzureichende Informationspolitik gegen\u00fcber den R\u00e4ten im Dresdner Kommunalparlament hinsichtlich der Pl\u00e4ne f\u00fcr ein weiteres Geb\u00e4ude am Ferdinandplatz erzeugt Unzufriedenheit. Stadtrat Johannes Lichdi von der Dissidenten-Fraktion \u00e4u\u00dferte seinen \u00c4rger dar\u00fcber, dass die R\u00e4te erst aus den Medien von diesen Pl\u00e4nen erfahren haben. Grunds\u00e4tzlich begr\u00fc\u00dft er die Idee eines weiteren Geb\u00e4udes, betont jedoch die Notwendigkeit einer transparenten und zeitnahen Kommunikation zwischen Verwaltung und Stadtrat.<\/p>\n<p>Das Stadthaus \u00e4u\u00dferte sich zu den j\u00fcngsten Entwicklungen und erkl\u00e4rte, dass das Konzept zur Verwaltungsunterbringung 2030 aktualisiert wurde. Die \u00fcberarbeitete Version des Konzepts wird dem Stadtrat im zweiten Halbjahr 2024 zur Entscheidung vorgelegt. Das Hauptziel des Konzepts bleibt die Schaffung einer b\u00fcrgerfreundlichen und zentralen Stadtverwaltung im Stadtzentrum, wobei der Fokus auf dem wirtschaftlichen Erwerb von Eigentumsobjekten liegt, um langfristig Kosten einzusparen.<\/p>\n<p>Das Stadtforum II ist ein herausragendes Projekt, das der Verwaltung zahlreiche Vorteile bietet. Durch die Konzentration der Mitarbeiter an einem zentralen Standort wird die Kommunikation und Zusammenarbeit innerhalb der Verwaltung erheblich verbessert. Dar\u00fcber hinaus werden langfristig Kosten eingespart, indem Eigentumsobjekte erworben werden und teure Mietverh\u00e4ltnisse in anderen Stadtteilen auslaufen. Die geplante Vorlage des Konzepts im Jahr 2024 gew\u00e4hrleistet eine transparente Entscheidung durch den Stadtrat und erm\u00f6glicht eine sorgf\u00e4ltige Planung f\u00fcr die Zukunft der Stadtverwaltung.<\/p>\n<p>Das Stadtforum II, das am Ferdinandplatz gebaut wird, erweitert das bestehende Verwaltungszentrum und tr\u00e4gt zur Effizienzsteigerung der Verwaltungsunterbringung bei. Durch die Zusammenf\u00fchrung der Mitarbeiter an einem zentralen Standort wird die Kommunikation und Zusammenarbeit innerhalb der Verwaltung verbessert. Zudem entstehen langfristige Kosteneinsparungen, da teure Mietverh\u00e4ltnisse in anderen Stadtteilen auslaufen. Um ein transparentes Entscheidungsverfahren sicherzustellen, sollte die Informationspolitik gegen\u00fcber den Stadtr\u00e4ten optimiert werden.<\/p>\n","protected":false},"excerpt":{"rendered":"<p>Trotz der noch nicht abgeschlossenen Fertigstellung des Stadtforums in Dresden, werden bereits Pl\u00e4ne f\u00fcr einen weiteren Bau in der Stadt geschmiedet. Das bisher nicht \u00f6ffentliche Konzept &#8222;Standortkonzept zur Ausrichtung der Verwaltungsunterbringung 2030+&#8220; sieht vor, ein neues Geb\u00e4ude am Ferdinandplatz zu errichten. Durch die Konzentration von bis zu zwei Drittel der Verwaltungsmitarbeiter um das Stadtforum und<\/p>\n<div class=\"read-more\"><a href=\"https:\/\/www.doppelklicker.de\/blog\/stadtforum-ii-weiteres-gebaeude-fuer-verwaltung-fuer-107-millionen-euro\/\" title=\"Jetzt alles lesen\">Jetzt alles lesen<\/a><\/div>\n","protected":false},"author":8,"featured_media":6972,"comment_status":"open","ping_status":"open","sticky":false,"template":"","format":"standard","meta":[],"categories":[3305],"tags":[],"yoast_head":"<!-- This site is optimized with the Yoast SEO plugin v18.2 - https:\/\/yoast.com\/wordpress\/plugins\/seo\/ -->\n<meta name=\"robots\" content=\"index, follow, max-snippet:-1, max-image-preview:large, max-video-preview:-1\" \/>\n<link rel=\"canonical\" href=\"https:\/\/www.doppelklicker.de\/blog\/stadtforum-ii-weiteres-gebaeude-fuer-verwaltung-fuer-107-millionen-euro\/\" \/>\n<meta property=\"og:locale\" content=\"de_DE\" \/>\n<meta property=\"og:type\" content=\"article\" \/>\n<meta property=\"og:title\" content=\"Transparente Entscheidung: Verwaltungskonzentration am Ferdinandplatz geplant\" \/>\n<meta property=\"og:description\" content=\"Trotz der noch nicht abgeschlossenen Fertigstellung des Stadtforums in Dresden, werden bereits Pl\u00e4ne f\u00fcr einen weiteren Bau in der Stadt geschmiedet. Das bisher nicht \u00f6ffentliche Konzept &#8222;Standortkonzept zur Ausrichtung der Verwaltungsunterbringung 2030+&#8220; sieht vor, ein neues Geb\u00e4ude am Ferdinandplatz zu errichten. Durch die Konzentration von bis zu zwei Drittel der Verwaltungsmitarbeiter um das Stadtforum undJetzt alles lesen\" \/>\n<meta property=\"og:url\" content=\"https:\/\/www.doppelklicker.de\/blog\/stadtforum-ii-weiteres-gebaeude-fuer-verwaltung-fuer-107-millionen-euro\/\" \/>\n<meta property=\"og:site_name\" content=\"Aus Mainz.\" \/>\n<meta property=\"article:published_time\" content=\"2024-02-05T14:00:00+00:00\" \/>\n<meta property=\"og:image\" content=\"https:\/\/www.doppelklicker.de\/blog\/wp-content\/uploads\/2024\/01\/neues-gebaeude-am-ferdinandplatz-effizienzsteigerung-17488.jpg\" \/>\n\t<meta property=\"og:image:width\" content=\"1280\" \/>\n\t<meta property=\"og:image:height\" content=\"615\" \/>\n\t<meta property=\"og:image:type\" content=\"image\/jpeg\" \/>\n<meta name=\"twitter:card\" content=\"summary_large_image\" \/>\n<meta name=\"twitter:label1\" content=\"Verfasst von\" \/>\n\t<meta name=\"twitter:data1\" content=\"Iris Martin\" \/>\n\t<meta name=\"twitter:label2\" content=\"Gesch\u00e4tzte Lesezeit\" \/>\n\t<meta name=\"twitter:data2\" content=\"2 Minuten\" \/>\n<script type=\"application\/ld+json\" class=\"yoast-schema-graph\">{\"@context\":\"https:\/\/schema.org\",\"@graph\":[{\"@type\":\"WebSite\",\"@id\":\"https:\/\/www.doppelklicker.de\/blog\/#website\",\"url\":\"https:\/\/www.doppelklicker.de\/blog\/\",\"name\":\"Aus Mainz.\",\"description\":\"F\u00fcr die Welt.\",\"potentialAction\":[{\"@type\":\"SearchAction\",\"target\":{\"@type\":\"EntryPoint\",\"urlTemplate\":\"https:\/\/www.doppelklicker.de\/blog\/?s={search_term_string}\"},\"query-input\":\"required name=search_term_string\"}],\"inLanguage\":\"de-DE\"},{\"@type\":\"ImageObject\",\"@id\":\"https:\/\/www.doppelklicker.de\/blog\/stadtforum-ii-weiteres-gebaeude-fuer-verwaltung-fuer-107-millionen-euro\/#primaryimage\",\"inLanguage\":\"de-DE\",\"url\":\"https:\/\/www.doppelklicker.de\/blog\/wp-content\/uploads\/2024\/01\/neues-gebaeude-am-ferdinandplatz-effizienzsteigerung-17488.jpg\",\"contentUrl\":\"https:\/\/www.doppelklicker.de\/blog\/wp-content\/uploads\/2024\/01\/neues-gebaeude-am-ferdinandplatz-effizienzsteigerung-17488.jpg\",\"width\":1280,\"height\":615,\"caption\":\"Transparente Entscheidung: Verwaltungskonzentration am Ferdinandplatz geplant (Foto: AdobeStock - till beck 48793998)\"},{\"@type\":\"WebPage\",\"@id\":\"https:\/\/www.doppelklicker.de\/blog\/stadtforum-ii-weiteres-gebaeude-fuer-verwaltung-fuer-107-millionen-euro\/#webpage\",\"url\":\"https:\/\/www.doppelklicker.de\/blog\/stadtforum-ii-weiteres-gebaeude-fuer-verwaltung-fuer-107-millionen-euro\/\",\"name\":\"Transparente Entscheidung: Verwaltungskonzentration am Ferdinandplatz geplant\",\"isPartOf\":{\"@id\":\"https:\/\/www.doppelklicker.de\/blog\/#website\"},\"primaryImageOfPage\":{\"@id\":\"https:\/\/www.doppelklicker.de\/blog\/stadtforum-ii-weiteres-gebaeude-fuer-verwaltung-fuer-107-millionen-euro\/#primaryimage\"},\"datePublished\":\"2024-02-05T14:00:00+00:00\",\"dateModified\":\"2024-02-05T14:00:00+00:00\",\"author\":{\"@id\":\"https:\/\/www.doppelklicker.de\/blog\/#\/schema\/person\/08dcac172bdb025e8ff433488184668a\"},\"breadcrumb\":{\"@id\":\"https:\/\/www.doppelklicker.de\/blog\/stadtforum-ii-weiteres-gebaeude-fuer-verwaltung-fuer-107-millionen-euro\/#breadcrumb\"},\"inLanguage\":\"de-DE\",\"potentialAction\":[{\"@type\":\"ReadAction\",\"target\":[\"https:\/\/www.doppelklicker.de\/blog\/stadtforum-ii-weiteres-gebaeude-fuer-verwaltung-fuer-107-millionen-euro\/\"]}]},{\"@type\":\"BreadcrumbList\",\"@id\":\"https:\/\/www.doppelklicker.de\/blog\/stadtforum-ii-weiteres-gebaeude-fuer-verwaltung-fuer-107-millionen-euro\/#breadcrumb\",\"itemListElement\":[{\"@type\":\"ListItem\",\"position\":1,\"name\":\"Startseite\",\"item\":\"https:\/\/www.doppelklicker.de\/blog\/\"},{\"@type\":\"ListItem\",\"position\":2,\"name\":\"Transparente Entscheidung: Verwaltungskonzentration am Ferdinandplatz geplant\"}]},{\"@type\":\"Person\",\"@id\":\"https:\/\/www.doppelklicker.de\/blog\/#\/schema\/person\/08dcac172bdb025e8ff433488184668a\",\"name\":\"Iris Martin\",\"image\":{\"@type\":\"ImageObject\",\"@id\":\"https:\/\/www.doppelklicker.de\/blog\/#personlogo\",\"inLanguage\":\"de-DE\",\"url\":\"https:\/\/secure.gravatar.com\/avatar\/82fdaa093be0b9686b531f99fcb54d15?s=96&d=wp_user_avatar&r=g\",\"contentUrl\":\"https:\/\/secure.gravatar.com\/avatar\/82fdaa093be0b9686b531f99fcb54d15?s=96&d=wp_user_avatar&r=g\",\"caption\":\"Iris Martin\"},\"url\":\"https:\/\/www.doppelklicker.de\/blog\/author\/iris-martin\/\"}]}<\/script>\n<!-- \/ Yoast SEO plugin. -->","yoast_head_json":{"robots":{"index":"index","follow":"follow","max-snippet":"max-snippet:-1","max-image-preview":"max-image-preview:large","max-video-preview":"max-video-preview:-1"},"canonical":"https:\/\/www.doppelklicker.de\/blog\/stadtforum-ii-weiteres-gebaeude-fuer-verwaltung-fuer-107-millionen-euro\/","og_locale":"de_DE","og_type":"article","og_title":"Transparente Entscheidung: Verwaltungskonzentration am Ferdinandplatz geplant","og_description":"Trotz der noch nicht abgeschlossenen Fertigstellung des Stadtforums in Dresden, werden bereits Pl\u00e4ne f\u00fcr einen weiteren Bau in der Stadt geschmiedet. Das bisher nicht \u00f6ffentliche Konzept &#8222;Standortkonzept zur Ausrichtung der Verwaltungsunterbringung 2030+&#8220; sieht vor, ein neues Geb\u00e4ude am Ferdinandplatz zu errichten. Durch die Konzentration von bis zu zwei Drittel der Verwaltungsmitarbeiter um das Stadtforum undJetzt alles lesen","og_url":"https:\/\/www.doppelklicker.de\/blog\/stadtforum-ii-weiteres-gebaeude-fuer-verwaltung-fuer-107-millionen-euro\/","og_site_name":"Aus Mainz.","article_published_time":"2024-02-05T14:00:00+00:00","og_image":[{"width":1280,"height":615,"url":"https:\/\/www.doppelklicker.de\/blog\/wp-content\/uploads\/2024\/01\/neues-gebaeude-am-ferdinandplatz-effizienzsteigerung-17488.jpg","type":"image\/jpeg"}],"twitter_card":"summary_large_image","twitter_misc":{"Verfasst von":"Iris Martin","Gesch\u00e4tzte Lesezeit":"2 Minuten"},"schema":{"@context":"https:\/\/schema.org","@graph":[{"@type":"WebSite","@id":"https:\/\/www.doppelklicker.de\/blog\/#website","url":"https:\/\/www.doppelklicker.de\/blog\/","name":"Aus Mainz.","description":"F\u00fcr die Welt.","potentialAction":[{"@type":"SearchAction","target":{"@type":"EntryPoint","urlTemplate":"https:\/\/www.doppelklicker.de\/blog\/?s={search_term_string}"},"query-input":"required name=search_term_string"}],"inLanguage":"de-DE"},{"@type":"ImageObject","@id":"https:\/\/www.doppelklicker.de\/blog\/stadtforum-ii-weiteres-gebaeude-fuer-verwaltung-fuer-107-millionen-euro\/#primaryimage","inLanguage":"de-DE","url":"https:\/\/www.doppelklicker.de\/blog\/wp-content\/uploads\/2024\/01\/neues-gebaeude-am-ferdinandplatz-effizienzsteigerung-17488.jpg","contentUrl":"https:\/\/www.doppelklicker.de\/blog\/wp-content\/uploads\/2024\/01\/neues-gebaeude-am-ferdinandplatz-effizienzsteigerung-17488.jpg","width":1280,"height":615,"caption":"Transparente Entscheidung: Verwaltungskonzentration am Ferdinandplatz geplant (Foto: AdobeStock - till beck 48793998)"},{"@type":"WebPage","@id":"https:\/\/www.doppelklicker.de\/blog\/stadtforum-ii-weiteres-gebaeude-fuer-verwaltung-fuer-107-millionen-euro\/#webpage","url":"https:\/\/www.doppelklicker.de\/blog\/stadtforum-ii-weiteres-gebaeude-fuer-verwaltung-fuer-107-millionen-euro\/","name":"Transparente Entscheidung: Verwaltungskonzentration am Ferdinandplatz geplant","isPartOf":{"@id":"https:\/\/www.doppelklicker.de\/blog\/#website"},"primaryImageOfPage":{"@id":"https:\/\/www.doppelklicker.de\/blog\/stadtforum-ii-weiteres-gebaeude-fuer-verwaltung-fuer-107-millionen-euro\/#primaryimage"},"datePublished":"2024-02-05T14:00:00+00:00","dateModified":"2024-02-05T14:00:00+00:00","author":{"@id":"https:\/\/www.doppelklicker.de\/blog\/#\/schema\/person\/08dcac172bdb025e8ff433488184668a"},"breadcrumb":{"@id":"https:\/\/www.doppelklicker.de\/blog\/stadtforum-ii-weiteres-gebaeude-fuer-verwaltung-fuer-107-millionen-euro\/#breadcrumb"},"inLanguage":"de-DE","potentialAction":[{"@type":"ReadAction","target":["https:\/\/www.doppelklicker.de\/blog\/stadtforum-ii-weiteres-gebaeude-fuer-verwaltung-fuer-107-millionen-euro\/"]}]},{"@type":"BreadcrumbList","@id":"https:\/\/www.doppelklicker.de\/blog\/stadtforum-ii-weiteres-gebaeude-fuer-verwaltung-fuer-107-millionen-euro\/#breadcrumb","itemListElement":[{"@type":"ListItem","position":1,"name":"Startseite","item":"https:\/\/www.doppelklicker.de\/blog\/"},{"@type":"ListItem","position":2,"name":"Transparente Entscheidung: Verwaltungskonzentration am Ferdinandplatz geplant"}]},{"@type":"Person","@id":"https:\/\/www.doppelklicker.de\/blog\/#\/schema\/person\/08dcac172bdb025e8ff433488184668a","name":"Iris Martin","image":{"@type":"ImageObject","@id":"https:\/\/www.doppelklicker.de\/blog\/#personlogo","inLanguage":"de-DE","url":"https:\/\/secure.gravatar.com\/avatar\/82fdaa093be0b9686b531f99fcb54d15?s=96&d=wp_user_avatar&r=g","contentUrl":"https:\/\/secure.gravatar.com\/avatar\/82fdaa093be0b9686b531f99fcb54d15?s=96&d=wp_user_avatar&r=g","caption":"Iris Martin"},"url":"https:\/\/www.doppelklicker.de\/blog\/author\/iris-martin\/"}]}},"_links":{"self":[{"href":"https:\/\/www.doppelklicker.de\/blog\/wp-json\/wp\/v2\/posts\/6971"}],"collection":[{"href":"https:\/\/www.doppelklicker.de\/blog\/wp-json\/wp\/v2\/posts"}],"about":[{"href":"https:\/\/www.doppelklicker.de\/blog\/wp-json\/wp\/v2\/types\/post"}],"author":[{"embeddable":true,"href":"https:\/\/www.doppelklicker.de\/blog\/wp-json\/wp\/v2\/users\/8"}],"replies":[{"embeddable":true,"href":"https:\/\/www.doppelklicker.de\/blog\/wp-json\/wp\/v2\/comments?post=6971"}],"version-history":[{"count":0,"href":"https:\/\/www.doppelklicker.de\/blog\/wp-json\/wp\/v2\/posts\/6971\/revisions"}],"wp:featuredmedia":[{"embeddable":true,"href":"https:\/\/www.doppelklicker.de\/blog\/wp-json\/wp\/v2\/media\/6972"}],"wp:attachment":[{"href":"https:\/\/www.doppelklicker.de\/blog\/wp-json\/wp\/v2\/media?parent=6971"}],"wp:term":[{"taxonomy":"category","embeddable":true,"href":"https:\/\/www.doppelklicker.de\/blog\/wp-json\/wp\/v2\/categories?post=6971"},{"taxonomy":"post_tag","embeddable":true,"href":"https:\/\/www.doppelklicker.de\/blog\/wp-json\/wp\/v2\/tags?post=6971"}],"curies":[{"name":"wp","href":"https:\/\/api.w.org\/{rel}","templated":true}]}}