{"id":7032,"date":"2024-02-02T09:00:00","date_gmt":"2024-02-02T07:00:00","guid":{"rendered":"guid"},"modified":"2024-02-02T09:00:00","modified_gmt":"2024-02-02T07:00:00","slug":"neuer-vorstand-bei-roland-rechtsschutz","status":"publish","type":"post","link":"https:\/\/www.doppelklicker.de\/blog\/neuer-vorstand-bei-roland-rechtsschutz\/","title":{"rendered":"ROLAND Rechtsschutz als Premium-Anbieter: Neuaufstellung und Vorteile f\u00fcr Kunden"},"content":{"rendered":"<p>Ab dem 1. Januar 2024 wird der Vorstand von ROLAND Rechtsschutz durch Tobias von M\u00e4\u00dfenhausen, Tarja Radler und Andreas Tiedtke komplettiert. Tobias von M\u00e4\u00dfenhausen, der bereits im Juni als CEO angek\u00fcndigt wurde, \u00fcbernimmt den Vorstandsvorsitz. Tarja Radler, aktuelle Vorst\u00e4ndin bei der DEVK Rechtsschutz-Versicherungs-AG, wird Chief Insurance Officer (CInO) und Andreas Tiedtke, Hauptgesch\u00e4ftsf\u00fchrer der ROLAND Assistance GmbH, wird Chief Operating Officer (COO). Die Neubesetzung des Vorstands verspricht eine St\u00e4rkung der F\u00fchrungsebene und eine optimierte Aufgabenverteilung.<br \/>\n<!--more--><\/p>\n<div id=\"ez-toc-container\" class=\"ez-toc-v2_0_16 counter-hierarchy\">\n<div class=\"ez-toc-title-container\">\n<p class=\"ez-toc-title\">Inhaltsverzeichnis: Das erwartet Sie in diesem Artikel<\/p>\n<span class=\"ez-toc-title-toggle\"><a class=\"ez-toc-pull-right ez-toc-btn ez-toc-btn-xs ez-toc-btn-default ez-toc-toggle\" style=\"display: none;\"><i class=\"ez-toc-glyphicon ez-toc-icon-toggle\"><\/i><\/a><\/span><\/div>\n<nav><ul class=\"ez-toc-list ez-toc-list-level-1\"><li class=\"ez-toc-page-1 ez-toc-heading-level-2\"><a class=\"ez-toc-link ez-toc-heading-1\" href=\"https:\/\/www.doppelklicker.de\/blog\/neuer-vorstand-bei-roland-rechtsschutz\/#veraenderungen-im-vorstand-von-roland-rechtsschutz-neue-verantwortungsbereiche\" title=\"Ver\u00e4nderungen im Vorstand von ROLAND Rechtsschutz: Neue Verantwortungsbereiche\">Ver\u00e4nderungen im Vorstand von ROLAND Rechtsschutz: Neue Verantwortungsbereiche<\/a><\/li><li class=\"ez-toc-page-1 ez-toc-heading-level-2\"><a class=\"ez-toc-link ez-toc-heading-2\" href=\"https:\/\/www.doppelklicker.de\/blog\/neuer-vorstand-bei-roland-rechtsschutz\/#andreas-tiedtke-wird-als-coo-von-roland-das-kundenversprechen-zuverlaessig-umsetzen\" title=\"Andreas Tiedtke wird als COO von ROLAND das Kundenversprechen zuverl\u00e4ssig umsetzen\">Andreas Tiedtke wird als COO von ROLAND das Kundenversprechen zuverl\u00e4ssig umsetzen<\/a><\/li><li class=\"ez-toc-page-1 ez-toc-heading-level-2\"><a class=\"ez-toc-link ez-toc-heading-3\" href=\"https:\/\/www.doppelklicker.de\/blog\/neuer-vorstand-bei-roland-rechtsschutz\/#erfahrener-vorstandsvorsitzender-roland-wird-wachstum-und-innovation-vorantreiben\" title=\"Erfahrener Vorstandsvorsitzender: ROLAND wird Wachstum und Innovation vorantreiben\">Erfahrener Vorstandsvorsitzender: ROLAND wird Wachstum und Innovation vorantreiben<\/a><\/li><li class=\"ez-toc-page-1 ez-toc-heading-level-2\"><a class=\"ez-toc-link ez-toc-heading-4\" href=\"https:\/\/www.doppelklicker.de\/blog\/neuer-vorstand-bei-roland-rechtsschutz\/#neuer-vorstand-bei-roland-rechtsschutz-mit-geballter-fachkompetenz\" title=\"Neuer Vorstand bei ROLAND Rechtsschutz mit geballter Fachkompetenz\">Neuer Vorstand bei ROLAND Rechtsschutz mit geballter Fachkompetenz<\/a><\/li><li class=\"ez-toc-page-1 ez-toc-heading-level-2\"><a class=\"ez-toc-link ez-toc-heading-5\" href=\"https:\/\/www.doppelklicker.de\/blog\/neuer-vorstand-bei-roland-rechtsschutz\/#roland-rechtsschutz-versicherung-individuelle-loesungen-fuer-jeden-bedarf\" title=\"ROLAND Rechtsschutz-Versicherung: Individuelle L\u00f6sungen f\u00fcr jeden Bedarf\">ROLAND Rechtsschutz-Versicherung: Individuelle L\u00f6sungen f\u00fcr jeden Bedarf<\/a><\/li><li class=\"ez-toc-page-1 ez-toc-heading-level-2\"><a class=\"ez-toc-link ez-toc-heading-6\" href=\"https:\/\/www.doppelklicker.de\/blog\/neuer-vorstand-bei-roland-rechtsschutz\/#roland-bietet-vielfaeltige-services-fuer-rechtsfragen-aller-art\" title=\"ROLAND bietet vielf\u00e4ltige Services f\u00fcr Rechtsfragen aller Art\">ROLAND bietet vielf\u00e4ltige Services f\u00fcr Rechtsfragen aller Art<\/a><\/li><li class=\"ez-toc-page-1 ez-toc-heading-level-2\"><a class=\"ez-toc-link ez-toc-heading-7\" href=\"https:\/\/www.doppelklicker.de\/blog\/neuer-vorstand-bei-roland-rechtsschutz\/#roland-rechtsschutz-mit-neuem-vorstandsteam-auf-erfolgskurs\" title=\"ROLAND Rechtsschutz mit neuem Vorstandsteam auf Erfolgskurs\">ROLAND Rechtsschutz mit neuem Vorstandsteam auf Erfolgskurs<\/a><\/li><\/ul><\/nav><\/div>\n<h2><span class=\"ez-toc-section\" id=\"veraenderungen-im-vorstand-von-roland-rechtsschutz-neue-verantwortungsbereiche\"><\/span>Ver\u00e4nderungen im Vorstand von ROLAND Rechtsschutz: Neue Verantwortungsbereiche<span class=\"ez-toc-section-end\"><\/span><\/h2>\n<p>Im Zuge der Umstrukturierung des Vorstands bei ROLAND Rechtsschutz werden die Verantwortungsbereiche im Unternehmen neu aufgeteilt. CEO Tobias von M\u00e4\u00dfenhausen \u00fcbernimmt die Zust\u00e4ndigkeit f\u00fcr die Finanzen &#038; Daten, das Personal, die Unternehmensentwicklung, die Unternehmenskommunikation, die Governance und die Revision. Tarja Radler wird den Vertrieb &#038; Kundenmanagement, das Gesch\u00e4ftsfeld, das strategische Leistungsmanagement sowie das Portfoliomanagement &#038; Aktuariat verantworten. Andreas Tiedtke wird sich um den Kundenservice, die digitale Transformation mit Prozessmanagement &#038; IT sowie das Performance Management k\u00fcmmern.<\/p>\n<h2><span class=\"ez-toc-section\" id=\"andreas-tiedtke-wird-als-coo-von-roland-das-kundenversprechen-zuverlaessig-umsetzen\"><\/span>Andreas Tiedtke wird als COO von ROLAND das Kundenversprechen zuverl\u00e4ssig umsetzen<span class=\"ez-toc-section-end\"><\/span><\/h2>\n<p>Unter der F\u00fchrung von Tobias von M\u00e4\u00dfenhausen hat das neue Vorstandsteam von ROLAND Rechtsschutz den klaren Auftrag, f\u00fcr Chancengleichheit zu sorgen und Konflikte auf nachhaltige und faire Weise zu l\u00f6sen. Tarja Radler, eine erfahrene Vorst\u00e4ndin in der Rechtsschutz-Branche und erfolgreiche Gr\u00fcnderin des Legaltech-Unternehmens KLUGO, wird ma\u00dfgeblich an der Marktbearbeitung und -gestaltung mitwirken. Andreas Tiedtke, Experte f\u00fcr Operations und Digitalisierung, wird das Kundenversprechen von ROLAND zuverl\u00e4ssig umsetzen und somit das Unternehmen weiter voranbringen.<\/p>\n<h2><span class=\"ez-toc-section\" id=\"erfahrener-vorstandsvorsitzender-roland-wird-wachstum-und-innovation-vorantreiben\"><\/span>Erfahrener Vorstandsvorsitzender: ROLAND wird Wachstum und Innovation vorantreiben<span class=\"ez-toc-section-end\"><\/span><\/h2>\n<p>Dr. Thilo Schumacher, Vorstandsvorsitzender des AXA Konzerns und Vorsitzender des Aufsichtsrats, ist zuversichtlich, dass das neue Vorstandsteam von ROLAND mit seiner Erfahrung und dem Bestreben nach einer modernen Unternehmenskultur das Unternehmen positiv beeinflussen wird. Die Kombination aus Fachwissen und Innovationsgeist wird dazu beitragen, dass ROLAND weiterhin erfolgreich in einem sich st\u00e4ndig ver\u00e4ndernden Markt agieren kann. Dr. Schumacher ist davon \u00fcberzeugt, dass das Team die n\u00f6tigen F\u00e4higkeiten besitzt, um Wachstum und Innovation bei ROLAND voranzutreiben.<\/p>\n<h2><span class=\"ez-toc-section\" id=\"neuer-vorstand-bei-roland-rechtsschutz-mit-geballter-fachkompetenz\"><\/span>Neuer Vorstand bei ROLAND Rechtsschutz mit geballter Fachkompetenz<span class=\"ez-toc-section-end\"><\/span><\/h2>\n<p>Tarja Radler ist eine erfahrene Vorst\u00e4ndin in der Rechtsschutz-Branche. Seit 2007 ist sie bei der DEVK Rechtsschutz-Versicherungs-AG t\u00e4tig und seit 2013 Vorst\u00e4ndin. Mit fast 30 Jahren Erfahrung verf\u00fcgt sie \u00fcber ein umfangreiches Fachwissen und eine hohe Reputation in der Branche. Zudem hat sie mit KLUGO ein erfolgreiches Legaltech-Unternehmen gegr\u00fcndet, das innovative L\u00f6sungen f\u00fcr den Rechtsschutzmarkt entwickelt. Ihre Expertise und ihre F\u00fchrungskompetenz werden ROLAND Rechtsschutz dabei helfen, seine Marktposition weiter auszubauen und innovative L\u00f6sungen f\u00fcr seine Kunden anzubieten.<\/p>\n<h2><span class=\"ez-toc-section\" id=\"roland-rechtsschutz-versicherung-individuelle-loesungen-fuer-jeden-bedarf\"><\/span>ROLAND Rechtsschutz-Versicherung: Individuelle L\u00f6sungen f\u00fcr jeden Bedarf<span class=\"ez-toc-section-end\"><\/span><\/h2>\n<p>ROLAND Rechtsschutz-Versicherungs-AG ist ein bekannter und hoch angesehener Premium-Anbieter f\u00fcr Rechtsschutz mit einer beeindruckenden Erfahrung von \u00fcber 60 Jahren. Das Unternehmen konnte im Jahr 2022 Bruttobeitragseinnahmen in H\u00f6he von 536,8 Millionen Euro verzeichnen und geh\u00f6rt damit zu den erfolgreichsten Anbietern in der Branche. Mit einem Marktanteil von \u00fcber zehn Prozent z\u00e4hlt ROLAND zu den f\u00fchrenden deutschen Rechtsschutz-Versicherern. Dank seiner flexiblen L\u00f6sungen k\u00f6nnen Privat- und Firmenkunden ihren Versicherungsschutz nach ihren individuellen Bed\u00fcrfnissen gestalten.<\/p>\n<h2><span class=\"ez-toc-section\" id=\"roland-bietet-vielfaeltige-services-fuer-rechtsfragen-aller-art\"><\/span>ROLAND bietet vielf\u00e4ltige Services f\u00fcr Rechtsfragen aller Art<span class=\"ez-toc-section-end\"><\/span><\/h2>\n<p>ROLAND Rechtsschutz stellt sicher, dass seine Kunden die bestm\u00f6gliche L\u00f6sung f\u00fcr ihre rechtlichen Probleme erhalten. Durch einen einzigen Anruf erhalten Kunden Unterst\u00fctzung bei der Kl\u00e4rung ihres Versicherungsschutzes und k\u00f6nnen ihre individuelle Rechtslage von unabh\u00e4ngigen Rechtsanw\u00e4lten bewerten lassen. ROLAND bietet seinen Versicherten verschiedene Wege, um ihre Rechte zu wahren, angefangen bei telefonischer Rechtsberatung \u00fcber au\u00dfergerichtliche Streitbeilegung bis hin zur Empfehlung qualifizierter Anw\u00e4lte. Bei Bedarf k\u00f6nnen Kunden jederzeit auf andere Dienstleistungen zur\u00fcckgreifen, um ihre rechtlichen Anliegen zu l\u00f6sen.<\/p>\n<h2><span class=\"ez-toc-section\" id=\"roland-rechtsschutz-mit-neuem-vorstandsteam-auf-erfolgskurs\"><\/span>ROLAND Rechtsschutz mit neuem Vorstandsteam auf Erfolgskurs<span class=\"ez-toc-section-end\"><\/span><\/h2>\n<p>Die Neubesetzung des Vorstands bei ROLAND Rechtsschutz bringt zahlreiche Vorteile mit sich. Das neue Vorstandsteam, bestehend aus Tobias von M\u00e4\u00dfenhausen, Tarja Radler und Andreas Tiedtke, wird f\u00fcr eine gerechte Verteilung von Chancen im Unternehmen sorgen und Konflikte fair und nachhaltig l\u00f6sen. Dank der langj\u00e4hrigen Erfahrung und Fachkompetenz der Vorst\u00e4nde wird ROLAND sein Kundenversprechen zuverl\u00e4ssig umsetzen k\u00f6nnen. Die positive Prognose f\u00fcr Wachstum und Innovation l\u00e4sst darauf schlie\u00dfen, dass ROLAND mit dieser neuen Vorstandsbesetzung weiterhin erfolgreich sein wird.<\/p>\n","protected":false},"excerpt":{"rendered":"<p>Ab dem 1. Januar 2024 wird der Vorstand von ROLAND Rechtsschutz durch Tobias von M\u00e4\u00dfenhausen, Tarja Radler und Andreas Tiedtke komplettiert. Tobias von M\u00e4\u00dfenhausen, der bereits im Juni als CEO angek\u00fcndigt wurde, \u00fcbernimmt den Vorstandsvorsitz. Tarja Radler, aktuelle Vorst\u00e4ndin bei der DEVK Rechtsschutz-Versicherungs-AG, wird Chief Insurance Officer (CInO) und Andreas Tiedtke, Hauptgesch\u00e4ftsf\u00fchrer der ROLAND Assistance<\/p>\n<div class=\"read-more\"><a href=\"https:\/\/www.doppelklicker.de\/blog\/neuer-vorstand-bei-roland-rechtsschutz\/\" title=\"Jetzt alles lesen\">Jetzt alles lesen<\/a><\/div>\n","protected":false},"author":8,"featured_media":7033,"comment_status":"open","ping_status":"open","sticky":false,"template":"","format":"standard","meta":[],"categories":[3305],"tags":[],"yoast_head":"<!-- This site is optimized with the Yoast SEO plugin v18.2 - https:\/\/yoast.com\/wordpress\/plugins\/seo\/ -->\n<meta name=\"robots\" content=\"index, follow, max-snippet:-1, max-image-preview:large, max-video-preview:-1\" \/>\n<link rel=\"canonical\" href=\"https:\/\/www.doppelklicker.de\/blog\/neuer-vorstand-bei-roland-rechtsschutz\/\" \/>\n<meta property=\"og:locale\" content=\"de_DE\" \/>\n<meta property=\"og:type\" content=\"article\" \/>\n<meta property=\"og:title\" content=\"ROLAND Rechtsschutz als Premium-Anbieter: Neuaufstellung und Vorteile f\u00fcr Kunden\" \/>\n<meta property=\"og:description\" content=\"Ab dem 1. Januar 2024 wird der Vorstand von ROLAND Rechtsschutz durch Tobias von M\u00e4\u00dfenhausen, Tarja Radler und Andreas Tiedtke komplettiert. Tobias von M\u00e4\u00dfenhausen, der bereits im Juni als CEO angek\u00fcndigt wurde, \u00fcbernimmt den Vorstandsvorsitz. Tarja Radler, aktuelle Vorst\u00e4ndin bei der DEVK Rechtsschutz-Versicherungs-AG, wird Chief Insurance Officer (CInO) und Andreas Tiedtke, Hauptgesch\u00e4ftsf\u00fchrer der ROLAND AssistanceJetzt alles lesen\" \/>\n<meta property=\"og:url\" content=\"https:\/\/www.doppelklicker.de\/blog\/neuer-vorstand-bei-roland-rechtsschutz\/\" \/>\n<meta property=\"og:site_name\" content=\"Aus Mainz.\" \/>\n<meta property=\"article:published_time\" content=\"2024-02-02T07:00:00+00:00\" \/>\n<meta property=\"og:image\" content=\"https:\/\/www.doppelklicker.de\/blog\/wp-content\/uploads\/2024\/01\/roland-rechtsschutz-tobias-von-maessenhausen-uebernimmt-17828.jpg\" \/>\n\t<meta property=\"og:image:width\" content=\"1280\" \/>\n\t<meta property=\"og:image:height\" content=\"615\" \/>\n\t<meta property=\"og:image:type\" content=\"image\/jpeg\" \/>\n<meta name=\"twitter:card\" content=\"summary_large_image\" \/>\n<meta name=\"twitter:label1\" content=\"Verfasst von\" \/>\n\t<meta name=\"twitter:data1\" content=\"Iris Martin\" \/>\n\t<meta name=\"twitter:label2\" content=\"Gesch\u00e4tzte Lesezeit\" \/>\n\t<meta name=\"twitter:data2\" content=\"4 Minuten\" \/>\n<script type=\"application\/ld+json\" class=\"yoast-schema-graph\">{\"@context\":\"https:\/\/schema.org\",\"@graph\":[{\"@type\":\"WebSite\",\"@id\":\"https:\/\/www.doppelklicker.de\/blog\/#website\",\"url\":\"https:\/\/www.doppelklicker.de\/blog\/\",\"name\":\"Aus Mainz.\",\"description\":\"F\u00fcr die Welt.\",\"potentialAction\":[{\"@type\":\"SearchAction\",\"target\":{\"@type\":\"EntryPoint\",\"urlTemplate\":\"https:\/\/www.doppelklicker.de\/blog\/?s={search_term_string}\"},\"query-input\":\"required name=search_term_string\"}],\"inLanguage\":\"de-DE\"},{\"@type\":\"ImageObject\",\"@id\":\"https:\/\/www.doppelklicker.de\/blog\/neuer-vorstand-bei-roland-rechtsschutz\/#primaryimage\",\"inLanguage\":\"de-DE\",\"url\":\"https:\/\/www.doppelklicker.de\/blog\/wp-content\/uploads\/2024\/01\/roland-rechtsschutz-tobias-von-maessenhausen-uebernimmt-17828.jpg\",\"contentUrl\":\"https:\/\/www.doppelklicker.de\/blog\/wp-content\/uploads\/2024\/01\/roland-rechtsschutz-tobias-von-maessenhausen-uebernimmt-17828.jpg\",\"width\":1280,\"height\":615,\"caption\":\"ROLAND Rechtsschutz als Premium-Anbieter: Neuaufstellung und Vorteile f\u00fcr Kunden (Foto: ROLAND Rechtsschutz)\"},{\"@type\":\"WebPage\",\"@id\":\"https:\/\/www.doppelklicker.de\/blog\/neuer-vorstand-bei-roland-rechtsschutz\/#webpage\",\"url\":\"https:\/\/www.doppelklicker.de\/blog\/neuer-vorstand-bei-roland-rechtsschutz\/\",\"name\":\"ROLAND Rechtsschutz als Premium-Anbieter: Neuaufstellung und Vorteile f\u00fcr Kunden\",\"isPartOf\":{\"@id\":\"https:\/\/www.doppelklicker.de\/blog\/#website\"},\"primaryImageOfPage\":{\"@id\":\"https:\/\/www.doppelklicker.de\/blog\/neuer-vorstand-bei-roland-rechtsschutz\/#primaryimage\"},\"datePublished\":\"2024-02-02T07:00:00+00:00\",\"dateModified\":\"2024-02-02T07:00:00+00:00\",\"author\":{\"@id\":\"https:\/\/www.doppelklicker.de\/blog\/#\/schema\/person\/08dcac172bdb025e8ff433488184668a\"},\"breadcrumb\":{\"@id\":\"https:\/\/www.doppelklicker.de\/blog\/neuer-vorstand-bei-roland-rechtsschutz\/#breadcrumb\"},\"inLanguage\":\"de-DE\",\"potentialAction\":[{\"@type\":\"ReadAction\",\"target\":[\"https:\/\/www.doppelklicker.de\/blog\/neuer-vorstand-bei-roland-rechtsschutz\/\"]}]},{\"@type\":\"BreadcrumbList\",\"@id\":\"https:\/\/www.doppelklicker.de\/blog\/neuer-vorstand-bei-roland-rechtsschutz\/#breadcrumb\",\"itemListElement\":[{\"@type\":\"ListItem\",\"position\":1,\"name\":\"Startseite\",\"item\":\"https:\/\/www.doppelklicker.de\/blog\/\"},{\"@type\":\"ListItem\",\"position\":2,\"name\":\"ROLAND Rechtsschutz als Premium-Anbieter: Neuaufstellung und Vorteile f\u00fcr Kunden\"}]},{\"@type\":\"Person\",\"@id\":\"https:\/\/www.doppelklicker.de\/blog\/#\/schema\/person\/08dcac172bdb025e8ff433488184668a\",\"name\":\"Iris Martin\",\"image\":{\"@type\":\"ImageObject\",\"@id\":\"https:\/\/www.doppelklicker.de\/blog\/#personlogo\",\"inLanguage\":\"de-DE\",\"url\":\"https:\/\/secure.gravatar.com\/avatar\/82fdaa093be0b9686b531f99fcb54d15?s=96&d=wp_user_avatar&r=g\",\"contentUrl\":\"https:\/\/secure.gravatar.com\/avatar\/82fdaa093be0b9686b531f99fcb54d15?s=96&d=wp_user_avatar&r=g\",\"caption\":\"Iris Martin\"},\"url\":\"https:\/\/www.doppelklicker.de\/blog\/author\/iris-martin\/\"}]}<\/script>\n<!-- \/ Yoast SEO plugin. -->","yoast_head_json":{"robots":{"index":"index","follow":"follow","max-snippet":"max-snippet:-1","max-image-preview":"max-image-preview:large","max-video-preview":"max-video-preview:-1"},"canonical":"https:\/\/www.doppelklicker.de\/blog\/neuer-vorstand-bei-roland-rechtsschutz\/","og_locale":"de_DE","og_type":"article","og_title":"ROLAND Rechtsschutz als Premium-Anbieter: Neuaufstellung und Vorteile f\u00fcr Kunden","og_description":"Ab dem 1. Januar 2024 wird der Vorstand von ROLAND Rechtsschutz durch Tobias von M\u00e4\u00dfenhausen, Tarja Radler und Andreas Tiedtke komplettiert. Tobias von M\u00e4\u00dfenhausen, der bereits im Juni als CEO angek\u00fcndigt wurde, \u00fcbernimmt den Vorstandsvorsitz. Tarja Radler, aktuelle Vorst\u00e4ndin bei der DEVK Rechtsschutz-Versicherungs-AG, wird Chief Insurance Officer (CInO) und Andreas Tiedtke, Hauptgesch\u00e4ftsf\u00fchrer der ROLAND AssistanceJetzt alles lesen","og_url":"https:\/\/www.doppelklicker.de\/blog\/neuer-vorstand-bei-roland-rechtsschutz\/","og_site_name":"Aus Mainz.","article_published_time":"2024-02-02T07:00:00+00:00","og_image":[{"width":1280,"height":615,"url":"https:\/\/www.doppelklicker.de\/blog\/wp-content\/uploads\/2024\/01\/roland-rechtsschutz-tobias-von-maessenhausen-uebernimmt-17828.jpg","type":"image\/jpeg"}],"twitter_card":"summary_large_image","twitter_misc":{"Verfasst von":"Iris Martin","Gesch\u00e4tzte Lesezeit":"4 Minuten"},"schema":{"@context":"https:\/\/schema.org","@graph":[{"@type":"WebSite","@id":"https:\/\/www.doppelklicker.de\/blog\/#website","url":"https:\/\/www.doppelklicker.de\/blog\/","name":"Aus Mainz.","description":"F\u00fcr die Welt.","potentialAction":[{"@type":"SearchAction","target":{"@type":"EntryPoint","urlTemplate":"https:\/\/www.doppelklicker.de\/blog\/?s={search_term_string}"},"query-input":"required name=search_term_string"}],"inLanguage":"de-DE"},{"@type":"ImageObject","@id":"https:\/\/www.doppelklicker.de\/blog\/neuer-vorstand-bei-roland-rechtsschutz\/#primaryimage","inLanguage":"de-DE","url":"https:\/\/www.doppelklicker.de\/blog\/wp-content\/uploads\/2024\/01\/roland-rechtsschutz-tobias-von-maessenhausen-uebernimmt-17828.jpg","contentUrl":"https:\/\/www.doppelklicker.de\/blog\/wp-content\/uploads\/2024\/01\/roland-rechtsschutz-tobias-von-maessenhausen-uebernimmt-17828.jpg","width":1280,"height":615,"caption":"ROLAND Rechtsschutz als Premium-Anbieter: Neuaufstellung und Vorteile f\u00fcr Kunden (Foto: ROLAND Rechtsschutz)"},{"@type":"WebPage","@id":"https:\/\/www.doppelklicker.de\/blog\/neuer-vorstand-bei-roland-rechtsschutz\/#webpage","url":"https:\/\/www.doppelklicker.de\/blog\/neuer-vorstand-bei-roland-rechtsschutz\/","name":"ROLAND Rechtsschutz als Premium-Anbieter: Neuaufstellung und Vorteile f\u00fcr Kunden","isPartOf":{"@id":"https:\/\/www.doppelklicker.de\/blog\/#website"},"primaryImageOfPage":{"@id":"https:\/\/www.doppelklicker.de\/blog\/neuer-vorstand-bei-roland-rechtsschutz\/#primaryimage"},"datePublished":"2024-02-02T07:00:00+00:00","dateModified":"2024-02-02T07:00:00+00:00","author":{"@id":"https:\/\/www.doppelklicker.de\/blog\/#\/schema\/person\/08dcac172bdb025e8ff433488184668a"},"breadcrumb":{"@id":"https:\/\/www.doppelklicker.de\/blog\/neuer-vorstand-bei-roland-rechtsschutz\/#breadcrumb"},"inLanguage":"de-DE","potentialAction":[{"@type":"ReadAction","target":["https:\/\/www.doppelklicker.de\/blog\/neuer-vorstand-bei-roland-rechtsschutz\/"]}]},{"@type":"BreadcrumbList","@id":"https:\/\/www.doppelklicker.de\/blog\/neuer-vorstand-bei-roland-rechtsschutz\/#breadcrumb","itemListElement":[{"@type":"ListItem","position":1,"name":"Startseite","item":"https:\/\/www.doppelklicker.de\/blog\/"},{"@type":"ListItem","position":2,"name":"ROLAND Rechtsschutz als Premium-Anbieter: Neuaufstellung und Vorteile f\u00fcr Kunden"}]},{"@type":"Person","@id":"https:\/\/www.doppelklicker.de\/blog\/#\/schema\/person\/08dcac172bdb025e8ff433488184668a","name":"Iris Martin","image":{"@type":"ImageObject","@id":"https:\/\/www.doppelklicker.de\/blog\/#personlogo","inLanguage":"de-DE","url":"https:\/\/secure.gravatar.com\/avatar\/82fdaa093be0b9686b531f99fcb54d15?s=96&d=wp_user_avatar&r=g","contentUrl":"https:\/\/secure.gravatar.com\/avatar\/82fdaa093be0b9686b531f99fcb54d15?s=96&d=wp_user_avatar&r=g","caption":"Iris Martin"},"url":"https:\/\/www.doppelklicker.de\/blog\/author\/iris-martin\/"}]}},"_links":{"self":[{"href":"https:\/\/www.doppelklicker.de\/blog\/wp-json\/wp\/v2\/posts\/7032"}],"collection":[{"href":"https:\/\/www.doppelklicker.de\/blog\/wp-json\/wp\/v2\/posts"}],"about":[{"href":"https:\/\/www.doppelklicker.de\/blog\/wp-json\/wp\/v2\/types\/post"}],"author":[{"embeddable":true,"href":"https:\/\/www.doppelklicker.de\/blog\/wp-json\/wp\/v2\/users\/8"}],"replies":[{"embeddable":true,"href":"https:\/\/www.doppelklicker.de\/blog\/wp-json\/wp\/v2\/comments?post=7032"}],"version-history":[{"count":0,"href":"https:\/\/www.doppelklicker.de\/blog\/wp-json\/wp\/v2\/posts\/7032\/revisions"}],"wp:featuredmedia":[{"embeddable":true,"href":"https:\/\/www.doppelklicker.de\/blog\/wp-json\/wp\/v2\/media\/7033"}],"wp:attachment":[{"href":"https:\/\/www.doppelklicker.de\/blog\/wp-json\/wp\/v2\/media?parent=7032"}],"wp:term":[{"taxonomy":"category","embeddable":true,"href":"https:\/\/www.doppelklicker.de\/blog\/wp-json\/wp\/v2\/categories?post=7032"},{"taxonomy":"post_tag","embeddable":true,"href":"https:\/\/www.doppelklicker.de\/blog\/wp-json\/wp\/v2\/tags?post=7032"}],"curies":[{"name":"wp","href":"https:\/\/api.w.org\/{rel}","templated":true}]}}