{"id":7291,"date":"2024-02-20T15:00:00","date_gmt":"2024-02-20T13:00:00","guid":{"rendered":"guid"},"modified":"2024-02-20T15:00:00","modified_gmt":"2024-02-20T13:00:00","slug":"kw-v3-klassik-daempfer-fuer-porsche-911-ur-und-f-modell","status":"publish","type":"post","link":"https:\/\/www.doppelklicker.de\/blog\/kw-v3-klassik-daempfer-fuer-porsche-911-ur-und-f-modell\/","title":{"rendered":"Individuell einstellbare KW V3 Klassik D\u00e4mpfer f\u00fcr Porsche 911"},"content":{"rendered":"<p>Mit dem KW V3 Klassik D\u00e4mpfersatz bietet KW automotive eine ma\u00dfgeschneiderte L\u00f6sung f\u00fcr die ersten Porsche 911 Modelle an. Dieses Set eignet sich hervorragend f\u00fcr Restaurierungen, da keine D\u00e4mpferpatronen ausgetauscht werden m\u00fcssen. Dank der einfachen Einbaul\u00f6sung kann der D\u00e4mpfersatz schnell und unkompliziert montiert werden. Die Verwendung der vorhandenen Drehstabfedern spart Zeit und Kosten. Mit einem Preis von 3.497 Euro ist dieser D\u00e4mpfersatz eine lohnenswerte Investition f\u00fcr jeden Porsche-Enthusiasten.<br \/>\n<!--more--><\/p>\n<h2>Souver\u00e4nes Fahrverhalten und harmonisches Einfedern mit KW V3 D\u00e4mpfern<\/h2>\n<p>Die KW V3 Klassik D\u00e4mpfer bieten den Besitzern klassischer Porsche 911 Modelle eine beeindruckende Palette von Vorteilen. Die fortschrittliche Mehrventild\u00e4mpfertechnologie sorgt daf\u00fcr, dass das Fahrzeug auch bei anspruchsvollen Fahrsituationen und schlechten Stra\u00dfenverh\u00e4ltnissen stets unter Kontrolle bleibt und ein ruhiges Fahrerlebnis bietet. Die vorgespannten Highspeed-Ventile im D\u00e4mpfer gew\u00e4hrleisten einen erh\u00f6hten \u00d6lvolumenstrom, der wiederum eine harmonische Einfederung der R\u00e4der erm\u00f6glicht. Das Fahrzeug f\u00e4hrt souver\u00e4n und Unebenheiten werden effektiv abgefedert.<\/p>\n<p>Die KW V3 Klassik D\u00e4mpfer bieten eine einzigartige M\u00f6glichkeit, das Fahrverhalten des Fahrzeugs individuell anzupassen. Mit der separaten Anpassung der Lowspeed-Druckstufe und Lowspeed-Zugstufe k\u00f6nnen Fahrer das Fahrzeugsetup weiter verfeinern. Die Zugstufe beeinflusst die Stra\u00dfenhaftung und das Zur\u00fcckkehren der R\u00e4der in ihre Ausgangsposition, w\u00e4hrend die Druckstufe direkte Auswirkungen auf die Karosseriewankbewegungen hat. Durch die pr\u00e4zise Einstellung dieser Parameter k\u00f6nnen Fahrer den Fahrkomfort und die Fahrstabilit\u00e4t optimieren.<\/p>\n<p>Der KW V3 Klassik D\u00e4mpfersatz f\u00fcr das Porsche 911 F-Modell ist eine hochwertige L\u00f6sung f\u00fcr Fahrzeugrestaurierungen. Mit diesem D\u00e4mpfersatz k\u00f6nnen Porsche-Enthusiasten den Komfort und die verbesserte Fahrdynamik eines modernen Sportwagens in ihrem klassischen Fahrzeug genie\u00dfen. Die Kunden sind begeistert von der M\u00f6glichkeit, das Fahrerlebnis ihres Klassikers zu optimieren und gleichzeitig den Charme und die \u00c4sthetik vergangener Zeiten beizubehalten. Der D\u00e4mpfersatz ist einfach einzubauen und erfordert keine \u00c4nderungen an den vorhandenen Drehstabfedern.<\/p>\n","protected":false},"excerpt":{"rendered":"<p>Mit dem KW V3 Klassik D\u00e4mpfersatz bietet KW automotive eine ma\u00dfgeschneiderte L\u00f6sung f\u00fcr die ersten Porsche 911 Modelle an. Dieses Set eignet sich hervorragend f\u00fcr Restaurierungen, da keine D\u00e4mpferpatronen ausgetauscht werden m\u00fcssen. Dank der einfachen Einbaul\u00f6sung kann der D\u00e4mpfersatz schnell und unkompliziert montiert werden. Die Verwendung der vorhandenen Drehstabfedern spart Zeit und Kosten. Mit einem<\/p>\n<div class=\"read-more\"><a href=\"https:\/\/www.doppelklicker.de\/blog\/kw-v3-klassik-daempfer-fuer-porsche-911-ur-und-f-modell\/\" title=\"Jetzt alles lesen\">Jetzt alles lesen<\/a><\/div>\n","protected":false},"author":8,"featured_media":7292,"comment_status":"open","ping_status":"open","sticky":false,"template":"","format":"standard","meta":[],"categories":[3305],"tags":[],"yoast_head":"<!-- This site is optimized with the Yoast SEO plugin v18.2 - https:\/\/yoast.com\/wordpress\/plugins\/seo\/ -->\n<meta name=\"robots\" content=\"index, follow, max-snippet:-1, max-image-preview:large, max-video-preview:-1\" \/>\n<link rel=\"canonical\" href=\"https:\/\/www.doppelklicker.de\/blog\/kw-v3-klassik-daempfer-fuer-porsche-911-ur-und-f-modell\/\" \/>\n<meta property=\"og:locale\" content=\"de_DE\" \/>\n<meta property=\"og:type\" content=\"article\" \/>\n<meta property=\"og:title\" content=\"Individuell einstellbare KW V3 Klassik D\u00e4mpfer f\u00fcr Porsche 911\" \/>\n<meta property=\"og:description\" content=\"Mit dem KW V3 Klassik D\u00e4mpfersatz bietet KW automotive eine ma\u00dfgeschneiderte L\u00f6sung f\u00fcr die ersten Porsche 911 Modelle an. Dieses Set eignet sich hervorragend f\u00fcr Restaurierungen, da keine D\u00e4mpferpatronen ausgetauscht werden m\u00fcssen. Dank der einfachen Einbaul\u00f6sung kann der D\u00e4mpfersatz schnell und unkompliziert montiert werden. Die Verwendung der vorhandenen Drehstabfedern spart Zeit und Kosten. Mit einemJetzt alles lesen\" \/>\n<meta property=\"og:url\" content=\"https:\/\/www.doppelklicker.de\/blog\/kw-v3-klassik-daempfer-fuer-porsche-911-ur-und-f-modell\/\" \/>\n<meta property=\"og:site_name\" content=\"Aus Mainz.\" \/>\n<meta property=\"article:published_time\" content=\"2024-02-20T13:00:00+00:00\" \/>\n<meta property=\"og:image\" content=\"https:\/\/www.doppelklicker.de\/blog\/wp-content\/uploads\/2024\/02\/kw-automotive-speziellen-daempfersatz-porsche-911-modelle-18997.jpg\" \/>\n\t<meta property=\"og:image:width\" content=\"1280\" \/>\n\t<meta property=\"og:image:height\" content=\"615\" \/>\n\t<meta property=\"og:image:type\" content=\"image\/jpeg\" \/>\n<meta name=\"twitter:card\" content=\"summary_large_image\" \/>\n<meta name=\"twitter:label1\" content=\"Verfasst von\" \/>\n\t<meta name=\"twitter:data1\" content=\"Iris Martin\" \/>\n\t<meta name=\"twitter:label2\" content=\"Gesch\u00e4tzte Lesezeit\" \/>\n\t<meta name=\"twitter:data2\" content=\"2 Minuten\" \/>\n<script type=\"application\/ld+json\" class=\"yoast-schema-graph\">{\"@context\":\"https:\/\/schema.org\",\"@graph\":[{\"@type\":\"WebSite\",\"@id\":\"https:\/\/www.doppelklicker.de\/blog\/#website\",\"url\":\"https:\/\/www.doppelklicker.de\/blog\/\",\"name\":\"Aus Mainz.\",\"description\":\"F\u00fcr die Welt.\",\"potentialAction\":[{\"@type\":\"SearchAction\",\"target\":{\"@type\":\"EntryPoint\",\"urlTemplate\":\"https:\/\/www.doppelklicker.de\/blog\/?s={search_term_string}\"},\"query-input\":\"required name=search_term_string\"}],\"inLanguage\":\"de-DE\"},{\"@type\":\"ImageObject\",\"@id\":\"https:\/\/www.doppelklicker.de\/blog\/kw-v3-klassik-daempfer-fuer-porsche-911-ur-und-f-modell\/#primaryimage\",\"inLanguage\":\"de-DE\",\"url\":\"https:\/\/www.doppelklicker.de\/blog\/wp-content\/uploads\/2024\/02\/kw-automotive-speziellen-daempfersatz-porsche-911-modelle-18997.jpg\",\"contentUrl\":\"https:\/\/www.doppelklicker.de\/blog\/wp-content\/uploads\/2024\/02\/kw-automotive-speziellen-daempfersatz-porsche-911-modelle-18997.jpg\",\"width\":1280,\"height\":615,\"caption\":\"Individuell einstellbare KW V3 Klassik D\u00e4mpfer f\u00fcr Porsche 911 (Foto: KW automotive GmbH)\"},{\"@type\":\"WebPage\",\"@id\":\"https:\/\/www.doppelklicker.de\/blog\/kw-v3-klassik-daempfer-fuer-porsche-911-ur-und-f-modell\/#webpage\",\"url\":\"https:\/\/www.doppelklicker.de\/blog\/kw-v3-klassik-daempfer-fuer-porsche-911-ur-und-f-modell\/\",\"name\":\"Individuell einstellbare KW V3 Klassik D\u00e4mpfer f\u00fcr Porsche 911\",\"isPartOf\":{\"@id\":\"https:\/\/www.doppelklicker.de\/blog\/#website\"},\"primaryImageOfPage\":{\"@id\":\"https:\/\/www.doppelklicker.de\/blog\/kw-v3-klassik-daempfer-fuer-porsche-911-ur-und-f-modell\/#primaryimage\"},\"datePublished\":\"2024-02-20T13:00:00+00:00\",\"dateModified\":\"2024-02-20T13:00:00+00:00\",\"author\":{\"@id\":\"https:\/\/www.doppelklicker.de\/blog\/#\/schema\/person\/08dcac172bdb025e8ff433488184668a\"},\"breadcrumb\":{\"@id\":\"https:\/\/www.doppelklicker.de\/blog\/kw-v3-klassik-daempfer-fuer-porsche-911-ur-und-f-modell\/#breadcrumb\"},\"inLanguage\":\"de-DE\",\"potentialAction\":[{\"@type\":\"ReadAction\",\"target\":[\"https:\/\/www.doppelklicker.de\/blog\/kw-v3-klassik-daempfer-fuer-porsche-911-ur-und-f-modell\/\"]}]},{\"@type\":\"BreadcrumbList\",\"@id\":\"https:\/\/www.doppelklicker.de\/blog\/kw-v3-klassik-daempfer-fuer-porsche-911-ur-und-f-modell\/#breadcrumb\",\"itemListElement\":[{\"@type\":\"ListItem\",\"position\":1,\"name\":\"Startseite\",\"item\":\"https:\/\/www.doppelklicker.de\/blog\/\"},{\"@type\":\"ListItem\",\"position\":2,\"name\":\"Individuell einstellbare KW V3 Klassik D\u00e4mpfer f\u00fcr Porsche 911\"}]},{\"@type\":\"Person\",\"@id\":\"https:\/\/www.doppelklicker.de\/blog\/#\/schema\/person\/08dcac172bdb025e8ff433488184668a\",\"name\":\"Iris Martin\",\"image\":{\"@type\":\"ImageObject\",\"@id\":\"https:\/\/www.doppelklicker.de\/blog\/#personlogo\",\"inLanguage\":\"de-DE\",\"url\":\"https:\/\/secure.gravatar.com\/avatar\/82fdaa093be0b9686b531f99fcb54d15?s=96&d=wp_user_avatar&r=g\",\"contentUrl\":\"https:\/\/secure.gravatar.com\/avatar\/82fdaa093be0b9686b531f99fcb54d15?s=96&d=wp_user_avatar&r=g\",\"caption\":\"Iris Martin\"},\"url\":\"https:\/\/www.doppelklicker.de\/blog\/author\/iris-martin\/\"}]}<\/script>\n<!-- \/ Yoast SEO plugin. -->","yoast_head_json":{"robots":{"index":"index","follow":"follow","max-snippet":"max-snippet:-1","max-image-preview":"max-image-preview:large","max-video-preview":"max-video-preview:-1"},"canonical":"https:\/\/www.doppelklicker.de\/blog\/kw-v3-klassik-daempfer-fuer-porsche-911-ur-und-f-modell\/","og_locale":"de_DE","og_type":"article","og_title":"Individuell einstellbare KW V3 Klassik D\u00e4mpfer f\u00fcr Porsche 911","og_description":"Mit dem KW V3 Klassik D\u00e4mpfersatz bietet KW automotive eine ma\u00dfgeschneiderte L\u00f6sung f\u00fcr die ersten Porsche 911 Modelle an. Dieses Set eignet sich hervorragend f\u00fcr Restaurierungen, da keine D\u00e4mpferpatronen ausgetauscht werden m\u00fcssen. Dank der einfachen Einbaul\u00f6sung kann der D\u00e4mpfersatz schnell und unkompliziert montiert werden. Die Verwendung der vorhandenen Drehstabfedern spart Zeit und Kosten. Mit einemJetzt alles lesen","og_url":"https:\/\/www.doppelklicker.de\/blog\/kw-v3-klassik-daempfer-fuer-porsche-911-ur-und-f-modell\/","og_site_name":"Aus Mainz.","article_published_time":"2024-02-20T13:00:00+00:00","og_image":[{"width":1280,"height":615,"url":"https:\/\/www.doppelklicker.de\/blog\/wp-content\/uploads\/2024\/02\/kw-automotive-speziellen-daempfersatz-porsche-911-modelle-18997.jpg","type":"image\/jpeg"}],"twitter_card":"summary_large_image","twitter_misc":{"Verfasst von":"Iris Martin","Gesch\u00e4tzte Lesezeit":"2 Minuten"},"schema":{"@context":"https:\/\/schema.org","@graph":[{"@type":"WebSite","@id":"https:\/\/www.doppelklicker.de\/blog\/#website","url":"https:\/\/www.doppelklicker.de\/blog\/","name":"Aus Mainz.","description":"F\u00fcr die Welt.","potentialAction":[{"@type":"SearchAction","target":{"@type":"EntryPoint","urlTemplate":"https:\/\/www.doppelklicker.de\/blog\/?s={search_term_string}"},"query-input":"required name=search_term_string"}],"inLanguage":"de-DE"},{"@type":"ImageObject","@id":"https:\/\/www.doppelklicker.de\/blog\/kw-v3-klassik-daempfer-fuer-porsche-911-ur-und-f-modell\/#primaryimage","inLanguage":"de-DE","url":"https:\/\/www.doppelklicker.de\/blog\/wp-content\/uploads\/2024\/02\/kw-automotive-speziellen-daempfersatz-porsche-911-modelle-18997.jpg","contentUrl":"https:\/\/www.doppelklicker.de\/blog\/wp-content\/uploads\/2024\/02\/kw-automotive-speziellen-daempfersatz-porsche-911-modelle-18997.jpg","width":1280,"height":615,"caption":"Individuell einstellbare KW V3 Klassik D\u00e4mpfer f\u00fcr Porsche 911 (Foto: KW automotive GmbH)"},{"@type":"WebPage","@id":"https:\/\/www.doppelklicker.de\/blog\/kw-v3-klassik-daempfer-fuer-porsche-911-ur-und-f-modell\/#webpage","url":"https:\/\/www.doppelklicker.de\/blog\/kw-v3-klassik-daempfer-fuer-porsche-911-ur-und-f-modell\/","name":"Individuell einstellbare KW V3 Klassik D\u00e4mpfer f\u00fcr Porsche 911","isPartOf":{"@id":"https:\/\/www.doppelklicker.de\/blog\/#website"},"primaryImageOfPage":{"@id":"https:\/\/www.doppelklicker.de\/blog\/kw-v3-klassik-daempfer-fuer-porsche-911-ur-und-f-modell\/#primaryimage"},"datePublished":"2024-02-20T13:00:00+00:00","dateModified":"2024-02-20T13:00:00+00:00","author":{"@id":"https:\/\/www.doppelklicker.de\/blog\/#\/schema\/person\/08dcac172bdb025e8ff433488184668a"},"breadcrumb":{"@id":"https:\/\/www.doppelklicker.de\/blog\/kw-v3-klassik-daempfer-fuer-porsche-911-ur-und-f-modell\/#breadcrumb"},"inLanguage":"de-DE","potentialAction":[{"@type":"ReadAction","target":["https:\/\/www.doppelklicker.de\/blog\/kw-v3-klassik-daempfer-fuer-porsche-911-ur-und-f-modell\/"]}]},{"@type":"BreadcrumbList","@id":"https:\/\/www.doppelklicker.de\/blog\/kw-v3-klassik-daempfer-fuer-porsche-911-ur-und-f-modell\/#breadcrumb","itemListElement":[{"@type":"ListItem","position":1,"name":"Startseite","item":"https:\/\/www.doppelklicker.de\/blog\/"},{"@type":"ListItem","position":2,"name":"Individuell einstellbare KW V3 Klassik D\u00e4mpfer f\u00fcr Porsche 911"}]},{"@type":"Person","@id":"https:\/\/www.doppelklicker.de\/blog\/#\/schema\/person\/08dcac172bdb025e8ff433488184668a","name":"Iris Martin","image":{"@type":"ImageObject","@id":"https:\/\/www.doppelklicker.de\/blog\/#personlogo","inLanguage":"de-DE","url":"https:\/\/secure.gravatar.com\/avatar\/82fdaa093be0b9686b531f99fcb54d15?s=96&d=wp_user_avatar&r=g","contentUrl":"https:\/\/secure.gravatar.com\/avatar\/82fdaa093be0b9686b531f99fcb54d15?s=96&d=wp_user_avatar&r=g","caption":"Iris Martin"},"url":"https:\/\/www.doppelklicker.de\/blog\/author\/iris-martin\/"}]}},"_links":{"self":[{"href":"https:\/\/www.doppelklicker.de\/blog\/wp-json\/wp\/v2\/posts\/7291"}],"collection":[{"href":"https:\/\/www.doppelklicker.de\/blog\/wp-json\/wp\/v2\/posts"}],"about":[{"href":"https:\/\/www.doppelklicker.de\/blog\/wp-json\/wp\/v2\/types\/post"}],"author":[{"embeddable":true,"href":"https:\/\/www.doppelklicker.de\/blog\/wp-json\/wp\/v2\/users\/8"}],"replies":[{"embeddable":true,"href":"https:\/\/www.doppelklicker.de\/blog\/wp-json\/wp\/v2\/comments?post=7291"}],"version-history":[{"count":0,"href":"https:\/\/www.doppelklicker.de\/blog\/wp-json\/wp\/v2\/posts\/7291\/revisions"}],"wp:featuredmedia":[{"embeddable":true,"href":"https:\/\/www.doppelklicker.de\/blog\/wp-json\/wp\/v2\/media\/7292"}],"wp:attachment":[{"href":"https:\/\/www.doppelklicker.de\/blog\/wp-json\/wp\/v2\/media?parent=7291"}],"wp:term":[{"taxonomy":"category","embeddable":true,"href":"https:\/\/www.doppelklicker.de\/blog\/wp-json\/wp\/v2\/categories?post=7291"},{"taxonomy":"post_tag","embeddable":true,"href":"https:\/\/www.doppelklicker.de\/blog\/wp-json\/wp\/v2\/tags?post=7291"}],"curies":[{"name":"wp","href":"https:\/\/api.w.org\/{rel}","templated":true}]}}