{"id":7305,"date":"2024-03-01T08:00:00","date_gmt":"2024-03-01T06:00:00","guid":{"rendered":"guid"},"modified":"2024-03-01T08:00:00","modified_gmt":"2024-03-01T06:00:00","slug":"island-protravel-programm-2024-island-per-pferd-e-auto-gruppenreise","status":"publish","type":"post","link":"https:\/\/www.doppelklicker.de\/blog\/island-protravel-programm-2024-island-per-pferd-e-auto-gruppenreise\/","title":{"rendered":"Nachhaltige Gruppenreisen und Individualtouren auf Island"},"content":{"rendered":"<p>Island ProTravel, der gr\u00f6\u00dfte Anbieter f\u00fcr Island-Reisen in Deutschland, pr\u00e4sentiert sein neues Programm f\u00fcr 2024 mit einer Vielzahl von nachhaltigen Reiseformen und Kombinationen. Kunden haben die Wahl zwischen Gruppenreisen, organisierten Individualtouren, privaten Touren auf Islandpferden und vielem mehr. Das Unternehmen legt gro\u00dfen Wert auf Nachhaltigkeit und setzt auf E-Mobilit\u00e4t, CO2-Kompensation und geothermisch geheizte Ferienh\u00e4user. Mit den Kombinationsreisen und erg\u00e4nzenden Programmen k\u00f6nnen Kunden ihre Reiseerlebnisse auf Island noch vielf\u00e4ltiger gestalten.<br \/>\n<!--more--><\/p>\n<div id=\"ez-toc-container\" class=\"ez-toc-v2_0_16 counter-hierarchy\">\n<div class=\"ez-toc-title-container\">\n<p class=\"ez-toc-title\">Inhaltsverzeichnis: Das erwartet Sie in diesem Artikel<\/p>\n<span class=\"ez-toc-title-toggle\"><a class=\"ez-toc-pull-right ez-toc-btn ez-toc-btn-xs ez-toc-btn-default ez-toc-toggle\" style=\"display: none;\"><i class=\"ez-toc-glyphicon ez-toc-icon-toggle\"><\/i><\/a><\/span><\/div>\n<nav><ul class=\"ez-toc-list ez-toc-list-level-1\"><li class=\"ez-toc-page-1 ez-toc-heading-level-2\"><a class=\"ez-toc-link ez-toc-heading-1\" href=\"https:\/\/www.doppelklicker.de\/blog\/island-protravel-programm-2024-island-per-pferd-e-auto-gruppenreise\/#unvergessliche-erlebnisse-auf-island-island-protravel-stellt-neues-programm-vor\" title=\"Unvergessliche Erlebnisse auf Island: Island ProTravel stellt neues Programm vor\">Unvergessliche Erlebnisse auf Island: Island ProTravel stellt neues Programm vor<\/a><\/li><li class=\"ez-toc-page-1 ez-toc-heading-level-2\"><a class=\"ez-toc-link ez-toc-heading-2\" href=\"https:\/\/www.doppelklicker.de\/blog\/island-protravel-programm-2024-island-per-pferd-e-auto-gruppenreise\/#flexibel-unterwegs-gelaendebus-mietwagen-ferienhaeuser-wohnmobil-und-mehr\" title=\"Flexibel unterwegs: Gel\u00e4ndebus, Mietwagen, Ferienh\u00e4user, Wohnmobil und mehr!\">Flexibel unterwegs: Gel\u00e4ndebus, Mietwagen, Ferienh\u00e4user, Wohnmobil und mehr!<\/a><\/li><li class=\"ez-toc-page-1 ez-toc-heading-level-2\"><a class=\"ez-toc-link ez-toc-heading-3\" href=\"https:\/\/www.doppelklicker.de\/blog\/island-protravel-programm-2024-island-per-pferd-e-auto-gruppenreise\/#island-protravel-nachhaltige-reisen-und-co2-kompensation\" title=\"Island ProTravel: Nachhaltige Reisen und CO2-Kompensation\">Island ProTravel: Nachhaltige Reisen und CO2-Kompensation<\/a><\/li><li class=\"ez-toc-page-1 ez-toc-heading-level-2\"><a class=\"ez-toc-link ez-toc-heading-4\" href=\"https:\/\/www.doppelklicker.de\/blog\/island-protravel-programm-2024-island-per-pferd-e-auto-gruppenreise\/#entdecken-sie-island-und-seine-nachbarinseln-mit-island-protravel\" title=\"Entdecken Sie Island und seine Nachbarinseln mit Island ProTravel\">Entdecken Sie Island und seine Nachbarinseln mit Island ProTravel<\/a><\/li><li class=\"ez-toc-page-1 ez-toc-heading-level-2\"><a class=\"ez-toc-link ez-toc-heading-5\" href=\"https:\/\/www.doppelklicker.de\/blog\/island-protravel-programm-2024-island-per-pferd-e-auto-gruppenreise\/#island-protravel-reisemoeglichkeiten-mit-nachhaltigkeitsfokus\" title=\"Island ProTravel: Reisem\u00f6glichkeiten mit Nachhaltigkeitsfokus\">Island ProTravel: Reisem\u00f6glichkeiten mit Nachhaltigkeitsfokus<\/a><\/li><\/ul><\/nav><\/div>\n<h2><span class=\"ez-toc-section\" id=\"unvergessliche-erlebnisse-auf-island-island-protravel-stellt-neues-programm-vor\"><\/span>Unvergessliche Erlebnisse auf Island: Island ProTravel stellt neues Programm vor<span class=\"ez-toc-section-end\"><\/span><\/h2>\n<p>Das renommierte Unternehmen Island ProTravel feiert sein 20-j\u00e4hriges Bestehen und stellt stolz sein neues Programm f\u00fcr 2024 vor. Mit einer Vielzahl von Angeboten und Reiseformen bietet der f\u00fchrende Veranstalter seinen Kunden die M\u00f6glichkeit, unvergessliche Erlebnisse auf der gr\u00f6\u00dften Vulkaninsel der Welt zu genie\u00dfen.<\/p>\n<h2><span class=\"ez-toc-section\" id=\"flexibel-unterwegs-gelaendebus-mietwagen-ferienhaeuser-wohnmobil-und-mehr\"><\/span>Flexibel unterwegs: Gel\u00e4ndebus, Mietwagen, Ferienh\u00e4user, Wohnmobil und mehr!<span class=\"ez-toc-section-end\"><\/span><\/h2>\n<p>Island ProTravel bietet sowohl Gruppenreisen als auch organisierte Individualtouren an. Der neue Katalog pr\u00e4sentiert verschiedene M\u00f6glichkeiten, um Island zu entdecken. Mit Gel\u00e4ndebussen k\u00f6nnen die Reisenden die Insel erkunden, w\u00e4hrend Rundtouren im Mietwagen eine flexible und unabh\u00e4ngige Reiseoption bieten. Die \u00dcbernachtung in Ferienh\u00e4usern oder die Erkundung der Insel auf Islandpferden sind weitere spannende Optionen.<\/p>\n<h2><span class=\"ez-toc-section\" id=\"island-protravel-nachhaltige-reisen-und-co2-kompensation\"><\/span>Island ProTravel: Nachhaltige Reisen und CO2-Kompensation<span class=\"ez-toc-section-end\"><\/span><\/h2>\n<p>Nachhaltigkeit steht bei Island ProTravel im Mittelpunkt. Das Unternehmen setzt auf E-Mobilit\u00e4t, um den CO2-Aussto\u00df zu reduzieren. Zus\u00e4tzlich wird der CO2-Fu\u00dfabdruck der Reisenden berechnet und ausgeglichen. Die geothermisch geheizten Ferienh\u00e4user bieten nicht nur Komfort, sondern auch eine umweltfreundliche Heizoption. Bei Aktivit\u00e4ten wie Walbeobachtungen und Trekkingtouren wird darauf geachtet, dass die Wildtiere respektvoll behandelt werden.<\/p>\n<h2><span class=\"ez-toc-section\" id=\"entdecken-sie-island-und-seine-nachbarinseln-mit-island-protravel\"><\/span>Entdecken Sie Island und seine Nachbarinseln mit Island ProTravel<span class=\"ez-toc-section-end\"><\/span><\/h2>\n<p>Erleben Sie die perfekte Kombination aus Kultur und Natur mit Island ProTravel. Starten Sie Ihre Reise mit einer St\u00e4dtereise nach Reykjavik, wo Sie die faszinierende Kultur und Geschichte Islands erkunden k\u00f6nnen. Anschlie\u00dfend geht es weiter auf eine Seereise mit dem Expeditionsschiff MS Seaventure, das in den Sommermonaten zahlreiche Anlandungen rund um Island anbietet. Tauchen Sie ein in die unber\u00fchrte Natur und beobachten Sie die vielf\u00e4ltige Tierwelt. Zus\u00e4tzlich k\u00f6nnen Sie mit erg\u00e4nzenden Programmen auch die F\u00e4r\u00f6er Inseln und Gr\u00f6nland entdecken.<\/p>\n<p>Ab sofort ist das neue Programm von Island ProTravel in allen Reiseb\u00fcros erh\u00e4ltlich. Fr\u00fchbucher haben die M\u00f6glichkeit, bis Ende Dezember 2023 von attraktiven Vorteilen zu profitieren. Machen Sie von dieser Gelegenheit Gebrauch und planen Sie mit Island ProTravel Ihren unvergesslichen Urlaub auf der gr\u00f6\u00dften Vulkaninsel der Welt.<\/p>\n<p>Wenn Sie weitere Informationen zu den vielf\u00e4ltigen Reisem\u00f6glichkeiten von Island ProTravel w\u00fcnschen, empfehlen wir Ihnen einen Besuch auf der Webseite www.islandprotravel.de. Hier finden Sie detaillierte Informationen zu Gruppenreisen, organisierten Individualtouren, Kombinationsreisen und erg\u00e4nzenden Programmen. Alternativ k\u00f6nnen Sie auch telefonisch unter der Nummer 040 &#8211; 28 66 87 200 Kontakt aufnehmen und sich pers\u00f6nlich beraten lassen.<\/p>\n<p>Island ProTravel ist der f\u00fchrende Anbieter f\u00fcr Reisen nach Island in Deutschland. Als Teil der Iceland ProTravel Group, dem gr\u00f6\u00dften auf Island spezialisierten Reiseveranstalter mit Standorten in ganz Europa, bietet Island ProTravel seinen Kunden eine breite Palette an Reisem\u00f6glichkeiten. Von Gruppenreisen und individuellen Touren bis hin zu Kombinationsreisen mit anderen nordischen Zielen erm\u00f6glicht das Unternehmen unvergessliche Urlaubserlebnisse. Weitere Informationen finden Sie unter www.islandprotravel.de.<\/p>\n<h2><span class=\"ez-toc-section\" id=\"island-protravel-reisemoeglichkeiten-mit-nachhaltigkeitsfokus\"><\/span>Island ProTravel: Reisem\u00f6glichkeiten mit Nachhaltigkeitsfokus<span class=\"ez-toc-section-end\"><\/span><\/h2>\n<p>Mit seinem breiten Angebot an Reisem\u00f6glichkeiten erm\u00f6glicht Island ProTravel seinen Kunden ein unvergessliches Urlaubserlebnis auf Island. Ob man lieber in einer Gruppe reist, individuelle Touren plant oder die Insel auf dem R\u00fccken eines Islandpferdes erkundet &#8211; bei Island ProTravel ist f\u00fcr jeden Reisenden etwas dabei. Das Unternehmen legt dabei gro\u00dfen Wert auf Nachhaltigkeit und setzt auf umweltfreundliche Ma\u00dfnahmen wie E-Mobilit\u00e4t und CO2-Kompensation. Das neue Programm f\u00fcr 2024 bietet eine Vielzahl von attraktiven Angeboten und Fr\u00fchbucher k\u00f6nnen von lohnenswerten Vorteilen profitieren.<\/p>\n","protected":false},"excerpt":{"rendered":"<p>Island ProTravel, der gr\u00f6\u00dfte Anbieter f\u00fcr Island-Reisen in Deutschland, pr\u00e4sentiert sein neues Programm f\u00fcr 2024 mit einer Vielzahl von nachhaltigen Reiseformen und Kombinationen. Kunden haben die Wahl zwischen Gruppenreisen, organisierten Individualtouren, privaten Touren auf Islandpferden und vielem mehr. Das Unternehmen legt gro\u00dfen Wert auf Nachhaltigkeit und setzt auf E-Mobilit\u00e4t, CO2-Kompensation und geothermisch geheizte Ferienh\u00e4user. Mit<\/p>\n<div class=\"read-more\"><a href=\"https:\/\/www.doppelklicker.de\/blog\/island-protravel-programm-2024-island-per-pferd-e-auto-gruppenreise\/\" title=\"Jetzt alles lesen\">Jetzt alles lesen<\/a><\/div>\n","protected":false},"author":8,"featured_media":7306,"comment_status":"open","ping_status":"open","sticky":false,"template":"","format":"standard","meta":[],"categories":[3305],"tags":[],"yoast_head":"<!-- This site is optimized with the Yoast SEO plugin v18.2 - https:\/\/yoast.com\/wordpress\/plugins\/seo\/ -->\n<meta name=\"robots\" content=\"index, follow, max-snippet:-1, max-image-preview:large, max-video-preview:-1\" \/>\n<link rel=\"canonical\" href=\"https:\/\/www.doppelklicker.de\/blog\/island-protravel-programm-2024-island-per-pferd-e-auto-gruppenreise\/\" \/>\n<meta property=\"og:locale\" content=\"de_DE\" \/>\n<meta property=\"og:type\" content=\"article\" \/>\n<meta property=\"og:title\" content=\"Nachhaltige Gruppenreisen und Individualtouren auf Island\" \/>\n<meta property=\"og:description\" content=\"Island ProTravel, der gr\u00f6\u00dfte Anbieter f\u00fcr Island-Reisen in Deutschland, pr\u00e4sentiert sein neues Programm f\u00fcr 2024 mit einer Vielzahl von nachhaltigen Reiseformen und Kombinationen. Kunden haben die Wahl zwischen Gruppenreisen, organisierten Individualtouren, privaten Touren auf Islandpferden und vielem mehr. Das Unternehmen legt gro\u00dfen Wert auf Nachhaltigkeit und setzt auf E-Mobilit\u00e4t, CO2-Kompensation und geothermisch geheizte Ferienh\u00e4user. MitJetzt alles lesen\" \/>\n<meta property=\"og:url\" content=\"https:\/\/www.doppelklicker.de\/blog\/island-protravel-programm-2024-island-per-pferd-e-auto-gruppenreise\/\" \/>\n<meta property=\"og:site_name\" content=\"Aus Mainz.\" \/>\n<meta property=\"article:published_time\" content=\"2024-03-01T06:00:00+00:00\" \/>\n<meta property=\"og:image\" content=\"https:\/\/www.doppelklicker.de\/blog\/wp-content\/uploads\/2024\/02\/vielfaeltige-reisemoeglichkeiten-unvergessliche-erlebnisse-auf-19133.jpg\" \/>\n\t<meta property=\"og:image:width\" content=\"1280\" \/>\n\t<meta property=\"og:image:height\" content=\"615\" \/>\n\t<meta property=\"og:image:type\" content=\"image\/jpeg\" \/>\n<meta name=\"twitter:card\" content=\"summary_large_image\" \/>\n<meta name=\"twitter:label1\" content=\"Verfasst von\" \/>\n\t<meta name=\"twitter:data1\" content=\"Iris Martin\" \/>\n\t<meta name=\"twitter:label2\" content=\"Gesch\u00e4tzte Lesezeit\" \/>\n\t<meta name=\"twitter:data2\" content=\"3 Minuten\" \/>\n<script type=\"application\/ld+json\" class=\"yoast-schema-graph\">{\"@context\":\"https:\/\/schema.org\",\"@graph\":[{\"@type\":\"WebSite\",\"@id\":\"https:\/\/www.doppelklicker.de\/blog\/#website\",\"url\":\"https:\/\/www.doppelklicker.de\/blog\/\",\"name\":\"Aus Mainz.\",\"description\":\"F\u00fcr die Welt.\",\"potentialAction\":[{\"@type\":\"SearchAction\",\"target\":{\"@type\":\"EntryPoint\",\"urlTemplate\":\"https:\/\/www.doppelklicker.de\/blog\/?s={search_term_string}\"},\"query-input\":\"required name=search_term_string\"}],\"inLanguage\":\"de-DE\"},{\"@type\":\"ImageObject\",\"@id\":\"https:\/\/www.doppelklicker.de\/blog\/island-protravel-programm-2024-island-per-pferd-e-auto-gruppenreise\/#primaryimage\",\"inLanguage\":\"de-DE\",\"url\":\"https:\/\/www.doppelklicker.de\/blog\/wp-content\/uploads\/2024\/02\/vielfaeltige-reisemoeglichkeiten-unvergessliche-erlebnisse-auf-19133.jpg\",\"contentUrl\":\"https:\/\/www.doppelklicker.de\/blog\/wp-content\/uploads\/2024\/02\/vielfaeltige-reisemoeglichkeiten-unvergessliche-erlebnisse-auf-19133.jpg\",\"width\":1280,\"height\":615,\"caption\":\"Nachhaltige Gruppenreisen und Individualtouren auf Island (Foto: Island ProTravel)\"},{\"@type\":\"WebPage\",\"@id\":\"https:\/\/www.doppelklicker.de\/blog\/island-protravel-programm-2024-island-per-pferd-e-auto-gruppenreise\/#webpage\",\"url\":\"https:\/\/www.doppelklicker.de\/blog\/island-protravel-programm-2024-island-per-pferd-e-auto-gruppenreise\/\",\"name\":\"Nachhaltige Gruppenreisen und Individualtouren auf Island\",\"isPartOf\":{\"@id\":\"https:\/\/www.doppelklicker.de\/blog\/#website\"},\"primaryImageOfPage\":{\"@id\":\"https:\/\/www.doppelklicker.de\/blog\/island-protravel-programm-2024-island-per-pferd-e-auto-gruppenreise\/#primaryimage\"},\"datePublished\":\"2024-03-01T06:00:00+00:00\",\"dateModified\":\"2024-03-01T06:00:00+00:00\",\"author\":{\"@id\":\"https:\/\/www.doppelklicker.de\/blog\/#\/schema\/person\/08dcac172bdb025e8ff433488184668a\"},\"breadcrumb\":{\"@id\":\"https:\/\/www.doppelklicker.de\/blog\/island-protravel-programm-2024-island-per-pferd-e-auto-gruppenreise\/#breadcrumb\"},\"inLanguage\":\"de-DE\",\"potentialAction\":[{\"@type\":\"ReadAction\",\"target\":[\"https:\/\/www.doppelklicker.de\/blog\/island-protravel-programm-2024-island-per-pferd-e-auto-gruppenreise\/\"]}]},{\"@type\":\"BreadcrumbList\",\"@id\":\"https:\/\/www.doppelklicker.de\/blog\/island-protravel-programm-2024-island-per-pferd-e-auto-gruppenreise\/#breadcrumb\",\"itemListElement\":[{\"@type\":\"ListItem\",\"position\":1,\"name\":\"Startseite\",\"item\":\"https:\/\/www.doppelklicker.de\/blog\/\"},{\"@type\":\"ListItem\",\"position\":2,\"name\":\"Nachhaltige Gruppenreisen und Individualtouren auf Island\"}]},{\"@type\":\"Person\",\"@id\":\"https:\/\/www.doppelklicker.de\/blog\/#\/schema\/person\/08dcac172bdb025e8ff433488184668a\",\"name\":\"Iris Martin\",\"image\":{\"@type\":\"ImageObject\",\"@id\":\"https:\/\/www.doppelklicker.de\/blog\/#personlogo\",\"inLanguage\":\"de-DE\",\"url\":\"https:\/\/secure.gravatar.com\/avatar\/82fdaa093be0b9686b531f99fcb54d15?s=96&d=wp_user_avatar&r=g\",\"contentUrl\":\"https:\/\/secure.gravatar.com\/avatar\/82fdaa093be0b9686b531f99fcb54d15?s=96&d=wp_user_avatar&r=g\",\"caption\":\"Iris Martin\"},\"url\":\"https:\/\/www.doppelklicker.de\/blog\/author\/iris-martin\/\"}]}<\/script>\n<!-- \/ Yoast SEO plugin. -->","yoast_head_json":{"robots":{"index":"index","follow":"follow","max-snippet":"max-snippet:-1","max-image-preview":"max-image-preview:large","max-video-preview":"max-video-preview:-1"},"canonical":"https:\/\/www.doppelklicker.de\/blog\/island-protravel-programm-2024-island-per-pferd-e-auto-gruppenreise\/","og_locale":"de_DE","og_type":"article","og_title":"Nachhaltige Gruppenreisen und Individualtouren auf Island","og_description":"Island ProTravel, der gr\u00f6\u00dfte Anbieter f\u00fcr Island-Reisen in Deutschland, pr\u00e4sentiert sein neues Programm f\u00fcr 2024 mit einer Vielzahl von nachhaltigen Reiseformen und Kombinationen. Kunden haben die Wahl zwischen Gruppenreisen, organisierten Individualtouren, privaten Touren auf Islandpferden und vielem mehr. Das Unternehmen legt gro\u00dfen Wert auf Nachhaltigkeit und setzt auf E-Mobilit\u00e4t, CO2-Kompensation und geothermisch geheizte Ferienh\u00e4user. MitJetzt alles lesen","og_url":"https:\/\/www.doppelklicker.de\/blog\/island-protravel-programm-2024-island-per-pferd-e-auto-gruppenreise\/","og_site_name":"Aus Mainz.","article_published_time":"2024-03-01T06:00:00+00:00","og_image":[{"width":1280,"height":615,"url":"https:\/\/www.doppelklicker.de\/blog\/wp-content\/uploads\/2024\/02\/vielfaeltige-reisemoeglichkeiten-unvergessliche-erlebnisse-auf-19133.jpg","type":"image\/jpeg"}],"twitter_card":"summary_large_image","twitter_misc":{"Verfasst von":"Iris Martin","Gesch\u00e4tzte Lesezeit":"3 Minuten"},"schema":{"@context":"https:\/\/schema.org","@graph":[{"@type":"WebSite","@id":"https:\/\/www.doppelklicker.de\/blog\/#website","url":"https:\/\/www.doppelklicker.de\/blog\/","name":"Aus Mainz.","description":"F\u00fcr die Welt.","potentialAction":[{"@type":"SearchAction","target":{"@type":"EntryPoint","urlTemplate":"https:\/\/www.doppelklicker.de\/blog\/?s={search_term_string}"},"query-input":"required name=search_term_string"}],"inLanguage":"de-DE"},{"@type":"ImageObject","@id":"https:\/\/www.doppelklicker.de\/blog\/island-protravel-programm-2024-island-per-pferd-e-auto-gruppenreise\/#primaryimage","inLanguage":"de-DE","url":"https:\/\/www.doppelklicker.de\/blog\/wp-content\/uploads\/2024\/02\/vielfaeltige-reisemoeglichkeiten-unvergessliche-erlebnisse-auf-19133.jpg","contentUrl":"https:\/\/www.doppelklicker.de\/blog\/wp-content\/uploads\/2024\/02\/vielfaeltige-reisemoeglichkeiten-unvergessliche-erlebnisse-auf-19133.jpg","width":1280,"height":615,"caption":"Nachhaltige Gruppenreisen und Individualtouren auf Island (Foto: Island ProTravel)"},{"@type":"WebPage","@id":"https:\/\/www.doppelklicker.de\/blog\/island-protravel-programm-2024-island-per-pferd-e-auto-gruppenreise\/#webpage","url":"https:\/\/www.doppelklicker.de\/blog\/island-protravel-programm-2024-island-per-pferd-e-auto-gruppenreise\/","name":"Nachhaltige Gruppenreisen und Individualtouren auf Island","isPartOf":{"@id":"https:\/\/www.doppelklicker.de\/blog\/#website"},"primaryImageOfPage":{"@id":"https:\/\/www.doppelklicker.de\/blog\/island-protravel-programm-2024-island-per-pferd-e-auto-gruppenreise\/#primaryimage"},"datePublished":"2024-03-01T06:00:00+00:00","dateModified":"2024-03-01T06:00:00+00:00","author":{"@id":"https:\/\/www.doppelklicker.de\/blog\/#\/schema\/person\/08dcac172bdb025e8ff433488184668a"},"breadcrumb":{"@id":"https:\/\/www.doppelklicker.de\/blog\/island-protravel-programm-2024-island-per-pferd-e-auto-gruppenreise\/#breadcrumb"},"inLanguage":"de-DE","potentialAction":[{"@type":"ReadAction","target":["https:\/\/www.doppelklicker.de\/blog\/island-protravel-programm-2024-island-per-pferd-e-auto-gruppenreise\/"]}]},{"@type":"BreadcrumbList","@id":"https:\/\/www.doppelklicker.de\/blog\/island-protravel-programm-2024-island-per-pferd-e-auto-gruppenreise\/#breadcrumb","itemListElement":[{"@type":"ListItem","position":1,"name":"Startseite","item":"https:\/\/www.doppelklicker.de\/blog\/"},{"@type":"ListItem","position":2,"name":"Nachhaltige Gruppenreisen und Individualtouren auf Island"}]},{"@type":"Person","@id":"https:\/\/www.doppelklicker.de\/blog\/#\/schema\/person\/08dcac172bdb025e8ff433488184668a","name":"Iris Martin","image":{"@type":"ImageObject","@id":"https:\/\/www.doppelklicker.de\/blog\/#personlogo","inLanguage":"de-DE","url":"https:\/\/secure.gravatar.com\/avatar\/82fdaa093be0b9686b531f99fcb54d15?s=96&d=wp_user_avatar&r=g","contentUrl":"https:\/\/secure.gravatar.com\/avatar\/82fdaa093be0b9686b531f99fcb54d15?s=96&d=wp_user_avatar&r=g","caption":"Iris Martin"},"url":"https:\/\/www.doppelklicker.de\/blog\/author\/iris-martin\/"}]}},"_links":{"self":[{"href":"https:\/\/www.doppelklicker.de\/blog\/wp-json\/wp\/v2\/posts\/7305"}],"collection":[{"href":"https:\/\/www.doppelklicker.de\/blog\/wp-json\/wp\/v2\/posts"}],"about":[{"href":"https:\/\/www.doppelklicker.de\/blog\/wp-json\/wp\/v2\/types\/post"}],"author":[{"embeddable":true,"href":"https:\/\/www.doppelklicker.de\/blog\/wp-json\/wp\/v2\/users\/8"}],"replies":[{"embeddable":true,"href":"https:\/\/www.doppelklicker.de\/blog\/wp-json\/wp\/v2\/comments?post=7305"}],"version-history":[{"count":0,"href":"https:\/\/www.doppelklicker.de\/blog\/wp-json\/wp\/v2\/posts\/7305\/revisions"}],"wp:featuredmedia":[{"embeddable":true,"href":"https:\/\/www.doppelklicker.de\/blog\/wp-json\/wp\/v2\/media\/7306"}],"wp:attachment":[{"href":"https:\/\/www.doppelklicker.de\/blog\/wp-json\/wp\/v2\/media?parent=7305"}],"wp:term":[{"taxonomy":"category","embeddable":true,"href":"https:\/\/www.doppelklicker.de\/blog\/wp-json\/wp\/v2\/categories?post=7305"},{"taxonomy":"post_tag","embeddable":true,"href":"https:\/\/www.doppelklicker.de\/blog\/wp-json\/wp\/v2\/tags?post=7305"}],"curies":[{"name":"wp","href":"https:\/\/api.w.org\/{rel}","templated":true}]}}